{"id":2533,"date":"2017-10-10T00:00:00","date_gmt":"2017-10-10T00:00:00","guid":{"rendered":"https:\/\/amplify.webservices.de\/2017\/10\/10\/wo-die-dinge-ins-schwaermen-geraten\/"},"modified":"2025-06-17T13:36:16","modified_gmt":"2025-06-17T13:36:16","slug":"wo-die-dinge-ins-schwaermen-geraten","status":"publish","type":"post","link":"https:\/\/amplify-test.pepperl-fuchs.com\/de\/2017\/wo-die-dinge-ins-schwaermen-geraten\/","title":{"rendered":"Wo die Dinge ins Schw\u00e4rmen geraten"},"content":{"rendered":"<div class=\"fusion-fullwidth fullwidth-box fusion-builder-row-1 fusion-flex-container has-pattern-background has-mask-background nonhundred-percent-fullwidth non-hundred-percent-height-scrolling gradient-container-1\" style=\"--awb-border-radius-top-left:0px;--awb-border-radius-top-right:0px;--awb-border-radius-bottom-right:0px;--awb-border-radius-bottom-left:0px;--awb-flex-wrap:wrap;\" id=\"article\" ><div class=\"fusion-builder-row fusion-row fusion-flex-align-items-flex-start fusion-flex-content-wrap\" style=\"max-width:1248px;margin-left: calc(-4% \/ 2 );margin-right: calc(-4% \/ 2 );\"><div class=\"fusion-layout-column fusion_builder_column fusion-builder-column-0 fusion_builder_column_1_1 1_1 fusion-flex-column\" style=\"--awb-bg-size:cover;--awb-width-large:100%;--awb-margin-top-large:0px;--awb-spacing-right-large:1.92%;--awb-margin-bottom-large:20px;--awb-spacing-left-large:1.92%;--awb-width-medium:100%;--awb-order-medium:0;--awb-spacing-right-medium:1.92%;--awb-spacing-left-medium:1.92%;--awb-width-small:100%;--awb-order-small:0;--awb-spacing-right-small:1.92%;--awb-spacing-left-small:1.92%;\"><div class=\"fusion-column-wrapper fusion-column-has-shadow fusion-flex-justify-content-flex-start fusion-content-layout-column\"><div class=\"fusion-text fusion-text-1\" id=\"publishing_date\"><p>10. Oktober 2017<\/p>\n<\/div><div class=\"fusion-title title fusion-title-1 fusion-sep-none fusion-title-text fusion-title-size-one\" id=\"article_headline\"><h1 class=\"fusion-title-heading title-heading-left fusion-responsive-typography-calculated\" style=\"margin:0;--fontSize:64;line-height:var(--awb-typography1-line-height);\">Wo die Dinge ins Schw\u00e4rmen geraten<\/h1><\/div><div class=\"fusion-text fusion-text-2 intro_text\"><p>Das Karlsruher Institut f\u00fcr Technologie, kurz KIT, ist weltweit bekannt. Hier l\u00e4uft der Fortschritt Richtung Industrie 4.0 auf vollen Touren. Ein Verbund aus Wissenschaftlern und Technologiepartnern, zu denen auch Pepperl+Fuchs geh\u00f6rt, implementiert mit dem Projekt KARIS PRO jetzt echte \u201eSchwarmintelligenz\u201c in Produktionsabl\u00e4ufen.<\/p>\n<\/div><div class=\"fusion-image-element \" style=\"--awb-caption-title-font-family:var(--h2_typography-font-family);--awb-caption-title-font-weight:var(--h2_typography-font-weight);--awb-caption-title-font-style:var(--h2_typography-font-style);--awb-caption-title-size:var(--h2_typography-font-size);--awb-caption-title-transform:var(--h2_typography-text-transform);--awb-caption-title-line-height:var(--h2_typography-line-height);--awb-caption-title-letter-spacing:var(--h2_typography-letter-spacing);\"><span class=\" fusion-imageframe imageframe-none imageframe-1 hover-type-none\"><img decoding=\"async\" width=\"1800\" height=\"1200\" alt=\"autonome fahrerlose Transportsysteme des Pilotprojekts KARIS PRO in einer Produktionsumgebung\" src=\"https:\/\/amplify-test.pepperl-fuchs.com\/wp-content\/uploads\/2024\/07\/59b95207996f2_161216-01-007-rgb.jpg\" class=\"img-responsive wp-image-2135\" srcset=\"https:\/\/amplify-test.pepperl-fuchs.com\/wp-content\/uploads\/2024\/07\/59b95207996f2_161216-01-007-rgb-200x133.jpg 200w, https:\/\/amplify-test.pepperl-fuchs.com\/wp-content\/uploads\/2024\/07\/59b95207996f2_161216-01-007-rgb-400x267.jpg 400w, https:\/\/amplify-test.pepperl-fuchs.com\/wp-content\/uploads\/2024\/07\/59b95207996f2_161216-01-007-rgb-600x400.jpg 600w, https:\/\/amplify-test.pepperl-fuchs.com\/wp-content\/uploads\/2024\/07\/59b95207996f2_161216-01-007-rgb-800x533.jpg 800w, https:\/\/amplify-test.pepperl-fuchs.com\/wp-content\/uploads\/2024\/07\/59b95207996f2_161216-01-007-rgb-1200x800.jpg 1200w, https:\/\/amplify-test.pepperl-fuchs.com\/wp-content\/uploads\/2024\/07\/59b95207996f2_161216-01-007-rgb.jpg 1800w\" sizes=\"(max-width: 640px) 100vw, 1200px\" \/><\/span><\/div><\/div><\/div><div class=\"fusion-layout-column fusion_builder_column fusion-builder-column-1 fusion_builder_column_3_4 3_4 fusion-flex-column\" style=\"--awb-bg-size:cover;--awb-width-large:75%;--awb-margin-top-large:0px;--awb-spacing-right-large:2.56%;--awb-margin-bottom-large:20px;--awb-spacing-left-large:2.56%;--awb-width-medium:75%;--awb-order-medium:0;--awb-spacing-right-medium:2.56%;--awb-spacing-left-medium:2.56%;--awb-width-small:100%;--awb-order-small:0;--awb-spacing-right-small:1.92%;--awb-spacing-left-small:1.92%;\"><div class=\"fusion-column-wrapper fusion-column-has-shadow fusion-flex-justify-content-flex-start fusion-content-layout-column\"><div class=\"fusion-text fusion-text-3 elt_text\"><p>Es ist ein faszinierender Anblick, wenn sich der Schwarm in Bewegung setzt: Mobile, quaderf\u00f6rmige F\u00f6rdereinheiten eilen emsig wie Ameisen in der Fabrikhalle umher, transportieren Kisten mit Waren oder organisieren sich zu einem Team, das eine ganze Palette aufnimmt. Mal reihen sie sich als ein gr\u00f6\u00dferer Rollenf\u00f6rderer aneinander, nur um wenig sp\u00e4ter, bei ver\u00e4nderter Auftragslage, in einer neuen Form zueinanderzukommen. Der Clou daran: Das System erledigt dies selbstst\u00e4ndig, ohne dass eine zentrale Steuerung n\u00f6tig w\u00e4re.<br \/>\nAuftr\u00e4ge werden \u00fcber ein ERP-System zur Verf\u00fcgung gestellt und die autarken F\u00f6rdereinheiten \u201everhandeln\u201c auf Basis verschiedener Parameter via WLAN untereinander, wer welche Aktion \u00fcbernimmt. Wer ist gerade verf\u00fcgbar? Wer hat den k\u00fcrzesten Weg zum Transportgut? Wessen Batteriestatus ist ausreichend hoch? \u201eWas wir hier geschaffen haben, ist ein echtes cyberphysisches Produktionssystem, das mit der konventionellen Vorstellung von starren Abl\u00e4ufen bricht und deutlich effizienter arbeitet\u201c, berichtet Andreas Trenkle, Projektverantwortlicher f\u00fcr KARIS PRO am KIT.<\/p>\n<\/div><div class=\"fusion-text fusion-text-4 elt_headline_text\"><h2>Die Summe der Teile<\/h2>\n<p>M\u00f6glich wurde dies durch die am Institut f\u00fcr F\u00f6rdertechnik und Logistiksysteme vorhandene Expertise sowie die Beratung und die Komponenten namhafter Automationsunternehmen. Diese standen Trenkle und Kollegen partnerschaftlich zur Seite und unterst\u00fctzten die Forscher nach Kr\u00e4ften, so auch Pepperl+Fuchs, vertreten durch RFID-Entwicklungsleiter Dieter Schneider und sein Team. Trenkle erkl\u00e4rt: \u201eBei KARIS PRO kommt das Know-how vieler Experten zusammen: Ein Laserscanner erfasst die Umgebung, ein spezieller Antrieb stoppt das Fahrzeug im Falle m\u00f6glicher Kollisionen, das ma\u00dfgeschneiderte Fahrwerk sorgt f\u00fcr h\u00f6chstm\u00f6gliche Flexibilit\u00e4t beim Drehen und Wenden auf engstem Raum \u2014 um nur einige der verbauten Komponenten zu nennen.\u201c Welche Rolle spielt RFID in diesem Projekt? \u201eRFID seinerseits dient als Schl\u00fcsseltechnologie f\u00fcr die Eigenintelligenz von KARIS PRO dazu, Informationen \u00fcber das Transportgut an die F\u00f6rdereinheit weiterzugeben. Die m\u00fcssen schlie\u00dflich wissen, was sie gerade wohin bewegen\u201c, f\u00fchrt Schneider aus.<\/p>\n<\/div><div class=\"fusion-image-element awb-imageframe-style awb-imageframe-style-below awb-imageframe-style-2\" style=\"--awb-caption-title-font-family:var(--body_typography-font-family);--awb-caption-title-font-weight:var(--body_typography-font-weight);--awb-caption-title-font-style:var(--body_typography-font-style);--awb-caption-title-size:var(--body_typography-font-size);--awb-caption-title-transform:var(--body_typography-text-transform);--awb-caption-title-line-height:var(--body_typography-line-height);--awb-caption-title-letter-spacing:var(--body_typography-letter-spacing);\"><span class=\" fusion-imageframe imageframe-none imageframe-2 hover-type-none elt_image\"><a href=\"https:\/\/amplify-test.pepperl-fuchs.com\/wp-content\/uploads\/2024\/07\/59b953fa8970e_161216-01-017-web.jpg\" class=\"fusion-lightbox\" data-rel=\"iLightbox[b3a5a172bc6c09932f1]\" data-caption=\"\"><img decoding=\"async\" width=\"1800\" height=\"1200\" alt=\"drei fahrerlose Transportsysteme von KARIS PRO schw\u00e4rmen in der Produktionsumgebung aus \" src=\"https:\/\/amplify-test.pepperl-fuchs.com\/wp-content\/uploads\/2024\/07\/59b953fa8970e_161216-01-017-web.jpg\" class=\"img-responsive wp-image-2124\" srcset=\"https:\/\/amplify-test.pepperl-fuchs.com\/wp-content\/uploads\/2024\/07\/59b953fa8970e_161216-01-017-web-200x133.jpg 200w, https:\/\/amplify-test.pepperl-fuchs.com\/wp-content\/uploads\/2024\/07\/59b953fa8970e_161216-01-017-web-400x267.jpg 400w, https:\/\/amplify-test.pepperl-fuchs.com\/wp-content\/uploads\/2024\/07\/59b953fa8970e_161216-01-017-web-600x400.jpg 600w, https:\/\/amplify-test.pepperl-fuchs.com\/wp-content\/uploads\/2024\/07\/59b953fa8970e_161216-01-017-web-800x533.jpg 800w, https:\/\/amplify-test.pepperl-fuchs.com\/wp-content\/uploads\/2024\/07\/59b953fa8970e_161216-01-017-web-1200x800.jpg 1200w, https:\/\/amplify-test.pepperl-fuchs.com\/wp-content\/uploads\/2024\/07\/59b953fa8970e_161216-01-017-web.jpg 1800w\" sizes=\"(max-width: 640px) 100vw, 1200px\" \/><\/a><\/span><div class=\"awb-imageframe-caption-container\"><div class=\"awb-imageframe-caption\"><p class=\"awb-imageframe-caption-text\">KARIS PRO transportiert selbstst\u00e4ndig Kisten oder sogar ganze Paletten in der Fabrikhalle.<\/p><\/div><\/div><\/div><div class=\"fusion-text fusion-text-5 elt_headline_text\"><h2>Vom Standard zur Ma\u00dfanfertigung<\/h2>\n<p>Die Aufgabenstellung f\u00fcr ihn und sein Team lautete, s\u00e4mtliche Standardma\u00dfe von Kisten sicher zu erfassen. Zus\u00e4tzlich sollte ber\u00fccksichtigt werden, dass die RFID-Transponder nicht nur an der Unterseite, sondern auch an der Seite einer Kiste angebracht sein k\u00f6nnen, wo die Mitarbeiter der Produktion sie besser erreichen. \u201eTechnisch besonders anspruchsvoll wurde das Projekt dadurch, dass wir den RFID-Schreib-\/Lesekopf an festgelegter Position direkt neben einer Vielzahl anderer elektrischer Komponenten einbauen mussten. Dabei gleichzeitig die ben\u00f6tigte Sendeleistung zu erreichen, war eine harte Nuss\u201c, erinnert sich Schneider. Also mussten die RFID-Experten von Pepperl+Fuchs tief in die Trickkiste greifen: \u201eWir haben einen unserer Schreib-\/Lesek\u00f6pfe vom Typ IQH1 so modifiziert, dass er \u00fcber drei r\u00e4umlich angeordnete Spulen verf\u00fcgt. Deren Kondensatoren sind getrennt voneinander zu- oder abschaltbar. So beeinflussen sich die Schwingkreise der Spulen nicht gegenseitig, der Reader stimmt sich selbstt\u00e4tig auf die Umgebung ab und wir sind in der Lage, die Transponder zuverl\u00e4ssig und an verschiedenen Punkten der Kiste zu detektieren.\u201c<\/p>\n<\/div><div class=\"fusion-text fusion-text-6 elt_headline_text\"><h2>Gewinn f\u00fcr beide Seiten<\/h2>\n<p>Durch solch individuelle Anpassungen und das erfolgreiche Kombinieren der einzelnen Automatisierungskomponenten entstand Schritt f\u00fcr Schritt eine Gesamtl\u00f6sung, die die Zukunft mit der Gegenwart verbindet. Trenkle gibt einen Einblick in den aktuellen Status quo: \u201eKARIS PRO befindet sich bereits bei gro\u00dfen Automobilkonzernen im Piloteinsatz. Der universelle Ansatz des Systems l\u00e4sst sich aber genauso in andere Bereiche au\u00dferhalb industrieller Fertigung transferieren.\u201c<br \/>\nDieter Schneider bewertet die erfolgreiche Kooperation als einen Zugewinn f\u00fcr beide Seiten: \u201eWir konnten dem KIT mit unserer L\u00f6sung bei wichtiger Praxisforschung helfen. Die w\u00e4hrend dieses Projekts zum Thema Schwarmintelligenz gewonnenen Erkenntnisse sind f\u00fcr Pepperl+Fuchs als Sensorikhersteller nat\u00fcrlich hochinteressant. Schlie\u00dflich sind wir gerade dabei, aktiv zu definieren, wie die Fertigung von morgen aussieht.\u201c<\/p>\n<\/div><div class=\"fusion-image-carousel fusion-image-carousel-auto fusion-image-carousel-1 fusion-carousel-border awb-image-carousel-top-below-caption elt_gallery\"><div class=\"awb-carousel awb-swiper awb-swiper-carousel awb-carousel--carousel awb-swiper-dots-position-bottom awb-imageframe-style awb-imageframe-style-above awb-imageframe-style-1\" data-layout=\"carousel\" data-autoplay=\"no\" data-autoplayspeed=\"2500\" data-autoplaypause=\"no\" data-columns=\"1\" data-columnsmedium=\"1\" data-columnssmall=\"1\" data-itemmargin=\"13\" data-itemwidth=\"180\" data-touchscroll=\"no\" data-freemode=\"no\" data-imagesize=\"auto\" data-scrollitems=\"0\" data-centeredslides=\"no\" data-rotationangle=\"50\" data-depth=\"100\" data-speed=\"500\" data-shadow=\"no\" data-pagination=\"bullets\" style=\"--awb-columns:1;--awb-border-width:1px;--awb-border-color:#e9eaee;--awb-dots-align:center;\"><div class=\"swiper-wrapper awb-image-carousel-wrapper fusion-flex-align-items-center\"><div class=\"swiper-slide\"><div class=\"fusion-carousel-item-wrapper\"><div class=\"awb-imageframe-caption-container\"><div class=\"awb-imageframe-caption\"><\/div><\/div><div class=\"fusion-image-wrapper hover-type-none\"><img decoding=\"async\" width=\"850\" height=\"478\" src=\"https:\/\/amplify-test.pepperl-fuchs.com\/wp-content\/uploads\/2024\/07\/5a05b591b80c2_karispro-1.jpg\" class=\"attachment-full size-full\" alt=\"KARIS PRO unterwegs in der Produktionsumgebung\" srcset=\"https:\/\/amplify-test.pepperl-fuchs.com\/wp-content\/uploads\/2024\/07\/5a05b591b80c2_karispro-1-200x112.jpg 200w, https:\/\/amplify-test.pepperl-fuchs.com\/wp-content\/uploads\/2024\/07\/5a05b591b80c2_karispro-1-300x169.jpg 300w, https:\/\/amplify-test.pepperl-fuchs.com\/wp-content\/uploads\/2024\/07\/5a05b591b80c2_karispro-1-400x225.jpg 400w, https:\/\/amplify-test.pepperl-fuchs.com\/wp-content\/uploads\/2024\/07\/5a05b591b80c2_karispro-1-600x337.jpg 600w, https:\/\/amplify-test.pepperl-fuchs.com\/wp-content\/uploads\/2024\/07\/5a05b591b80c2_karispro-1-768x432.jpg 768w, https:\/\/amplify-test.pepperl-fuchs.com\/wp-content\/uploads\/2024\/07\/5a05b591b80c2_karispro-1-800x450.jpg 800w, https:\/\/amplify-test.pepperl-fuchs.com\/wp-content\/uploads\/2024\/07\/5a05b591b80c2_karispro-1.jpg 850w\" sizes=\"(max-width: 850px) 100vw, 850px\" \/><\/div><\/div><\/div><div class=\"swiper-slide\"><div class=\"fusion-carousel-item-wrapper\"><div class=\"awb-imageframe-caption-container\"><div class=\"awb-imageframe-caption\"><\/div><\/div><div class=\"fusion-image-wrapper hover-type-none\"><img decoding=\"async\" width=\"850\" height=\"478\" src=\"https:\/\/amplify-test.pepperl-fuchs.com\/wp-content\/uploads\/2024\/07\/5a05b591bd57c_karispro-2.jpg\" class=\"attachment-full size-full\" alt=\"KARIS PRO transportiert selbstst\u00e4ndig Produktionsteile zu einem Kanban-Regal\" srcset=\"https:\/\/amplify-test.pepperl-fuchs.com\/wp-content\/uploads\/2024\/07\/5a05b591bd57c_karispro-2-200x112.jpg 200w, https:\/\/amplify-test.pepperl-fuchs.com\/wp-content\/uploads\/2024\/07\/5a05b591bd57c_karispro-2-300x169.jpg 300w, https:\/\/amplify-test.pepperl-fuchs.com\/wp-content\/uploads\/2024\/07\/5a05b591bd57c_karispro-2-400x225.jpg 400w, https:\/\/amplify-test.pepperl-fuchs.com\/wp-content\/uploads\/2024\/07\/5a05b591bd57c_karispro-2-600x337.jpg 600w, https:\/\/amplify-test.pepperl-fuchs.com\/wp-content\/uploads\/2024\/07\/5a05b591bd57c_karispro-2-768x432.jpg 768w, https:\/\/amplify-test.pepperl-fuchs.com\/wp-content\/uploads\/2024\/07\/5a05b591bd57c_karispro-2-800x450.jpg 800w, https:\/\/amplify-test.pepperl-fuchs.com\/wp-content\/uploads\/2024\/07\/5a05b591bd57c_karispro-2.jpg 850w\" sizes=\"(max-width: 850px) 100vw, 850px\" \/><\/div><\/div><\/div><div class=\"swiper-slide\"><div class=\"fusion-carousel-item-wrapper\"><div class=\"awb-imageframe-caption-container\"><div class=\"awb-imageframe-caption\"><\/div><\/div><div class=\"fusion-image-wrapper hover-type-none\"><img decoding=\"async\" width=\"850\" height=\"478\" src=\"https:\/\/amplify-test.pepperl-fuchs.com\/wp-content\/uploads\/2024\/07\/5a05b591bd736_karispro-3.jpg\" class=\"attachment-full size-full\" alt=\"Das KARIS PRO f\u00e4hrt unter das Kanban-Regal\" srcset=\"https:\/\/amplify-test.pepperl-fuchs.com\/wp-content\/uploads\/2024\/07\/5a05b591bd736_karispro-3-200x112.jpg 200w, https:\/\/amplify-test.pepperl-fuchs.com\/wp-content\/uploads\/2024\/07\/5a05b591bd736_karispro-3-300x169.jpg 300w, https:\/\/amplify-test.pepperl-fuchs.com\/wp-content\/uploads\/2024\/07\/5a05b591bd736_karispro-3-400x225.jpg 400w, https:\/\/amplify-test.pepperl-fuchs.com\/wp-content\/uploads\/2024\/07\/5a05b591bd736_karispro-3-600x337.jpg 600w, https:\/\/amplify-test.pepperl-fuchs.com\/wp-content\/uploads\/2024\/07\/5a05b591bd736_karispro-3-768x432.jpg 768w, https:\/\/amplify-test.pepperl-fuchs.com\/wp-content\/uploads\/2024\/07\/5a05b591bd736_karispro-3-800x450.jpg 800w, https:\/\/amplify-test.pepperl-fuchs.com\/wp-content\/uploads\/2024\/07\/5a05b591bd736_karispro-3.jpg 850w\" sizes=\"(max-width: 850px) 100vw, 850px\" \/><\/div><\/div><\/div><div class=\"swiper-slide\"><div class=\"fusion-carousel-item-wrapper\"><div class=\"awb-imageframe-caption-container\"><div class=\"awb-imageframe-caption\"><\/div><\/div><div class=\"fusion-image-wrapper hover-type-none\"><img decoding=\"async\" width=\"850\" height=\"478\" src=\"https:\/\/amplify-test.pepperl-fuchs.com\/wp-content\/uploads\/2024\/07\/5a05b591bd8ce_karispro-4.jpg\" class=\"attachment-full size-full\" alt=\"KARIS PRO transportiert selbstst\u00e4ndig ein Kanban-Regal innerhalb der Produktionshalle\" srcset=\"https:\/\/amplify-test.pepperl-fuchs.com\/wp-content\/uploads\/2024\/07\/5a05b591bd8ce_karispro-4-200x112.jpg 200w, https:\/\/amplify-test.pepperl-fuchs.com\/wp-content\/uploads\/2024\/07\/5a05b591bd8ce_karispro-4-300x169.jpg 300w, https:\/\/amplify-test.pepperl-fuchs.com\/wp-content\/uploads\/2024\/07\/5a05b591bd8ce_karispro-4-400x225.jpg 400w, https:\/\/amplify-test.pepperl-fuchs.com\/wp-content\/uploads\/2024\/07\/5a05b591bd8ce_karispro-4-600x337.jpg 600w, https:\/\/amplify-test.pepperl-fuchs.com\/wp-content\/uploads\/2024\/07\/5a05b591bd8ce_karispro-4-768x432.jpg 768w, https:\/\/amplify-test.pepperl-fuchs.com\/wp-content\/uploads\/2024\/07\/5a05b591bd8ce_karispro-4-800x450.jpg 800w, https:\/\/amplify-test.pepperl-fuchs.com\/wp-content\/uploads\/2024\/07\/5a05b591bd8ce_karispro-4.jpg 850w\" sizes=\"(max-width: 850px) 100vw, 850px\" \/><\/div><\/div><\/div><div class=\"swiper-slide\"><div class=\"fusion-carousel-item-wrapper\"><div class=\"awb-imageframe-caption-container\"><div class=\"awb-imageframe-caption\"><\/div><\/div><div class=\"fusion-image-wrapper hover-type-none\"><img decoding=\"async\" width=\"850\" height=\"478\" src=\"https:\/\/amplify-test.pepperl-fuchs.com\/wp-content\/uploads\/2024\/07\/5a05b591bda33_karispro-5.jpg\" class=\"attachment-full size-full\" alt=\"zwei autonome KARIS PRO bringen Kanban-Regale an ihren Bestimmungsort in der Produktion\" srcset=\"https:\/\/amplify-test.pepperl-fuchs.com\/wp-content\/uploads\/2024\/07\/5a05b591bda33_karispro-5-200x112.jpg 200w, https:\/\/amplify-test.pepperl-fuchs.com\/wp-content\/uploads\/2024\/07\/5a05b591bda33_karispro-5-300x169.jpg 300w, https:\/\/amplify-test.pepperl-fuchs.com\/wp-content\/uploads\/2024\/07\/5a05b591bda33_karispro-5-400x225.jpg 400w, https:\/\/amplify-test.pepperl-fuchs.com\/wp-content\/uploads\/2024\/07\/5a05b591bda33_karispro-5-600x337.jpg 600w, https:\/\/amplify-test.pepperl-fuchs.com\/wp-content\/uploads\/2024\/07\/5a05b591bda33_karispro-5-768x432.jpg 768w, https:\/\/amplify-test.pepperl-fuchs.com\/wp-content\/uploads\/2024\/07\/5a05b591bda33_karispro-5-800x450.jpg 800w, https:\/\/amplify-test.pepperl-fuchs.com\/wp-content\/uploads\/2024\/07\/5a05b591bda33_karispro-5.jpg 850w\" sizes=\"(max-width: 850px) 100vw, 850px\" \/><\/div><\/div><\/div><\/div><div class=\"awb-swiper-button awb-swiper-button-prev\"><i class=\"awb-icon-angle-left\" aria-hidden=\"true\"><\/i><\/div><div class=\"awb-swiper-button awb-swiper-button-next\"><i class=\"awb-icon-angle-right\" aria-hidden=\"true\"><\/i><\/div><\/div><\/div><\/div><\/div><div class=\"fusion-layout-column fusion_builder_column fusion-builder-column-2 fusion_builder_column_1_4 1_4 fusion-flex-column\" style=\"--awb-bg-size:cover;--awb-width-large:25%;--awb-margin-top-large:0px;--awb-spacing-right-large:7.68%;--awb-margin-bottom-large:20px;--awb-spacing-left-large:7.68%;--awb-width-medium:25%;--awb-order-medium:0;--awb-spacing-right-medium:7.68%;--awb-spacing-left-medium:7.68%;--awb-width-small:100%;--awb-order-small:0;--awb-spacing-right-small:1.92%;--awb-spacing-left-small:1.92%;\"><div class=\"fusion-column-wrapper fusion-column-has-shadow fusion-flex-justify-content-flex-start fusion-content-layout-column\"><div class=\"fusion-separator fusion-full-width-sep\" style=\"align-self: center;margin-left: auto;margin-right: auto;width:100%;\"><div class=\"fusion-separator-border sep-single sep-solid\" style=\"--awb-height:20px;--awb-amount:20px;--awb-sep-color:var(--awb-color8);border-color:var(--awb-color8);border-top-width:1px;\"><\/div><\/div><div class=\"fusion-social-networks sharingbox-shortcode-icon-wrapper sharingbox-shortcode-icon-wrapper-1 boxed-icons sidebar\">\n\t<span class=\"share-linkedin\">\n\t\t<a href=\"https:\/\/www.linkedin.com\/shareArticle?\" target=\"_blank\" rel=\"noopener noreferrer\" title=\"\" aria-label=\"LinkedIn\" data-placement=\"top\" data-toggle=\"tooltip\" data-title=\"LinkedIn\" data-original-title=\"LinkedIn\">\n\t\t<i class=\"fusion-social-network-icon fusion-tooltip fusion-linkedin awb-icon-linkedin\" style=\"color:#ffffff;background-color:#0077b5;border-color:#0077b5;border-radius:0px;\" aria-hidden=\"true\"><\/i>\n\t\t<\/a>\n\t<\/span>\n\t<span class=\"share-mail\">\n\t\t<a href=\/de\/kontakt\/\" target=\"_self\" title=\"\" aria-label=\"Email\" data-placement=\"top\" data-toggle=\"tooltip\" data-title=\"Email\" data-original-title=\"Email\">\n\t\t<i class=\"fusion-social-network-icon fusion-tooltip fusion-mail awb-icon-mail\" style=\"color:#ffffff;background-color:#00a587;border-color:#00a587;border-radius:0px;\" aria-hidden=\"true\"><\/i>\n\t\t<\/a>\n\t<\/span>\n\t<span class=\"share-insta\">\n\t\t<a href=\"https:\/\/www.instagram.com\" target=\"_blank\" rel=\"noreferrer noopener\" title=\"\" aria-label=\"Instagram\" data-placement=\"top\" data-toggle=\"tooltip\" data-title=\"Instagram\" data-original-title=\"Instagram\">\n\t\t<i class=\"fusion-social-network-icon fusion-tooltip fusion-instagram awb-icon-instagram\" style=\"color:#ffffff;background-color:#c13584;border-color:#c13584;border-radius:0px;\" aria-hidden=\"true\"><\/i>\n\t\t<\/a>\n\t<\/span>\t\n\t<span class=\"share-facebook\">\n\t\t<a href=\"https:\/\/www.facebook.com\/sharer.php?\" target=\"_blank\" rel=\"noreferrer noopener\" title=\"\" aria-label=\"Facebook\" data-placement=\"top\" data-toggle=\"tooltip\" data-title=\"Facebook\" data-original-title=\"Facebook\">\n\t\t<i class=\"fusion-social-network-icon fusion-tooltip fusion-facebook awb-icon-facebook\" style=\"color:#ffffff;background-color:#3b5998;border-color:#3b5998;border-radius:0px;\" aria-hidden=\"true\"><\/i>\n\t\t<\/a>\n\t<\/span>\n<\/div>\n<div class=\"fusion-separator fusion-full-width-sep\" style=\"align-self: center;margin-left: auto;margin-right: auto;width:100%;\"><div class=\"fusion-separator-border sep-single sep-solid\" style=\"--awb-height:20px;--awb-amount:20px;--awb-sep-color:var(--awb-color8);border-color:var(--awb-color8);border-top-width:1px;\"><\/div><\/div><div class=\"fusion-text fusion-text-7 sidebar\"><h4>Seien Sie dabei!<\/h4>\n<p><img decoding=\"async\" class=\"alignnone size-full wp-image-228\" src=\"https:\/\/amplify-test.pepperl-fuchs.com\/wp-content\/uploads\/2024\/07\/amplify-enews-bild.jpg\" alt=\"Two hands holding a tablet computer showing Pepperl+Fuchs newsletter.\" width=\"220\" height=\"124\" srcset=\"https:\/\/amplify-test.pepperl-fuchs.com\/wp-content\/uploads\/2024\/07\/amplify-enews-bild-66x37.jpg 66w, https:\/\/amplify-test.pepperl-fuchs.com\/wp-content\/uploads\/2024\/07\/amplify-enews-bild-177x100.jpg 177w, https:\/\/amplify-test.pepperl-fuchs.com\/wp-content\/uploads\/2024\/07\/amplify-enews-bild-200x113.jpg 200w, https:\/\/amplify-test.pepperl-fuchs.com\/wp-content\/uploads\/2024\/07\/amplify-enews-bild.jpg 220w\" sizes=\"(max-width: 220px) 100vw, 220px\" \/><\/p>\n<p><a href=\"https:\/\/www.pepperl-fuchs.com\/de\/news\/stay-in-touch\/pepperl-fuchs-e-news-gp30796\" target=\"_blank\" rel=\"noopener\">Erhalten Sie mit der e-news regelm\u00e4\u00dfig Neuigkeiten rund um die Welt der Automation.<\/a><\/p>\n<\/div>\n<div class=\"fusion-title title fusion-title-2 fusion-sep-none fusion-title-text fusion-title-size-four\"><h4 class=\"fusion-title-heading title-heading-left fusion-responsive-typography-calculated\" style=\"margin:0;--fontSize:24;line-height:var(--awb-typography1-line-height);\">Video ansehen<\/h4><\/div><div class=\"fusion-text fusion-text-8\"><p><a href=\"#\" data-toggle=\"modal\" data-target=\".fusion-modal.modal-video0\"><img decoding=\"async\" class=\"alignnone wp-image-3431 size-full\" src=\"https:\/\/amplify-test.pepperl-fuchs.com\/wp-content\/uploads\/2017\/10\/5a046efb45df6_video-zlx-3142-rgb.jpg\" alt=\"\" width=\"220\" height=\"124\" \/><\/a><\/p>\n<p>Der Projektverantwortliche Dieter Schneider gibt mehr Einblicke ins Projekt.<\/p>\n<\/div><div class=\"fusion-modal modal fade modal-1 modal-video0\" tabindex=\"-1\" role=\"dialog\" aria-labelledby=\"modal-heading-1\" aria-hidden=\"true\" style=\"--awb-border-color:var(--awb-color3);--awb-background:var(--awb-color1);\"><div class=\"modal-dialog modal-lg\" role=\"document\"><div class=\"modal-content fusion-modal-content\"><div class=\"modal-header\"><button class=\"close\" type=\"button\" data-dismiss=\"modal\" aria-hidden=\"true\" aria-label=\"Close\">&times;<\/button><h3 class=\"modal-title\" id=\"modal-heading-1\" data-dismiss=\"modal\" aria-hidden=\"true\"><\/h3><\/div><div class=\"modal-body fusion-clearfix\">\n<div class=\"fusion-video fusion-youtube\" style=\"--awb-max-width:1140px;--awb-max-height:640px;\"><div class=\"video-shortcode\"><div class=\"fluid-width-video-wrapper\" style=\"padding-top:56.14%;\" ><iframe title=\"YouTube video player 1\" src=\"https:\/\/www.youtube.com\/embed\/WtGYHb2FuJk?wmode=transparent&autoplay=0\" width=\"1140\" height=\"640\" allowfullscreen allow=\"autoplay; clipboard-write; encrypted-media; gyroscope; picture-in-picture;\"><\/iframe><\/div><\/div><\/div>\n<\/div><div class=\"modal-footer\"><button class=\"fusion-button button-default button-medium button default medium\" type=\"button\" data-dismiss=\"modal\">Close<\/button><\/div><\/div><\/div><\/div><div class=\"fusion-separator fusion-full-width-sep\" style=\"align-self: center;margin-left: auto;margin-right: auto;width:100%;\"><div class=\"fusion-separator-border sep-single sep-solid\" style=\"--awb-height:20px;--awb-amount:20px;--awb-sep-color:var(--awb-color8);border-color:var(--awb-color8);border-top-width:1px;\"><\/div><\/div><div class=\"fusion-title title fusion-title-3 fusion-sep-none fusion-title-text fusion-title-size-four\"><h4 class=\"fusion-title-heading title-heading-left fusion-responsive-typography-calculated\" style=\"margin:0;--fontSize:24;line-height:var(--awb-typography1-line-height);\">Mehr zum Thema<\/h4><\/div><ul style=\"--awb-iconcolor:var(--awb-color3);--awb-line-height:27.2px;--awb-icon-width:27.2px;--awb-icon-height:27.2px;--awb-icon-margin:11.2px;--awb-content-margin:38.4px;\" class=\"fusion-checklist fusion-checklist-1 fusion-checklist-default type-icons\"><li class=\"fusion-li-item\" style=\"\"><span class=\"icon-wrapper circle-no\"><i class=\"fusion-li-icon fa-caret-right fas\" aria-hidden=\"true\"><\/i><\/span><div class=\"fusion-li-item-content\">\n<p><a href=\"http:\/\/www.karispro.de\/\" target=\"_blank\" rel=\"noopener\">Forschungsprojekt KARIS PRO am KIT<\/a><\/p>\n<\/div><\/li><li class=\"fusion-li-item\" style=\"\"><span class=\"icon-wrapper circle-no\"><i class=\"fusion-li-icon fa-caret-right fas\" aria-hidden=\"true\"><\/i><\/span><div class=\"fusion-li-item-content\">\n<p><a href=\"https:\/\/www.pepperl-fuchs.com\/de\/landingpage\/industrial-sensors\/rfid-hub-gp28057\">RFID-Systeme von Pepperl+Fuchs<\/a><\/p>\n<\/div><\/li><\/ul><div class=\"fusion-separator fusion-full-width-sep\" style=\"align-self: center;margin-left: auto;margin-right: auto;width:100%;\"><div class=\"fusion-separator-border sep-single sep-solid\" style=\"--awb-height:20px;--awb-amount:20px;--awb-sep-color:var(--awb-color8);border-color:var(--awb-color8);border-top-width:1px;\"><\/div><\/div><div class=\"fusion-modal modal fade modal-2 editorial-use\" tabindex=\"-1\" role=\"dialog\" aria-labelledby=\"modal-heading-2\" aria-hidden=\"true\" style=\"--awb-border-color:var(--awb-color3);--awb-background:var(--awb-color1);\"><div class=\"modal-dialog modal-lg\" role=\"document\"><div class=\"modal-content fusion-modal-content\"><div class=\"modal-header\"><button class=\"close\" type=\"button\" data-dismiss=\"modal\" aria-hidden=\"true\" aria-label=\"Close\">&times;<\/button><h3 class=\"modal-title\" id=\"modal-heading-2\" data-dismiss=\"modal\" aria-hidden=\"true\">Redaktionelle Nutzung<\/h3><\/div><div class=\"modal-body fusion-clearfix\">\n<p>The editorial use of articles from \u201camplify\u201d is only permitted with the prior consent of the publisher Pepperl+Fuchs SE. In addition, the original source <a href=\"https:\/\/amplify-test.pepperl-fuchs.com\/\" target=\"_blank\" rel=\"noopener\">amplify.pepperl-fuchs.com<\/a>\u00a0must be referenced when articles are reused or processed.<\/p>\n<div class=\"fusion-button-wrapper\"><a class=\"fusion-button button-flat fusion-button-default-size button-custom fusion-button-default button-1 fusion-button-default-span fusion-button-default-type\" style=\"--button_accent_color:var(--awb-color1);--button_accent_hover_color:var(--awb-custom_color_2);--button_border_hover_color:var(--awb-custom_color_2);--button_gradient_top_color:var(--awb-color3);--button_gradient_bottom_color:var(--awb-color3);--button_gradient_top_color_hover:var(--awb-color1);--button_gradient_bottom_color_hover:var(--awb-color1);\" target=\"_self\" href=\"mailto:amplify@pepperl-fuchs.com?subject=Request%20Editorial%20Use\"><span class=\"fusion-button-text awb-button__text awb-button__text--default\">Redaktionelle Nutzung anfragen<\/span><\/a><\/div>\n<\/div><\/div><\/div><\/div>\n<div ><a class=\"fusion-button button-flat fusion-button-default-size button-custom fusion-button-default button-2 fusion-button-default-span fusion-button-default-type sidebar\" style=\"--button_accent_color:var(--awb-color1);--button_accent_hover_color:var(--awb-custom_color_2);--button_border_hover_color:var(--awb-custom_color_2);--button_gradient_top_color:var(--awb-color3);--button_gradient_bottom_color:var(--awb-color3);--button_gradient_top_color_hover:var(--awb-color1);--button_gradient_bottom_color_hover:var(--awb-color1);--button_margin-top:12px;--button_margin-right:auto;--button_margin-left:auto;\" target=\"_self\" href=\"#\" data-toggle=\"modal\" data-target=\".fusion-modal.editorial-use\"><i class=\"fa-pen fas awb-button__icon awb-button__icon--default button-icon-left\" aria-hidden=\"true\"><\/i><span class=\"fusion-button-text awb-button__text awb-button__text--default\">Redaktionelle Nutzung<\/span><\/a><\/div>\n<\/div><\/div><\/div><\/div>\n","protected":false},"excerpt":{"rendered":"<p>Das Forschungsprojekt KARIS PRO zeigt Schwarmintelligenz im Fabrikeinsatz.<\/p>\n","protected":false},"author":7,"featured_media":2135,"comment_status":"open","ping_status":"open","sticky":false,"template":"","format":"standard","meta":{"_acf_changed":false,"footnotes":""},"categories":[20,24,19,23],"tags":[],"class_list":["post-2533","post","type-post","status-publish","format-standard","has-post-thumbnail","hentry","category-anwendungen-wissen","category-iiot-anwendungen","category-industrielle-sensoren","category-technologien-innovationen"],"acf":[],"_links":{"self":[{"href":"https:\/\/amplify-test.pepperl-fuchs.com\/de\/wp-json\/wp\/v2\/posts\/2533","targetHints":{"allow":["GET"]}}],"collection":[{"href":"https:\/\/amplify-test.pepperl-fuchs.com\/de\/wp-json\/wp\/v2\/posts"}],"about":[{"href":"https:\/\/amplify-test.pepperl-fuchs.com\/de\/wp-json\/wp\/v2\/types\/post"}],"author":[{"embeddable":true,"href":"https:\/\/amplify-test.pepperl-fuchs.com\/de\/wp-json\/wp\/v2\/users\/7"}],"replies":[{"embeddable":true,"href":"https:\/\/amplify-test.pepperl-fuchs.com\/de\/wp-json\/wp\/v2\/comments?post=2533"}],"version-history":[{"count":12,"href":"https:\/\/amplify-test.pepperl-fuchs.com\/de\/wp-json\/wp\/v2\/posts\/2533\/revisions"}],"predecessor-version":[{"id":5715,"href":"https:\/\/amplify-test.pepperl-fuchs.com\/de\/wp-json\/wp\/v2\/posts\/2533\/revisions\/5715"}],"wp:featuredmedia":[{"embeddable":true,"href":"https:\/\/amplify-test.pepperl-fuchs.com\/de\/wp-json\/wp\/v2\/media\/2135"}],"wp:attachment":[{"href":"https:\/\/amplify-test.pepperl-fuchs.com\/de\/wp-json\/wp\/v2\/media?parent=2533"}],"wp:term":[{"taxonomy":"category","embeddable":true,"href":"https:\/\/amplify-test.pepperl-fuchs.com\/de\/wp-json\/wp\/v2\/categories?post=2533"},{"taxonomy":"post_tag","embeddable":true,"href":"https:\/\/amplify-test.pepperl-fuchs.com\/de\/wp-json\/wp\/v2\/tags?post=2533"}],"curies":[{"name":"wp","href":"https:\/\/api.w.org\/{rel}","templated":true}]}}