{"id":2557,"date":"2024-04-02T00:00:00","date_gmt":"2024-04-02T00:00:00","guid":{"rendered":"https:\/\/amplify.webservices.de\/2024\/04\/02\/das-kraftzentrum-im-norden\/"},"modified":"2025-01-27T09:30:43","modified_gmt":"2025-01-27T09:30:43","slug":"das-kraftzentrum-im-norden","status":"publish","type":"post","link":"https:\/\/amplify-test.pepperl-fuchs.com\/de\/2024\/das-kraftzentrum-im-norden\/","title":{"rendered":"Das Kraftzentrum im Norden"},"content":{"rendered":"<div class=\"fusion-fullwidth fullwidth-box fusion-builder-row-1 fusion-flex-container has-pattern-background has-mask-background nonhundred-percent-fullwidth non-hundred-percent-height-scrolling gradient-container-1\" style=\"--awb-border-radius-top-left:0px;--awb-border-radius-top-right:0px;--awb-border-radius-bottom-right:0px;--awb-border-radius-bottom-left:0px;--awb-flex-wrap:wrap;\" id=\"article\" ><div class=\"fusion-builder-row fusion-row fusion-flex-align-items-flex-start fusion-flex-content-wrap\" style=\"max-width:1248px;margin-left: calc(-4% \/ 2 );margin-right: calc(-4% \/ 2 );\"><div class=\"fusion-layout-column fusion_builder_column fusion-builder-column-0 fusion_builder_column_1_1 1_1 fusion-flex-column\" style=\"--awb-bg-size:cover;--awb-width-large:100%;--awb-margin-top-large:0px;--awb-spacing-right-large:1.92%;--awb-margin-bottom-large:20px;--awb-spacing-left-large:1.92%;--awb-width-medium:100%;--awb-order-medium:0;--awb-spacing-right-medium:1.92%;--awb-spacing-left-medium:1.92%;--awb-width-small:100%;--awb-order-small:0;--awb-spacing-right-small:1.92%;--awb-spacing-left-small:1.92%;\"><div class=\"fusion-column-wrapper fusion-column-has-shadow fusion-flex-justify-content-flex-start fusion-content-layout-column\"><div class=\"fusion-text fusion-text-1\" id=\"publishing_date\"><p>2. April 2024<\/p>\n<\/div><div class=\"fusion-title title fusion-title-1 fusion-sep-none fusion-title-text fusion-title-size-one\" id=\"article_headline\"><h1 class=\"fusion-title-heading title-heading-left fusion-responsive-typography-calculated\" style=\"margin:0;--fontSize:64;line-height:var(--awb-typography1-line-height);\">Das Kraftzentrum im Norden<\/h1><\/div><div class=\"fusion-text fusion-text-2 intro_text\"><p>Als technologieaffines und zukunftsorientiertes Land nimmt Norwegen eine herausragende Stellung in Europas Wirtschaft ein. Erfahren Sie in diesem Interview mehr \u00fcber das Partnerland der HANNOVER\u00a0MESSE\u00a02024, seinen Weg hin zur Dekarbonisierung und Pepperl+Fuchs&#8217; Aktivit\u00e4ten vor Ort.<\/p>\n<\/div><div class=\"fusion-image-element \" style=\"--awb-caption-title-font-family:var(--h2_typography-font-family);--awb-caption-title-font-weight:var(--h2_typography-font-weight);--awb-caption-title-font-style:var(--h2_typography-font-style);--awb-caption-title-size:var(--h2_typography-font-size);--awb-caption-title-transform:var(--h2_typography-text-transform);--awb-caption-title-line-height:var(--h2_typography-line-height);--awb-caption-title-letter-spacing:var(--h2_typography-letter-spacing);\"><span class=\" fusion-imageframe imageframe-none imageframe-1 hover-type-none\"><img decoding=\"async\" width=\"1920\" height=\"900\" alt=\"Hydroelectric Power Station in Norway\" src=\"https:\/\/amplify-test.pepperl-fuchs.com\/wp-content\/uploads\/2024\/07\/65f2b9bcecbd7_amplify-norwegen-header-1920x900-1.jpg\" class=\"img-responsive wp-image-1914\" srcset=\"https:\/\/amplify-test.pepperl-fuchs.com\/wp-content\/uploads\/2024\/07\/65f2b9bcecbd7_amplify-norwegen-header-1920x900-1-200x94.jpg 200w, https:\/\/amplify-test.pepperl-fuchs.com\/wp-content\/uploads\/2024\/07\/65f2b9bcecbd7_amplify-norwegen-header-1920x900-1-400x188.jpg 400w, https:\/\/amplify-test.pepperl-fuchs.com\/wp-content\/uploads\/2024\/07\/65f2b9bcecbd7_amplify-norwegen-header-1920x900-1-600x281.jpg 600w, https:\/\/amplify-test.pepperl-fuchs.com\/wp-content\/uploads\/2024\/07\/65f2b9bcecbd7_amplify-norwegen-header-1920x900-1-800x375.jpg 800w, https:\/\/amplify-test.pepperl-fuchs.com\/wp-content\/uploads\/2024\/07\/65f2b9bcecbd7_amplify-norwegen-header-1920x900-1-1200x563.jpg 1200w, https:\/\/amplify-test.pepperl-fuchs.com\/wp-content\/uploads\/2024\/07\/65f2b9bcecbd7_amplify-norwegen-header-1920x900-1.jpg 1920w\" sizes=\"(max-width: 640px) 100vw, 1200px\" \/><\/span><\/div><\/div><\/div><div class=\"fusion-layout-column fusion_builder_column fusion-builder-column-1 fusion_builder_column_3_4 3_4 fusion-flex-column\" style=\"--awb-bg-size:cover;--awb-width-large:75%;--awb-margin-top-large:0px;--awb-spacing-right-large:2.56%;--awb-margin-bottom-large:20px;--awb-spacing-left-large:2.56%;--awb-width-medium:75%;--awb-order-medium:0;--awb-spacing-right-medium:2.56%;--awb-spacing-left-medium:2.56%;--awb-width-small:100%;--awb-order-small:0;--awb-spacing-right-small:1.92%;--awb-spacing-left-small:1.92%;\"><div class=\"fusion-column-wrapper fusion-column-has-shadow fusion-flex-justify-content-flex-start fusion-content-layout-column\"><div class=\"fusion-text fusion-text-3 elt_text\"><p>Ein Kraftzentrum f\u00fcr Energie und Digitalisierung \u2013mit diesem eindr\u00fccklichen Sinnbild beschrieb Jochen K\u00f6ckler, Vorsitzender des Vorstandes Deutsche Messe AG, im Vorfeld der Hannover Messe 2024 die herausragende Stellung Norwegens innerhalb der europ\u00e4ischen Wirtschaft. Tats\u00e4chlich kann sich das diesj\u00e4hrige Partnerland der weltweit f\u00fchrenden Industriemesse dort zu Recht selbstbewusst unter dem Motto \u201ePioneering the Green Industrial Transition\u201c pr\u00e4sentieren: Mittlerweile ist Norwegen f\u00fcr alternative Energietr\u00e4ger \u00e4hnlich bekannt wie f\u00fcr seine spektakul\u00e4ren Landschaften. Welcher Zusammenhang zwischen der Natursch\u00f6nheit und der Dekarbonisierung besteht und wie Pepperl+Fuchs in Norwegen agiert, erkl\u00e4ren im Interview Robert Aasen Kverndalen (System and Solution Engineer, Factory Automation) und Jarle Groenstein (Sales Manager, Process Automation).<\/p>\n<\/div><div class=\"fusion-image-element awb-imageframe-style awb-imageframe-style-below awb-imageframe-style-2\" style=\"--awb-caption-title-font-family:var(--body_typography-font-family);--awb-caption-title-font-weight:var(--body_typography-font-weight);--awb-caption-title-font-style:var(--body_typography-font-style);--awb-caption-title-size:var(--body_typography-font-size);--awb-caption-title-transform:var(--body_typography-text-transform);--awb-caption-title-line-height:var(--body_typography-line-height);--awb-caption-title-letter-spacing:var(--body_typography-letter-spacing);\"><span class=\" fusion-imageframe imageframe-none imageframe-2 hover-type-none elt_image\"><a href=\"https:\/\/amplify-test.pepperl-fuchs.com\/wp-content\/uploads\/2024\/07\/65f2bdc8e6133_robert-kverndalen-jarle-groenstein-1500px.jpg\" class=\"fusion-lightbox\" data-rel=\"iLightbox[ae0b3012c5bfd816f67]\" data-caption=\"\"><img decoding=\"async\" width=\"1500\" height=\"994\" alt=\"Robert Aasen Kverndalen (System and Solution Engineer, Factory Automation) und Jarle Groenstein (Sales Manager, Process Automation)\" src=\"https:\/\/amplify-test.pepperl-fuchs.com\/wp-content\/uploads\/2024\/07\/65f2bdc8e6133_robert-kverndalen-jarle-groenstein-1500px.jpg\" class=\"img-responsive wp-image-1915\" srcset=\"https:\/\/amplify-test.pepperl-fuchs.com\/wp-content\/uploads\/2024\/07\/65f2bdc8e6133_robert-kverndalen-jarle-groenstein-1500px-200x133.jpg 200w, https:\/\/amplify-test.pepperl-fuchs.com\/wp-content\/uploads\/2024\/07\/65f2bdc8e6133_robert-kverndalen-jarle-groenstein-1500px-400x265.jpg 400w, https:\/\/amplify-test.pepperl-fuchs.com\/wp-content\/uploads\/2024\/07\/65f2bdc8e6133_robert-kverndalen-jarle-groenstein-1500px-600x398.jpg 600w, https:\/\/amplify-test.pepperl-fuchs.com\/wp-content\/uploads\/2024\/07\/65f2bdc8e6133_robert-kverndalen-jarle-groenstein-1500px-800x530.jpg 800w, https:\/\/amplify-test.pepperl-fuchs.com\/wp-content\/uploads\/2024\/07\/65f2bdc8e6133_robert-kverndalen-jarle-groenstein-1500px-1200x795.jpg 1200w, https:\/\/amplify-test.pepperl-fuchs.com\/wp-content\/uploads\/2024\/07\/65f2bdc8e6133_robert-kverndalen-jarle-groenstein-1500px.jpg 1500w\" sizes=\"(max-width: 640px) 100vw, 1200px\" \/><\/a><\/span><div class=\"awb-imageframe-caption-container\"><div class=\"awb-imageframe-caption\"><p class=\"awb-imageframe-caption-text\">Starkes Team in Norwegen: Robert Aasen Kverndalen (System and Solution Engineer, Factory Automation) und Jarle Groenstein (Sales Manager, Process Automation)<\/p><\/div><\/div><\/div><script type=\"text\/javascript\">if( typeof window.iv_elt_count === 'undefined' || window.iv_elt_count === null ){\r\n\t\t\t\twindow.iv_elt_count = 0;\r\n} else {\r\n\t\t\t\twindow.iv_elt_count++;\r\n}\r\nif(\"{{interview_headline}}\" === \"\") {\r\n\t\t\t\tjQuery( document ).ready(function() {\r\n\t\t\t\t\t\t\t\tjQuery('.iv_headline').eq(window.iv_elt_count).css('display','none');\r\n\t\t\t\t});\r\n}\r\nif(\"Als weltweit gr\u00f6\u00dfte Messe ihrer Art ist die Hannover Messe nat\u00fcrlich auch im industriellen Umfeld in Norwegen bestens bekannt und genie\u00dft einen sehr guten Ruf. Sicherlich werden sich durch die Messe die ohnehin schon engen gesch\u00e4ftlichen Beziehungen zwischen Deutschland und Norwegen weiter intensivieren. Die zu erwartende mediale Berichterstattung rund um die Hannover Messe wird zudem auch ihre allgemeine Bekanntheit in der norwegischen Bev\u00f6lkerung noch einmal steigern.\" === \"\") {\r\n\t\t\t\tjQuery( document ).ready(function() {\r\n\t\t\t\t\t\t\t\tjQuery('.iv_a1314532144').css('display','none');\r\n\t\t\t\t});\r\n}\r\nif(\"Ich denke, die Entwicklungsgeschichte von Pepperl+Fuchs hier im Lande ist ein ausgezeichnetes Beispiel f\u00fcr die internationale Relevanz dieser Veranstaltung. Unsere Gesch\u00e4ftsaktivit\u00e4ten in Norwegen gehen n\u00e4mlich auf Kontakte zur\u00fcck, die 1968 auf der Hannover Messe entstanden. Ein Distributor von Automatisierungskomponenten in Norwegen nahm nach Gespr\u00e4chen auf der Messe die Produkte von Pepperl+Fuchs in sein Portfolio auf. Das war der Startpunkt f\u00fcr unsere heutige Pr\u00e4senz in Norwegen. Die Hannover Messe ist also seit \u00fcber 50 Jahren eine wichtige Kommunikationsplattform f\u00fcr uns.\" === \"\") {\r\n\t\t\t\tjQuery( document ).ready(function() {\r\n\t\t\t\t\t\t\t\tjQuery('.iv_a2314532144').css('display','none');\r\n\t\t\t\t});\r\n}\r\nif(\"\" === \"\") {\r\n\t\t\t\tjQuery( document ).ready(function() {\r\n\t\t\t\t\t\t\t\tjQuery('.iv_a3314532144').css('display','none');\r\n\t\t\t\t});\r\n}\r\nif(\"\" === \"\") {\r\n\t\t\t\tjQuery( document ).ready(function() {\r\n\t\t\t\t\t\t\t\t\/\/ jQuery('.iv_answer4').eq(window.iv_elt_count).css('display','none');\r\n\t\t\t\t\t\t\t\tjQuery('.iv_a4314532144').css('display','none');\r\n\t\t\t\t});\r\n}<\/script><style type=\"text\/css\">.iv_headline {\r\n\t\tfont-weight: 700;\r\n\t\tfont-style: italic;\r\n\t\tfont-size: 20px;\r\n}\r\n.iv_person {\r\n\t\tcolor: #00a587;\r\n\t\tfont-style: italic;\r\n\t\tfont-weight: 400;\r\n}\r\n.iv_person::after {\r\n\t\tcontent: \": \";\r\n}<\/style><div class=\"custom-interview\" id=\"iv_314532144\"><div class=\"iv_headline\">Herr Kverndalen, Herr Groenstein, welche Rolle spielt die Hannover Messe in Norwegen?<\/div>\r\n<p class=\"iv_answer1 iv_a1314532144\"><span class=\"iv_person\">Robert Aasen Kverndalen<\/span>Als weltweit gr\u00f6\u00dfte Messe ihrer Art ist die Hannover Messe nat\u00fcrlich auch im industriellen Umfeld in Norwegen bestens bekannt und genie\u00dft einen sehr guten Ruf. Sicherlich werden sich durch die Messe die ohnehin schon engen gesch\u00e4ftlichen Beziehungen zwischen Deutschland und Norwegen weiter intensivieren. Die zu erwartende mediale Berichterstattung rund um die Hannover Messe wird zudem auch ihre allgemeine Bekanntheit in der norwegischen Bev\u00f6lkerung noch einmal steigern.<\/p>\r\n<p class=\"iv_answer2 iv_a2314532144\"><span class=\"iv_person\">Jarle Groenstein<\/span>Ich denke, die Entwicklungsgeschichte von Pepperl+Fuchs hier im Lande ist ein ausgezeichnetes Beispiel f\u00fcr die internationale Relevanz dieser Veranstaltung. Unsere Gesch\u00e4ftsaktivit\u00e4ten in Norwegen gehen n\u00e4mlich auf Kontakte zur\u00fcck, die 1968 auf der Hannover Messe entstanden. Ein Distributor von Automatisierungskomponenten in Norwegen nahm nach Gespr\u00e4chen auf der Messe die Produkte von Pepperl+Fuchs in sein Portfolio auf. Das war der Startpunkt f\u00fcr unsere heutige Pr\u00e4senz in Norwegen. Die Hannover Messe ist also seit \u00fcber 50 Jahren eine wichtige Kommunikationsplattform f\u00fcr uns.<\/p>\r\n<p class=\"iv_answer3 iv_a3314532144\"><span class=\"iv_person\"><\/span><\/p>\r\n<p class=\"iv_answer4 iv_a4314532144\"><span class=\"iv_person\"><\/span><\/p>\r\n<\/div><script type=\"text\/javascript\">if( typeof window.iv_elt_count === 'undefined' || window.iv_elt_count === null ){\r\n\t\t\t\twindow.iv_elt_count = 0;\r\n} else {\r\n\t\t\t\twindow.iv_elt_count++;\r\n}\r\nif(\"{{interview_headline}}\" === \"\") {\r\n\t\t\t\tjQuery( document ).ready(function() {\r\n\t\t\t\t\t\t\t\tjQuery('.iv_headline').eq(window.iv_elt_count).css('display','none');\r\n\t\t\t\t});\r\n}\r\nif(\"Seit 2006 unterh\u00e4lt Pepperl+Fuchs eine hundertprozentige Tochtergesellschaft in Norwegen. Diese liegt in Porsgrunn in der Provinz Telemark, einer vergleichsweise kleinen Stadt mit knapp 40 000 Einwohnern. Aktuell sind hier 14 Mitarbeitende besch\u00e4ftigt, die meisten von uns sind seit Beginn an dabei. Diese Kontinuit\u00e4t und das damit einhergehende gro\u00dfe Know-how sind ein wesentlicher Erfolgsfaktor. Umgekehrt ist es auch f\u00fcr uns Mitarbeitende sehr befriedigend zu sehen, wie wir \u00fcber die Jahre diesen Erfolg mitgestaltet haben.\" === \"\") {\r\n\t\t\t\tjQuery( document ).ready(function() {\r\n\t\t\t\t\t\t\t\tjQuery('.iv_a11218015115').css('display','none');\r\n\t\t\t\t});\r\n}\r\nif(\"\" === \"\") {\r\n\t\t\t\tjQuery( document ).ready(function() {\r\n\t\t\t\t\t\t\t\tjQuery('.iv_a21218015115').css('display','none');\r\n\t\t\t\t});\r\n}\r\nif(\"\" === \"\") {\r\n\t\t\t\tjQuery( document ).ready(function() {\r\n\t\t\t\t\t\t\t\tjQuery('.iv_a31218015115').css('display','none');\r\n\t\t\t\t});\r\n}\r\nif(\"\" === \"\") {\r\n\t\t\t\tjQuery( document ).ready(function() {\r\n\t\t\t\t\t\t\t\t\/\/ jQuery('.iv_answer4').eq(window.iv_elt_count).css('display','none');\r\n\t\t\t\t\t\t\t\tjQuery('.iv_a41218015115').css('display','none');\r\n\t\t\t\t});\r\n}<\/script><style type=\"text\/css\">.iv_headline {\r\n\t\tfont-weight: 700;\r\n\t\tfont-style: italic;\r\n\t\tfont-size: 20px;\r\n}\r\n.iv_person {\r\n\t\tcolor: #00a587;\r\n\t\tfont-style: italic;\r\n\t\tfont-weight: 400;\r\n}\r\n.iv_person::after {\r\n\t\tcontent: \": \";\r\n}<\/style><div class=\"custom-interview\" id=\"iv_1218015115\"><div class=\"iv_headline\">Wie ist Pepperl+Fuchs heute in Norwegen aufgestellt?<\/div>\r\n<p class=\"iv_answer1 iv_a11218015115\"><span class=\"iv_person\">Jarle Groenstein<\/span>Seit 2006 unterh\u00e4lt Pepperl+Fuchs eine hundertprozentige Tochtergesellschaft in Norwegen. Diese liegt in Porsgrunn in der Provinz Telemark, einer vergleichsweise kleinen Stadt mit knapp 40 000 Einwohnern. Aktuell sind hier 14 Mitarbeitende besch\u00e4ftigt, die meisten von uns sind seit Beginn an dabei. Diese Kontinuit\u00e4t und das damit einhergehende gro\u00dfe Know-how sind ein wesentlicher Erfolgsfaktor. Umgekehrt ist es auch f\u00fcr uns Mitarbeitende sehr befriedigend zu sehen, wie wir \u00fcber die Jahre diesen Erfolg mitgestaltet haben.<\/p>\r\n<p class=\"iv_answer2 iv_a21218015115\"><span class=\"iv_person\"><\/span><\/p>\r\n<p class=\"iv_answer3 iv_a31218015115\"><span class=\"iv_person\"><\/span><\/p>\r\n<p class=\"iv_answer4 iv_a41218015115\"><span class=\"iv_person\"><\/span><\/p>\r\n<\/div><div class=\"fusion-image-element awb-imageframe-style awb-imageframe-style-below awb-imageframe-style-3\" style=\"--awb-caption-title-font-family:var(--body_typography-font-family);--awb-caption-title-font-weight:var(--body_typography-font-weight);--awb-caption-title-font-style:var(--body_typography-font-style);--awb-caption-title-size:var(--body_typography-font-size);--awb-caption-title-transform:var(--body_typography-text-transform);--awb-caption-title-line-height:var(--body_typography-line-height);--awb-caption-title-letter-spacing:var(--body_typography-letter-spacing);\"><span class=\" fusion-imageframe imageframe-none imageframe-3 hover-type-none elt_image\"><a href=\"https:\/\/amplify-test.pepperl-fuchs.com\/wp-content\/uploads\/2024\/07\/65f2c50ad64f9_porsgrunn-1500px.jpg\" class=\"fusion-lightbox\" data-rel=\"iLightbox[72255be620a38f71fd9]\" data-caption=\"\"><img decoding=\"async\" width=\"1500\" height=\"468\" alt=\"Porsgrunn, Telemark, Norwegen\" src=\"https:\/\/amplify-test.pepperl-fuchs.com\/wp-content\/uploads\/2024\/07\/65f2c50ad64f9_porsgrunn-1500px.jpg\" class=\"img-responsive wp-image-1917\" srcset=\"https:\/\/amplify-test.pepperl-fuchs.com\/wp-content\/uploads\/2024\/07\/65f2c50ad64f9_porsgrunn-1500px-200x62.jpg 200w, https:\/\/amplify-test.pepperl-fuchs.com\/wp-content\/uploads\/2024\/07\/65f2c50ad64f9_porsgrunn-1500px-400x125.jpg 400w, https:\/\/amplify-test.pepperl-fuchs.com\/wp-content\/uploads\/2024\/07\/65f2c50ad64f9_porsgrunn-1500px-600x187.jpg 600w, https:\/\/amplify-test.pepperl-fuchs.com\/wp-content\/uploads\/2024\/07\/65f2c50ad64f9_porsgrunn-1500px-800x250.jpg 800w, https:\/\/amplify-test.pepperl-fuchs.com\/wp-content\/uploads\/2024\/07\/65f2c50ad64f9_porsgrunn-1500px-1200x374.jpg 1200w, https:\/\/amplify-test.pepperl-fuchs.com\/wp-content\/uploads\/2024\/07\/65f2c50ad64f9_porsgrunn-1500px.jpg 1500w\" sizes=\"(max-width: 640px) 100vw, 1200px\" \/><\/a><\/span><div class=\"awb-imageframe-caption-container\"><div class=\"awb-imageframe-caption\"><p class=\"awb-imageframe-caption-text\">Porsgrunn in Telemark ist der Sitz der norwegischen Tochtergesellschaft von Pepperl+Fuchs.<\/p><\/div><\/div><\/div><script type=\"text\/javascript\">if( typeof window.iv_elt_count === 'undefined' || window.iv_elt_count === null ){\r\n\t\t\t\twindow.iv_elt_count = 0;\r\n} else {\r\n\t\t\t\twindow.iv_elt_count++;\r\n}\r\nif(\"{{interview_headline}}\" === \"\") {\r\n\t\t\t\tjQuery( document ).ready(function() {\r\n\t\t\t\t\t\t\t\tjQuery('.iv_headline').eq(window.iv_elt_count).css('display','none');\r\n\t\t\t\t});\r\n}\r\nif(\"Mir scheint, wir haben hier ein kleines Imageproblem (lacht). Nein, ohne Zweifel ist Porsgrunn \u00fcber die Grenzen Skandinaviens hinaus vermutlich kaum bekannt. Das schm\u00e4lert aber nicht seine Rolle f\u00fcr die Wirtschaft Norwegens. Die Kommune ist seit circa einhundert Jahren ein echter Hotspot der Industrie des Landes. So befindet sich der gr\u00f6\u00dfte zusammenh\u00e4ngende Industriekomplex Norwegens auf der zu Porsgrunn geh\u00f6renden Halbinsel Her\u00f8ya. Auch in Sachen technischer Ausbildung nimmt die Kommune mit einer eigenen technischen Fachschule sowie der M\u00f6glichkeit des Ingenieursstudiums am hiesigen Standort der Universit\u00e4t S\u00fcdost-Norwegen eine f\u00fchrende Rolle ein.\" === \"\") {\r\n\t\t\t\tjQuery( document ).ready(function() {\r\n\t\t\t\t\t\t\t\tjQuery('.iv_a12221372172').css('display','none');\r\n\t\t\t\t});\r\n}\r\nif(\"Abgesehen von der eigenen wirtschaftlichen St\u00e4rke muss man auch die Lage Porsgrunns betrachten. Die Gemeinde liegt zentral. Wir k\u00f6nnen von unserer Niederlassung aus mit Oslo, Drammen und Kristiansand drei der zehn gr\u00f6\u00dften St\u00e4dte des Landes in maximal zwei Stunden Fahrtzeit erreichen. So k\u00f6nnen wir f\u00fcr unsere Kunden dort schnell vor Ort sein und sie bei der Auswahl von Produkten beraten oder bei der Umsetzung von Anwendungen unterst\u00fctzen. Der Wunsch nach einem guten pers\u00f6nlichen Kontakt und kurzen Entscheidungswegen ist f\u00fcr langlebige Gesch\u00e4ftsbeziehungen in Norwegen entscheidend. Dem k\u00f6nnen wir von Porsgrunn aus sehr gut entsprechen.\" === \"\") {\r\n\t\t\t\tjQuery( document ).ready(function() {\r\n\t\t\t\t\t\t\t\tjQuery('.iv_a22221372172').css('display','none');\r\n\t\t\t\t});\r\n}\r\nif(\"\" === \"\") {\r\n\t\t\t\tjQuery( document ).ready(function() {\r\n\t\t\t\t\t\t\t\tjQuery('.iv_a32221372172').css('display','none');\r\n\t\t\t\t});\r\n}\r\nif(\"\" === \"\") {\r\n\t\t\t\tjQuery( document ).ready(function() {\r\n\t\t\t\t\t\t\t\t\/\/ jQuery('.iv_answer4').eq(window.iv_elt_count).css('display','none');\r\n\t\t\t\t\t\t\t\tjQuery('.iv_a42221372172').css('display','none');\r\n\t\t\t\t});\r\n}<\/script><style type=\"text\/css\">.iv_headline {\r\n\t\tfont-weight: 700;\r\n\t\tfont-style: italic;\r\n\t\tfont-size: 20px;\r\n}\r\n.iv_person {\r\n\t\tcolor: #00a587;\r\n\t\tfont-style: italic;\r\n\t\tfont-weight: 400;\r\n}\r\n.iv_person::after {\r\n\t\tcontent: \": \";\r\n}<\/style><div class=\"custom-interview\" id=\"iv_2221372172\"><div class=\"iv_headline\">Warum fiel die Wahl auf den Standort Porsgrunn und nicht auf eine der Metropolen wie Oslo, Bergen oder Stavanger?<\/div>\r\n<p class=\"iv_answer1 iv_a12221372172\"><span class=\"iv_person\">Robert Aasen Kverndalen<\/span>Mir scheint, wir haben hier ein kleines Imageproblem (lacht). Nein, ohne Zweifel ist Porsgrunn \u00fcber die Grenzen Skandinaviens hinaus vermutlich kaum bekannt. Das schm\u00e4lert aber nicht seine Rolle f\u00fcr die Wirtschaft Norwegens. Die Kommune ist seit circa einhundert Jahren ein echter Hotspot der Industrie des Landes. So befindet sich der gr\u00f6\u00dfte zusammenh\u00e4ngende Industriekomplex Norwegens auf der zu Porsgrunn geh\u00f6renden Halbinsel Her\u00f8ya. Auch in Sachen technischer Ausbildung nimmt die Kommune mit einer eigenen technischen Fachschule sowie der M\u00f6glichkeit des Ingenieursstudiums am hiesigen Standort der Universit\u00e4t S\u00fcdost-Norwegen eine f\u00fchrende Rolle ein.<\/p>\r\n<p class=\"iv_answer2 iv_a22221372172\"><span class=\"iv_person\">Jarle Groenstein<\/span>Abgesehen von der eigenen wirtschaftlichen St\u00e4rke muss man auch die Lage Porsgrunns betrachten. Die Gemeinde liegt zentral. Wir k\u00f6nnen von unserer Niederlassung aus mit Oslo, Drammen und Kristiansand drei der zehn gr\u00f6\u00dften St\u00e4dte des Landes in maximal zwei Stunden Fahrtzeit erreichen. So k\u00f6nnen wir f\u00fcr unsere Kunden dort schnell vor Ort sein und sie bei der Auswahl von Produkten beraten oder bei der Umsetzung von Anwendungen unterst\u00fctzen. Der Wunsch nach einem guten pers\u00f6nlichen Kontakt und kurzen Entscheidungswegen ist f\u00fcr langlebige Gesch\u00e4ftsbeziehungen in Norwegen entscheidend. Dem k\u00f6nnen wir von Porsgrunn aus sehr gut entsprechen.<\/p>\r\n<p class=\"iv_answer3 iv_a32221372172\"><span class=\"iv_person\"><\/span><\/p>\r\n<p class=\"iv_answer4 iv_a42221372172\"><span class=\"iv_person\"><\/span><\/p>\r\n<\/div><style type=\"text\/css\">.quote {\r\n\tdisplay: flex;\r\n\talign-items: center;\r\n\tmargin-bottom: 24px;\r\n}\r\n.quote-wrapper {\r\n    \/*position: relative;\r\n    display: flex;*\/\r\n}\r\n.quote-text {\r\n\t\theight: 220px;\r\n\t\talign-content: center;\r\n    border-top: 1px solid #00a587;\r\n\t\tborder-bottom: 1px solid #00a587;\r\n\t\tfont-size: 24px;\r\n\t\tfont-style: italic;\r\n\t\tcolor: #00a587;\r\n\t\tline-height: 28px;\r\n }\r\n.quote-person {\r\n\t\tcolor: #373737;\r\n\t\tfont-size: 14px;\r\n\t\t\r\n}\r\n  .quote-image {\r\n    max-height: 220px; \/* Beispielh\u00f6he des Bildes *\/\r\n\t\tmargin-right: 10px;\r\n  }<\/style><div class=\"quote\">\r\n\t<img decoding=\"async\" src=\"https:\/\/amplify-test.pepperl-fuchs.com\/wp-content\/uploads\/2024\/07\/65f2c7f628ff5_jarle-groenstein-450px.jpg\" alt=\"\" class=\"quote-image\">\r\n\t<div class=\"quote-wrapper\">\t\r\n\t\t<div class=\"quote-text\">Energie aus Wasserkraftwerken hat sich zu einem der wichtigsten Exportg\u00fcter unseres Landes entwickelt.\r\n\t\t\t<div class=\"quote-person\">Jarle Groenstein (Sales Manager, Process Automation)<\/div>\r\n\t\t<\/div>\r\n\t<\/div>\r\n<\/div><script type=\"text\/javascript\">if( typeof window.iv_elt_count === 'undefined' || window.iv_elt_count === null ){\r\n\t\t\t\twindow.iv_elt_count = 0;\r\n} else {\r\n\t\t\t\twindow.iv_elt_count++;\r\n}\r\nif(\"{{interview_headline}}\" === \"\") {\r\n\t\t\t\tjQuery( document ).ready(function() {\r\n\t\t\t\t\t\t\t\tjQuery('.iv_headline').eq(window.iv_elt_count).css('display','none');\r\n\t\t\t\t});\r\n}\r\nif(\"Das ist tats\u00e4chlich nicht nur die pers\u00f6nliche Wahrnehmung von Besuchern unseres Landes, sondern l\u00e4sst sich auch durch die Zulassungszahlen belegen. 2023 machten emissionsfreie Fahrzeuge mehr als 80 Prozent der Neuzulassungen in Norwegen aus, darunter an erster Stelle Tesla mit mehr als 25 000 Fahrzeugen. Meines Erachtens sind es verschiedene Faktoren, die die hohe Verbreitung von Elektroautos in Norwegen beg\u00fcnstigt haben. Zun\u00e4chst sind wir Norweger generell ein technologieaffines Volk, das eine Freude an Fortschritt hat und neuen Technologien gegen\u00fcber sehr aufgeschlossen ist, das gilt f\u00fcr den Gesch\u00e4ftsbereich wie auch das Privatleben. Insofern war bei uns im Land direkt ein guter N\u00e4hrboden f\u00fcr das Thema Elektromobilit\u00e4t vorhanden. Zudem wurden Elektroautos durch den Staat Norwegen in den vergangenen zehn Jahren sehr aktiv gef\u00f6rdert. Beispielweise war zu Beginn keine Mehrwertsteuer bei Kauf eines Elektroautos f\u00e4llig und Maut- und Parkgeb\u00fchren fielen geringer aus.\" === \"\") {\r\n\t\t\t\tjQuery( document ).ready(function() {\r\n\t\t\t\t\t\t\t\tjQuery('.iv_a12243918907').css('display','none');\r\n\t\t\t\t});\r\n}\r\nif(\"Nicht zuletzt hat der vergleichsweise geringe Strompreis in Norwegen dazu beigetragen, dass Elektroautos schnell als sehr attraktives Bef\u00f6rderungsmittel wahrgenommen wurden. Da Wasser in Form von Fjorden, Fl\u00fcssen und Seen hier nahezu \u00fcberall verf\u00fcgbar ist, gibt es viele M\u00f6glichkeiten, Wasserkraftwerke zu errichten, die g\u00fcnstigen Strom erzeugen. Die reine Anzahl solcher Wasserkraftwerke ist in Norwegen zwar deutlich geringer als etwa in Deutschland. Daf\u00fcr arbeiten diese aber aufgrund der gro\u00dfen Gew\u00e4sservolumen und g\u00fcnstigen Gef\u00e4lle in den norwegischen Fjord- und Hochplateaulandschaften extrem effektiv. Davon profitieren sowohl die Privatverbraucher als auch der Staat, in dessen Besitz sich nahezu s\u00e4mtliche Wasserkraftwerke befinden. Energie aus Wasserkraftwerken hat sich zu einem der wichtigsten Exportg\u00fcter unseres Landes entwickelt. Mittlerweile bezeichnen wir Norweger diese regenerative Energie scherzhaft als unser \u201earves\u00f8lvet\u201c, was \u00fcbersetzt so viel bedeutet wie \u201eFamiliensilber\u201c.\" === \"\") {\r\n\t\t\t\tjQuery( document ).ready(function() {\r\n\t\t\t\t\t\t\t\tjQuery('.iv_a22243918907').css('display','none');\r\n\t\t\t\t});\r\n}\r\nif(\"\" === \"\") {\r\n\t\t\t\tjQuery( document ).ready(function() {\r\n\t\t\t\t\t\t\t\tjQuery('.iv_a32243918907').css('display','none');\r\n\t\t\t\t});\r\n}\r\nif(\"\" === \"\") {\r\n\t\t\t\tjQuery( document ).ready(function() {\r\n\t\t\t\t\t\t\t\t\/\/ jQuery('.iv_answer4').eq(window.iv_elt_count).css('display','none');\r\n\t\t\t\t\t\t\t\tjQuery('.iv_a42243918907').css('display','none');\r\n\t\t\t\t});\r\n}<\/script><style type=\"text\/css\">.iv_headline {\r\n\t\tfont-weight: 700;\r\n\t\tfont-style: italic;\r\n\t\tfont-size: 20px;\r\n}\r\n.iv_person {\r\n\t\tcolor: #00a587;\r\n\t\tfont-style: italic;\r\n\t\tfont-weight: 400;\r\n}\r\n.iv_person::after {\r\n\t\tcontent: \": \";\r\n}<\/style><div class=\"custom-interview\" id=\"iv_2243918907\"><div class=\"iv_headline\">Bedarf an Automatisierungskomponenten und Hochtechnologie scheint jedenfalls reichlich zu herrschen. Das ganze Land wirkt \u00fcberaus fortschrittsgetrieben. Beispielsweise sticht einem die hohe Dichte an Elektroautos bei einem Besuch Norwegens sofort ins Auge. Wie ist das zu erkl\u00e4ren?<\/div>\r\n<p class=\"iv_answer1 iv_a12243918907\"><span class=\"iv_person\">Robert Aasen Kverndalen<\/span>Das ist tats\u00e4chlich nicht nur die pers\u00f6nliche Wahrnehmung von Besuchern unseres Landes, sondern l\u00e4sst sich auch durch die Zulassungszahlen belegen. 2023 machten emissionsfreie Fahrzeuge mehr als 80 Prozent der Neuzulassungen in Norwegen aus, darunter an erster Stelle Tesla mit mehr als 25 000 Fahrzeugen. Meines Erachtens sind es verschiedene Faktoren, die die hohe Verbreitung von Elektroautos in Norwegen beg\u00fcnstigt haben. Zun\u00e4chst sind wir Norweger generell ein technologieaffines Volk, das eine Freude an Fortschritt hat und neuen Technologien gegen\u00fcber sehr aufgeschlossen ist, das gilt f\u00fcr den Gesch\u00e4ftsbereich wie auch das Privatleben. Insofern war bei uns im Land direkt ein guter N\u00e4hrboden f\u00fcr das Thema Elektromobilit\u00e4t vorhanden. Zudem wurden Elektroautos durch den Staat Norwegen in den vergangenen zehn Jahren sehr aktiv gef\u00f6rdert. Beispielweise war zu Beginn keine Mehrwertsteuer bei Kauf eines Elektroautos f\u00e4llig und Maut- und Parkgeb\u00fchren fielen geringer aus.<\/p>\r\n<p class=\"iv_answer2 iv_a22243918907\"><span class=\"iv_person\">Jarle Groenstein<\/span>Nicht zuletzt hat der vergleichsweise geringe Strompreis in Norwegen dazu beigetragen, dass Elektroautos schnell als sehr attraktives Bef\u00f6rderungsmittel wahrgenommen wurden. Da Wasser in Form von Fjorden, Fl\u00fcssen und Seen hier nahezu \u00fcberall verf\u00fcgbar ist, gibt es viele M\u00f6glichkeiten, Wasserkraftwerke zu errichten, die g\u00fcnstigen Strom erzeugen. Die reine Anzahl solcher Wasserkraftwerke ist in Norwegen zwar deutlich geringer als etwa in Deutschland. Daf\u00fcr arbeiten diese aber aufgrund der gro\u00dfen Gew\u00e4sservolumen und g\u00fcnstigen Gef\u00e4lle in den norwegischen Fjord- und Hochplateaulandschaften extrem effektiv. Davon profitieren sowohl die Privatverbraucher als auch der Staat, in dessen Besitz sich nahezu s\u00e4mtliche Wasserkraftwerke befinden. Energie aus Wasserkraftwerken hat sich zu einem der wichtigsten Exportg\u00fcter unseres Landes entwickelt. Mittlerweile bezeichnen wir Norweger diese regenerative Energie scherzhaft als unser \u201earves\u00f8lvet\u201c, was \u00fcbersetzt so viel bedeutet wie \u201eFamiliensilber\u201c.<\/p>\r\n<p class=\"iv_answer3 iv_a32243918907\"><span class=\"iv_person\"><\/span><\/p>\r\n<p class=\"iv_answer4 iv_a42243918907\"><span class=\"iv_person\"><\/span><\/p>\r\n<\/div><div class=\"fusion-image-carousel fusion-image-carousel-auto fusion-image-carousel-1 fusion-carousel-border awb-image-carousel-top-below-caption elt_gallery\"><div class=\"awb-carousel awb-swiper awb-swiper-carousel awb-carousel--carousel awb-swiper-dots-position-bottom awb-imageframe-style awb-imageframe-style-above awb-imageframe-style-1\" data-layout=\"carousel\" data-autoplay=\"no\" data-autoplayspeed=\"2500\" data-autoplaypause=\"no\" data-columns=\"1\" data-columnsmedium=\"1\" data-columnssmall=\"1\" data-itemmargin=\"13\" data-itemwidth=\"180\" data-touchscroll=\"no\" data-freemode=\"no\" data-imagesize=\"auto\" data-scrollitems=\"0\" data-centeredslides=\"no\" data-rotationangle=\"50\" data-depth=\"100\" data-speed=\"500\" data-shadow=\"no\" data-pagination=\"bullets\" style=\"--awb-columns:1;--awb-border-width:1px;--awb-border-color:#e9eaee;\"><div class=\"swiper-wrapper awb-image-carousel-wrapper fusion-flex-align-items-center\"><div class=\"swiper-slide\"><div class=\"fusion-carousel-item-wrapper\"><div class=\"awb-imageframe-caption-container\"><div class=\"awb-imageframe-caption\"><p class=\"awb-imageframe-caption-text\">Reichhaltige \u00d6l- und Gasvorkommen haben den heutigen Wohlstand Norwegens begr\u00fcndet.<\/p><\/div><\/div><div class=\"fusion-image-wrapper hover-type-none\"><img decoding=\"async\" width=\"565\" height=\"478\" src=\"https:\/\/amplify-test.pepperl-fuchs.com\/wp-content\/uploads\/2024\/07\/65f2ca25866c3_amplify-norwegen-slider-1-565x478-1.jpg\" class=\"attachment-full size-full\" alt=\"\u00d6lplattform in Nordnorwegen\" srcset=\"https:\/\/amplify-test.pepperl-fuchs.com\/wp-content\/uploads\/2024\/07\/65f2ca25866c3_amplify-norwegen-slider-1-565x478-1-200x169.jpg 200w, https:\/\/amplify-test.pepperl-fuchs.com\/wp-content\/uploads\/2024\/07\/65f2ca25866c3_amplify-norwegen-slider-1-565x478-1-300x254.jpg 300w, https:\/\/amplify-test.pepperl-fuchs.com\/wp-content\/uploads\/2024\/07\/65f2ca25866c3_amplify-norwegen-slider-1-565x478-1-400x338.jpg 400w, https:\/\/amplify-test.pepperl-fuchs.com\/wp-content\/uploads\/2024\/07\/65f2ca25866c3_amplify-norwegen-slider-1-565x478-1.jpg 565w\" sizes=\"(max-width: 565px) 100vw, 565px\" \/><\/div><\/div><\/div><div class=\"swiper-slide\"><div class=\"fusion-carousel-item-wrapper\"><div class=\"awb-imageframe-caption-container\"><div class=\"awb-imageframe-caption\"><p class=\"awb-imageframe-caption-text\">Doch Norwegen befindet sich in einem kontinuierlichen Wandel hin zu einer dekarbonisierten Gesellschaft. Elektroautos sind in Norwegen so allgegenw\u00e4rtig ...<\/p><\/div><\/div><div class=\"fusion-image-wrapper hover-type-none\"><img decoding=\"async\" width=\"565\" height=\"478\" src=\"https:\/\/amplify-test.pepperl-fuchs.com\/wp-content\/uploads\/2024\/07\/65f2cb0d94f7c_amplify-norwegen-slider-3-565x478-1.jpg\" class=\"attachment-full size-full\" alt=\"Elektroauto mit norwegischen Fahnen\" srcset=\"https:\/\/amplify-test.pepperl-fuchs.com\/wp-content\/uploads\/2024\/07\/65f2cb0d94f7c_amplify-norwegen-slider-3-565x478-1-200x169.jpg 200w, https:\/\/amplify-test.pepperl-fuchs.com\/wp-content\/uploads\/2024\/07\/65f2cb0d94f7c_amplify-norwegen-slider-3-565x478-1-300x254.jpg 300w, https:\/\/amplify-test.pepperl-fuchs.com\/wp-content\/uploads\/2024\/07\/65f2cb0d94f7c_amplify-norwegen-slider-3-565x478-1-400x338.jpg 400w, https:\/\/amplify-test.pepperl-fuchs.com\/wp-content\/uploads\/2024\/07\/65f2cb0d94f7c_amplify-norwegen-slider-3-565x478-1.jpg 565w\" sizes=\"(max-width: 565px) 100vw, 565px\" \/><\/div><\/div><\/div><div class=\"swiper-slide\"><div class=\"fusion-carousel-item-wrapper\"><div class=\"awb-imageframe-caption-container\"><div class=\"awb-imageframe-caption\"><p class=\"awb-imageframe-caption-text\">...wie auch Wasserkraftwerke. Hier zu sehen das S\u00e5heim-Wasserkraftwerk in Rjukan, eines der traditionsreichsten Wasserkraftwerke Norwegens und Teil des UNESCO-Welterbes.<\/p><\/div><\/div><div class=\"fusion-image-wrapper hover-type-none\"><img decoding=\"async\" width=\"565\" height=\"478\" src=\"https:\/\/amplify-test.pepperl-fuchs.com\/wp-content\/uploads\/2024\/07\/65f2cdf58bb85_amplify-norwegen-slider-2-565x478-1.jpg\" class=\"attachment-full size-full\" alt=\"S\u00e5heim-Wasserkraftwerk in Telemark, Norwegen\" srcset=\"https:\/\/amplify-test.pepperl-fuchs.com\/wp-content\/uploads\/2024\/07\/65f2cdf58bb85_amplify-norwegen-slider-2-565x478-1-200x169.jpg 200w, https:\/\/amplify-test.pepperl-fuchs.com\/wp-content\/uploads\/2024\/07\/65f2cdf58bb85_amplify-norwegen-slider-2-565x478-1-300x254.jpg 300w, https:\/\/amplify-test.pepperl-fuchs.com\/wp-content\/uploads\/2024\/07\/65f2cdf58bb85_amplify-norwegen-slider-2-565x478-1-400x338.jpg 400w, https:\/\/amplify-test.pepperl-fuchs.com\/wp-content\/uploads\/2024\/07\/65f2cdf58bb85_amplify-norwegen-slider-2-565x478-1.jpg 565w\" sizes=\"(max-width: 565px) 100vw, 565px\" \/><\/div><\/div><\/div><div class=\"swiper-slide\"><div class=\"fusion-carousel-item-wrapper\"><div class=\"awb-imageframe-caption-container\"><div class=\"awb-imageframe-caption\"><p class=\"awb-imageframe-caption-text\">Auch die Windkraft gewinnt als Energiequelle in Norwegen st\u00e4ndidg an Bedeutung.<\/p><\/div><\/div><div class=\"fusion-image-wrapper hover-type-none\"><img decoding=\"async\" width=\"565\" height=\"478\" src=\"https:\/\/amplify-test.pepperl-fuchs.com\/wp-content\/uploads\/2024\/07\/65f2cf5d2ee1e_amplify-norwegen-slider-4-565x478-1.jpg\" class=\"attachment-full size-full\" alt=\"Windr\u00e4der in Norwegen\" srcset=\"https:\/\/amplify-test.pepperl-fuchs.com\/wp-content\/uploads\/2024\/07\/65f2cf5d2ee1e_amplify-norwegen-slider-4-565x478-1-200x169.jpg 200w, https:\/\/amplify-test.pepperl-fuchs.com\/wp-content\/uploads\/2024\/07\/65f2cf5d2ee1e_amplify-norwegen-slider-4-565x478-1-300x254.jpg 300w, https:\/\/amplify-test.pepperl-fuchs.com\/wp-content\/uploads\/2024\/07\/65f2cf5d2ee1e_amplify-norwegen-slider-4-565x478-1-400x338.jpg 400w, https:\/\/amplify-test.pepperl-fuchs.com\/wp-content\/uploads\/2024\/07\/65f2cf5d2ee1e_amplify-norwegen-slider-4-565x478-1.jpg 565w\" sizes=\"(max-width: 565px) 100vw, 565px\" \/><\/div><\/div><\/div><\/div><div class=\"awb-swiper-button awb-swiper-button-prev\"><i class=\"awb-icon-angle-left\" aria-hidden=\"true\"><\/i><\/div><div class=\"awb-swiper-button awb-swiper-button-next\"><i class=\"awb-icon-angle-right\" aria-hidden=\"true\"><\/i><\/div><\/div><\/div><script type=\"text\/javascript\">if( typeof window.iv_elt_count === 'undefined' || window.iv_elt_count === null ){\r\n\t\t\t\twindow.iv_elt_count = 0;\r\n} else {\r\n\t\t\t\twindow.iv_elt_count++;\r\n}\r\nif(\"{{interview_headline}}\" === \"\") {\r\n\t\t\t\tjQuery( document ).ready(function() {\r\n\t\t\t\t\t\t\t\tjQuery('.iv_headline').eq(window.iv_elt_count).css('display','none');\r\n\t\t\t\t});\r\n}\r\nif(\"Ja, so kann man die Situation zusammenfassen. Die gewaltigen \u00d6l- und Gasvorkommen haben Norwegen zu einem der wohlhabendsten L\u00e4nder der Welt gemacht, und noch immer existieren reichhaltige Vorkommen, die abgebaut werden k\u00f6nnen. Es ist aber jedem klar, dass es eine Zeit danach geben wird. Also hat man die Notwendigkeit erkannt, fr\u00fchzeitig die wirtschaftlichen Weichen zu stellen.\" === \"\") {\r\n\t\t\t\tjQuery( document ).ready(function() {\r\n\t\t\t\t\t\t\t\tjQuery('.iv_a11270743561').css('display','none');\r\n\t\t\t\t});\r\n}\r\nif(\"Ein wichtiger Baustein hierbei ist der bekannte norwegische Staatsfonds, der mit dem Ziel gegr\u00fcndet wurde, die Einnahmen aus dem \u00d6l- und Gasgesch\u00e4ft bestm\u00f6glich in Hinblick auf die Zukunft zu investieren. Mittlerweile h\u00e4lt dieser Fonds, der letztes Jahr \u00fcbrigens einen Rekordgewinn erzielte, 1,5 Prozent aller b\u00f6rsennotierten Aktien weltweit. Parallel dazu gibt es staatliche Initiativen wie \u201eInnovation Norway\u201c, welche die norwegische Wirtschaft dabei unterst\u00fctzen, neue Industrien und Gesch\u00e4ftsfelder zu erschlie\u00dfen.\" === \"\") {\r\n\t\t\t\tjQuery( document ).ready(function() {\r\n\t\t\t\t\t\t\t\tjQuery('.iv_a21270743561').css('display','none');\r\n\t\t\t\t});\r\n}\r\nif(\"\" === \"\") {\r\n\t\t\t\tjQuery( document ).ready(function() {\r\n\t\t\t\t\t\t\t\tjQuery('.iv_a31270743561').css('display','none');\r\n\t\t\t\t});\r\n}\r\nif(\"\" === \"\") {\r\n\t\t\t\tjQuery( document ).ready(function() {\r\n\t\t\t\t\t\t\t\t\/\/ jQuery('.iv_answer4').eq(window.iv_elt_count).css('display','none');\r\n\t\t\t\t\t\t\t\tjQuery('.iv_a41270743561').css('display','none');\r\n\t\t\t\t});\r\n}<\/script><style type=\"text\/css\">.iv_headline {\r\n\t\tfont-weight: 700;\r\n\t\tfont-style: italic;\r\n\t\tfont-size: 20px;\r\n}\r\n.iv_person {\r\n\t\tcolor: #00a587;\r\n\t\tfont-style: italic;\r\n\t\tfont-weight: 400;\r\n}\r\n.iv_person::after {\r\n\t\tcontent: \": \";\r\n}<\/style><div class=\"custom-interview\" id=\"iv_1270743561\"><div class=\"iv_headline\">Weg vom \u201eschwarzen Gold\u201c hin zum \u201eFamiliensilber\u201c \u2014 l\u00e4sst sich so der sozio\u00f6konomische Wandel innerhalb der norwegischen Gesellschaft beschreiben?<\/div>\r\n<p class=\"iv_answer1 iv_a11270743561\"><span class=\"iv_person\">Robert Aasen Kverndalen<\/span>Ja, so kann man die Situation zusammenfassen. Die gewaltigen \u00d6l- und Gasvorkommen haben Norwegen zu einem der wohlhabendsten L\u00e4nder der Welt gemacht, und noch immer existieren reichhaltige Vorkommen, die abgebaut werden k\u00f6nnen. Es ist aber jedem klar, dass es eine Zeit danach geben wird. Also hat man die Notwendigkeit erkannt, fr\u00fchzeitig die wirtschaftlichen Weichen zu stellen.<\/p>\r\n<p class=\"iv_answer2 iv_a21270743561\"><span class=\"iv_person\">Jarle Groenstein<\/span>Ein wichtiger Baustein hierbei ist der bekannte norwegische Staatsfonds, der mit dem Ziel gegr\u00fcndet wurde, die Einnahmen aus dem \u00d6l- und Gasgesch\u00e4ft bestm\u00f6glich in Hinblick auf die Zukunft zu investieren. Mittlerweile h\u00e4lt dieser Fonds, der letztes Jahr \u00fcbrigens einen Rekordgewinn erzielte, 1,5 Prozent aller b\u00f6rsennotierten Aktien weltweit. Parallel dazu gibt es staatliche Initiativen wie \u201eInnovation Norway\u201c, welche die norwegische Wirtschaft dabei unterst\u00fctzen, neue Industrien und Gesch\u00e4ftsfelder zu erschlie\u00dfen.<\/p>\r\n<p class=\"iv_answer3 iv_a31270743561\"><span class=\"iv_person\"><\/span><\/p>\r\n<p class=\"iv_answer4 iv_a41270743561\"><span class=\"iv_person\"><\/span><\/p>\r\n<\/div><script type=\"text\/javascript\">if( typeof window.iv_elt_count === 'undefined' || window.iv_elt_count === null ){\r\n\t\t\t\twindow.iv_elt_count = 0;\r\n} else {\r\n\t\t\t\twindow.iv_elt_count++;\r\n}\r\nif(\"{{interview_headline}}\" === \"\") {\r\n\t\t\t\tjQuery( document ).ready(function() {\r\n\t\t\t\t\t\t\t\tjQuery('.iv_headline').eq(window.iv_elt_count).css('display','none');\r\n\t\t\t\t});\r\n}\r\nif(\"Innerhalb dieses transformativen Prozesses sehen wir uns als einen wichtigen und vor allem vielseitigen Partner f\u00fcr unsere Kunden aus den verschiedensten Bereichen. Die Produkte und L\u00f6sungen von Pepperl+Fuchs werden \u00fcberall gebraucht: Der schrittweise Umbruch von den \u201eklassischen\u201c Produktionsumgebungen der Fabrik- und Prozessautomation und fossilen Energietr\u00e4gern hin zu zukunftsgerichteten, vernetzten IIoT-Produktionen und regenerativen Energien ben\u00f6tigt die verschiedensten Automatisierungskomponenten und die dazugeh\u00f6rige L\u00f6sungskompetenz.\" === \"\") {\r\n\t\t\t\tjQuery( document ).ready(function() {\r\n\t\t\t\t\t\t\t\tjQuery('.iv_a13047261402').css('display','none');\r\n\t\t\t\t});\r\n}\r\nif(\"Die bereits heute bei Pepperl+Fuchs vorhandenen Kompetenzen werden in den kommenden Jahren in Norwegen st\u00e4rker denn je gefragt sein. Nehmen wir als Beispiel den elektrischen Explosionsschutz, f\u00fcr den Pepperl+Fuchs weithin bekannt ist. Dieser wird im Bewusstsein oftmals unmittelbar mit der \u00d6l- und Gasindustrie verbunden. Doch auch innerhalb der Wertsch\u00f6pfungskette von Wasserstoff sind Explosionsschutzregularien zu beachten. Hier werden die Produkte und L\u00f6sungen von Pepperl+Fuchs an zahlreichen Stellen eingesetzt. Das beginnt beim Elektrolyseverfahren und reicht \u00fcber den Transport des Wasserstoffs bis hin zu seiner Nutzung in Industrieanlagen oder an Wasserstofftankstellen. Das Spektrum der hierbei verwendeten Pepperl+Fuchs Produkte umspannt Ex-e-Klemmenk\u00e4sten, \u00dcberdruckkapselungssysteme und NAMUR-Sensoren sowie verschiedenste Interface-Komponenten. Dazu z\u00e4hlen neben dem revolution\u00e4ren Ethernet-APL Rail Field Switch auch Remote-I\/O-Systeme oder klassische Trennbarrieren f\u00fcr eigensichere 4...20-mA-Kommunikation.\" === \"\") {\r\n\t\t\t\tjQuery( document ).ready(function() {\r\n\t\t\t\t\t\t\t\tjQuery('.iv_a23047261402').css('display','none');\r\n\t\t\t\t});\r\n}\r\nif(\"\" === \"\") {\r\n\t\t\t\tjQuery( document ).ready(function() {\r\n\t\t\t\t\t\t\t\tjQuery('.iv_a33047261402').css('display','none');\r\n\t\t\t\t});\r\n}\r\nif(\"\" === \"\") {\r\n\t\t\t\tjQuery( document ).ready(function() {\r\n\t\t\t\t\t\t\t\t\/\/ jQuery('.iv_answer4').eq(window.iv_elt_count).css('display','none');\r\n\t\t\t\t\t\t\t\tjQuery('.iv_a43047261402').css('display','none');\r\n\t\t\t\t});\r\n}<\/script><style type=\"text\/css\">.iv_headline {\r\n\t\tfont-weight: 700;\r\n\t\tfont-style: italic;\r\n\t\tfont-size: 20px;\r\n}\r\n.iv_person {\r\n\t\tcolor: #00a587;\r\n\t\tfont-style: italic;\r\n\t\tfont-weight: 400;\r\n}\r\n.iv_person::after {\r\n\t\tcontent: \": \";\r\n}<\/style><div class=\"custom-interview\" id=\"iv_3047261402\"><div class=\"iv_headline\">Wie positioniert sich Pepperl+Fuchs innerhalb dieses Wandels?<\/div>\r\n<p class=\"iv_answer1 iv_a13047261402\"><span class=\"iv_person\">Robert Aasen Kverndalen<\/span>Innerhalb dieses transformativen Prozesses sehen wir uns als einen wichtigen und vor allem vielseitigen Partner f\u00fcr unsere Kunden aus den verschiedensten Bereichen. Die Produkte und L\u00f6sungen von Pepperl+Fuchs werden \u00fcberall gebraucht: Der schrittweise Umbruch von den \u201eklassischen\u201c Produktionsumgebungen der Fabrik- und Prozessautomation und fossilen Energietr\u00e4gern hin zu zukunftsgerichteten, vernetzten IIoT-Produktionen und regenerativen Energien ben\u00f6tigt die verschiedensten Automatisierungskomponenten und die dazugeh\u00f6rige L\u00f6sungskompetenz.<\/p>\r\n<p class=\"iv_answer2 iv_a23047261402\"><span class=\"iv_person\">Jarle Groenstein<\/span>Die bereits heute bei Pepperl+Fuchs vorhandenen Kompetenzen werden in den kommenden Jahren in Norwegen st\u00e4rker denn je gefragt sein. Nehmen wir als Beispiel den elektrischen Explosionsschutz, f\u00fcr den Pepperl+Fuchs weithin bekannt ist. Dieser wird im Bewusstsein oftmals unmittelbar mit der \u00d6l- und Gasindustrie verbunden. Doch auch innerhalb der Wertsch\u00f6pfungskette von Wasserstoff sind Explosionsschutzregularien zu beachten. Hier werden die Produkte und L\u00f6sungen von Pepperl+Fuchs an zahlreichen Stellen eingesetzt. Das beginnt beim Elektrolyseverfahren und reicht \u00fcber den Transport des Wasserstoffs bis hin zu seiner Nutzung in Industrieanlagen oder an Wasserstofftankstellen. Das Spektrum der hierbei verwendeten Pepperl+Fuchs Produkte umspannt Ex-e-Klemmenk\u00e4sten, \u00dcberdruckkapselungssysteme und NAMUR-Sensoren sowie verschiedenste Interface-Komponenten. Dazu z\u00e4hlen neben dem revolution\u00e4ren Ethernet-APL Rail Field Switch auch Remote-I\/O-Systeme oder klassische Trennbarrieren f\u00fcr eigensichere 4...20-mA-Kommunikation.<\/p>\r\n<p class=\"iv_answer3 iv_a33047261402\"><span class=\"iv_person\"><\/span><\/p>\r\n<p class=\"iv_answer4 iv_a43047261402\"><span class=\"iv_person\"><\/span><\/p>\r\n<\/div><div class=\"fusion-image-carousel fusion-image-carousel-auto fusion-image-carousel-2 fusion-carousel-border awb-image-carousel-top-below-caption elt_gallery\"><div class=\"awb-carousel awb-swiper awb-swiper-carousel awb-carousel--carousel awb-swiper-dots-position-bottom awb-imageframe-style awb-imageframe-style-above awb-imageframe-style-2\" data-layout=\"carousel\" data-autoplay=\"no\" data-autoplayspeed=\"2500\" data-autoplaypause=\"no\" data-columns=\"1\" data-columnsmedium=\"1\" data-columnssmall=\"1\" data-itemmargin=\"13\" data-itemwidth=\"180\" data-touchscroll=\"no\" data-freemode=\"no\" data-imagesize=\"auto\" data-scrollitems=\"0\" data-centeredslides=\"no\" data-rotationangle=\"50\" data-depth=\"100\" data-speed=\"500\" data-shadow=\"no\" data-pagination=\"bullets\" style=\"--awb-columns:1;--awb-border-width:1px;--awb-border-color:#e9eaee;\"><div class=\"swiper-wrapper awb-image-carousel-wrapper fusion-flex-align-items-center\"><div class=\"swiper-slide\"><div class=\"fusion-carousel-item-wrapper\"><div class=\"awb-imageframe-caption-container\"><div class=\"awb-imageframe-caption\"><p class=\"awb-imageframe-caption-text\">Komponenten und L\u00f6sungen von Pepperl+Fuchs finden sich bei der Erschlie\u00dfung und Nutzung erneuerbarer Energien an den verschiedensten Punkten wieder. So erm\u00f6glichen zum Beispiel Drehgeber die effiziente und sichere Steuerung von Windkraftanlagen.<\/p><\/div><\/div><div class=\"fusion-image-wrapper hover-type-none\"><img decoding=\"async\" width=\"565\" height=\"478\" src=\"https:\/\/amplify-test.pepperl-fuchs.com\/wp-content\/uploads\/2024\/07\/65f2e2a695b21_1-windrad-drehgeber.jpg\" class=\"attachment-full size-full\" alt=\"Pepperl+Fuchs Drehgeber in Windrad\" srcset=\"https:\/\/amplify-test.pepperl-fuchs.com\/wp-content\/uploads\/2024\/07\/65f2e2a695b21_1-windrad-drehgeber-200x169.jpg 200w, https:\/\/amplify-test.pepperl-fuchs.com\/wp-content\/uploads\/2024\/07\/65f2e2a695b21_1-windrad-drehgeber-300x254.jpg 300w, https:\/\/amplify-test.pepperl-fuchs.com\/wp-content\/uploads\/2024\/07\/65f2e2a695b21_1-windrad-drehgeber-400x338.jpg 400w, https:\/\/amplify-test.pepperl-fuchs.com\/wp-content\/uploads\/2024\/07\/65f2e2a695b21_1-windrad-drehgeber.jpg 565w\" sizes=\"(max-width: 565px) 100vw, 565px\" \/><\/div><\/div><\/div><div class=\"swiper-slide\"><div class=\"fusion-carousel-item-wrapper\"><div class=\"awb-imageframe-caption-container\"><div class=\"awb-imageframe-caption\"><p class=\"awb-imageframe-caption-text\">Auch bei der Produktion sogenannter Solarwafer leisten Drehgeber einen wichtigen Beitrag.<\/p><\/div><\/div><div class=\"fusion-image-wrapper hover-type-none\"><img decoding=\"async\" width=\"565\" height=\"478\" src=\"https:\/\/amplify-test.pepperl-fuchs.com\/wp-content\/uploads\/2024\/07\/65f2e3d2c05b4_2-solarwafer-drehgeber.jpg\" class=\"attachment-full size-full\" alt=\"Pepperl+Fuchs Drehgeber in Solarwafer-Produktion\" srcset=\"https:\/\/amplify-test.pepperl-fuchs.com\/wp-content\/uploads\/2024\/07\/65f2e3d2c05b4_2-solarwafer-drehgeber-200x169.jpg 200w, https:\/\/amplify-test.pepperl-fuchs.com\/wp-content\/uploads\/2024\/07\/65f2e3d2c05b4_2-solarwafer-drehgeber-300x254.jpg 300w, https:\/\/amplify-test.pepperl-fuchs.com\/wp-content\/uploads\/2024\/07\/65f2e3d2c05b4_2-solarwafer-drehgeber-400x338.jpg 400w, https:\/\/amplify-test.pepperl-fuchs.com\/wp-content\/uploads\/2024\/07\/65f2e3d2c05b4_2-solarwafer-drehgeber.jpg 565w\" sizes=\"(max-width: 565px) 100vw, 565px\" \/><\/div><\/div><\/div><div class=\"swiper-slide\"><div class=\"fusion-carousel-item-wrapper\"><div class=\"awb-imageframe-caption-container\"><div class=\"awb-imageframe-caption\"><p class=\"awb-imageframe-caption-text\">Die automatisierte Fertigung von PEM-Stacks zur Wasserstoffgewinnung ist nur mithilfe leistungsf\u00e4higer Industriesensorik m\u00f6glich.<\/p><\/div><\/div><div class=\"fusion-image-wrapper hover-type-none\"><img decoding=\"async\" width=\"565\" height=\"478\" src=\"https:\/\/amplify-test.pepperl-fuchs.com\/wp-content\/uploads\/2024\/07\/65f2e4b735855_3-sensoren-pem-stacks.jpg\" class=\"attachment-full size-full\" alt=\"PEM-Stack-Produktion mithilfe industrieller Sensoren von Pepperl+Fuchs\" srcset=\"https:\/\/amplify-test.pepperl-fuchs.com\/wp-content\/uploads\/2024\/07\/65f2e4b735855_3-sensoren-pem-stacks-200x169.jpg 200w, https:\/\/amplify-test.pepperl-fuchs.com\/wp-content\/uploads\/2024\/07\/65f2e4b735855_3-sensoren-pem-stacks-300x254.jpg 300w, https:\/\/amplify-test.pepperl-fuchs.com\/wp-content\/uploads\/2024\/07\/65f2e4b735855_3-sensoren-pem-stacks-400x338.jpg 400w, https:\/\/amplify-test.pepperl-fuchs.com\/wp-content\/uploads\/2024\/07\/65f2e4b735855_3-sensoren-pem-stacks.jpg 565w\" sizes=\"(max-width: 565px) 100vw, 565px\" \/><\/div><\/div><\/div><div class=\"swiper-slide\"><div class=\"fusion-carousel-item-wrapper\"><div class=\"awb-imageframe-caption-container\"><div class=\"awb-imageframe-caption\"><p class=\"awb-imageframe-caption-text\">Revolution\u00e4re L\u00f6sung: Der Ethernet-APL Rail Field Switch von Pepperl+Fuchs erlaubt auch in explosionsgef\u00e4hrdeten Bereichen durchg\u00e4ngige Ethernet-Kommunikation \u2013etwa an Bord von Wasserstofftankern.<\/p><\/div><\/div><div class=\"fusion-image-wrapper hover-type-none\"><img decoding=\"async\" width=\"565\" height=\"478\" src=\"https:\/\/amplify-test.pepperl-fuchs.com\/wp-content\/uploads\/2024\/07\/65f2e5bc2f504_4-ethernet-apl-hydrogen-transport.jpg\" class=\"attachment-full size-full\" alt=\"Ethernet-APL Rail Field Switch auf Ammoniaktanker\" srcset=\"https:\/\/amplify-test.pepperl-fuchs.com\/wp-content\/uploads\/2024\/07\/65f2e5bc2f504_4-ethernet-apl-hydrogen-transport-200x169.jpg 200w, https:\/\/amplify-test.pepperl-fuchs.com\/wp-content\/uploads\/2024\/07\/65f2e5bc2f504_4-ethernet-apl-hydrogen-transport-300x254.jpg 300w, https:\/\/amplify-test.pepperl-fuchs.com\/wp-content\/uploads\/2024\/07\/65f2e5bc2f504_4-ethernet-apl-hydrogen-transport-400x338.jpg 400w, https:\/\/amplify-test.pepperl-fuchs.com\/wp-content\/uploads\/2024\/07\/65f2e5bc2f504_4-ethernet-apl-hydrogen-transport.jpg 565w\" sizes=\"(max-width: 565px) 100vw, 565px\" \/><\/div><\/div><\/div><div class=\"swiper-slide\"><div class=\"fusion-carousel-item-wrapper\"><div class=\"awb-imageframe-caption-container\"><div class=\"awb-imageframe-caption\"><p class=\"awb-imageframe-caption-text\">Ein weiterer Einsatzbereich f\u00fcr den Ethernet-APL Rail Field Switch: Die Steuerung von Industriebrennern, die mit Wasserstoff befeuert werden.<\/p><\/div><\/div><div class=\"fusion-image-wrapper hover-type-none\"><img decoding=\"async\" width=\"565\" height=\"478\" src=\"https:\/\/amplify-test.pepperl-fuchs.com\/wp-content\/uploads\/2024\/07\/65f2e70b3eced_5-ethernet-apl-gasbrenner.jpg\" class=\"attachment-full size-full\" alt=\"Pepperl+Fuchs Ethernet-APL Rail Field Switch in Industriebrenner\" srcset=\"https:\/\/amplify-test.pepperl-fuchs.com\/wp-content\/uploads\/2024\/07\/65f2e70b3eced_5-ethernet-apl-gasbrenner-200x169.jpg 200w, https:\/\/amplify-test.pepperl-fuchs.com\/wp-content\/uploads\/2024\/07\/65f2e70b3eced_5-ethernet-apl-gasbrenner-300x254.jpg 300w, https:\/\/amplify-test.pepperl-fuchs.com\/wp-content\/uploads\/2024\/07\/65f2e70b3eced_5-ethernet-apl-gasbrenner-400x338.jpg 400w, https:\/\/amplify-test.pepperl-fuchs.com\/wp-content\/uploads\/2024\/07\/65f2e70b3eced_5-ethernet-apl-gasbrenner.jpg 565w\" sizes=\"(max-width: 565px) 100vw, 565px\" \/><\/div><\/div><\/div><div class=\"swiper-slide\"><div class=\"fusion-carousel-item-wrapper\"><div class=\"awb-imageframe-caption-container\"><div class=\"awb-imageframe-caption\"><p class=\"awb-imageframe-caption-text\">Je nach Fahrzeug muss an Wasserstofftankstellen der Druck des Wasserstoffs deutlich erh\u00f6ht werden. Ex-e-Steuerk\u00e4sten aus Pepperl+Fuchs' SR-Serie bieten eine L\u00f6sung zur Steuerung der Hochdruckverdichter.<\/p><\/div><\/div><div class=\"fusion-image-wrapper hover-type-none\"><img decoding=\"async\" width=\"565\" height=\"478\" src=\"https:\/\/amplify-test.pepperl-fuchs.com\/wp-content\/uploads\/2024\/07\/65f2e9022bbd4_6-steuerkasten-gasdruckregelanlage-ex-e.jpg\" class=\"attachment-full size-full\" alt=\"Steuerkasten in Hochdruckverdichter einer Wasserstofftankstelle\" srcset=\"https:\/\/amplify-test.pepperl-fuchs.com\/wp-content\/uploads\/2024\/07\/65f2e9022bbd4_6-steuerkasten-gasdruckregelanlage-ex-e-200x169.jpg 200w, https:\/\/amplify-test.pepperl-fuchs.com\/wp-content\/uploads\/2024\/07\/65f2e9022bbd4_6-steuerkasten-gasdruckregelanlage-ex-e-300x254.jpg 300w, https:\/\/amplify-test.pepperl-fuchs.com\/wp-content\/uploads\/2024\/07\/65f2e9022bbd4_6-steuerkasten-gasdruckregelanlage-ex-e-400x338.jpg 400w, https:\/\/amplify-test.pepperl-fuchs.com\/wp-content\/uploads\/2024\/07\/65f2e9022bbd4_6-steuerkasten-gasdruckregelanlage-ex-e.jpg 565w\" sizes=\"(max-width: 565px) 100vw, 565px\" \/><\/div><\/div><\/div><div class=\"swiper-slide\"><div class=\"fusion-carousel-item-wrapper\"><div class=\"awb-imageframe-caption-container\"><div class=\"awb-imageframe-caption\"><p class=\"awb-imageframe-caption-text\">Um Brennstoffzellen vor Schaden zu sch\u00fctzen, wird die Qualit\u00e4t des Gases an H2-Tankstellen \u00fcberpr\u00fcft. Mittels \u00dcberdruckkapselungssystemen k\u00f6nnen auch Analyseger\u00e4te, die nicht f\u00fcr den Betrieb in explosionsgef\u00e4hrdeten Bereichen geeignet sind, dort sicher eingesetzt werden.<\/p><\/div><\/div><div class=\"fusion-image-wrapper hover-type-none\"><img decoding=\"async\" width=\"565\" height=\"478\" src=\"https:\/\/amplify-test.pepperl-fuchs.com\/wp-content\/uploads\/2024\/07\/65f2ea2e76ebb_7-wasserstoffanalysator-uberdruckkapselungssystem.jpg\" class=\"attachment-full size-full\" alt=\"Wasserstoffanalysator mit \u00dcberdruckkapselungssystem von Pepperl+Fuchs\" srcset=\"https:\/\/amplify-test.pepperl-fuchs.com\/wp-content\/uploads\/2024\/07\/65f2ea2e76ebb_7-wasserstoffanalysator-uberdruckkapselungssystem-200x169.jpg 200w, https:\/\/amplify-test.pepperl-fuchs.com\/wp-content\/uploads\/2024\/07\/65f2ea2e76ebb_7-wasserstoffanalysator-uberdruckkapselungssystem-300x254.jpg 300w, https:\/\/amplify-test.pepperl-fuchs.com\/wp-content\/uploads\/2024\/07\/65f2ea2e76ebb_7-wasserstoffanalysator-uberdruckkapselungssystem-400x338.jpg 400w, https:\/\/amplify-test.pepperl-fuchs.com\/wp-content\/uploads\/2024\/07\/65f2ea2e76ebb_7-wasserstoffanalysator-uberdruckkapselungssystem.jpg 565w\" sizes=\"(max-width: 565px) 100vw, 565px\" \/><\/div><\/div><\/div><div class=\"swiper-slide\"><div class=\"fusion-carousel-item-wrapper\"><div class=\"awb-imageframe-caption-container\"><div class=\"awb-imageframe-caption\"><p class=\"awb-imageframe-caption-text\">Elegante L\u00f6sung f\u00fcr wasserstoffbetriebene FTF: Eine RFID-L\u00f6sung von Pepperl+Fuchs erm\u00f6glicht die eindeutige Identifizierung der FTS vor dem Tankvorgang und gew\u00e4hrleistet die Freigabe des erforderlichen Drucks f\u00fcr die Betankung des Fahrzeugs mit Wasserstoff.<\/p><\/div><\/div><div class=\"fusion-image-wrapper hover-type-none\"><img decoding=\"async\" width=\"565\" height=\"478\" src=\"https:\/\/amplify-test.pepperl-fuchs.com\/wp-content\/uploads\/2024\/07\/65f2ebe71bdd2_8-rfid-wasserstoffstankstelle-agv.jpg\" class=\"attachment-full size-full\" alt=\" wasserstoffbetriebene FTF: Eine RFID-L\u00f6sung von Pepperl+Fuchs erm\u00f6glicht die eindeutige Identifizierung der FTS vor dem Tankvorgang\" srcset=\"https:\/\/amplify-test.pepperl-fuchs.com\/wp-content\/uploads\/2024\/07\/65f2ebe71bdd2_8-rfid-wasserstoffstankstelle-agv-200x169.jpg 200w, https:\/\/amplify-test.pepperl-fuchs.com\/wp-content\/uploads\/2024\/07\/65f2ebe71bdd2_8-rfid-wasserstoffstankstelle-agv-300x254.jpg 300w, https:\/\/amplify-test.pepperl-fuchs.com\/wp-content\/uploads\/2024\/07\/65f2ebe71bdd2_8-rfid-wasserstoffstankstelle-agv-400x338.jpg 400w, https:\/\/amplify-test.pepperl-fuchs.com\/wp-content\/uploads\/2024\/07\/65f2ebe71bdd2_8-rfid-wasserstoffstankstelle-agv.jpg 565w\" sizes=\"(max-width: 565px) 100vw, 565px\" \/><\/div><\/div><\/div><\/div><div class=\"awb-swiper-button awb-swiper-button-prev\"><i class=\"awb-icon-angle-left\" aria-hidden=\"true\"><\/i><\/div><div class=\"awb-swiper-button awb-swiper-button-next\"><i class=\"awb-icon-angle-right\" aria-hidden=\"true\"><\/i><\/div><\/div><\/div><script type=\"text\/javascript\">if( typeof window.iv_elt_count === 'undefined' || window.iv_elt_count === null ){\r\n\t\t\t\twindow.iv_elt_count = 0;\r\n} else {\r\n\t\t\t\twindow.iv_elt_count++;\r\n}\r\nif(\"{{interview_headline}}\" === \"\") {\r\n\t\t\t\tjQuery( document ).ready(function() {\r\n\t\t\t\t\t\t\t\tjQuery('.iv_headline').eq(window.iv_elt_count).css('display','none');\r\n\t\t\t\t});\r\n}\r\nif(\"Das ist grunds\u00e4tzlich richtig, aber wie wir vorhin besprochen haben, ist Energie aus regenerativen Quellen mittlerweile ein wichtiges Exportgut Norwegens. Insofern ist das Land bestrebt, neben Wasserkraft auch weitere Energiequellen zu erschlie\u00dfen. Nur so ist sichergestellt, dass ausreichend Energie sowohl f\u00fcr den Export als auch f\u00fcr den eigenen Verbrauch vorhanden ist. Hier kommt dann als zus\u00e4tzliches Werkzeug die Windenergie ins Spiel. Die lange K\u00fcstenlinie Norwegens bietet ausgezeichnete Voraussetzungen, um Offshore-Windparks zu betreiben. Auch auf dem Festlandsockel Norwegens entstehen immer neue Windkraftanlagen. Zur zuverl\u00e4ssigen und effektiven Nutzung all dieser Windr\u00e4der im oft rauen norwegischen Klima muss nat\u00fcrlich entsprechend robuste Industriesensorik eingesetzt werden. Hier unterst\u00fctzt Pepperl+Fuchs etwa mit Drehgebern, Schwingungssensoren und induktiven N\u00e4herungsschaltern, durch die eine optimale Energieausbeute gesichert wird.\" === \"\") {\r\n\t\t\t\tjQuery( document ).ready(function() {\r\n\t\t\t\t\t\t\t\tjQuery('.iv_a11045156901').css('display','none');\r\n\t\t\t\t});\r\n}\r\nif(\"\" === \"\") {\r\n\t\t\t\tjQuery( document ).ready(function() {\r\n\t\t\t\t\t\t\t\tjQuery('.iv_a21045156901').css('display','none');\r\n\t\t\t\t});\r\n}\r\nif(\"\" === \"\") {\r\n\t\t\t\tjQuery( document ).ready(function() {\r\n\t\t\t\t\t\t\t\tjQuery('.iv_a31045156901').css('display','none');\r\n\t\t\t\t});\r\n}\r\nif(\"\" === \"\") {\r\n\t\t\t\tjQuery( document ).ready(function() {\r\n\t\t\t\t\t\t\t\t\/\/ jQuery('.iv_answer4').eq(window.iv_elt_count).css('display','none');\r\n\t\t\t\t\t\t\t\tjQuery('.iv_a41045156901').css('display','none');\r\n\t\t\t\t});\r\n}<\/script><style type=\"text\/css\">.iv_headline {\r\n\t\tfont-weight: 700;\r\n\t\tfont-style: italic;\r\n\t\tfont-size: 20px;\r\n}\r\n.iv_person {\r\n\t\tcolor: #00a587;\r\n\t\tfont-style: italic;\r\n\t\tfont-weight: 400;\r\n}\r\n.iv_person::after {\r\n\t\tcontent: \": \";\r\n}<\/style><div class=\"custom-interview\" id=\"iv_1045156901\"><div class=\"iv_headline\">Das gerade genannte Elektrolyseverfahren gilt als sehr energieintensiv. Wirklich \u201egr\u00fcn\u201c ist der Wasserstoff also nur, wenn die Elektrolyse ohne Einsatz fossiler Energien stattfindet. Hier sollte Norwegen ja durch die zahlreichen Wasserkraftwerke bestens aufgestellt sein?<\/div>\r\n<p class=\"iv_answer1 iv_a11045156901\"><span class=\"iv_person\">Robert Aasen Kverndalen<\/span>Das ist grunds\u00e4tzlich richtig, aber wie wir vorhin besprochen haben, ist Energie aus regenerativen Quellen mittlerweile ein wichtiges Exportgut Norwegens. Insofern ist das Land bestrebt, neben Wasserkraft auch weitere Energiequellen zu erschlie\u00dfen. Nur so ist sichergestellt, dass ausreichend Energie sowohl f\u00fcr den Export als auch f\u00fcr den eigenen Verbrauch vorhanden ist. Hier kommt dann als zus\u00e4tzliches Werkzeug die Windenergie ins Spiel. Die lange K\u00fcstenlinie Norwegens bietet ausgezeichnete Voraussetzungen, um Offshore-Windparks zu betreiben. Auch auf dem Festlandsockel Norwegens entstehen immer neue Windkraftanlagen. Zur zuverl\u00e4ssigen und effektiven Nutzung all dieser Windr\u00e4der im oft rauen norwegischen Klima muss nat\u00fcrlich entsprechend robuste Industriesensorik eingesetzt werden. Hier unterst\u00fctzt Pepperl+Fuchs etwa mit Drehgebern, Schwingungssensoren und induktiven N\u00e4herungsschaltern, durch die eine optimale Energieausbeute gesichert wird.<\/p>\r\n<p class=\"iv_answer2 iv_a21045156901\"><span class=\"iv_person\"><\/span><\/p>\r\n<p class=\"iv_answer3 iv_a31045156901\"><span class=\"iv_person\"><\/span><\/p>\r\n<p class=\"iv_answer4 iv_a41045156901\"><span class=\"iv_person\"><\/span><\/p>\r\n<\/div><style type=\"text\/css\">.quote {\r\n\tdisplay: flex;\r\n\talign-items: center;\r\n\tmargin-bottom: 24px;\r\n}\r\n.quote-wrapper {\r\n    \/*position: relative;\r\n    display: flex;*\/\r\n}\r\n.quote-text {\r\n\t\theight: 220px;\r\n\t\talign-content: center;\r\n    border-top: 1px solid #00a587;\r\n\t\tborder-bottom: 1px solid #00a587;\r\n\t\tfont-size: 24px;\r\n\t\tfont-style: italic;\r\n\t\tcolor: #00a587;\r\n\t\tline-height: 28px;\r\n }\r\n.quote-person {\r\n\t\tcolor: #373737;\r\n\t\tfont-size: 14px;\r\n\t\t\r\n}\r\n  .quote-image {\r\n    max-height: 220px; \/* Beispielh\u00f6he des Bildes *\/\r\n\t\tmargin-right: 10px;\r\n  }<\/style><div class=\"quote\">\r\n\t<img decoding=\"async\" src=\"https:\/\/amplify-test.pepperl-fuchs.com\/wp-content\/uploads\/2024\/07\/65f2d23f6e1d0_robert-kverndalen-450px.jpg\" alt=\"\" class=\"quote-image\">\r\n\t<div class=\"quote-wrapper\">\t\r\n\t\t<div class=\"quote-text\">Wie auch immer der Energiemix in einem vollst\u00e4ndig dekarbonisierten Norwegen aussehen wird: Pepperl+Fuchs leistet mit seinen Produkten und L\u00f6sungen einen wichtigen Beitrag zu diesem Wandel.\r\n\t\t\t<div class=\"quote-person\">Robert Aasen Kverndalen (System and Solution Engineer, Factory Automation)<\/div>\r\n\t\t<\/div>\r\n\t<\/div>\r\n<\/div><script type=\"text\/javascript\">if( typeof window.iv_elt_count === 'undefined' || window.iv_elt_count === null ){\r\n\t\t\t\twindow.iv_elt_count = 0;\r\n} else {\r\n\t\t\t\twindow.iv_elt_count++;\r\n}\r\nif(\"{{interview_headline}}\" === \"\") {\r\n\t\t\t\tjQuery( document ).ready(function() {\r\n\t\t\t\t\t\t\t\tjQuery('.iv_headline').eq(window.iv_elt_count).css('display','none');\r\n\t\t\t\t});\r\n}\r\nif(\"Sicher liegt der Gedanke nah, dass f\u00fcr Solarenergie in Norwegen durch die langen, dunklen Winter suboptimale Bedingungen herrschen. Umgekehrt steht jedoch in den Sommermonaten, in denen die Sonne teilweise gar nicht untergeht, \u00fcberproportional viel Sonnenlicht zur Verf\u00fcgung. Dass k\u00fcrzlich sogar auf Spitzbergen, Europas n\u00f6rdlichstem Punkt, eine Solaranlage mit 360 Modulen in Betrieb gegangen ist, spricht f\u00fcr die vorhandenen Potenziale.\" === \"\") {\r\n\t\t\t\tjQuery( document ).ready(function() {\r\n\t\t\t\t\t\t\t\tjQuery('.iv_a12475897814').css('display','none');\r\n\t\t\t\t});\r\n}\r\nif(\"Rein prozentual betrachtet ist die Solarenergie gegenw\u00e4rtig noch kein relevanter Faktor im Energiemix unseres Landes. Wie mein Kollege gerade ausgef\u00fchrt hat, wird sich das k\u00fcnftig aber eventuell \u00e4ndern. Als Exportgut spielt die Solartechnologie hingegen bereits heute eine Rolle in Norwegen: Hierzulande gefertigte Solarpanels werden in alle Welt exportiert. Auch daf\u00fcr bietet Pepperl+Fuchs L\u00f6sungen wie etwa Sensoren f\u00fcr die Erfassung von Solar- und Photovoltaikwafern in den Fertigungsstrecken oder RFID-Systeme f\u00fcr nachgelagerte Track-and-Trace-Anwendungen. Wie auch immer der Energiemix in einem vollst\u00e4ndig dekarbonisierten Norwegen aussehen wird: Pepperl+Fuchs leistet mit seinen Produkten und L\u00f6sungen einen wichtigen Beitrag zu diesem Wandel.\" === \"\") {\r\n\t\t\t\tjQuery( document ).ready(function() {\r\n\t\t\t\t\t\t\t\tjQuery('.iv_a22475897814').css('display','none');\r\n\t\t\t\t});\r\n}\r\nif(\"\" === \"\") {\r\n\t\t\t\tjQuery( document ).ready(function() {\r\n\t\t\t\t\t\t\t\tjQuery('.iv_a32475897814').css('display','none');\r\n\t\t\t\t});\r\n}\r\nif(\"\" === \"\") {\r\n\t\t\t\tjQuery( document ).ready(function() {\r\n\t\t\t\t\t\t\t\t\/\/ jQuery('.iv_answer4').eq(window.iv_elt_count).css('display','none');\r\n\t\t\t\t\t\t\t\tjQuery('.iv_a42475897814').css('display','none');\r\n\t\t\t\t});\r\n}<\/script><style type=\"text\/css\">.iv_headline {\r\n\t\tfont-weight: 700;\r\n\t\tfont-style: italic;\r\n\t\tfont-size: 20px;\r\n}\r\n.iv_person {\r\n\t\tcolor: #00a587;\r\n\t\tfont-style: italic;\r\n\t\tfont-weight: 400;\r\n}\r\n.iv_person::after {\r\n\t\tcontent: \": \";\r\n}<\/style><div class=\"custom-interview\" id=\"iv_2475897814\"><div class=\"iv_headline\">Wir haben \u00fcber Wasserkraft, Wasserstoff und Windkraft gesprochen. Lassen Sie uns abschlie\u00dfend einen Blick auf den bisher noch nicht thematisierten Vertreter der regenerativen Energietr\u00e4ger werfen \u2014 Solarenergie. Wie gestaltet sich hier die Situation in Norwegen?<\/div>\r\n<p class=\"iv_answer1 iv_a12475897814\"><span class=\"iv_person\">Jarle Groenstein<\/span>Sicher liegt der Gedanke nah, dass f\u00fcr Solarenergie in Norwegen durch die langen, dunklen Winter suboptimale Bedingungen herrschen. Umgekehrt steht jedoch in den Sommermonaten, in denen die Sonne teilweise gar nicht untergeht, \u00fcberproportional viel Sonnenlicht zur Verf\u00fcgung. Dass k\u00fcrzlich sogar auf Spitzbergen, Europas n\u00f6rdlichstem Punkt, eine Solaranlage mit 360 Modulen in Betrieb gegangen ist, spricht f\u00fcr die vorhandenen Potenziale.<\/p>\r\n<p class=\"iv_answer2 iv_a22475897814\"><span class=\"iv_person\">Robert Aasen Kverndalen<\/span>Rein prozentual betrachtet ist die Solarenergie gegenw\u00e4rtig noch kein relevanter Faktor im Energiemix unseres Landes. Wie mein Kollege gerade ausgef\u00fchrt hat, wird sich das k\u00fcnftig aber eventuell \u00e4ndern. Als Exportgut spielt die Solartechnologie hingegen bereits heute eine Rolle in Norwegen: Hierzulande gefertigte Solarpanels werden in alle Welt exportiert. Auch daf\u00fcr bietet Pepperl+Fuchs L\u00f6sungen wie etwa Sensoren f\u00fcr die Erfassung von Solar- und Photovoltaikwafern in den Fertigungsstrecken oder RFID-Systeme f\u00fcr nachgelagerte Track-and-Trace-Anwendungen. Wie auch immer der Energiemix in einem vollst\u00e4ndig dekarbonisierten Norwegen aussehen wird: Pepperl+Fuchs leistet mit seinen Produkten und L\u00f6sungen einen wichtigen Beitrag zu diesem Wandel.<\/p>\r\n<p class=\"iv_answer3 iv_a32475897814\"><span class=\"iv_person\"><\/span><\/p>\r\n<p class=\"iv_answer4 iv_a42475897814\"><span class=\"iv_person\"><\/span><\/p>\r\n<\/div><\/div><\/div><div class=\"fusion-layout-column fusion_builder_column fusion-builder-column-2 fusion_builder_column_1_4 1_4 fusion-flex-column\" style=\"--awb-bg-size:cover;--awb-width-large:25%;--awb-margin-top-large:0px;--awb-spacing-right-large:7.68%;--awb-margin-bottom-large:20px;--awb-spacing-left-large:7.68%;--awb-width-medium:25%;--awb-order-medium:0;--awb-spacing-right-medium:7.68%;--awb-spacing-left-medium:7.68%;--awb-width-small:100%;--awb-order-small:0;--awb-spacing-right-small:1.92%;--awb-spacing-left-small:1.92%;\"><div class=\"fusion-column-wrapper fusion-column-has-shadow fusion-flex-justify-content-flex-start fusion-content-layout-column\"><div class=\"fusion-separator fusion-full-width-sep\" style=\"align-self: center;margin-left: auto;margin-right: auto;width:100%;\"><div class=\"fusion-separator-border sep-single sep-solid\" style=\"--awb-height:20px;--awb-amount:20px;--awb-sep-color:var(--awb-color8);border-color:var(--awb-color8);border-top-width:1px;\"><\/div><\/div><div class=\"fusion-social-networks sharingbox-shortcode-icon-wrapper sharingbox-shortcode-icon-wrapper-1 boxed-icons sidebar\">\n\t<span class=\"share-linkedin\">\n\t\t<a href=\"https:\/\/www.linkedin.com\/shareArticle?\" target=\"_blank\" rel=\"noopener noreferrer\" title=\"\" aria-label=\"LinkedIn\" data-placement=\"top\" data-toggle=\"tooltip\" data-title=\"LinkedIn\" data-original-title=\"LinkedIn\">\n\t\t<i class=\"fusion-social-network-icon fusion-tooltip fusion-linkedin awb-icon-linkedin\" style=\"color:#ffffff;background-color:#0077b5;border-color:#0077b5;border-radius:0px;\" aria-hidden=\"true\"><\/i>\n\t\t<\/a>\n\t<\/span>\n\t<span class=\"share-mail\">\n\t\t<a href=\/de\/kontakt\/\" target=\"_self\" title=\"\" aria-label=\"Email\" data-placement=\"top\" data-toggle=\"tooltip\" data-title=\"Email\" data-original-title=\"Email\">\n\t\t<i class=\"fusion-social-network-icon fusion-tooltip fusion-mail awb-icon-mail\" style=\"color:#ffffff;background-color:#00a587;border-color:#00a587;border-radius:0px;\" aria-hidden=\"true\"><\/i>\n\t\t<\/a>\n\t<\/span>\n\t<span class=\"share-insta\">\n\t\t<a href=\"https:\/\/www.instagram.com\" target=\"_blank\" rel=\"noreferrer noopener\" title=\"\" aria-label=\"Instagram\" data-placement=\"top\" data-toggle=\"tooltip\" data-title=\"Instagram\" data-original-title=\"Instagram\">\n\t\t<i class=\"fusion-social-network-icon fusion-tooltip fusion-instagram awb-icon-instagram\" style=\"color:#ffffff;background-color:#c13584;border-color:#c13584;border-radius:0px;\" aria-hidden=\"true\"><\/i>\n\t\t<\/a>\n\t<\/span>\t\n\t<span class=\"share-facebook\">\n\t\t<a href=\"https:\/\/www.facebook.com\/sharer.php?\" target=\"_blank\" rel=\"noreferrer noopener\" title=\"\" aria-label=\"Facebook\" data-placement=\"top\" data-toggle=\"tooltip\" data-title=\"Facebook\" data-original-title=\"Facebook\">\n\t\t<i class=\"fusion-social-network-icon fusion-tooltip fusion-facebook awb-icon-facebook\" style=\"color:#ffffff;background-color:#3b5998;border-color:#3b5998;border-radius:0px;\" aria-hidden=\"true\"><\/i>\n\t\t<\/a>\n\t<\/span>\n<\/div>\n<div class=\"fusion-separator fusion-full-width-sep\" style=\"align-self: center;margin-left: auto;margin-right: auto;width:100%;\"><div class=\"fusion-separator-border sep-single sep-solid\" style=\"--awb-height:20px;--awb-amount:20px;--awb-sep-color:var(--awb-color8);border-color:var(--awb-color8);border-top-width:1px;\"><\/div><\/div><div class=\"fusion-text fusion-text-4 sidebar\"><h4>Seien Sie dabei!<\/h4>\n<p><img decoding=\"async\" class=\"alignnone size-full wp-image-228\" src=\"https:\/\/amplify-test.pepperl-fuchs.com\/wp-content\/uploads\/2024\/07\/amplify-enews-bild.jpg\" alt=\"Two hands holding a tablet computer showing Pepperl+Fuchs newsletter.\" width=\"220\" height=\"124\" srcset=\"https:\/\/amplify-test.pepperl-fuchs.com\/wp-content\/uploads\/2024\/07\/amplify-enews-bild-66x37.jpg 66w, https:\/\/amplify-test.pepperl-fuchs.com\/wp-content\/uploads\/2024\/07\/amplify-enews-bild-177x100.jpg 177w, https:\/\/amplify-test.pepperl-fuchs.com\/wp-content\/uploads\/2024\/07\/amplify-enews-bild-200x113.jpg 200w, https:\/\/amplify-test.pepperl-fuchs.com\/wp-content\/uploads\/2024\/07\/amplify-enews-bild.jpg 220w\" sizes=\"(max-width: 220px) 100vw, 220px\" \/><\/p>\n<p><a href=\"https:\/\/www.pepperl-fuchs.com\/de\/news\/stay-in-touch\/pepperl-fuchs-e-news-gp30796\" target=\"_blank\" rel=\"noopener\">Erhalten Sie mit der e-news regelm\u00e4\u00dfig Neuigkeiten rund um die Welt der Automation.<\/a><\/p>\n<\/div>\n<div class=\"fusion-separator fusion-full-width-sep\" style=\"align-self: center;margin-left: auto;margin-right: auto;width:100%;\"><div class=\"fusion-separator-border sep-single sep-solid\" style=\"--awb-height:20px;--awb-amount:20px;--awb-sep-color:var(--awb-color8);border-color:var(--awb-color8);border-top-width:1px;\"><\/div><\/div><div class=\"fusion-title title fusion-title-2 fusion-sep-none fusion-title-text fusion-title-size-four\"><h4 class=\"fusion-title-heading title-heading-left fusion-responsive-typography-calculated\" style=\"margin:0;--fontSize:24;line-height:var(--awb-typography1-line-height);\">Mehr zum Thema<\/h4><\/div><ul style=\"--awb-iconcolor:var(--awb-color3);--awb-line-height:27.2px;--awb-icon-width:27.2px;--awb-icon-height:27.2px;--awb-icon-margin:11.2px;--awb-content-margin:38.4px;\" class=\"fusion-checklist fusion-checklist-1 fusion-checklist-default type-icons\">\n<li class=\"fusion-li-item\" style=\"\"><span class=\"icon-wrapper circle-no\"><i class=\"fusion-li-icon fa-caret-right fas\" aria-hidden=\"true\"><\/i><\/span><div class=\"fusion-li-item-content\">\n<p><a href=\"https:\/\/www.pepperl-fuchs.com\/norway\/no\/index.htm\">Pepperl+Fuchs Norwegen<\/a><\/p>\n<\/div><\/li><li class=\"fusion-li-item\" style=\"\"><span class=\"icon-wrapper circle-no\"><i class=\"fusion-li-icon fa-caret-right fas\" aria-hidden=\"true\"><\/i><\/span><div class=\"fusion-li-item-content\">\n<p><a href=\"https:\/\/www.pepperl-fuchs.com\/germany\/de\/47750.htm\">Solarenergie | Komponenten und L\u00f6sungen<\/a><\/p>\n<\/div><\/li><li class=\"fusion-li-item\" style=\"\"><span class=\"icon-wrapper circle-no\"><i class=\"fusion-li-icon fa-caret-right fas\" aria-hidden=\"true\"><\/i><\/span><div class=\"fusion-li-item-content\">\n<p><a href=\"https:\/\/www.pepperl-fuchs.com\/germany\/de\/15351.htm\">Windenergie | Komponenten und L\u00f6sungen<\/a><\/p>\n<\/div><\/li><li class=\"fusion-li-item\" style=\"\"><span class=\"icon-wrapper circle-no\"><i class=\"fusion-li-icon fa-caret-right fas\" aria-hidden=\"true\"><\/i><\/span><div class=\"fusion-li-item-content\">\n<p><a href=\"https:\/\/www.pepperl-fuchs.com\/germany\/de\/47665.htm\">Wasserstoff | Komponenten und L\u00f6sungen<\/a><\/p>\n<\/div><\/li><li class=\"fusion-li-item\" style=\"\"><span class=\"icon-wrapper circle-no\"><i class=\"fusion-li-icon fa-caret-right fas\" aria-hidden=\"true\"><\/i><\/span><div class=\"fusion-li-item-content\">\n<p><a href=\"https:\/\/www.pepperl-fuchs.com\/germany\/de\/49054.htm\">Batteriespeicher | Komponenten und L\u00f6sungen<\/a><\/p>\n<\/div><\/li><li class=\"fusion-li-item\" style=\"\"><span class=\"icon-wrapper circle-no\"><i class=\"fusion-li-icon fa-caret-right fas\" aria-hidden=\"true\"><\/i><\/span><div class=\"fusion-li-item-content\">\n<p><a href=\"https:\/\/www.hannovermesse.de\/de\/hannover-messe-2024\/\" target=\"_blank\" rel=\"noopener\">HANNOVER MESSE 2024<\/a><\/p>\n<\/div><\/li><\/ul><div class=\"fusion-separator fusion-full-width-sep\" style=\"align-self: center;margin-left: auto;margin-right: auto;width:100%;\"><div class=\"fusion-separator-border sep-single sep-solid\" style=\"--awb-height:20px;--awb-amount:20px;--awb-sep-color:var(--awb-color8);border-color:var(--awb-color8);border-top-width:1px;\"><\/div><\/div><div class=\"fusion-modal modal fade modal-1 editorial-use\" tabindex=\"-1\" role=\"dialog\" aria-labelledby=\"modal-heading-1\" aria-hidden=\"true\" style=\"--awb-border-color:var(--awb-color3);--awb-background:var(--awb-color1);\"><div class=\"modal-dialog modal-lg\" role=\"document\"><div class=\"modal-content fusion-modal-content\"><div class=\"modal-header\"><button class=\"close\" type=\"button\" data-dismiss=\"modal\" aria-hidden=\"true\" aria-label=\"Close\">&times;<\/button><h3 class=\"modal-title\" id=\"modal-heading-1\" data-dismiss=\"modal\" aria-hidden=\"true\">Redaktionelle Nutzung<\/h3><\/div><div class=\"modal-body fusion-clearfix\">\n<p>The editorial use of articles from \u201camplify\u201d is only permitted with the prior consent of the publisher Pepperl+Fuchs SE. In addition, the original source <a href=\"https:\/\/amplify-test.pepperl-fuchs.com\/\" target=\"_blank\" rel=\"noopener\">amplify.pepperl-fuchs.com<\/a>\u00a0must be referenced when articles are reused or processed.<\/p>\n<div class=\"fusion-button-wrapper\"><a class=\"fusion-button button-flat fusion-button-default-size button-custom fusion-button-default button-1 fusion-button-default-span fusion-button-default-type\" style=\"--button_accent_color:var(--awb-color1);--button_accent_hover_color:var(--awb-custom_color_2);--button_border_hover_color:var(--awb-custom_color_2);--button_gradient_top_color:var(--awb-color3);--button_gradient_bottom_color:var(--awb-color3);--button_gradient_top_color_hover:var(--awb-color1);--button_gradient_bottom_color_hover:var(--awb-color1);\" target=\"_self\" href=\"mailto:amplify@pepperl-fuchs.com?subject=Request%20Editorial%20Use\"><span class=\"fusion-button-text awb-button__text awb-button__text--default\">Redaktionelle Nutzung anfragen<\/span><\/a><\/div>\n<\/div><\/div><\/div><\/div>\n<div ><a class=\"fusion-button button-flat fusion-button-default-size button-custom fusion-button-default button-2 fusion-button-default-span fusion-button-default-type sidebar\" style=\"--button_accent_color:var(--awb-color1);--button_accent_hover_color:var(--awb-custom_color_2);--button_border_hover_color:var(--awb-custom_color_2);--button_gradient_top_color:var(--awb-color3);--button_gradient_bottom_color:var(--awb-color3);--button_gradient_top_color_hover:var(--awb-color1);--button_gradient_bottom_color_hover:var(--awb-color1);--button_margin-top:12px;--button_margin-right:auto;--button_margin-left:auto;\" target=\"_self\" href=\"#\" data-toggle=\"modal\" data-target=\".fusion-modal.editorial-use\"><i class=\"fa-pen fas awb-button__icon awb-button__icon--default button-icon-left\" aria-hidden=\"true\"><\/i><span class=\"fusion-button-text awb-button__text awb-button__text--default\">Redaktionelle Nutzung<\/span><\/a><\/div>\n<\/div><\/div><\/div><\/div>\n","protected":false},"excerpt":{"rendered":"<p>Erfahren Sie in diesem Interview mehr \u00fcber Pepperl+Fuchs&#8217; Aktivit\u00e4ten in Norwegen und den Weg des Landes hin zur Dekarbonisierung.<\/p>\n","protected":false},"author":7,"featured_media":1914,"comment_status":"open","ping_status":"open","sticky":false,"template":"","format":"standard","meta":{"_acf_changed":false,"footnotes":""},"categories":[21],"tags":[285],"class_list":["post-2557","post","type-post","status-publish","format-standard","has-post-thumbnail","hentry","category-maerkte-trends","tag-das-kraftzentrum-im-norden-de"],"acf":[],"_links":{"self":[{"href":"https:\/\/amplify-test.pepperl-fuchs.com\/de\/wp-json\/wp\/v2\/posts\/2557","targetHints":{"allow":["GET"]}}],"collection":[{"href":"https:\/\/amplify-test.pepperl-fuchs.com\/de\/wp-json\/wp\/v2\/posts"}],"about":[{"href":"https:\/\/amplify-test.pepperl-fuchs.com\/de\/wp-json\/wp\/v2\/types\/post"}],"author":[{"embeddable":true,"href":"https:\/\/amplify-test.pepperl-fuchs.com\/de\/wp-json\/wp\/v2\/users\/7"}],"replies":[{"embeddable":true,"href":"https:\/\/amplify-test.pepperl-fuchs.com\/de\/wp-json\/wp\/v2\/comments?post=2557"}],"version-history":[{"count":10,"href":"https:\/\/amplify-test.pepperl-fuchs.com\/de\/wp-json\/wp\/v2\/posts\/2557\/revisions"}],"predecessor-version":[{"id":5046,"href":"https:\/\/amplify-test.pepperl-fuchs.com\/de\/wp-json\/wp\/v2\/posts\/2557\/revisions\/5046"}],"wp:featuredmedia":[{"embeddable":true,"href":"https:\/\/amplify-test.pepperl-fuchs.com\/de\/wp-json\/wp\/v2\/media\/1914"}],"wp:attachment":[{"href":"https:\/\/amplify-test.pepperl-fuchs.com\/de\/wp-json\/wp\/v2\/media?parent=2557"}],"wp:term":[{"taxonomy":"category","embeddable":true,"href":"https:\/\/amplify-test.pepperl-fuchs.com\/de\/wp-json\/wp\/v2\/categories?post=2557"},{"taxonomy":"post_tag","embeddable":true,"href":"https:\/\/amplify-test.pepperl-fuchs.com\/de\/wp-json\/wp\/v2\/tags?post=2557"}],"curies":[{"name":"wp","href":"https:\/\/api.w.org\/{rel}","templated":true}]}}