{"id":2569,"date":"2024-01-30T00:00:00","date_gmt":"2024-01-30T00:00:00","guid":{"rendered":"https:\/\/amplify.webservices.de\/2024\/01\/30\/investition-in-die-zukunft\/"},"modified":"2025-01-29T10:41:08","modified_gmt":"2025-01-29T10:41:08","slug":"investition-in-die-zukunft","status":"publish","type":"post","link":"https:\/\/amplify-test.pepperl-fuchs.com\/de\/2024\/investition-in-die-zukunft\/","title":{"rendered":"Investition in die Zukunft"},"content":{"rendered":"<div class=\"fusion-fullwidth fullwidth-box fusion-builder-row-1 fusion-flex-container has-pattern-background has-mask-background nonhundred-percent-fullwidth non-hundred-percent-height-scrolling gradient-container-1\" style=\"--awb-border-radius-top-left:0px;--awb-border-radius-top-right:0px;--awb-border-radius-bottom-right:0px;--awb-border-radius-bottom-left:0px;--awb-flex-wrap:wrap;\" id=\"article\" ><div class=\"fusion-builder-row fusion-row fusion-flex-align-items-flex-start fusion-flex-content-wrap\" style=\"max-width:1248px;margin-left: calc(-4% \/ 2 );margin-right: calc(-4% \/ 2 );\"><div class=\"fusion-layout-column fusion_builder_column fusion-builder-column-0 fusion_builder_column_1_1 1_1 fusion-flex-column\" style=\"--awb-bg-size:cover;--awb-width-large:100%;--awb-margin-top-large:0px;--awb-spacing-right-large:1.92%;--awb-margin-bottom-large:20px;--awb-spacing-left-large:1.92%;--awb-width-medium:100%;--awb-order-medium:0;--awb-spacing-right-medium:1.92%;--awb-spacing-left-medium:1.92%;--awb-width-small:100%;--awb-order-small:0;--awb-spacing-right-small:1.92%;--awb-spacing-left-small:1.92%;\"><div class=\"fusion-column-wrapper fusion-column-has-shadow fusion-flex-justify-content-flex-start fusion-content-layout-column\"><div class=\"fusion-text fusion-text-1\" id=\"publishing_date\"><p>30. Januar 2024<\/p>\n<\/div><div class=\"fusion-title title fusion-title-1 fusion-sep-none fusion-title-text fusion-title-size-one\" id=\"article_headline\"><h1 class=\"fusion-title-heading title-heading-left fusion-responsive-typography-calculated\" style=\"margin:0;--fontSize:64;line-height:var(--awb-typography1-line-height);\">Investition in die Zukunft<\/h1><\/div><div class=\"fusion-text fusion-text-2 intro_text\"><p>Atemberaubende Landschaften, traumhafte Str\u00e4nde und abwechslungsreiche K\u00fcche \u2013 aus touristischer Sicht ist Vietnam definitiv einen Besuch wert. Doch auch f\u00fcr Pepperl+Fuchs ist der seit 2007 bezogene Standort von gro\u00dfer Bedeutung. Ein Neubau erweitert nun die dortige Niederlassung und setzt nicht nur technisch neue Ma\u00dfst\u00e4be, er platziert Pepperl+Fuchs auch als Top-Arbeitgeber in Vietnam.<\/p>\n<\/div><div class=\"fusion-image-element \" style=\"--awb-caption-title-font-family:var(--h2_typography-font-family);--awb-caption-title-font-weight:var(--h2_typography-font-weight);--awb-caption-title-font-style:var(--h2_typography-font-style);--awb-caption-title-size:var(--h2_typography-font-size);--awb-caption-title-transform:var(--h2_typography-text-transform);--awb-caption-title-line-height:var(--h2_typography-line-height);--awb-caption-title-letter-spacing:var(--h2_typography-letter-spacing);\"><span class=\" fusion-imageframe imageframe-none imageframe-1 hover-type-none\"><img decoding=\"async\" width=\"1920\" height=\"900\" alt=\"Vietnamesische Landschaft mit Bergen und Fl\u00fcssen\" src=\"https:\/\/amplify-test.pepperl-fuchs.com\/wp-content\/uploads\/2024\/07\/65b8bfe64dd4a_amplify-art51-story-vietnam-header.jpg\" class=\"img-responsive wp-image-1894\" srcset=\"https:\/\/amplify-test.pepperl-fuchs.com\/wp-content\/uploads\/2024\/07\/65b8bfe64dd4a_amplify-art51-story-vietnam-header-200x94.jpg 200w, https:\/\/amplify-test.pepperl-fuchs.com\/wp-content\/uploads\/2024\/07\/65b8bfe64dd4a_amplify-art51-story-vietnam-header-400x188.jpg 400w, https:\/\/amplify-test.pepperl-fuchs.com\/wp-content\/uploads\/2024\/07\/65b8bfe64dd4a_amplify-art51-story-vietnam-header-600x281.jpg 600w, https:\/\/amplify-test.pepperl-fuchs.com\/wp-content\/uploads\/2024\/07\/65b8bfe64dd4a_amplify-art51-story-vietnam-header-800x375.jpg 800w, https:\/\/amplify-test.pepperl-fuchs.com\/wp-content\/uploads\/2024\/07\/65b8bfe64dd4a_amplify-art51-story-vietnam-header-1200x563.jpg 1200w, https:\/\/amplify-test.pepperl-fuchs.com\/wp-content\/uploads\/2024\/07\/65b8bfe64dd4a_amplify-art51-story-vietnam-header.jpg 1920w\" sizes=\"(max-width: 640px) 100vw, 1200px\" \/><\/span><\/div><\/div><\/div><div class=\"fusion-layout-column fusion_builder_column fusion-builder-column-1 fusion_builder_column_3_4 3_4 fusion-flex-column\" style=\"--awb-bg-size:cover;--awb-width-large:75%;--awb-margin-top-large:0px;--awb-spacing-right-large:2.56%;--awb-margin-bottom-large:20px;--awb-spacing-left-large:2.56%;--awb-width-medium:75%;--awb-order-medium:0;--awb-spacing-right-medium:2.56%;--awb-spacing-left-medium:2.56%;--awb-width-small:100%;--awb-order-small:0;--awb-spacing-right-small:1.92%;--awb-spacing-left-small:1.92%;\"><div class=\"fusion-column-wrapper fusion-column-has-shadow fusion-flex-justify-content-flex-start fusion-content-layout-column\"><div class=\"fusion-text fusion-text-3 elt_text\"><p>Schaut man aus der Vogelperspektive auf seinen Umriss, ist mit etwas Fantasie zu erkennen, warum die Einheimischen Vietnam als \u201eBambusstange mit zwei Reisschalen\u201c bezeichnen. W\u00e4hrend die schmalste Stelle des s\u00fcdostasiatischen Landes gerade einmal 40 km misst, \u00f6ffnet sich die Landschaft sowohl im Norden als auch im S\u00fcden zu \u00fcppigen und fruchtbaren Flussdeltas: Das Delta des Roten Flusses rund um die Hauptstadt Hanoi im Norden, das Mekongdelta im S\u00fcden. An dessen Rand liegt die Millionenmetropole Ho-Chi-Minh-Stadt. Als ehemalige Hauptstadt gilt das einstige Saigon mittlerweile als wirtschaftliches Zentrum des am S\u00fcdchinesischen Meer gelegenen Landes. Circa 9 Millionen Einwohner z\u00e4hlt die rasant wachsende Stadt, die in ihrer Historie durch franz\u00f6sischen und amerikanischen Einfluss gepr\u00e4gt wurde. Nicht verwunderlich also, dass sich in Ho-Chi-Minh-Stadt sowohl Moderne als auch Tradition widerspiegeln.<\/p>\n<\/div><div class=\"fusion-image-carousel fusion-image-carousel-auto fusion-image-carousel-1 fusion-carousel-border awb-image-carousel-top-below-caption elt_gallery\"><div class=\"awb-carousel awb-swiper awb-swiper-carousel awb-carousel--carousel awb-swiper-dots-position-bottom awb-imageframe-style awb-imageframe-style-above awb-imageframe-style-1\" data-layout=\"carousel\" data-autoplay=\"no\" data-autoplayspeed=\"2500\" data-autoplaypause=\"no\" data-columns=\"1\" data-columnsmedium=\"1\" data-columnssmall=\"1\" data-itemmargin=\"13\" data-itemwidth=\"180\" data-touchscroll=\"no\" data-freemode=\"no\" data-imagesize=\"auto\" data-scrollitems=\"0\" data-centeredslides=\"no\" data-rotationangle=\"50\" data-depth=\"100\" data-speed=\"500\" data-shadow=\"no\" data-pagination=\"bullets\" style=\"--awb-columns:1;--awb-border-width:1px;--awb-border-color:#e9eaee;\"><div class=\"swiper-wrapper awb-image-carousel-wrapper fusion-flex-align-items-center\"><div class=\"swiper-slide\"><div class=\"fusion-carousel-item-wrapper\"><div class=\"awb-imageframe-caption-container\"><div class=\"awb-imageframe-caption\"><p class=\"awb-imageframe-caption-text\">In Vietnam liegt die gr\u00f6\u00dfte H\u00f6hle der Welt \u2014 die S\u01a1n-\u0110o\u00f2ng-H\u00f6hle. Sie ist eigentlich ein komplettes H\u00f6hlensystem mit etwa 150 einzelnen H\u00f6hlen.<\/p><\/div><\/div><div class=\"fusion-image-wrapper hover-type-none\"><img decoding=\"async\" width=\"1218\" height=\"812\" src=\"https:\/\/amplify-test.pepperl-fuchs.com\/wp-content\/uploads\/2024\/07\/65b8c0fe9329e_amplify-art51-story-vietnam-galerie-hohle.jpg\" class=\"attachment-full size-full\" alt=\"S\u01a1n-\u0110o\u00f2ng Cave Vietnam\" srcset=\"https:\/\/amplify-test.pepperl-fuchs.com\/wp-content\/uploads\/2024\/07\/65b8c0fe9329e_amplify-art51-story-vietnam-galerie-hohle-200x133.jpg 200w, https:\/\/amplify-test.pepperl-fuchs.com\/wp-content\/uploads\/2024\/07\/65b8c0fe9329e_amplify-art51-story-vietnam-galerie-hohle-300x200.jpg 300w, https:\/\/amplify-test.pepperl-fuchs.com\/wp-content\/uploads\/2024\/07\/65b8c0fe9329e_amplify-art51-story-vietnam-galerie-hohle-400x267.jpg 400w, https:\/\/amplify-test.pepperl-fuchs.com\/wp-content\/uploads\/2024\/07\/65b8c0fe9329e_amplify-art51-story-vietnam-galerie-hohle-600x400.jpg 600w, https:\/\/amplify-test.pepperl-fuchs.com\/wp-content\/uploads\/2024\/07\/65b8c0fe9329e_amplify-art51-story-vietnam-galerie-hohle-768x512.jpg 768w, https:\/\/amplify-test.pepperl-fuchs.com\/wp-content\/uploads\/2024\/07\/65b8c0fe9329e_amplify-art51-story-vietnam-galerie-hohle-800x533.jpg 800w, https:\/\/amplify-test.pepperl-fuchs.com\/wp-content\/uploads\/2024\/07\/65b8c0fe9329e_amplify-art51-story-vietnam-galerie-hohle-1024x683.jpg 1024w, https:\/\/amplify-test.pepperl-fuchs.com\/wp-content\/uploads\/2024\/07\/65b8c0fe9329e_amplify-art51-story-vietnam-galerie-hohle-1200x800.jpg 1200w, https:\/\/amplify-test.pepperl-fuchs.com\/wp-content\/uploads\/2024\/07\/65b8c0fe9329e_amplify-art51-story-vietnam-galerie-hohle.jpg 1218w\" sizes=\"(max-width: 1218px) 100vw, 1218px\" \/><\/div><\/div><\/div><div class=\"swiper-slide\"><div class=\"fusion-carousel-item-wrapper\"><div class=\"awb-imageframe-caption-container\"><div class=\"awb-imageframe-caption\"><p class=\"awb-imageframe-caption-text\">Reis spielt sowohl f\u00fcr den Export als auch als Grundnahrungsmittel eine gro\u00dfe Rolle im Leben der Vietnamesen. Auf Vietnamesisch gibt es ein Wort, welches zeitgleich \u201eEssen\u201c und \u201eReis\u201c bedeutet.<\/p><\/div><\/div><div class=\"fusion-image-wrapper hover-type-none\"><img decoding=\"async\" width=\"1218\" height=\"812\" src=\"https:\/\/amplify-test.pepperl-fuchs.com\/wp-content\/uploads\/2024\/07\/65b8c1aeb7799_amplify-art51-story-vietnam-galerie-reis.jpg\" class=\"attachment-full size-full\" alt=\"Vietnamese man on rice field\" srcset=\"https:\/\/amplify-test.pepperl-fuchs.com\/wp-content\/uploads\/2024\/07\/65b8c1aeb7799_amplify-art51-story-vietnam-galerie-reis-200x133.jpg 200w, https:\/\/amplify-test.pepperl-fuchs.com\/wp-content\/uploads\/2024\/07\/65b8c1aeb7799_amplify-art51-story-vietnam-galerie-reis-300x200.jpg 300w, https:\/\/amplify-test.pepperl-fuchs.com\/wp-content\/uploads\/2024\/07\/65b8c1aeb7799_amplify-art51-story-vietnam-galerie-reis-400x267.jpg 400w, https:\/\/amplify-test.pepperl-fuchs.com\/wp-content\/uploads\/2024\/07\/65b8c1aeb7799_amplify-art51-story-vietnam-galerie-reis-600x400.jpg 600w, https:\/\/amplify-test.pepperl-fuchs.com\/wp-content\/uploads\/2024\/07\/65b8c1aeb7799_amplify-art51-story-vietnam-galerie-reis-768x512.jpg 768w, https:\/\/amplify-test.pepperl-fuchs.com\/wp-content\/uploads\/2024\/07\/65b8c1aeb7799_amplify-art51-story-vietnam-galerie-reis-800x533.jpg 800w, https:\/\/amplify-test.pepperl-fuchs.com\/wp-content\/uploads\/2024\/07\/65b8c1aeb7799_amplify-art51-story-vietnam-galerie-reis-1024x683.jpg 1024w, https:\/\/amplify-test.pepperl-fuchs.com\/wp-content\/uploads\/2024\/07\/65b8c1aeb7799_amplify-art51-story-vietnam-galerie-reis-1200x800.jpg 1200w, https:\/\/amplify-test.pepperl-fuchs.com\/wp-content\/uploads\/2024\/07\/65b8c1aeb7799_amplify-art51-story-vietnam-galerie-reis.jpg 1218w\" sizes=\"(max-width: 1218px) 100vw, 1218px\" \/><\/div><\/div><\/div><div class=\"swiper-slide\"><div class=\"fusion-carousel-item-wrapper\"><div class=\"awb-imageframe-caption-container\"><div class=\"awb-imageframe-caption\"><p class=\"awb-imageframe-caption-text\">Das beliebteste Verkehrsmittel ist das Moped. Sch\u00e4tzungsweise 45 Millionen knattern von ihnen durch das Land.<\/p><\/div><\/div><div class=\"fusion-image-wrapper hover-type-none\"><img decoding=\"async\" width=\"1218\" height=\"812\" src=\"https:\/\/amplify-test.pepperl-fuchs.com\/wp-content\/uploads\/2024\/07\/65b8c1aeb7fbf_amplify-art51-story-vietnam-galerie-moped.jpg\" class=\"attachment-full size-full\" alt=\"Vietnam road situation with mopeds\" srcset=\"https:\/\/amplify-test.pepperl-fuchs.com\/wp-content\/uploads\/2024\/07\/65b8c1aeb7fbf_amplify-art51-story-vietnam-galerie-moped-200x133.jpg 200w, https:\/\/amplify-test.pepperl-fuchs.com\/wp-content\/uploads\/2024\/07\/65b8c1aeb7fbf_amplify-art51-story-vietnam-galerie-moped-300x200.jpg 300w, https:\/\/amplify-test.pepperl-fuchs.com\/wp-content\/uploads\/2024\/07\/65b8c1aeb7fbf_amplify-art51-story-vietnam-galerie-moped-400x267.jpg 400w, https:\/\/amplify-test.pepperl-fuchs.com\/wp-content\/uploads\/2024\/07\/65b8c1aeb7fbf_amplify-art51-story-vietnam-galerie-moped-600x400.jpg 600w, https:\/\/amplify-test.pepperl-fuchs.com\/wp-content\/uploads\/2024\/07\/65b8c1aeb7fbf_amplify-art51-story-vietnam-galerie-moped-768x512.jpg 768w, https:\/\/amplify-test.pepperl-fuchs.com\/wp-content\/uploads\/2024\/07\/65b8c1aeb7fbf_amplify-art51-story-vietnam-galerie-moped-800x533.jpg 800w, https:\/\/amplify-test.pepperl-fuchs.com\/wp-content\/uploads\/2024\/07\/65b8c1aeb7fbf_amplify-art51-story-vietnam-galerie-moped-1024x683.jpg 1024w, https:\/\/amplify-test.pepperl-fuchs.com\/wp-content\/uploads\/2024\/07\/65b8c1aeb7fbf_amplify-art51-story-vietnam-galerie-moped-1200x800.jpg 1200w, https:\/\/amplify-test.pepperl-fuchs.com\/wp-content\/uploads\/2024\/07\/65b8c1aeb7fbf_amplify-art51-story-vietnam-galerie-moped.jpg 1218w\" sizes=\"(max-width: 1218px) 100vw, 1218px\" \/><\/div><\/div><\/div><div class=\"swiper-slide\"><div class=\"fusion-carousel-item-wrapper\"><div class=\"awb-imageframe-caption-container\"><div class=\"awb-imageframe-caption\"><p class=\"awb-imageframe-caption-text\">Der Drache und die Schildkr\u00f6te sind heilig in Vietnam. Beide Tiere sind sowohl in der Kultur als auch in der Architektur als Gl\u00fcckssymbole fest verankert.<\/p><\/div><\/div><div class=\"fusion-image-wrapper hover-type-none\"><img decoding=\"async\" width=\"1218\" height=\"812\" src=\"https:\/\/amplify-test.pepperl-fuchs.com\/wp-content\/uploads\/2024\/07\/65b8c1aeb81c0_amplify-art51-story-vietnam-galerie-drache.jpg\" class=\"attachment-full size-full\" alt=\"Temple entrance with dragon statue, Vietnam.\" srcset=\"https:\/\/amplify-test.pepperl-fuchs.com\/wp-content\/uploads\/2024\/07\/65b8c1aeb81c0_amplify-art51-story-vietnam-galerie-drache-200x133.jpg 200w, https:\/\/amplify-test.pepperl-fuchs.com\/wp-content\/uploads\/2024\/07\/65b8c1aeb81c0_amplify-art51-story-vietnam-galerie-drache-300x200.jpg 300w, https:\/\/amplify-test.pepperl-fuchs.com\/wp-content\/uploads\/2024\/07\/65b8c1aeb81c0_amplify-art51-story-vietnam-galerie-drache-400x267.jpg 400w, https:\/\/amplify-test.pepperl-fuchs.com\/wp-content\/uploads\/2024\/07\/65b8c1aeb81c0_amplify-art51-story-vietnam-galerie-drache-600x400.jpg 600w, https:\/\/amplify-test.pepperl-fuchs.com\/wp-content\/uploads\/2024\/07\/65b8c1aeb81c0_amplify-art51-story-vietnam-galerie-drache-768x512.jpg 768w, https:\/\/amplify-test.pepperl-fuchs.com\/wp-content\/uploads\/2024\/07\/65b8c1aeb81c0_amplify-art51-story-vietnam-galerie-drache-800x533.jpg 800w, https:\/\/amplify-test.pepperl-fuchs.com\/wp-content\/uploads\/2024\/07\/65b8c1aeb81c0_amplify-art51-story-vietnam-galerie-drache-1024x683.jpg 1024w, https:\/\/amplify-test.pepperl-fuchs.com\/wp-content\/uploads\/2024\/07\/65b8c1aeb81c0_amplify-art51-story-vietnam-galerie-drache-1200x800.jpg 1200w, https:\/\/amplify-test.pepperl-fuchs.com\/wp-content\/uploads\/2024\/07\/65b8c1aeb81c0_amplify-art51-story-vietnam-galerie-drache.jpg 1218w\" sizes=\"(max-width: 1218px) 100vw, 1218px\" \/><\/div><\/div><\/div><\/div><div class=\"awb-swiper-button awb-swiper-button-prev\"><i class=\"awb-icon-angle-left\" aria-hidden=\"true\"><\/i><\/div><div class=\"awb-swiper-button awb-swiper-button-next\"><i class=\"awb-icon-angle-right\" aria-hidden=\"true\"><\/i><\/div><\/div><\/div><div class=\"fusion-text fusion-text-4 elt_headline_text\"><h2>Junges Land mit gro\u00dfen Ambitionen<\/h2>\n<p>Vietnam verfolgt wirtschaftlich ehrgeizige Ziele: Bis 2045 soll der Status eines Landes mit hohem Einkommen (\u201eHigh Income Country\u201c) erreicht werden. Die Exportwirtschaft spielt hierbei eine bedeutende Rolle. Nach Brasilien ist Vietnam weltweit der gr\u00f6\u00dfte Anbauer von Kaffee, der in mehr als 80 L\u00e4nder, darunter USA, Japan und auch Deutschland, exportiert wird. Auch beim Export f\u00fcr Reis steht das Land global auf dem zweiten Platz. Dar\u00fcber hinaus entwickelt sich Vietnams Elektronikindustrie zur wohl wichtigsten Branche des Landes. Mit der Nachfrage nach Smartphones, Computern sowie deren Komponenten steigt nicht nur der Export dieser G\u00fcter, sondern auch das Interesse weltbekannter Firmen, Produktionsanlagen entweder auszubauen oder g\u00e4nzlich neu zu errichten. Laut Prognosen sollen zuk\u00fcnftig Chips, Halbleiter, aber vermehrt auch die Automobilindustrie weitere Zukunftsm\u00e4rkte des Landes sein.<br \/>\nDiese beeindruckende Entwicklung stellt Vietnam auch vor Herausforderungen: Um Logistik- und Transportkosten zu senken, soll die Infrastruktur im Land weiter ausgebaut werden. Gleichzeitig braucht das Land Ma\u00dfnahmen, um der Luft- und Wasserverschmutzung entgegen zu wirken, da sich eine rasche Industrialisierung oft auf die Umwelt auswirkt. Und obwohl das Land \u00fcber eine junge und dynamische Arbeitsbev\u00f6lkerung verf\u00fcgt \u2014 das Durchschnittsalter der Bev\u00f6lkerung betr\u00e4gt gerade einmal 32 Jahre \u2014 besteht ein Mangel an qualifizierten Fachkr\u00e4ften.<br \/>\nFaktoren, die andere mittelst\u00e4ndische Unternehmen davon abschrecken m\u00f6gen, hier zu investieren, sieht Pepperl+Fuchs als Herausforderung. Das geringe Alter birgt zwar die Gefahr eines Fachkr\u00e4ftemangels, zeitgleich sind die aktuell rund 850 Mitarbeitenden sowohl wiss- als auch lernbegierig und \u00fcberaus motiviert. Um die Qualifizierung junger Fachkr\u00e4fte sicherzustellen, bietet Pepperl+Fuchs in Zusammenarbeit mit der deutschen Au\u00dfenhandelskammer in Vietnam regelm\u00e4\u00dfig Ausbildungspl\u00e4tze an. So werden beispielsweise aktuell j\u00e4hrlich zwei Azubis in der Logistik ausgebildet.<br \/>\nDer Standort selbst erlaubt eine kosteng\u00fcnstige Produktion mit einer hohen Fertigungstiefe. Aktuell werden dort neben optoelektronischen und induktiven Sensoren auch Kamerasysteme und Drehgeber produziert. In den kommenden Jahren sind weitere Neueinstellungen geplant, um die bisherigen Produktionslinien erweitern und ausbauen zu k\u00f6nnen.<\/p>\n<\/div><div class=\"fusion-image-element awb-imageframe-style awb-imageframe-style-below awb-imageframe-style-2\" style=\"--awb-caption-title-font-family:var(--h3_typography-font-family);--awb-caption-title-font-weight:var(--h3_typography-font-weight);--awb-caption-title-font-style:var(--h3_typography-font-style);--awb-caption-title-size:var(--h3_typography-font-size);--awb-caption-title-transform:var(--h3_typography-text-transform);--awb-caption-title-line-height:var(--h3_typography-line-height);--awb-caption-title-letter-spacing:var(--h3_typography-letter-spacing);\"><span class=\" fusion-imageframe imageframe-none imageframe-2 hover-type-none elt_image\"><a href=\"https:\/\/amplify-test.pepperl-fuchs.com\/wp-content\/uploads\/2024\/01\/65b8c290ddfc7_amplify-pepperlfuchs-standort-vietnam.jpg\" class=\"fusion-lightbox\" data-rel=\"iLightbox[49023f6225f5f98044a]\"><img decoding=\"async\" width=\"300\" height=\"192\" alt=\"Pepperl+Fuchs Neubau Vietnam\" src=\"https:\/\/amplify-test.pepperl-fuchs.com\/wp-content\/uploads\/2024\/01\/65b8c290ddfc7_amplify-pepperlfuchs-standort-vietnam-300x192.jpg\" class=\"img-responsive wp-image-3275\" srcset=\"https:\/\/amplify-test.pepperl-fuchs.com\/wp-content\/uploads\/2024\/01\/65b8c290ddfc7_amplify-pepperlfuchs-standort-vietnam-200x128.jpg 200w, https:\/\/amplify-test.pepperl-fuchs.com\/wp-content\/uploads\/2024\/01\/65b8c290ddfc7_amplify-pepperlfuchs-standort-vietnam-400x256.jpg 400w, https:\/\/amplify-test.pepperl-fuchs.com\/wp-content\/uploads\/2024\/01\/65b8c290ddfc7_amplify-pepperlfuchs-standort-vietnam-600x383.jpg 600w, https:\/\/amplify-test.pepperl-fuchs.com\/wp-content\/uploads\/2024\/01\/65b8c290ddfc7_amplify-pepperlfuchs-standort-vietnam-800x511.jpg 800w, https:\/\/amplify-test.pepperl-fuchs.com\/wp-content\/uploads\/2024\/01\/65b8c290ddfc7_amplify-pepperlfuchs-standort-vietnam.jpg 1100w\" sizes=\"(max-width: 640px) 100vw, 300px\" \/><\/a><\/span><div class=\"awb-imageframe-caption-container\"><div class=\"awb-imageframe-caption\"><p class=\"awb-imageframe-caption-text\">Pepperl+Fuchs State-of-the-Art Neubau in Ho-Chi-Minh-Stadt, Vietnam<\/p><\/div><\/div><\/div><div class=\"fusion-text fusion-text-5 elt_headline_text\"><h2>Erfolg beginnt am Ende der Komfortzone<\/h2>\n<p>Bereits 2019 legte Pepperl+Fuchs den Grundstein f\u00fcr eine neue Niederlassung in Vietnam. Das 15 Jahre alte Geb\u00e4ude wurde nun um einen f\u00fcnfst\u00f6ckigen State-of-the-Art-Neubau in Ho-Chi-Minh-Stadt erweitert. Bis dieses Projekt jedoch Er\u00f6ffnung feiern konnte, galt es sowohl f\u00fcr den 20.000 Quadratmeter gro\u00dfen Bau selbst als auch die Mitarbeitenden einige H\u00fcrden zu \u00fcberwinden.<br \/>\nDurch die Corona-Pandemie mussten im Fr\u00fchjahr 2020 die Arbeiten kurz nach Fertigstellung des Fundaments f\u00fcr sechs Monate unterbrochen werden. Ein harter Lockdown in Vietnam im Jahr 2021 verz\u00f6gerte die Bauarbeiten nochmals um weitere vier Monate. Direkt nach deren Abschluss wartete dann bereits die n\u00e4chste Herausforderung. Da auch der \u00e4ltere Bau renoviert und auf den neuesten Stand gebracht werden sollte, musste er in k\u00fcrzester Zeit ger\u00e4umt und ein kompletter Umzug innerhalb von vier Wochen gestemmt werden \u2014 w\u00e4hrend der operative Betrieb ohne St\u00f6rungen parallel weiterlaufen sollte. CEO Dr. Gunther Kegel ist beeindruckt vom Einsatz der Mitarbeitenden in Vietnam: \u201eUnsere Belegschaft von Pepperl+Fuchs in Vietnam hat schon mehrfach bewiesen, dass sie bereit ist, ihre Komfortzone zu verlassen und zum weltweiten Erfolg von Pepperl+Fuchs beizutragen.\u201c<\/p>\n<\/div><style type=\"text\/css\">.quote {\r\n\tdisplay: flex;\r\n\talign-items: center;\r\n\tmargin-bottom: 24px;\r\n}\r\n.quote-wrapper {\r\n    \/*position: relative;\r\n    display: flex;*\/\r\n}\r\n.quote-text {\r\n\t\theight: 220px;\r\n\t\talign-content: center;\r\n    border-top: 1px solid #00a587;\r\n\t\tborder-bottom: 1px solid #00a587;\r\n\t\tfont-size: 24px;\r\n\t\tfont-style: italic;\r\n\t\tcolor: #00a587;\r\n\t\tline-height: 28px;\r\n }\r\n.quote-person {\r\n\t\tcolor: #373737;\r\n\t\tfont-size: 14px;\r\n\t\t\r\n}\r\n  .quote-image {\r\n    max-height: 220px; \/* Beispielh\u00f6he des Bildes *\/\r\n\t\tmargin-right: 10px;\r\n  }<\/style><div class=\"quote\">\r\n\t<img decoding=\"async\" src=\"https:\/\/amplify-test.pepperl-fuchs.com\/wp-content\/uploads\/2024\/07\/65b8c9e8e1d12_dr-kegel-pepperlfuchs-1.jpg\" alt=\"\" class=\"quote-image\">\r\n\t<div class=\"quote-wrapper\">\t\r\n\t\t<div class=\"quote-text\">Unsere Belegschaft von Pepperl+Fuchs in Vietnam hat schon mehrfach bewiesen, dass sie bereit ist, ihre Komfortzone zu verlassen und zum weltweiten Erfolg von Pepperl+Fuchs beizutragen.\r\n\t\t\t<div class=\"quote-person\">Dr. Gunther Kegel, CEO Pepperl+Fuchs<\/div>\r\n\t\t<\/div>\r\n\t<\/div>\r\n<\/div><div class=\"fusion-text fusion-text-6 elt_headline_text\"><h2>Traditionell und feierlich eingeweiht<\/h2>\n<p>Am 10. M\u00e4rz 2023 war es dann endlich soweit. Mit einer beeindruckenden Festivit\u00e4t wurden die vergangenen, enormen Anstrengungen und Bem\u00fchungen geb\u00fchrend gefeiert und gew\u00fcrdigt. 100 geladene G\u00e4ste, darunter Mitarbeitende und Gesch\u00e4ftsinteressenten, wurden um 10 Uhr morgens zur Einweihungszeremonie nach Ho-Chi-Minh-Stadt gebeten. Die Zahl 10 war dabei kein Zufall, sie gilt dort laut Mondkalender als optimale Wahl, wenn man Erfolg f\u00fcr wichtige Vorhaben w\u00fcnscht. Auch der \u201eL\u00f6wentanz\u201c stand ganz im Sinne der asiatischen Tradition. Bei diesem wurden Banner mit W\u00fcnschen f\u00fcr Gl\u00fcck und Wachstum an die beiden Gesellschafter Monika M\u00fcller-Michael und Michael Fuchs \u00fcbergeben und von den Ehreng\u00e4sten entrollt.<\/p>\n<\/div><div class=\"fusion-image-element \" style=\"--awb-caption-title-font-family:var(--h3_typography-font-family);--awb-caption-title-font-weight:var(--h3_typography-font-weight);--awb-caption-title-font-style:var(--h3_typography-font-style);--awb-caption-title-size:var(--h3_typography-font-size);--awb-caption-title-transform:var(--h3_typography-text-transform);--awb-caption-title-line-height:var(--h3_typography-line-height);--awb-caption-title-letter-spacing:var(--h3_typography-letter-spacing);\"><span class=\" fusion-imageframe imageframe-none imageframe-3 hover-type-none elt_image\"><img decoding=\"async\" alt=\"Er\u00f6ffnungsfeier Pepperl+Fuchs Vietnam\" src=\"https:\/\/amplify-test.pepperl-fuchs.com\/wp-content\/uploads\/2024\/07\/65b8c34050b32_amplify-eroffnung-vietnam-lion-dance.jpg\" class=\"img-responsive\"\/><\/span><\/div><div class=\"fusion-text fusion-text-7 elt_headline_text\"><h2>Mitarbeitende stets im Fokus<\/h2>\n<p>\u201eWenn es um das Gewinnen neuer Mitarbeiter*innen und die Bindung an das Unternehmen geht, machen sich unsere Bem\u00fchungen bereits jetzt bemerkbar. Unsere G\u00e4ste aus Wirtschaft und Politik waren sich ebenfalls einig, dass wir mit diesem Geb\u00e4ude neue Ma\u00dfst\u00e4be setzen und zu den Top-Arbeitgebern in Vietnam z\u00e4hlen\u201c, zieht Han-Thanh Hong, Gesch\u00e4ftsf\u00fchrer der vietnamesischen Niederlassung, ein positives Fazit. Der Neubau setzt nicht nur technisch neue Ma\u00dfst\u00e4be, sondern ist auch ein beeindruckendes Zeichen f\u00fcr die Investition in die Zukunft und den Standort Vietnam.<\/p>\n<\/div><style type=\"text\/css\">.quote {\r\n\tdisplay: flex;\r\n\talign-items: center;\r\n\tmargin-bottom: 24px;\r\n}\r\n.quote-wrapper {\r\n    \/*position: relative;\r\n    display: flex;*\/\r\n}\r\n.quote-text {\r\n\t\theight: 220px;\r\n\t\talign-content: center;\r\n    border-top: 1px solid #00a587;\r\n\t\tborder-bottom: 1px solid #00a587;\r\n\t\tfont-size: 24px;\r\n\t\tfont-style: italic;\r\n\t\tcolor: #00a587;\r\n\t\tline-height: 28px;\r\n }\r\n.quote-person {\r\n\t\tcolor: #373737;\r\n\t\tfont-size: 14px;\r\n\t\t\r\n}\r\n  .quote-image {\r\n    max-height: 220px; \/* Beispielh\u00f6he des Bildes *\/\r\n\t\tmargin-right: 10px;\r\n  }<\/style><div class=\"quote\">\r\n\t<img decoding=\"async\" src=\"https:\/\/amplify-test.pepperl-fuchs.com\/wp-content\/uploads\/2024\/07\/65b8e199c3afe_amplify-portrat-han-thanh-hong-background.jpg\" alt=\"\" class=\"quote-image\">\r\n\t<div class=\"quote-wrapper\">\t\r\n\t\t<div class=\"quote-text\">Mit dem neuen Geb\u00e4ude setzen wir neue Ma\u00dfst\u00e4be und z\u00e4hlen zu den Top-Arbeitgebern in Vietnam.\r\n\t\t\t<div class=\"quote-person\">Han-Thanh Hong, Gesch\u00e4ftsf\u00fchrer Pepperl+Fuchs Vietnam<\/div>\r\n\t\t<\/div>\r\n\t<\/div>\r\n<\/div><div class=\"fusion-text fusion-text-8 elt_text\"><p>Mit neuem Arbeitsplatzkonzept f\u00fcr die B\u00fcros, moderner Kantine sowie Fitness- und Spielbereich stand das Wohl der Mitarbeitenden immer im Fokus. Dass sich dieser Schwerpunkt lohnt, zeigt auch der im August verliehene \u201eHR Asia Best Companies to Work for in Asia\u201c-Award. HR Asia, eine der f\u00fchrenden Zeitschriften f\u00fcr Human Resource Management in der asiatisch-pazifischen Region, vergibt die prestigetr\u00e4chtige Auszeichnung jedes Jahr an Unternehmen, die sich f\u00fcr ihre Mitarbeitenden durch ein hohes Ma\u00df an Engagement, eine hervorragende Arbeitsplatzkultur und ausgezeichnete Praktiken im Bereich Personalwesen auszeichnen.<br \/>\nMit angenehmer Arbeitsumgebung und dem State-of-the-Art Neubau etabliert sich Pepperl+Fuchs daher nicht nur als Top-Arbeitgeber in der Region, man hat ebenso ausreichend Raum f\u00fcr das geplante Wachstum des Standortes in Vietnam geschaffen.<\/p>\n<\/div><\/div><\/div><div class=\"fusion-layout-column fusion_builder_column fusion-builder-column-2 fusion_builder_column_1_4 1_4 fusion-flex-column\" style=\"--awb-bg-size:cover;--awb-width-large:25%;--awb-margin-top-large:0px;--awb-spacing-right-large:7.68%;--awb-margin-bottom-large:20px;--awb-spacing-left-large:7.68%;--awb-width-medium:25%;--awb-order-medium:0;--awb-spacing-right-medium:7.68%;--awb-spacing-left-medium:7.68%;--awb-width-small:100%;--awb-order-small:0;--awb-spacing-right-small:1.92%;--awb-spacing-left-small:1.92%;\"><div class=\"fusion-column-wrapper fusion-column-has-shadow fusion-flex-justify-content-flex-start fusion-content-layout-column\"><div class=\"fusion-separator fusion-full-width-sep\" style=\"align-self: center;margin-left: auto;margin-right: auto;width:100%;\"><div class=\"fusion-separator-border sep-single sep-solid\" style=\"--awb-height:20px;--awb-amount:20px;--awb-sep-color:var(--awb-color8);border-color:var(--awb-color8);border-top-width:1px;\"><\/div><\/div><div class=\"fusion-social-networks sharingbox-shortcode-icon-wrapper sharingbox-shortcode-icon-wrapper-1 boxed-icons sidebar\">\n\t<span class=\"share-linkedin\">\n\t\t<a href=\"https:\/\/www.linkedin.com\/shareArticle?\" target=\"_blank\" rel=\"noopener noreferrer\" title=\"\" aria-label=\"LinkedIn\" data-placement=\"top\" data-toggle=\"tooltip\" data-title=\"LinkedIn\" data-original-title=\"LinkedIn\">\n\t\t<i class=\"fusion-social-network-icon fusion-tooltip fusion-linkedin awb-icon-linkedin\" style=\"color:#ffffff;background-color:#0077b5;border-color:#0077b5;border-radius:0px;\" aria-hidden=\"true\"><\/i>\n\t\t<\/a>\n\t<\/span>\n\t<span class=\"share-mail\">\n\t\t<a href=\/de\/kontakt\/\" target=\"_self\" title=\"\" aria-label=\"Email\" data-placement=\"top\" data-toggle=\"tooltip\" data-title=\"Email\" data-original-title=\"Email\">\n\t\t<i class=\"fusion-social-network-icon fusion-tooltip fusion-mail awb-icon-mail\" style=\"color:#ffffff;background-color:#00a587;border-color:#00a587;border-radius:0px;\" aria-hidden=\"true\"><\/i>\n\t\t<\/a>\n\t<\/span>\n\t<span class=\"share-insta\">\n\t\t<a href=\"https:\/\/www.instagram.com\" target=\"_blank\" rel=\"noreferrer noopener\" title=\"\" aria-label=\"Instagram\" data-placement=\"top\" data-toggle=\"tooltip\" data-title=\"Instagram\" data-original-title=\"Instagram\">\n\t\t<i class=\"fusion-social-network-icon fusion-tooltip fusion-instagram awb-icon-instagram\" style=\"color:#ffffff;background-color:#c13584;border-color:#c13584;border-radius:0px;\" aria-hidden=\"true\"><\/i>\n\t\t<\/a>\n\t<\/span>\t\n\t<span class=\"share-facebook\">\n\t\t<a href=\"https:\/\/www.facebook.com\/sharer.php?\" target=\"_blank\" rel=\"noreferrer noopener\" title=\"\" aria-label=\"Facebook\" data-placement=\"top\" data-toggle=\"tooltip\" data-title=\"Facebook\" data-original-title=\"Facebook\">\n\t\t<i class=\"fusion-social-network-icon fusion-tooltip fusion-facebook awb-icon-facebook\" style=\"color:#ffffff;background-color:#3b5998;border-color:#3b5998;border-radius:0px;\" aria-hidden=\"true\"><\/i>\n\t\t<\/a>\n\t<\/span>\n<\/div>\n<div class=\"fusion-separator fusion-full-width-sep\" style=\"align-self: center;margin-left: auto;margin-right: auto;width:100%;\"><div class=\"fusion-separator-border sep-single sep-solid\" style=\"--awb-height:20px;--awb-amount:20px;--awb-sep-color:var(--awb-color8);border-color:var(--awb-color8);border-top-width:1px;\"><\/div><\/div><div class=\"fusion-text fusion-text-9 sidebar\"><h4>Seien Sie dabei!<\/h4>\n<p><img decoding=\"async\" class=\"alignnone size-full wp-image-228\" src=\"https:\/\/amplify-test.pepperl-fuchs.com\/wp-content\/uploads\/2024\/07\/amplify-enews-bild.jpg\" alt=\"Two hands holding a tablet computer showing Pepperl+Fuchs newsletter.\" width=\"220\" height=\"124\" srcset=\"https:\/\/amplify-test.pepperl-fuchs.com\/wp-content\/uploads\/2024\/07\/amplify-enews-bild-66x37.jpg 66w, https:\/\/amplify-test.pepperl-fuchs.com\/wp-content\/uploads\/2024\/07\/amplify-enews-bild-177x100.jpg 177w, https:\/\/amplify-test.pepperl-fuchs.com\/wp-content\/uploads\/2024\/07\/amplify-enews-bild-200x113.jpg 200w, https:\/\/amplify-test.pepperl-fuchs.com\/wp-content\/uploads\/2024\/07\/amplify-enews-bild.jpg 220w\" sizes=\"(max-width: 220px) 100vw, 220px\" \/><\/p>\n<p><a href=\"https:\/\/www.pepperl-fuchs.com\/de\/news\/stay-in-touch\/pepperl-fuchs-e-news-gp30796\" target=\"_blank\" rel=\"noopener\">Erhalten Sie mit der e-news regelm\u00e4\u00dfig Neuigkeiten rund um die Welt der Automation.<\/a><\/p>\n<\/div>\n<div class=\"fusion-separator fusion-full-width-sep\" style=\"align-self: center;margin-left: auto;margin-right: auto;width:100%;\"><div class=\"fusion-separator-border sep-single sep-solid\" style=\"--awb-height:20px;--awb-amount:20px;--awb-sep-color:var(--awb-color8);border-color:var(--awb-color8);border-top-width:1px;\"><\/div><\/div><div class=\"fusion-title title fusion-title-2 fusion-sep-none fusion-title-text fusion-title-size-four\"><h4 class=\"fusion-title-heading title-heading-left fusion-responsive-typography-calculated\" style=\"margin:0;--fontSize:24;line-height:var(--awb-typography1-line-height);\">Mehr zum Thema<\/h4><\/div><ul style=\"--awb-iconcolor:var(--awb-color3);--awb-line-height:27.2px;--awb-icon-width:27.2px;--awb-icon-height:27.2px;--awb-icon-margin:11.2px;--awb-content-margin:38.4px;\" class=\"fusion-checklist fusion-checklist-1 fusion-checklist-default type-icons\">\n<li class=\"fusion-li-item\" style=\"\"><span class=\"icon-wrapper circle-no\"><i class=\"fusion-li-icon fa-caret-right fas\" aria-hidden=\"true\"><\/i><\/span><div class=\"fusion-li-item-content\">\n<p><a href=\"https:\/\/karriere.pepperl-fuchs.com\/blog\/produktionsfachkraft-pepperl-fuchs-vietnam\/\">Eine Produktionsfachkraft in Vietnam gibt Einblicke in ihren Arbeitsalltag<\/a><\/p>\n<\/div><\/li><\/ul><div class=\"fusion-separator fusion-full-width-sep\" style=\"align-self: center;margin-left: auto;margin-right: auto;width:100%;\"><div class=\"fusion-separator-border sep-single sep-solid\" style=\"--awb-height:20px;--awb-amount:20px;--awb-sep-color:var(--awb-color8);border-color:var(--awb-color8);border-top-width:1px;\"><\/div><\/div><div class=\"fusion-modal modal fade modal-1 editorial-use\" tabindex=\"-1\" role=\"dialog\" aria-labelledby=\"modal-heading-1\" aria-hidden=\"true\" style=\"--awb-border-color:var(--awb-color3);--awb-background:var(--awb-color1);\"><div class=\"modal-dialog modal-lg\" role=\"document\"><div class=\"modal-content fusion-modal-content\"><div class=\"modal-header\"><button class=\"close\" type=\"button\" data-dismiss=\"modal\" aria-hidden=\"true\" aria-label=\"Close\">&times;<\/button><h3 class=\"modal-title\" id=\"modal-heading-1\" data-dismiss=\"modal\" aria-hidden=\"true\">Redaktionelle Nutzung<\/h3><\/div><div class=\"modal-body fusion-clearfix\">\n<p>The editorial use of articles from \u201camplify\u201d is only permitted with the prior consent of the publisher Pepperl+Fuchs SE. In addition, the original source <a href=\"https:\/\/amplify-test.pepperl-fuchs.com\/\" target=\"_blank\" rel=\"noopener\">amplify.pepperl-fuchs.com<\/a>\u00a0must be referenced when articles are reused or processed.<\/p>\n<div class=\"fusion-button-wrapper\"><a class=\"fusion-button button-flat fusion-button-default-size button-custom fusion-button-default button-1 fusion-button-default-span fusion-button-default-type\" style=\"--button_accent_color:var(--awb-color1);--button_accent_hover_color:var(--awb-custom_color_2);--button_border_hover_color:var(--awb-custom_color_2);--button_gradient_top_color:var(--awb-color3);--button_gradient_bottom_color:var(--awb-color3);--button_gradient_top_color_hover:var(--awb-color1);--button_gradient_bottom_color_hover:var(--awb-color1);\" target=\"_self\" href=\"mailto:amplify@pepperl-fuchs.com?subject=Request%20Editorial%20Use\"><span class=\"fusion-button-text awb-button__text awb-button__text--default\">Redaktionelle Nutzung anfragen<\/span><\/a><\/div>\n<\/div><\/div><\/div><\/div>\n<div ><a class=\"fusion-button button-flat fusion-button-default-size button-custom fusion-button-default button-2 fusion-button-default-span fusion-button-default-type sidebar\" style=\"--button_accent_color:var(--awb-color1);--button_accent_hover_color:var(--awb-custom_color_2);--button_border_hover_color:var(--awb-custom_color_2);--button_gradient_top_color:var(--awb-color3);--button_gradient_bottom_color:var(--awb-color3);--button_gradient_top_color_hover:var(--awb-color1);--button_gradient_bottom_color_hover:var(--awb-color1);--button_margin-top:12px;--button_margin-right:auto;--button_margin-left:auto;\" target=\"_self\" href=\"#\" data-toggle=\"modal\" data-target=\".fusion-modal.editorial-use\"><i class=\"fa-pen fas awb-button__icon awb-button__icon--default button-icon-left\" aria-hidden=\"true\"><\/i><span class=\"fusion-button-text awb-button__text awb-button__text--default\">Redaktionelle Nutzung<\/span><\/a><\/div>\n<\/div><\/div><\/div><\/div>\n","protected":false},"excerpt":{"rendered":"<p>Pepperl+Fuchs erweitert seinen vietnamesischen Standort um ein neues State-of-the-Art Geb\u00e4ude in Ho-Chi-Minh-Stadt und platziert sich als Top-Arbeitgeber.<\/p>\n","protected":false},"author":7,"featured_media":1894,"comment_status":"open","ping_status":"open","sticky":false,"template":"","format":"standard","meta":{"_acf_changed":false,"footnotes":""},"categories":[319,21],"tags":[282],"class_list":["post-2569","post","type-post","status-publish","format-standard","has-post-thumbnail","hentry","category-unternehmenseinblicke","category-maerkte-trends","tag-investition-in-die-zukunft-de"],"acf":[],"_links":{"self":[{"href":"https:\/\/amplify-test.pepperl-fuchs.com\/de\/wp-json\/wp\/v2\/posts\/2569","targetHints":{"allow":["GET"]}}],"collection":[{"href":"https:\/\/amplify-test.pepperl-fuchs.com\/de\/wp-json\/wp\/v2\/posts"}],"about":[{"href":"https:\/\/amplify-test.pepperl-fuchs.com\/de\/wp-json\/wp\/v2\/types\/post"}],"author":[{"embeddable":true,"href":"https:\/\/amplify-test.pepperl-fuchs.com\/de\/wp-json\/wp\/v2\/users\/7"}],"replies":[{"embeddable":true,"href":"https:\/\/amplify-test.pepperl-fuchs.com\/de\/wp-json\/wp\/v2\/comments?post=2569"}],"version-history":[{"count":13,"href":"https:\/\/amplify-test.pepperl-fuchs.com\/de\/wp-json\/wp\/v2\/posts\/2569\/revisions"}],"predecessor-version":[{"id":5067,"href":"https:\/\/amplify-test.pepperl-fuchs.com\/de\/wp-json\/wp\/v2\/posts\/2569\/revisions\/5067"}],"wp:featuredmedia":[{"embeddable":true,"href":"https:\/\/amplify-test.pepperl-fuchs.com\/de\/wp-json\/wp\/v2\/media\/1894"}],"wp:attachment":[{"href":"https:\/\/amplify-test.pepperl-fuchs.com\/de\/wp-json\/wp\/v2\/media?parent=2569"}],"wp:term":[{"taxonomy":"category","embeddable":true,"href":"https:\/\/amplify-test.pepperl-fuchs.com\/de\/wp-json\/wp\/v2\/categories?post=2569"},{"taxonomy":"post_tag","embeddable":true,"href":"https:\/\/amplify-test.pepperl-fuchs.com\/de\/wp-json\/wp\/v2\/tags?post=2569"}],"curies":[{"name":"wp","href":"https:\/\/api.w.org\/{rel}","templated":true}]}}