{"id":2577,"date":"2023-12-08T00:00:00","date_gmt":"2023-12-08T00:00:00","guid":{"rendered":"https:\/\/amplify.webservices.de\/2023\/12\/08\/ein-starkes-team-mit-einer-leidenschaft-fuer-automatisierung-und-fussball\/"},"modified":"2025-04-23T13:17:35","modified_gmt":"2025-04-23T13:17:35","slug":"ein-starkes-team-mit-einer-leidenschaft-fuer-automatisierung-und-fussball","status":"publish","type":"post","link":"https:\/\/amplify-test.pepperl-fuchs.com\/de\/2023\/ein-starkes-team-mit-einer-leidenschaft-fuer-automatisierung-und-fussball\/","title":{"rendered":"Ein starkes Team mit einer Leidenschaft f\u00fcr Automatisierung &#8230; und Fu\u00dfball"},"content":{"rendered":"<div class=\"fusion-fullwidth fullwidth-box fusion-builder-row-1 fusion-flex-container has-pattern-background has-mask-background nonhundred-percent-fullwidth non-hundred-percent-height-scrolling gradient-container-1\" style=\"--awb-border-radius-top-left:0px;--awb-border-radius-top-right:0px;--awb-border-radius-bottom-right:0px;--awb-border-radius-bottom-left:0px;--awb-flex-wrap:wrap;\" id=\"article\" ><div class=\"fusion-builder-row fusion-row fusion-flex-align-items-flex-start fusion-flex-content-wrap\" style=\"max-width:1248px;margin-left: calc(-4% \/ 2 );margin-right: calc(-4% \/ 2 );\"><div class=\"fusion-layout-column fusion_builder_column fusion-builder-column-0 fusion_builder_column_1_1 1_1 fusion-flex-column\" style=\"--awb-bg-size:cover;--awb-width-large:100%;--awb-margin-top-large:0px;--awb-spacing-right-large:1.92%;--awb-margin-bottom-large:20px;--awb-spacing-left-large:1.92%;--awb-width-medium:100%;--awb-order-medium:0;--awb-spacing-right-medium:1.92%;--awb-spacing-left-medium:1.92%;--awb-width-small:100%;--awb-order-small:0;--awb-spacing-right-small:1.92%;--awb-spacing-left-small:1.92%;\"><div class=\"fusion-column-wrapper fusion-column-has-shadow fusion-flex-justify-content-flex-start fusion-content-layout-column\"><div class=\"fusion-text fusion-text-1\" id=\"publishing_date\"><p>8. Dezember 2023<\/p>\n<\/div><div class=\"fusion-title title fusion-title-1 fusion-sep-none fusion-title-text fusion-title-size-one\" id=\"article_headline\"><h1 class=\"fusion-title-heading title-heading-left fusion-responsive-typography-calculated\" style=\"margin:0;--fontSize:64;line-height:var(--awb-typography1-line-height);\">Ein starkes Team mit einer Leidenschaft f\u00fcr Automatisierung &#8230; und Fu\u00dfball<\/h1><\/div><div class=\"fusion-text fusion-text-2 intro_text\"><p>S\u00fcdamerika ist nicht nur ein Kontinent voller Kontraste, mit vielen kulturellen und landschaftlichen Reizen, auch wirtschaftlich gesehen bietet er gro\u00dfes Potenzial. Um seine Vertriebskan\u00e4le in S\u00fcdamerika zu st\u00e4rken und starke Partnerschaften f\u00fcr die Zukunft aufzubauen, lud Pepperl+Fuchs zur ersten s\u00fcdamerikanischen Sales Convention nach Brasilien ein.<\/p>\n<\/div><div class=\"fusion-image-element \" style=\"--awb-caption-title-font-family:var(--h2_typography-font-family);--awb-caption-title-font-weight:var(--h2_typography-font-weight);--awb-caption-title-font-style:var(--h2_typography-font-style);--awb-caption-title-size:var(--h2_typography-font-size);--awb-caption-title-transform:var(--h2_typography-text-transform);--awb-caption-title-line-height:var(--h2_typography-line-height);--awb-caption-title-letter-spacing:var(--h2_typography-letter-spacing);\"><span class=\" fusion-imageframe imageframe-none imageframe-1 hover-type-none\"><img decoding=\"async\" width=\"1920\" height=\"900\" alt=\"Fu\u00dfball mit s\u00fcdamerikanischen L\u00e4nderflaggen in einem Stadion\" src=\"https:\/\/amplify-test.pepperl-fuchs.com\/wp-content\/uploads\/2024\/07\/656da2e45a076_strong-team-and-a-passion-for-automation-and-football.gif\" class=\"img-responsive wp-image-1867\"\/><\/span><\/div><\/div><\/div><div class=\"fusion-layout-column fusion_builder_column fusion-builder-column-1 fusion_builder_column_3_4 3_4 fusion-flex-column\" style=\"--awb-bg-size:cover;--awb-width-large:75%;--awb-margin-top-large:0px;--awb-spacing-right-large:2.56%;--awb-margin-bottom-large:20px;--awb-spacing-left-large:2.56%;--awb-width-medium:75%;--awb-order-medium:0;--awb-spacing-right-medium:2.56%;--awb-spacing-left-medium:2.56%;--awb-width-small:100%;--awb-order-small:0;--awb-spacing-right-small:1.92%;--awb-spacing-left-small:1.92%;\"><div class=\"fusion-column-wrapper fusion-column-has-shadow fusion-flex-justify-content-flex-start fusion-content-layout-column\"><div class=\"fusion-text fusion-text-3 elt_text\"><p>S\u00fcdamerika lockt mit seinen traumhaften K\u00fcsten, geschichtstr\u00e4chtigen Inkast\u00e4tten und atemberaubenden Landschaften wie dem Amazonas-Regenwald, den Anden, den tosenden Iguaz\u00fa-Wasserf\u00e4llen zwischen Brasilien und Argentinien, der Atacama-W\u00fcste in Chile oder den Naturwundern Patagoniens j\u00e4hrlich millionenfach Besucher aus aller Welt. Doch auch wirtschaftlich hat der Kontinent viel zu bieten. Sein Reichtum an nat\u00fcrlichen Ressourcen, wie Kupfer, Eisenerz, Nickel und Lithium, die\u00a0f\u00fcr die Entwicklung von Zukunftstechnologien, im Energiesektor und der Elektromobilit\u00e4t\u00a0von gro\u00dfer Bedeutung sind, machen S\u00fcdamerika zu einem wichtigen Handelspartner weltweit. Brasilien ist der gr\u00f6\u00dfte Agrarexporteur, gefolgt von Argentinien und Chile. Dabei wird die Landwirtschaft immer effizienter, Smart-Farming-L\u00f6sungen spielen eine zunehmende Rolle. Eine breit aufgestellte Industrie, die sich vor allem in den Ballungszentren der Gro\u00dfst\u00e4dte angesiedelt hat, und Investitionen in den erneuerbaren Energiesektor wie die Produktion von gr\u00fcnem Wasserstoff bringen zus\u00e4tzliches Wirtschaftswachstum.<\/p>\n<\/div><div class=\"fusion-text fusion-text-4 elt_headline_text\"><h2>S\u00e3o Paulo \u2014 Die Stadt der Superlative<\/h2>\n<p>S\u00e3o Bernardo do Campo, Sitz der brasilianischen Niederlassung von Pepperl+Fuchs, liegt in der Peripherie von S\u00e3o Paulo und ist eines der wichtigsten Industriezentren in der Umgebung der Millionenstadt. Mit mehr als 12 Millionen Einwohnern ist S\u00e3o Paulo nicht nur die gr\u00f6\u00dfte Stadt Brasiliens, sondern auch S\u00fcdamerikas. Dar\u00fcber hinaus z\u00e4hlt der Ballungsraum insgesamt mehr als 22 Millionen Einwohner, was S\u00e3o Paulo zur viertgr\u00f6\u00dften Stadt der Welt macht, nach Tokio, Delhi und Shanghai. Bei weitem nicht so ber\u00fchmt wie Rio de Janeiro mit seinen Str\u00e4nden und dem Corcovado, aber die zwischen Atlantikk\u00fcste und dem Atlantischen Regenwald \u201eMata Atl\u00e2ntica\u201c gelegene Megastadt ist voller Kultur, Kontraste und Kulinarik.<\/p>\n<\/div><div class=\"fusion-image-carousel fusion-image-carousel-auto fusion-image-carousel-1 fusion-carousel-border awb-image-carousel-top-below-caption elt_gallery\"><div class=\"awb-carousel awb-swiper awb-swiper-carousel awb-carousel--carousel awb-swiper-dots-position-bottom awb-imageframe-style awb-imageframe-style-above awb-imageframe-style-1\" data-layout=\"carousel\" data-autoplay=\"no\" data-autoplayspeed=\"2500\" data-autoplaypause=\"no\" data-columns=\"1\" data-columnsmedium=\"1\" data-columnssmall=\"1\" data-itemmargin=\"13\" data-itemwidth=\"180\" data-touchscroll=\"no\" data-freemode=\"no\" data-imagesize=\"auto\" data-scrollitems=\"0\" data-centeredslides=\"no\" data-rotationangle=\"50\" data-depth=\"100\" data-speed=\"500\" data-shadow=\"no\" data-pagination=\"bullets\" style=\"--awb-columns:1;--awb-border-width:1px;--awb-border-color:#e9eaee;\"><div class=\"swiper-wrapper awb-image-carousel-wrapper fusion-flex-align-items-center\"><div class=\"swiper-slide\"><div class=\"fusion-carousel-item-wrapper\"><div class=\"awb-imageframe-caption-container\"><div class=\"awb-imageframe-caption\"><p class=\"awb-imageframe-caption-text\">Blick \u00fcber die Millionenmetropole S\u00e3o Paulo, wo Kultur auf Moderne trifft. Die gr\u00f6\u00dfte Stadt S\u00fcdamerikas gilt als das Wirtschafts- und Finanzzentrum Brasiliens.<\/p><\/div><\/div><div class=\"fusion-image-wrapper hover-type-none\"><img decoding=\"async\" width=\"565\" height=\"478\" src=\"https:\/\/amplify-test.pepperl-fuchs.com\/wp-content\/uploads\/2024\/07\/656da2e45b515_sao-paolo-view-from-above.gif\" class=\"attachment-full size-full\" alt=\"Blick \u00fcber die Millionenmetropole S\u00e3o Paulo\" \/><\/div><\/div><\/div><div class=\"swiper-slide\"><div class=\"fusion-carousel-item-wrapper\"><div class=\"awb-imageframe-caption-container\"><div class=\"awb-imageframe-caption\"><p class=\"awb-imageframe-caption-text\">Eines der Wahrzeichen der Stadt: Die Br\u00fccke Estaiada Oct\u00c3\u00a1vio Frias de Oliveira, kurz Ponte Estaiada, die den Rio Pinheiros \u00fcberquert, ist ein weltweit einzigartiges Ingenieurbauwerk mit zwei gekr\u00fcmmten Fahrbahnen, die mit demselben Mast verbunden sind.<\/p><\/div><\/div><div class=\"fusion-image-wrapper hover-type-none\"><img decoding=\"async\" width=\"565\" height=\"478\" src=\"https:\/\/amplify-test.pepperl-fuchs.com\/wp-content\/uploads\/2024\/07\/656da2e45b5fb_sao-paolo-bridge-skyscrapers.gif\" class=\"attachment-full size-full\" alt=\"Br\u00fccke Estaiada Oct\u00c3\u00a1vio Frias de Oliveira in Sao Paulo\" \/><\/div><\/div><\/div><div class=\"swiper-slide\"><div class=\"fusion-carousel-item-wrapper\"><div class=\"awb-imageframe-caption-container\"><div class=\"awb-imageframe-caption\"><p class=\"awb-imageframe-caption-text\">Das historische Zentrum von S\u00e3o Paulo. Die Stadt ist auch bekannt f\u00fcr seine facettenreiche Architektur und eine lebendige Kunst- und Kulturszene.<\/p><\/div><\/div><div class=\"fusion-image-wrapper hover-type-none\"><img decoding=\"async\" width=\"565\" height=\"478\" src=\"https:\/\/amplify-test.pepperl-fuchs.com\/wp-content\/uploads\/2024\/07\/656da2e45b715_sao-paolo-old-town.gif\" class=\"attachment-full size-full\" alt=\"historische Zentrum von S\u00e3o Paulo\" \/><\/div><\/div><\/div><\/div><div class=\"awb-swiper-button awb-swiper-button-prev\"><i class=\"awb-icon-angle-left\" aria-hidden=\"true\"><\/i><\/div><div class=\"awb-swiper-button awb-swiper-button-next\"><i class=\"awb-icon-angle-right\" aria-hidden=\"true\"><\/i><\/div><\/div><\/div><div class=\"fusion-text fusion-text-5 elt_text\"><p>Die Metropolregion S\u00e3o Paulo ist das wirtschaftliche und finanzielle Zentrum Brasiliens und der gr\u00f6\u00dfte industrielle Ballungsraum in S\u00fcd- und Lateinamerika. Zu den Industriezweigen geh\u00f6ren die Automobilindustrie, pharmazeutische Industrie, Landwirtschaft, Luft- und Raumfahrt und der Energiesektor. Die Stadt der Superlative beherbergt nach New York die meisten Zentralen multinationaler Konzerne und ist mit ihren umliegenden Industriezentren Sitz der meisten deutschen Unternehmen au\u00dferhalb Deutschlands. Etwa ein Drittel der brasilianischen Industrie- und Dienstleistungsunternehmen sind im Bundesstaat S\u00e3o Paolo angesiedelt.<\/p>\n<\/div><div class=\"fusion-text fusion-text-6 elt_headline_text\"><h2>Networking als Schl\u00fcssel zum Erfolg<\/h2>\n<p>Pepperl+Fuchs hat das Potential der Region fr\u00fch erkannt und gr\u00fcndete 1990 die brasilianische Tochtergesellschaft Pepperl+Fuchs Ltda. in S\u00e3o Bernardo do Campo, um von dort aus seine Vertriebst\u00e4tigkeiten in S\u00fcdamerika aufzunehmen. Mit zunehmender Bedeutung der s\u00fcd- und lateinamerikanischen M\u00e4rkte folgten 1994 eine Niederlassung in Mexiko-Stadt und sp\u00e4ter Vertriebsb\u00fcros in Argentinien und Kolumbien. Heute vertreibt Pepperl+Fuchs in Zusammenarbeit mit 55 Distributoren, die das eigene Vertriebsteam auf dem s\u00fcdamerikanischen Kontinent unterst\u00fctzen, seine Sensor- und Automatisierungstechnik an OEMs, Systemintegratoren und Endanwender.<\/p>\n<p>Um seine Gesch\u00e4fts- und Vertriebsaktivit\u00e4ten zu st\u00e4rken, lud Pepperl+Fuchs Brasilien zur ersten s\u00fcdamerikanischen Sales Convention in Rio de Janeiro unter dem Motto \u201eSomos uno\u201d, spanisch f\u00fcr \u201eWir sind eins\u201d. Das Pepperl+Fuchs-Vertriebsteam und technische Spezialisten aus Kolumbien, Argentinien und Brasilien sowie Distributoren aus mehreren s\u00fcdamerikanischen L\u00e4ndern nahmen teil, um \u00fcber Industrie- und Markttrends wie Industrie 4.0, intelligente Sensoranwendungen und industrielle Kommunikation zu sprechen. Ziel war es, die bestehenden Partnerschaften zu st\u00e4rken und neue H\u00e4ndlerabkommen zu schlie\u00dfen. Gleichzeitig bot es die M\u00f6glichkeit, die neuesten Produkte und Technologien durch Schulungen einzuf\u00fchren und neue Marktchancen zu identifizieren.<\/p>\n<\/div><div class=\"fusion-video fusion-youtube\" style=\"--awb-max-width:1140px;--awb-max-height:640px;\"><div class=\"video-shortcode\"><div class=\"fluid-width-video-wrapper\" style=\"padding-top:56.14%;\" ><iframe title=\"YouTube video player 1\" src=\"https:\/\/www.youtube.com\/embed\/q-kW3GaPnaY?wmode=transparent&autoplay=0\" width=\"1140\" height=\"640\" allowfullscreen allow=\"autoplay; clipboard-write; encrypted-media; gyroscope; picture-in-picture;\"><\/iframe><\/div><\/div><\/div><div class=\"fusion-text fusion-text-7 elt_text\"><p>Wir sprachen mit D\u00eanis Leonardo, Regional Sales Director Factory Automation in S\u00fcdamerika, und Fabio Fabri, Marketing Coordinator bei Pepperl+Fuchs Brasilien, um einen Einblick in den s\u00fcdamerikanischen Markt und die Bedeutung von Distributoren f\u00fcr die Region zu erhalten.<\/p>\n<\/div><script type=\"text\/javascript\">if( typeof window.iv_elt_count === 'undefined' || window.iv_elt_count === null ){\r\n\t\t\t\twindow.iv_elt_count = 0;\r\n} else {\r\n\t\t\t\twindow.iv_elt_count++;\r\n}\r\nif(\"{{interview_headline}}\" === \"\") {\r\n\t\t\t\tjQuery( document ).ready(function() {\r\n\t\t\t\t\t\t\t\tjQuery('.iv_headline').eq(window.iv_elt_count).css('display','none');\r\n\t\t\t\t});\r\n}\r\nif(\"In der Vergangenheit waren unser brasilianisches Vertriebsteam und der brasilianische Markt organisatorisch nicht Teil der spanischsprachigen Vertriebsregionen Mittel- und S\u00fcdamerikas. Im Jahr 2021 legte Pepperl+Fuchs alle s\u00fcdamerikanischen Vertriebsregionen zusammen und bezog Brasilien als wichtigen Akteur ein, um die St\u00e4rken aller und deren regionale Markterfahrungen zu b\u00fcndeln. Das Ziel war es, uns als Einheit zu pr\u00e4sentieren und einen gemeinsamen Teamspirit zu schaffen. Wir wollten zum Ausdruck bringen, dass wir uns immer gegenseitig unterst\u00fctzen, voneinander lernen und wachsen k\u00f6nnen.\" === \"\") {\r\n\t\t\t\tjQuery( document ).ready(function() {\r\n\t\t\t\t\t\t\t\tjQuery('.iv_a13811778927').css('display','none');\r\n\t\t\t\t});\r\n}\r\nif(\"\u201eWir sind eins\u201c bedeutet auch, dass wir trotz unterschiedlicher Hintergr\u00fcnde, neuen Teammitgliedern, unterschiedlicher Kulturen und sogar Sprachen, viele Gemeinsamkeiten haben. Die Unterschiede machen uns st\u00e4rker. Wir wollten auch die guten Ergebnisse feiern, die in den letzten Jahren erzielt wurden, und die neuen Distributoren begr\u00fc\u00dfen, die sich unserem Vertriebskanal anschlie\u00dfen.\" === \"\") {\r\n\t\t\t\tjQuery( document ).ready(function() {\r\n\t\t\t\t\t\t\t\tjQuery('.iv_a23811778927').css('display','none');\r\n\t\t\t\t});\r\n}\r\nif(\"\" === \"\") {\r\n\t\t\t\tjQuery( document ).ready(function() {\r\n\t\t\t\t\t\t\t\tjQuery('.iv_a33811778927').css('display','none');\r\n\t\t\t\t});\r\n}\r\nif(\"\" === \"\") {\r\n\t\t\t\tjQuery( document ).ready(function() {\r\n\t\t\t\t\t\t\t\t\/\/ jQuery('.iv_answer4').eq(window.iv_elt_count).css('display','none');\r\n\t\t\t\t\t\t\t\tjQuery('.iv_a43811778927').css('display','none');\r\n\t\t\t\t});\r\n}<\/script><style type=\"text\/css\">.iv_headline {\r\n\t\tfont-weight: 700;\r\n\t\tfont-style: italic;\r\n\t\tfont-size: 20px;\r\n}\r\n.iv_person {\r\n\t\tcolor: #00a587;\r\n\t\tfont-style: italic;\r\n\t\tfont-weight: 400;\r\n}\r\n.iv_person::after {\r\n\t\tcontent: \": \";\r\n}<\/style><div class=\"custom-interview\" id=\"iv_3811778927\"><div class=\"iv_headline\">Warum wurde das Motto 'Somos Uno', d. h. 'Wir sind eins', f\u00fcr den s\u00fcdamerikanischen Vertriebskongress gew\u00e4hlt?<\/div>\r\n<p class=\"iv_answer1 iv_a13811778927\"><span class=\"iv_person\">D\u00eanis Leonardo<\/span>In der Vergangenheit waren unser brasilianisches Vertriebsteam und der brasilianische Markt organisatorisch nicht Teil der spanischsprachigen Vertriebsregionen Mittel- und S\u00fcdamerikas. Im Jahr 2021 legte Pepperl+Fuchs alle s\u00fcdamerikanischen Vertriebsregionen zusammen und bezog Brasilien als wichtigen Akteur ein, um die St\u00e4rken aller und deren regionale Markterfahrungen zu b\u00fcndeln. Das Ziel war es, uns als Einheit zu pr\u00e4sentieren und einen gemeinsamen Teamspirit zu schaffen. Wir wollten zum Ausdruck bringen, dass wir uns immer gegenseitig unterst\u00fctzen, voneinander lernen und wachsen k\u00f6nnen.<\/p>\r\n<p class=\"iv_answer2 iv_a23811778927\"><span class=\"iv_person\">Fabio Fabri<\/span>\u201eWir sind eins\u201c bedeutet auch, dass wir trotz unterschiedlicher Hintergr\u00fcnde, neuen Teammitgliedern, unterschiedlicher Kulturen und sogar Sprachen, viele Gemeinsamkeiten haben. Die Unterschiede machen uns st\u00e4rker. Wir wollten auch die guten Ergebnisse feiern, die in den letzten Jahren erzielt wurden, und die neuen Distributoren begr\u00fc\u00dfen, die sich unserem Vertriebskanal anschlie\u00dfen.<\/p>\r\n<p class=\"iv_answer3 iv_a33811778927\"><span class=\"iv_person\"><\/span><\/p>\r\n<p class=\"iv_answer4 iv_a43811778927\"><span class=\"iv_person\"><\/span><\/p>\r\n<\/div><script type=\"text\/javascript\">if( typeof window.iv_elt_count === 'undefined' || window.iv_elt_count === null ){\r\n\t\t\t\twindow.iv_elt_count = 0;\r\n} else {\r\n\t\t\t\twindow.iv_elt_count++;\r\n}\r\nif(\"{{interview_headline}}\" === \"\") {\r\n\t\t\t\tjQuery( document ).ready(function() {\r\n\t\t\t\t\t\t\t\tjQuery('.iv_headline').eq(window.iv_elt_count).css('display','none');\r\n\t\t\t\t});\r\n}\r\nif(\"Ich w\u00fcrde sagen, dass der Hauptunterschied die Sprache ist. Es ist aber durchaus \u00fcblich, dass man in Brasilien auch Spanisch und\/oder in den spanischsprachigen L\u00e4ndern der Region Portugiesisch spricht. Es gibt nat\u00fcrlich gro\u00dfe Meinungsverschiedenheiten beim Fu\u00dfball, ob Pele oder Maradona, Neymar oder Messi (lacht). Im industriellen Umfeld sind sich die s\u00fcdamerikanischen M\u00e4rkte sehr \u00e4hnlich, wie Bergbau, Zucker\/Ethanol\/Biodiesel, Automobilindustrie, erneuerbare Energien, Lebensmittelverarbeitung oder Landwirtschaft. Auch die allt\u00e4glichen Gesch\u00e4ftspraktiken \u00e4hneln sich, z. B. die Art und Weise, wie wir kommunizieren, die Methoden, Tools und Social-Media-Kan\u00e4le, die wir nutzen, aber auch in Bezug auf die eingesetzten Technologien.\" === \"\") {\r\n\t\t\t\tjQuery( document ).ready(function() {\r\n\t\t\t\t\t\t\t\tjQuery('.iv_a11204438411').css('display','none');\r\n\t\t\t\t});\r\n}\r\nif(\"Es gibt in der Region tats\u00e4chlich sehr viele Gemeinsamkeiten, was den pers\u00f6nlichen Kontakt zu den Menschen angeht. Es ist keine Seltenheit, dass wir den Namen der Kinder, den Geburtstag oder die Lieblingsfu\u00dfballmannschaft des Kunden kennen. Die herzliche Art und Weise, mit der wir die technischen Probleme unserer Kunden als unsere eigenen betrachten und sie angehen, gibt uns das Gef\u00fchl, dass wir gut zusammenarbeiten k\u00f6nnen, ohne dabei die professionellen Aspekte aus den Augen zu verlieren. Was die Sprache angeht, so hat Portugiesisch viele A hnlichkeiten mit der spanischen Sprache. Die Unterschiede machen uns einzigartig, aber gemeinsam sind wir st\u00e4rker, wir sind eine Region und ein Team mit demselben Ziel.\" === \"\") {\r\n\t\t\t\tjQuery( document ).ready(function() {\r\n\t\t\t\t\t\t\t\tjQuery('.iv_a21204438411').css('display','none');\r\n\t\t\t\t});\r\n}\r\nif(\"\" === \"\") {\r\n\t\t\t\tjQuery( document ).ready(function() {\r\n\t\t\t\t\t\t\t\tjQuery('.iv_a31204438411').css('display','none');\r\n\t\t\t\t});\r\n}\r\nif(\"\" === \"\") {\r\n\t\t\t\tjQuery( document ).ready(function() {\r\n\t\t\t\t\t\t\t\t\/\/ jQuery('.iv_answer4').eq(window.iv_elt_count).css('display','none');\r\n\t\t\t\t\t\t\t\tjQuery('.iv_a41204438411').css('display','none');\r\n\t\t\t\t});\r\n}<\/script><style type=\"text\/css\">.iv_headline {\r\n\t\tfont-weight: 700;\r\n\t\tfont-style: italic;\r\n\t\tfont-size: 20px;\r\n}\r\n.iv_person {\r\n\t\tcolor: #00a587;\r\n\t\tfont-style: italic;\r\n\t\tfont-weight: 400;\r\n}\r\n.iv_person::after {\r\n\t\tcontent: \": \";\r\n}<\/style><div class=\"custom-interview\" id=\"iv_1204438411\"><div class=\"iv_headline\">Worin liegen die Unterschiede und Gemeinsamkeiten der s\u00fcdamerikanischen M\u00e4rkte?<\/div>\r\n<p class=\"iv_answer1 iv_a11204438411\"><span class=\"iv_person\">D\u00eanis Leonardo<\/span>Ich w\u00fcrde sagen, dass der Hauptunterschied die Sprache ist. Es ist aber durchaus \u00fcblich, dass man in Brasilien auch Spanisch und\/oder in den spanischsprachigen L\u00e4ndern der Region Portugiesisch spricht. Es gibt nat\u00fcrlich gro\u00dfe Meinungsverschiedenheiten beim Fu\u00dfball, ob Pele oder Maradona, Neymar oder Messi (lacht). Im industriellen Umfeld sind sich die s\u00fcdamerikanischen M\u00e4rkte sehr \u00e4hnlich, wie Bergbau, Zucker\/Ethanol\/Biodiesel, Automobilindustrie, erneuerbare Energien, Lebensmittelverarbeitung oder Landwirtschaft. Auch die allt\u00e4glichen Gesch\u00e4ftspraktiken \u00e4hneln sich, z. B. die Art und Weise, wie wir kommunizieren, die Methoden, Tools und Social-Media-Kan\u00e4le, die wir nutzen, aber auch in Bezug auf die eingesetzten Technologien.<\/p>\r\n<p class=\"iv_answer2 iv_a21204438411\"><span class=\"iv_person\">Fabio Fabri<\/span>Es gibt in der Region tats\u00e4chlich sehr viele Gemeinsamkeiten, was den pers\u00f6nlichen Kontakt zu den Menschen angeht. Es ist keine Seltenheit, dass wir den Namen der Kinder, den Geburtstag oder die Lieblingsfu\u00dfballmannschaft des Kunden kennen. Die herzliche Art und Weise, mit der wir die technischen Probleme unserer Kunden als unsere eigenen betrachten und sie angehen, gibt uns das Gef\u00fchl, dass wir gut zusammenarbeiten k\u00f6nnen, ohne dabei die professionellen Aspekte aus den Augen zu verlieren. Was die Sprache angeht, so hat Portugiesisch viele A hnlichkeiten mit der spanischen Sprache. Die Unterschiede machen uns einzigartig, aber gemeinsam sind wir st\u00e4rker, wir sind eine Region und ein Team mit demselben Ziel.<\/p>\r\n<p class=\"iv_answer3 iv_a31204438411\"><span class=\"iv_person\"><\/span><\/p>\r\n<p class=\"iv_answer4 iv_a41204438411\"><span class=\"iv_person\"><\/span><\/p>\r\n<\/div><style type=\"text\/css\">.quote {\r\n\tdisplay: flex;\r\n\talign-items: center;\r\n\tmargin-bottom: 24px;\r\n}\r\n.quote-wrapper {\r\n    \/*position: relative;\r\n    display: flex;*\/\r\n}\r\n.quote-text {\r\n\t\theight: 220px;\r\n\t\talign-content: center;\r\n    border-top: 1px solid #00a587;\r\n\t\tborder-bottom: 1px solid #00a587;\r\n\t\tfont-size: 24px;\r\n\t\tfont-style: italic;\r\n\t\tcolor: #00a587;\r\n\t\tline-height: 28px;\r\n }\r\n.quote-person {\r\n\t\tcolor: #373737;\r\n\t\tfont-size: 14px;\r\n\t\t\r\n}\r\n  .quote-image {\r\n    max-height: 220px; \/* Beispielh\u00f6he des Bildes *\/\r\n\t\tmargin-right: 10px;\r\n  }<\/style><div class=\"quote\">\r\n\t<img decoding=\"async\" src=\"https:\/\/amplify-test.pepperl-fuchs.com\/wp-content\/uploads\/2024\/07\/6571a793355ed_pepperl-fuchs-brasil-fabio-fabri.gif\" alt=\"\" class=\"quote-image\">\r\n\t<div class=\"quote-wrapper\">\t\r\n\t\t<div class=\"quote-text\">Die herzliche Art und Weise, mit der wir die technischen Probleme unserer Kunden als unsere eigenen betrachten und sie angehen, gibt uns das Gef\u00fchl, dass wir gut zusammenarbeiten k\u00f6nnen, ohne dabei die professionellen Aspekte aus den Augen zu verlieren.\r\n\t\t\t<div class=\"quote-person\">Fabio Fabri, Marketing Coordinator, Pepperl+Fuchs Brasilien<\/div>\r\n\t\t<\/div>\r\n\t<\/div>\r\n<\/div><script type=\"text\/javascript\">if( typeof window.iv_elt_count === 'undefined' || window.iv_elt_count === null ){\r\n\t\t\t\twindow.iv_elt_count = 0;\r\n} else {\r\n\t\t\t\twindow.iv_elt_count++;\r\n}\r\nif(\"{{interview_headline}}\" === \"\") {\r\n\t\t\t\tjQuery( document ).ready(function() {\r\n\t\t\t\t\t\t\t\tjQuery('.iv_headline').eq(window.iv_elt_count).css('display','none');\r\n\t\t\t\t});\r\n}\r\nif(\"Distributoren als Vertriebskanal sind sehr wichtig f\u00fcr die Region und den Erfolg von Pepperl+Fuchs, da sie 35 % unseres s\u00fcdamerikanischen Gesamtumsatzes ausmachen. Die H\u00e4ndler sind f\u00fcr uns auch eine M\u00f6glichkeit, Kunden dort zu unterst\u00fctzen, wo wir nicht mit unserem eigenen Team vor Ort sein k\u00f6nnen, wenn es um Service und technischen Support geht. Wir st\u00e4rken zudem unsere Wettbewerbsf\u00e4higkeit, indem wir unsere Markteinf\u00fchrungszeiten verk\u00fcrzen und unsere internationalen Vertriebsaktivit\u00e4ten intensivieren. Wir verpflichten uns, gemeinsam daran zu arbeiten, unseren Kunden hervorragende Leistungen zu bieten. Unsere enge Zusammenarbeit bei der kontinuierlichen Marktunterst\u00fctzung unserer bew\u00e4hrten Produkte und die erfolgreiche Einf\u00fchrung von Innovationen sind die wichtigsten Triebkr\u00e4fte f\u00fcr unser Gesch\u00e4ftswachstum. Gemeinsam werden wir die Vertriebsstrategie anpassen und gestalten. Ergebnisorientierte, funktions\u00fcbergreifende und eigenverantwortliche Teams erm\u00f6glichen es uns, schnell die bestm\u00f6gliche L\u00f6sung f\u00fcr unsere Kunden zu erzielen.\" === \"\") {\r\n\t\t\t\tjQuery( document ).ready(function() {\r\n\t\t\t\t\t\t\t\tjQuery('.iv_a13387575187').css('display','none');\r\n\t\t\t\t});\r\n}\r\nif(\"\" === \"\") {\r\n\t\t\t\tjQuery( document ).ready(function() {\r\n\t\t\t\t\t\t\t\tjQuery('.iv_a23387575187').css('display','none');\r\n\t\t\t\t});\r\n}\r\nif(\"\" === \"\") {\r\n\t\t\t\tjQuery( document ).ready(function() {\r\n\t\t\t\t\t\t\t\tjQuery('.iv_a33387575187').css('display','none');\r\n\t\t\t\t});\r\n}\r\nif(\"\" === \"\") {\r\n\t\t\t\tjQuery( document ).ready(function() {\r\n\t\t\t\t\t\t\t\t\/\/ jQuery('.iv_answer4').eq(window.iv_elt_count).css('display','none');\r\n\t\t\t\t\t\t\t\tjQuery('.iv_a43387575187').css('display','none');\r\n\t\t\t\t});\r\n}<\/script><style type=\"text\/css\">.iv_headline {\r\n\t\tfont-weight: 700;\r\n\t\tfont-style: italic;\r\n\t\tfont-size: 20px;\r\n}\r\n.iv_person {\r\n\t\tcolor: #00a587;\r\n\t\tfont-style: italic;\r\n\t\tfont-weight: 400;\r\n}\r\n.iv_person::after {\r\n\t\tcontent: \": \";\r\n}<\/style><div class=\"custom-interview\" id=\"iv_3387575187\"><div class=\"iv_headline\">Wie wichtig sind Partnerschaften und Vertriebsvereinbarungen mit Distributoren f\u00fcr Pepperl+Fuchs in S\u00fcdamerika?<\/div>\r\n<p class=\"iv_answer1 iv_a13387575187\"><span class=\"iv_person\">D\u00eanis Leonardo<\/span>Distributoren als Vertriebskanal sind sehr wichtig f\u00fcr die Region und den Erfolg von Pepperl+Fuchs, da sie 35 % unseres s\u00fcdamerikanischen Gesamtumsatzes ausmachen. Die H\u00e4ndler sind f\u00fcr uns auch eine M\u00f6glichkeit, Kunden dort zu unterst\u00fctzen, wo wir nicht mit unserem eigenen Team vor Ort sein k\u00f6nnen, wenn es um Service und technischen Support geht. Wir st\u00e4rken zudem unsere Wettbewerbsf\u00e4higkeit, indem wir unsere Markteinf\u00fchrungszeiten verk\u00fcrzen und unsere internationalen Vertriebsaktivit\u00e4ten intensivieren. Wir verpflichten uns, gemeinsam daran zu arbeiten, unseren Kunden hervorragende Leistungen zu bieten. Unsere enge Zusammenarbeit bei der kontinuierlichen Marktunterst\u00fctzung unserer bew\u00e4hrten Produkte und die erfolgreiche Einf\u00fchrung von Innovationen sind die wichtigsten Triebkr\u00e4fte f\u00fcr unser Gesch\u00e4ftswachstum. Gemeinsam werden wir die Vertriebsstrategie anpassen und gestalten. Ergebnisorientierte, funktions\u00fcbergreifende und eigenverantwortliche Teams erm\u00f6glichen es uns, schnell die bestm\u00f6gliche L\u00f6sung f\u00fcr unsere Kunden zu erzielen.<\/p>\r\n<p class=\"iv_answer2 iv_a23387575187\"><span class=\"iv_person\"><\/span><\/p>\r\n<p class=\"iv_answer3 iv_a33387575187\"><span class=\"iv_person\"><\/span><\/p>\r\n<p class=\"iv_answer4 iv_a43387575187\"><span class=\"iv_person\"><\/span><\/p>\r\n<\/div><style type=\"text\/css\">.quote {\r\n\tdisplay: flex;\r\n\talign-items: center;\r\n\tmargin-bottom: 24px;\r\n}\r\n.quote-wrapper {\r\n    \/*position: relative;\r\n    display: flex;*\/\r\n}\r\n.quote-text {\r\n\t\theight: 220px;\r\n\t\talign-content: center;\r\n    border-top: 1px solid #00a587;\r\n\t\tborder-bottom: 1px solid #00a587;\r\n\t\tfont-size: 24px;\r\n\t\tfont-style: italic;\r\n\t\tcolor: #00a587;\r\n\t\tline-height: 28px;\r\n }\r\n.quote-person {\r\n\t\tcolor: #373737;\r\n\t\tfont-size: 14px;\r\n\t\t\r\n}\r\n  .quote-image {\r\n    max-height: 220px; \/* Beispielh\u00f6he des Bildes *\/\r\n\t\tmargin-right: 10px;\r\n  }<\/style><div class=\"quote\">\r\n\t<img decoding=\"async\" src=\"https:\/\/amplify-test.pepperl-fuchs.com\/wp-content\/uploads\/2024\/07\/656f22a11be6f_pepperl-fuchs-brazil-denis-leonardo.gif\" alt=\"\" class=\"quote-image\">\r\n\t<div class=\"quote-wrapper\">\t\r\n\t\t<div class=\"quote-text\">Distributoren als Vertriebskanal sind sehr wichtig f\u00fcr die Region und den Erfolg von Pepperl+Fuchs, da sie 35 % unseres s\u00fcdamerikanischen Gesamtumsatzes ausmachen. Sie bieten uns auch die M\u00f6glichkeit, Kunden dort zu unterst\u00fctzen, wo wir nicht mit unserem eigenen Team vor Ort sein k\u00f6nnen, wenn es um Service und technischen Support geht.\r\n\t\t\t<div class=\"quote-person\">D\u00eanis Leonardo, Regional Sales Director Factory Automation S\u00fcdamerika, Pepperl+Fuchs Brasilien<\/div>\r\n\t\t<\/div>\r\n\t<\/div>\r\n<\/div><script type=\"text\/javascript\">if( typeof window.iv_elt_count === 'undefined' || window.iv_elt_count === null ){\r\n\t\t\t\twindow.iv_elt_count = 0;\r\n} else {\r\n\t\t\t\twindow.iv_elt_count++;\r\n}\r\nif(\"{{interview_headline}}\" === \"\") {\r\n\t\t\t\tjQuery( document ).ready(function() {\r\n\t\t\t\t\t\t\t\tjQuery('.iv_headline').eq(window.iv_elt_count).css('display','none');\r\n\t\t\t\t});\r\n}\r\nif(\"Neue Vereinbarungen sind f\u00fcr Pepperl+Fuchs wichtig, um Gebiete zu erreichen, in denen wir nicht mit eigenen Niederlassungen vertreten sind, sodass Distributoren unsere Marke in diesen Regionen repr\u00e4sentieren k\u00f6nnen. Au\u00dferdem k\u00f6nnen wir mit einem Partner, der sich langfristig an uns bindet, Verk\u00e4ufe und Liefertermine regelm\u00e4\u00dfig und nachhaltig planen, nachfragen und koordinieren und uns von lokalen Mitbewerbern absetzen.\" === \"\") {\r\n\t\t\t\tjQuery( document ).ready(function() {\r\n\t\t\t\t\t\t\t\tjQuery('.iv_a12725815164').css('display','none');\r\n\t\t\t\t});\r\n}\r\nif(\"Distributoren sind auch der beste Weg, um die Endkunden zu bedienen. Da unser eigenes Team stark auf das OEM-Gesch\u00e4ft fokussiert ist, gibt es Tausende von Kunden, die wir \u00fcber Vertriebspartnerschaften erreichen k\u00f6nnen. Das Wichtigste bei einer Vereinbarung ist es, geeignete Bedingungen f\u00fcr jeden Standort zu entwickeln und das Engagement beider Seiten zu st\u00e4rken, um erfolgreich zu sein.\" === \"\") {\r\n\t\t\t\tjQuery( document ).ready(function() {\r\n\t\t\t\t\t\t\t\tjQuery('.iv_a22725815164').css('display','none');\r\n\t\t\t\t});\r\n}\r\nif(\"\" === \"\") {\r\n\t\t\t\tjQuery( document ).ready(function() {\r\n\t\t\t\t\t\t\t\tjQuery('.iv_a32725815164').css('display','none');\r\n\t\t\t\t});\r\n}\r\nif(\"\" === \"\") {\r\n\t\t\t\tjQuery( document ).ready(function() {\r\n\t\t\t\t\t\t\t\t\/\/ jQuery('.iv_answer4').eq(window.iv_elt_count).css('display','none');\r\n\t\t\t\t\t\t\t\tjQuery('.iv_a42725815164').css('display','none');\r\n\t\t\t\t});\r\n}<\/script><style type=\"text\/css\">.iv_headline {\r\n\t\tfont-weight: 700;\r\n\t\tfont-style: italic;\r\n\t\tfont-size: 20px;\r\n}\r\n.iv_person {\r\n\t\tcolor: #00a587;\r\n\t\tfont-style: italic;\r\n\t\tfont-weight: 400;\r\n}\r\n.iv_person::after {\r\n\t\tcontent: \": \";\r\n}<\/style><div class=\"custom-interview\" id=\"iv_2725815164\"><div class=\"iv_headline\">Warum waren neue Vertriebsvereinbarungen notwendig?<\/div>\r\n<p class=\"iv_answer1 iv_a12725815164\"><span class=\"iv_person\">Fabio Fabri<\/span>Neue Vereinbarungen sind f\u00fcr Pepperl+Fuchs wichtig, um Gebiete zu erreichen, in denen wir nicht mit eigenen Niederlassungen vertreten sind, sodass Distributoren unsere Marke in diesen Regionen repr\u00e4sentieren k\u00f6nnen. Au\u00dferdem k\u00f6nnen wir mit einem Partner, der sich langfristig an uns bindet, Verk\u00e4ufe und Liefertermine regelm\u00e4\u00dfig und nachhaltig planen, nachfragen und koordinieren und uns von lokalen Mitbewerbern absetzen.<\/p>\r\n<p class=\"iv_answer2 iv_a22725815164\"><span class=\"iv_person\">D\u00eanis Leonardo<\/span>Distributoren sind auch der beste Weg, um die Endkunden zu bedienen. Da unser eigenes Team stark auf das OEM-Gesch\u00e4ft fokussiert ist, gibt es Tausende von Kunden, die wir \u00fcber Vertriebspartnerschaften erreichen k\u00f6nnen. Das Wichtigste bei einer Vereinbarung ist es, geeignete Bedingungen f\u00fcr jeden Standort zu entwickeln und das Engagement beider Seiten zu st\u00e4rken, um erfolgreich zu sein.<\/p>\r\n<p class=\"iv_answer3 iv_a32725815164\"><span class=\"iv_person\"><\/span><\/p>\r\n<p class=\"iv_answer4 iv_a42725815164\"><span class=\"iv_person\"><\/span><\/p>\r\n<\/div><script type=\"text\/javascript\">if( typeof window.iv_elt_count === 'undefined' || window.iv_elt_count === null ){\r\n\t\t\t\twindow.iv_elt_count = 0;\r\n} else {\r\n\t\t\t\twindow.iv_elt_count++;\r\n}\r\nif(\"{{interview_headline}}\" === \"\") {\r\n\t\t\t\tjQuery( document ).ready(function() {\r\n\t\t\t\t\t\t\t\tjQuery('.iv_headline').eq(window.iv_elt_count).css('display','none');\r\n\t\t\t\t});\r\n}\r\nif(\"Schulungen und Kompetenzen sind ein zus\u00e4tzlicher und fortlaufender Teil der Partnerschaft, denn wir wissen, dass es wichtig ist, das technische Team in neuen Technologien und Produkten zu schulen, damit es immer auf dem neuesten Stand ist, wenn es um neue Trends wie intelligente Sensoren und Cloud-Anbindung geht. Wir als Pepperl+Fuchs bieten nicht nur Vor-Ort-Schulungen an, sondern auch ein ganzes Paket an Online-Inhalten wie How-to-Videos, Produktschulungen und Pr\u00e4sentationen. Eine st\u00e4ndige Evaluierung hilft uns zudem, die Qualit\u00e4t der Schulungen kontinuierlich zu verbessern. W\u00e4hrend der Sales Convention nutzen wir einen ganzen Tag f\u00fcr Schulungen mit den Produktmanagern unserer Distributoren, und wir informierten auch ihre kaufm\u00e4nnischen Leiter \u00fcber neue Richtlinien und Vertriebsstrategien.\" === \"\") {\r\n\t\t\t\tjQuery( document ).ready(function() {\r\n\t\t\t\t\t\t\t\tjQuery('.iv_a1223977022').css('display','none');\r\n\t\t\t\t});\r\n}\r\nif(\"\" === \"\") {\r\n\t\t\t\tjQuery( document ).ready(function() {\r\n\t\t\t\t\t\t\t\tjQuery('.iv_a2223977022').css('display','none');\r\n\t\t\t\t});\r\n}\r\nif(\"\" === \"\") {\r\n\t\t\t\tjQuery( document ).ready(function() {\r\n\t\t\t\t\t\t\t\tjQuery('.iv_a3223977022').css('display','none');\r\n\t\t\t\t});\r\n}\r\nif(\"\" === \"\") {\r\n\t\t\t\tjQuery( document ).ready(function() {\r\n\t\t\t\t\t\t\t\t\/\/ jQuery('.iv_answer4').eq(window.iv_elt_count).css('display','none');\r\n\t\t\t\t\t\t\t\tjQuery('.iv_a4223977022').css('display','none');\r\n\t\t\t\t});\r\n}<\/script><style type=\"text\/css\">.iv_headline {\r\n\t\tfont-weight: 700;\r\n\t\tfont-style: italic;\r\n\t\tfont-size: 20px;\r\n}\r\n.iv_person {\r\n\t\tcolor: #00a587;\r\n\t\tfont-style: italic;\r\n\t\tfont-weight: 400;\r\n}\r\n.iv_person::after {\r\n\t\tcontent: \": \";\r\n}<\/style><div class=\"custom-interview\" id=\"iv_223977022\"><div class=\"iv_headline\">Spielen dabei auch Schulungen eine Rolle?<\/div>\r\n<p class=\"iv_answer1 iv_a1223977022\"><span class=\"iv_person\">D\u00eanis Leonardo<\/span>Schulungen und Kompetenzen sind ein zus\u00e4tzlicher und fortlaufender Teil der Partnerschaft, denn wir wissen, dass es wichtig ist, das technische Team in neuen Technologien und Produkten zu schulen, damit es immer auf dem neuesten Stand ist, wenn es um neue Trends wie intelligente Sensoren und Cloud-Anbindung geht. Wir als Pepperl+Fuchs bieten nicht nur Vor-Ort-Schulungen an, sondern auch ein ganzes Paket an Online-Inhalten wie How-to-Videos, Produktschulungen und Pr\u00e4sentationen. Eine st\u00e4ndige Evaluierung hilft uns zudem, die Qualit\u00e4t der Schulungen kontinuierlich zu verbessern. W\u00e4hrend der Sales Convention nutzen wir einen ganzen Tag f\u00fcr Schulungen mit den Produktmanagern unserer Distributoren, und wir informierten auch ihre kaufm\u00e4nnischen Leiter \u00fcber neue Richtlinien und Vertriebsstrategien.<\/p>\r\n<p class=\"iv_answer2 iv_a2223977022\"><span class=\"iv_person\"><\/span><\/p>\r\n<p class=\"iv_answer3 iv_a3223977022\"><span class=\"iv_person\"><\/span><\/p>\r\n<p class=\"iv_answer4 iv_a4223977022\"><span class=\"iv_person\"><\/span><\/p>\r\n<\/div><script type=\"text\/javascript\">if( typeof window.iv_elt_count === 'undefined' || window.iv_elt_count === null ){\r\n\t\t\t\twindow.iv_elt_count = 0;\r\n} else {\r\n\t\t\t\twindow.iv_elt_count++;\r\n}\r\nif(\"{{interview_headline}}\" === \"\") {\r\n\t\t\t\tjQuery( document ).ready(function() {\r\n\t\t\t\t\t\t\t\tjQuery('.iv_headline').eq(window.iv_elt_count).css('display','none');\r\n\t\t\t\t});\r\n}\r\nif(\"Wir konzentrieren unsere Aktivit\u00e4ten auf die Zielbranchen Bergbau, Automobil, Landwirtschaft, Process Equipment, Lager- und F\u00f6rdertechnik und erneuerbare Energien. Wir haben einen bedeutenden Anteil an OEM und Systemintegratoren als wichtige Kunden in der Region, mit zunehmender Pr\u00e4senz bei den Endkunden.\" === \"\") {\r\n\t\t\t\tjQuery( document ).ready(function() {\r\n\t\t\t\t\t\t\t\tjQuery('.iv_a1598397993').css('display','none');\r\n\t\t\t\t});\r\n}\r\nif(\"\" === \"\") {\r\n\t\t\t\tjQuery( document ).ready(function() {\r\n\t\t\t\t\t\t\t\tjQuery('.iv_a2598397993').css('display','none');\r\n\t\t\t\t});\r\n}\r\nif(\"\" === \"\") {\r\n\t\t\t\tjQuery( document ).ready(function() {\r\n\t\t\t\t\t\t\t\tjQuery('.iv_a3598397993').css('display','none');\r\n\t\t\t\t});\r\n}\r\nif(\"\" === \"\") {\r\n\t\t\t\tjQuery( document ).ready(function() {\r\n\t\t\t\t\t\t\t\t\/\/ jQuery('.iv_answer4').eq(window.iv_elt_count).css('display','none');\r\n\t\t\t\t\t\t\t\tjQuery('.iv_a4598397993').css('display','none');\r\n\t\t\t\t});\r\n}<\/script><style type=\"text\/css\">.iv_headline {\r\n\t\tfont-weight: 700;\r\n\t\tfont-style: italic;\r\n\t\tfont-size: 20px;\r\n}\r\n.iv_person {\r\n\t\tcolor: #00a587;\r\n\t\tfont-style: italic;\r\n\t\tfont-weight: 400;\r\n}\r\n.iv_person::after {\r\n\t\tcontent: \": \";\r\n}<\/style><div class=\"custom-interview\" id=\"iv_598397993\"><div class=\"iv_headline\">Was sind die wichtigsten Branchen, die Pepperl+Fuchs heute in S\u00fcdamerika bedient?<\/div>\r\n<p class=\"iv_answer1 iv_a1598397993\"><span class=\"iv_person\">Fabio Fabri<\/span>Wir konzentrieren unsere Aktivit\u00e4ten auf die Zielbranchen Bergbau, Automobil, Landwirtschaft, Process Equipment, Lager- und F\u00f6rdertechnik und erneuerbare Energien. Wir haben einen bedeutenden Anteil an OEM und Systemintegratoren als wichtige Kunden in der Region, mit zunehmender Pr\u00e4senz bei den Endkunden.<\/p>\r\n<p class=\"iv_answer2 iv_a2598397993\"><span class=\"iv_person\"><\/span><\/p>\r\n<p class=\"iv_answer3 iv_a3598397993\"><span class=\"iv_person\"><\/span><\/p>\r\n<p class=\"iv_answer4 iv_a4598397993\"><span class=\"iv_person\"><\/span><\/p>\r\n<\/div><script type=\"text\/javascript\">if( typeof window.iv_elt_count === 'undefined' || window.iv_elt_count === null ){\r\n\t\t\t\twindow.iv_elt_count = 0;\r\n} else {\r\n\t\t\t\twindow.iv_elt_count++;\r\n}\r\nif(\"{{interview_headline}}\" === \"\") {\r\n\t\t\t\tjQuery( document ).ready(function() {\r\n\t\t\t\t\t\t\t\tjQuery('.iv_headline').eq(window.iv_elt_count).css('display','none');\r\n\t\t\t\t});\r\n}\r\nif(\"Der Bergbau ist ein gro\u00dfer Markt in der Region, mit einem Umsatz von 61 Milliarden EUR im Jahr 2021, mit 229 Bergbaugebieten, die 10 Tausend Tonnen pro Jahr verarbeiten. Die gesamten Bergbauexporte S\u00fcdamerikas in die USA, Kanada und China beliefen sich im Jahr 2021 auf 48 Mrd. USD, was einem Anstieg von 21,5 % gegen\u00fcber 2020 entspricht (*Quelle: IBRAM, Brasilianischer Bergbauverband). Wir k\u00f6nnen unseren Erfolg im brasilianischen Bergbau definitiv auf gro\u00dfe Bergbaul\u00e4nder wie Chile und Peru \u00fcbertragen. Au\u00dferdem boomen Lithiumprojekte aufgrund der steigenden Zahl von Elektrofahrzeug- und Batterieherstellern. Circa ein Drittel der weltweiten Produktion befindet sich in S\u00fcdamerika, allen voran in Chile und Argentinien. Weitere wichtige M\u00e4rkte sind Landwirtschaft, Intralogistik, fleischverarbeitende Industrie und erneuerbare Energien. Es gibt mehrere OEMs und Projekte in der Region, die sich exponentiell auf unser Gesch\u00e4ft auswirken k\u00f6nnten.\" === \"\") {\r\n\t\t\t\tjQuery( document ).ready(function() {\r\n\t\t\t\t\t\t\t\tjQuery('.iv_a11861958862').css('display','none');\r\n\t\t\t\t});\r\n}\r\nif(\"\" === \"\") {\r\n\t\t\t\tjQuery( document ).ready(function() {\r\n\t\t\t\t\t\t\t\tjQuery('.iv_a21861958862').css('display','none');\r\n\t\t\t\t});\r\n}\r\nif(\"\" === \"\") {\r\n\t\t\t\tjQuery( document ).ready(function() {\r\n\t\t\t\t\t\t\t\tjQuery('.iv_a31861958862').css('display','none');\r\n\t\t\t\t});\r\n}\r\nif(\"\" === \"\") {\r\n\t\t\t\tjQuery( document ).ready(function() {\r\n\t\t\t\t\t\t\t\t\/\/ jQuery('.iv_answer4').eq(window.iv_elt_count).css('display','none');\r\n\t\t\t\t\t\t\t\tjQuery('.iv_a41861958862').css('display','none');\r\n\t\t\t\t});\r\n}<\/script><style type=\"text\/css\">.iv_headline {\r\n\t\tfont-weight: 700;\r\n\t\tfont-style: italic;\r\n\t\tfont-size: 20px;\r\n}\r\n.iv_person {\r\n\t\tcolor: #00a587;\r\n\t\tfont-style: italic;\r\n\t\tfont-weight: 400;\r\n}\r\n.iv_person::after {\r\n\t\tcontent: \": \";\r\n}<\/style><div class=\"custom-interview\" id=\"iv_1861958862\"><div class=\"iv_headline\">Wo sehen Sie das gr\u00f6\u00dfte Potenzial f\u00fcr die kommenden Jahre?<\/div>\r\n<p class=\"iv_answer1 iv_a11861958862\"><span class=\"iv_person\">D\u00eanis Leonardo<\/span>Der Bergbau ist ein gro\u00dfer Markt in der Region, mit einem Umsatz von 61 Milliarden EUR im Jahr 2021, mit 229 Bergbaugebieten, die 10 Tausend Tonnen pro Jahr verarbeiten. Die gesamten Bergbauexporte S\u00fcdamerikas in die USA, Kanada und China beliefen sich im Jahr 2021 auf 48 Mrd. USD, was einem Anstieg von 21,5 % gegen\u00fcber 2020 entspricht (*Quelle: IBRAM, Brasilianischer Bergbauverband). Wir k\u00f6nnen unseren Erfolg im brasilianischen Bergbau definitiv auf gro\u00dfe Bergbaul\u00e4nder wie Chile und Peru \u00fcbertragen. Au\u00dferdem boomen Lithiumprojekte aufgrund der steigenden Zahl von Elektrofahrzeug- und Batterieherstellern. Circa ein Drittel der weltweiten Produktion befindet sich in S\u00fcdamerika, allen voran in Chile und Argentinien. Weitere wichtige M\u00e4rkte sind Landwirtschaft, Intralogistik, fleischverarbeitende Industrie und erneuerbare Energien. Es gibt mehrere OEMs und Projekte in der Region, die sich exponentiell auf unser Gesch\u00e4ft auswirken k\u00f6nnten.<\/p>\r\n<p class=\"iv_answer2 iv_a21861958862\"><span class=\"iv_person\"><\/span><\/p>\r\n<p class=\"iv_answer3 iv_a31861958862\"><span class=\"iv_person\"><\/span><\/p>\r\n<p class=\"iv_answer4 iv_a41861958862\"><span class=\"iv_person\"><\/span><\/p>\r\n<\/div><style type=\"text\/css\">.quote {\r\n\tdisplay: flex;\r\n\talign-items: center;\r\n\tmargin-bottom: 24px;\r\n}\r\n.quote-wrapper {\r\n    \/*position: relative;\r\n    display: flex;*\/\r\n}\r\n.quote-text {\r\n\t\theight: 220px;\r\n\t\talign-content: center;\r\n    border-top: 1px solid #00a587;\r\n\t\tborder-bottom: 1px solid #00a587;\r\n\t\tfont-size: 24px;\r\n\t\tfont-style: italic;\r\n\t\tcolor: #00a587;\r\n\t\tline-height: 28px;\r\n }\r\n.quote-person {\r\n\t\tcolor: #373737;\r\n\t\tfont-size: 14px;\r\n\t\t\r\n}\r\n  .quote-image {\r\n    max-height: 220px; \/* Beispielh\u00f6he des Bildes *\/\r\n\t\tmargin-right: 10px;\r\n  }<\/style><div class=\"quote\">\r\n\t<img decoding=\"async\" src=\"https:\/\/amplify-test.pepperl-fuchs.com\/wp-content\/uploads\/2024\/07\/6571a49927ca2_pepperl-fuchs-brasil-denis-leonardo.gif\" alt=\"\" class=\"quote-image\">\r\n\t<div class=\"quote-wrapper\">\t\r\n\t\t<div class=\"quote-text\">Lithiumprojekte boomen aufgrund der steigenden Zahl von Elektrofahrzeug- und Batterieherstellern. Circa ein Drittel der weltweiten Produktion befindet sich in S\u00fcdamerika, allen voran in Chile und Argentinien.\r\n\t\t\t<div class=\"quote-person\">D\u00eanis Leonardo, Regional Sales Director Factory Automation S\u00fcdamerika, Pepperl+Fuchs Brasilien<\/div>\r\n\t\t<\/div>\r\n\t<\/div>\r\n<\/div><script type=\"text\/javascript\">if( typeof window.iv_elt_count === 'undefined' || window.iv_elt_count === null ){\r\n\t\t\t\twindow.iv_elt_count = 0;\r\n} else {\r\n\t\t\t\twindow.iv_elt_count++;\r\n}\r\nif(\"{{interview_headline}}\" === \"\") {\r\n\t\t\t\tjQuery( document ).ready(function() {\r\n\t\t\t\t\t\t\t\tjQuery('.iv_headline').eq(window.iv_elt_count).css('display','none');\r\n\t\t\t\t});\r\n}\r\nif(\"Als Vertriebsteam besteht unsere gr\u00f6\u00dfte Herausforderung darin, uns auf das zu konzentrieren, was wir erreichen k\u00f6nnen, und die F\u00e4higkeit zu haben, uns rechtzeitig an ver\u00e4nderte Bedingungen anzupassen, um Marktanteile zu gewinnen. Mit der Hilfe von Distributoren, Vertriebsmitarbeitern und Investitionen in neue Gesch\u00e4fte k\u00f6nnen wir st\u00e4rker werden und unsere Herausforderungen meistern. Wir werden weiterhin Vertrauen zu unseren H\u00e4ndlern aufbauen und das Gesch\u00e4ft von Pepperl+Fuchs in der gesamten Region ausbauen.\" === \"\") {\r\n\t\t\t\tjQuery( document ).ready(function() {\r\n\t\t\t\t\t\t\t\tjQuery('.iv_a13531941558').css('display','none');\r\n\t\t\t\t});\r\n}\r\nif(\"\" === \"\") {\r\n\t\t\t\tjQuery( document ).ready(function() {\r\n\t\t\t\t\t\t\t\tjQuery('.iv_a23531941558').css('display','none');\r\n\t\t\t\t});\r\n}\r\nif(\"\" === \"\") {\r\n\t\t\t\tjQuery( document ).ready(function() {\r\n\t\t\t\t\t\t\t\tjQuery('.iv_a33531941558').css('display','none');\r\n\t\t\t\t});\r\n}\r\nif(\"\" === \"\") {\r\n\t\t\t\tjQuery( document ).ready(function() {\r\n\t\t\t\t\t\t\t\t\/\/ jQuery('.iv_answer4').eq(window.iv_elt_count).css('display','none');\r\n\t\t\t\t\t\t\t\tjQuery('.iv_a43531941558').css('display','none');\r\n\t\t\t\t});\r\n}<\/script><style type=\"text\/css\">.iv_headline {\r\n\t\tfont-weight: 700;\r\n\t\tfont-style: italic;\r\n\t\tfont-size: 20px;\r\n}\r\n.iv_person {\r\n\t\tcolor: #00a587;\r\n\t\tfont-style: italic;\r\n\t\tfont-weight: 400;\r\n}\r\n.iv_person::after {\r\n\t\tcontent: \": \";\r\n}<\/style><div class=\"custom-interview\" id=\"iv_3531941558\"><div class=\"iv_headline\">Was ist die gr\u00f6\u00dfte Herausforderung, die Sie sehen?<\/div>\r\n<p class=\"iv_answer1 iv_a13531941558\"><span class=\"iv_person\">D\u00eanis Leonardo<\/span>Als Vertriebsteam besteht unsere gr\u00f6\u00dfte Herausforderung darin, uns auf das zu konzentrieren, was wir erreichen k\u00f6nnen, und die F\u00e4higkeit zu haben, uns rechtzeitig an ver\u00e4nderte Bedingungen anzupassen, um Marktanteile zu gewinnen. Mit der Hilfe von Distributoren, Vertriebsmitarbeitern und Investitionen in neue Gesch\u00e4fte k\u00f6nnen wir st\u00e4rker werden und unsere Herausforderungen meistern. Wir werden weiterhin Vertrauen zu unseren H\u00e4ndlern aufbauen und das Gesch\u00e4ft von Pepperl+Fuchs in der gesamten Region ausbauen.<\/p>\r\n<p class=\"iv_answer2 iv_a23531941558\"><span class=\"iv_person\"><\/span><\/p>\r\n<p class=\"iv_answer3 iv_a33531941558\"><span class=\"iv_person\"><\/span><\/p>\r\n<p class=\"iv_answer4 iv_a43531941558\"><span class=\"iv_person\"><\/span><\/p>\r\n<\/div><script type=\"text\/javascript\">if( typeof window.iv_elt_count === 'undefined' || window.iv_elt_count === null ){\r\n\t\t\t\twindow.iv_elt_count = 0;\r\n} else {\r\n\t\t\t\twindow.iv_elt_count++;\r\n}\r\nif(\"{{interview_headline}}\" === \"\") {\r\n\t\t\t\tjQuery( document ).ready(function() {\r\n\t\t\t\t\t\t\t\tjQuery('.iv_headline').eq(window.iv_elt_count).css('display','none');\r\n\t\t\t\t});\r\n}\r\nif(\"Das sind nicht mehr nur Trendbegriffe. Die Kunden in der Region investieren in Industrie-4.0-Technologien, um in ihrer Branche wettbewerbsf\u00e4higer zu werden, indem sie ihre Maschinen und Prozesse durch technologische L\u00f6sungen wie intelligente Sensoren, IoT-f\u00e4hige Gateways und Datenvisualisierungsfunktionen aufr\u00fcsten. Die Automatisierung ist auch eine M\u00f6glichkeit, menschliche Risiken in ihren Betrieben zu verringern. W\u00e4hrend der Sales Convention haben wir auch die Trends Manufacturing-X und Industrie 4.0 vorgestellt. Ziel ist es, unsere Kunden zu inspirieren und zu motivieren, die Vorteile von intelligenten Sensoren und industrieller Kommunikation in Produktionsanlagen zu nutzen, indem wir zeigen, dass Pepperl+Fuchs zu den Hauptakteuren in diesem Bereich z\u00e4hlt. Laut einer KPMG-Studie sind jedoch bei Gro\u00dfkunden mit hohen Investitionssummen einige Herausforderungen zu bew\u00e4ltigen, wie z. B. die betrieblichen Anforderungen und m\u00f6gliche Sicherheitsrisiken bei der Verkn\u00fcpfung alter mit neuen Ger\u00e4ten, die m\u00f6glicherweise nicht nachr\u00fcstbar sind. Auf der positiven Seite sehen wir, dass immer mehr Fachkr\u00e4fte in dem Bereich ausgebildet werden und dass Bildungseinrichtungen Industrie 4.0 in ihre Programme aufnehmen, die einen positiven kulturellen Wandel in Kombination mit dem Erreichen von ESG-Zielen erm\u00f6glichen werden \u2014 ein weiteres \u201ehei\u00dfes\u201c Thema, das auf der Tagesordnung jedes Vorstands steht.\" === \"\") {\r\n\t\t\t\tjQuery( document ).ready(function() {\r\n\t\t\t\t\t\t\t\tjQuery('.iv_a117693928').css('display','none');\r\n\t\t\t\t});\r\n}\r\nif(\"\" === \"\") {\r\n\t\t\t\tjQuery( document ).ready(function() {\r\n\t\t\t\t\t\t\t\tjQuery('.iv_a217693928').css('display','none');\r\n\t\t\t\t});\r\n}\r\nif(\"\" === \"\") {\r\n\t\t\t\tjQuery( document ).ready(function() {\r\n\t\t\t\t\t\t\t\tjQuery('.iv_a317693928').css('display','none');\r\n\t\t\t\t});\r\n}\r\nif(\"\" === \"\") {\r\n\t\t\t\tjQuery( document ).ready(function() {\r\n\t\t\t\t\t\t\t\t\/\/ jQuery('.iv_answer4').eq(window.iv_elt_count).css('display','none');\r\n\t\t\t\t\t\t\t\tjQuery('.iv_a417693928').css('display','none');\r\n\t\t\t\t});\r\n}<\/script><style type=\"text\/css\">.iv_headline {\r\n\t\tfont-weight: 700;\r\n\t\tfont-style: italic;\r\n\t\tfont-size: 20px;\r\n}\r\n.iv_person {\r\n\t\tcolor: #00a587;\r\n\t\tfont-style: italic;\r\n\t\tfont-weight: 400;\r\n}\r\n.iv_person::after {\r\n\t\tcontent: \": \";\r\n}<\/style><div class=\"custom-interview\" id=\"iv_17693928\"><div class=\"iv_headline\">Werden Industrie-4.0-Technologien, intelligente Sensoren und Cloudanbindung von s\u00fcdamerikanischen Kunden bereits nachgefragt oder noch immer Trendw\u00f6rter?<\/div>\r\n<p class=\"iv_answer1 iv_a117693928\"><span class=\"iv_person\">Fabio Fabri<\/span>Das sind nicht mehr nur Trendbegriffe. Die Kunden in der Region investieren in Industrie-4.0-Technologien, um in ihrer Branche wettbewerbsf\u00e4higer zu werden, indem sie ihre Maschinen und Prozesse durch technologische L\u00f6sungen wie intelligente Sensoren, IoT-f\u00e4hige Gateways und Datenvisualisierungsfunktionen aufr\u00fcsten. Die Automatisierung ist auch eine M\u00f6glichkeit, menschliche Risiken in ihren Betrieben zu verringern. W\u00e4hrend der Sales Convention haben wir auch die Trends Manufacturing-X und Industrie 4.0 vorgestellt. Ziel ist es, unsere Kunden zu inspirieren und zu motivieren, die Vorteile von intelligenten Sensoren und industrieller Kommunikation in Produktionsanlagen zu nutzen, indem wir zeigen, dass Pepperl+Fuchs zu den Hauptakteuren in diesem Bereich z\u00e4hlt. Laut einer KPMG-Studie sind jedoch bei Gro\u00dfkunden mit hohen Investitionssummen einige Herausforderungen zu bew\u00e4ltigen, wie z. B. die betrieblichen Anforderungen und m\u00f6gliche Sicherheitsrisiken bei der Verkn\u00fcpfung alter mit neuen Ger\u00e4ten, die m\u00f6glicherweise nicht nachr\u00fcstbar sind. Auf der positiven Seite sehen wir, dass immer mehr Fachkr\u00e4fte in dem Bereich ausgebildet werden und dass Bildungseinrichtungen Industrie 4.0 in ihre Programme aufnehmen, die einen positiven kulturellen Wandel in Kombination mit dem Erreichen von ESG-Zielen erm\u00f6glichen werden \u2014 ein weiteres \u201ehei\u00dfes\u201c Thema, das auf der Tagesordnung jedes Vorstands steht.<\/p>\r\n<p class=\"iv_answer2 iv_a217693928\"><span class=\"iv_person\"><\/span><\/p>\r\n<p class=\"iv_answer3 iv_a317693928\"><span class=\"iv_person\"><\/span><\/p>\r\n<p class=\"iv_answer4 iv_a417693928\"><span class=\"iv_person\"><\/span><\/p>\r\n<\/div><style type=\"text\/css\">.quote {\r\n\tdisplay: flex;\r\n\talign-items: center;\r\n\tmargin-bottom: 24px;\r\n}\r\n.quote-wrapper {\r\n    \/*position: relative;\r\n    display: flex;*\/\r\n}\r\n.quote-text {\r\n\t\theight: 220px;\r\n\t\talign-content: center;\r\n    border-top: 1px solid #00a587;\r\n\t\tborder-bottom: 1px solid #00a587;\r\n\t\tfont-size: 24px;\r\n\t\tfont-style: italic;\r\n\t\tcolor: #00a587;\r\n\t\tline-height: 28px;\r\n }\r\n.quote-person {\r\n\t\tcolor: #373737;\r\n\t\tfont-size: 14px;\r\n\t\t\r\n}\r\n  .quote-image {\r\n    max-height: 220px; \/* Beispielh\u00f6he des Bildes *\/\r\n\t\tmargin-right: 10px;\r\n  }<\/style><div class=\"quote\">\r\n\t<img decoding=\"async\" src=\"https:\/\/amplify-test.pepperl-fuchs.com\/wp-content\/uploads\/2024\/07\/656f22a11c616_pepperl-fuchs-brazil-fabio-fabri.gif\" alt=\"\" class=\"quote-image\">\r\n\t<div class=\"quote-wrapper\">\t\r\n\t\t<div class=\"quote-text\">Die Kunden investieren in Industrie-4.0-Technologien, um in ihrer Branche wettbewerbsf\u00e4higer zu werden, indem sie ihre Maschinen und Prozesse durch technologische L\u00f6sungen wie intelligente Sensoren, IoT-f\u00e4hige Gateways und Datenvisualisierungsfunktionen aufr\u00fcsten.\r\n\t\t\t<div class=\"quote-person\">Fabio Fabri, Marketing Coordinator, Pepperl+Fuchs Brasilien<\/div>\r\n\t\t<\/div>\r\n\t<\/div>\r\n<\/div><script type=\"text\/javascript\">if( typeof window.iv_elt_count === 'undefined' || window.iv_elt_count === null ){\r\n\t\t\t\twindow.iv_elt_count = 0;\r\n} else {\r\n\t\t\t\twindow.iv_elt_count++;\r\n}\r\nif(\"{{interview_headline}}\" === \"\") {\r\n\t\t\t\tjQuery( document ).ready(function() {\r\n\t\t\t\t\t\t\t\tjQuery('.iv_headline').eq(window.iv_elt_count).css('display','none');\r\n\t\t\t\t});\r\n}\r\nif(\"Mit der gro\u00dfartigen Unterst\u00fctzung unserer Zentralen in Deutschland und den USA haben wir unseren Umsatz innerhalb der letzten neun Jahre verdreifacht. Und es soll noch mehr werden! Unser Ziel f\u00fcr die n\u00e4chsten f\u00fcnf Jahre ist es, eine wichtige Rolle in der globalen Vertriebsstrategie des Unternehmens zu spielen und unseren Umsatz zu verdoppeln. Wir haben ein gro\u00dfartiges Team und fantastische Produkte, die uns in naher Zukunft definitiv auf ein h\u00f6heres Niveau bringen werden.\" === \"\") {\r\n\t\t\t\tjQuery( document ).ready(function() {\r\n\t\t\t\t\t\t\t\tjQuery('.iv_a13231780527').css('display','none');\r\n\t\t\t\t});\r\n}\r\nif(\"\" === \"\") {\r\n\t\t\t\tjQuery( document ).ready(function() {\r\n\t\t\t\t\t\t\t\tjQuery('.iv_a23231780527').css('display','none');\r\n\t\t\t\t});\r\n}\r\nif(\"\" === \"\") {\r\n\t\t\t\tjQuery( document ).ready(function() {\r\n\t\t\t\t\t\t\t\tjQuery('.iv_a33231780527').css('display','none');\r\n\t\t\t\t});\r\n}\r\nif(\"\" === \"\") {\r\n\t\t\t\tjQuery( document ).ready(function() {\r\n\t\t\t\t\t\t\t\t\/\/ jQuery('.iv_answer4').eq(window.iv_elt_count).css('display','none');\r\n\t\t\t\t\t\t\t\tjQuery('.iv_a43231780527').css('display','none');\r\n\t\t\t\t});\r\n}<\/script><style type=\"text\/css\">.iv_headline {\r\n\t\tfont-weight: 700;\r\n\t\tfont-style: italic;\r\n\t\tfont-size: 20px;\r\n}\r\n.iv_person {\r\n\t\tcolor: #00a587;\r\n\t\tfont-style: italic;\r\n\t\tfont-weight: 400;\r\n}\r\n.iv_person::after {\r\n\t\tcontent: \": \";\r\n}<\/style><div class=\"custom-interview\" id=\"iv_3231780527\"><div class=\"iv_headline\">Wie hat sich der Umsatz von Pepperl+Fuchs S\u00fcdamerika in den letzten Jahren entwickelt? Und was erwarten Sie f\u00fcr die kommenden Jahre?<\/div>\r\n<p class=\"iv_answer1 iv_a13231780527\"><span class=\"iv_person\">D\u00eanis Leonardo<\/span>Mit der gro\u00dfartigen Unterst\u00fctzung unserer Zentralen in Deutschland und den USA haben wir unseren Umsatz innerhalb der letzten neun Jahre verdreifacht. Und es soll noch mehr werden! Unser Ziel f\u00fcr die n\u00e4chsten f\u00fcnf Jahre ist es, eine wichtige Rolle in der globalen Vertriebsstrategie des Unternehmens zu spielen und unseren Umsatz zu verdoppeln. Wir haben ein gro\u00dfartiges Team und fantastische Produkte, die uns in naher Zukunft definitiv auf ein h\u00f6heres Niveau bringen werden.<\/p>\r\n<p class=\"iv_answer2 iv_a23231780527\"><span class=\"iv_person\"><\/span><\/p>\r\n<p class=\"iv_answer3 iv_a33231780527\"><span class=\"iv_person\"><\/span><\/p>\r\n<p class=\"iv_answer4 iv_a43231780527\"><span class=\"iv_person\"><\/span><\/p>\r\n<\/div><script type=\"text\/javascript\">if( typeof window.iv_elt_count === 'undefined' || window.iv_elt_count === null ){\r\n\t\t\t\twindow.iv_elt_count = 0;\r\n} else {\r\n\t\t\t\twindow.iv_elt_count++;\r\n}\r\nif(\"{{interview_headline}}\" === \"\") {\r\n\t\t\t\tjQuery( document ).ready(function() {\r\n\t\t\t\t\t\t\t\tjQuery('.iv_headline').eq(window.iv_elt_count).css('display','none');\r\n\t\t\t\t});\r\n}\r\nif(\"Der H\u00f6hepunkt war definitiv das positive Feedback, das wir von unseren H\u00e4ndlern und Mitarbeitenden w\u00e4hrend und nach dem Kongress erhalten haben. Das hat uns gezeigt, dass die Veranstaltung ein gro\u00dfer Erfolg war und unsere Partnerschaften, den Teamgeist und unsere gemeinsame Leidenschaft f\u00fcr die Automatisierungstechnik gest\u00e4rkt hat. Wir konnten auch unser Anliegen verbreiten, dass die Produkte, Systeme und L\u00f6sungen von Pepperl+Fuchs die Wertsch\u00f6pfung effizienter, sicherer, sauberer, leiser, komfortabler, transparenter, skalierbarer, qualitativ hochwertiger und damit wettbewerbsf\u00e4higer machen und dar\u00fcber hinaus zu einem unbestreitbaren Hebel f\u00fcr die Erreichung der globalen Klimaziele werden, indem wir unseren Kunden helfen, die Energieeffizienz zu steigern.\" === \"\") {\r\n\t\t\t\tjQuery( document ).ready(function() {\r\n\t\t\t\t\t\t\t\tjQuery('.iv_a13481719540').css('display','none');\r\n\t\t\t\t});\r\n}\r\nif(\"Einer der sch\u00f6nsten Momente war f\u00fcr mich der Besuch des Christus-Denkmals hoch oben auf dem Corcovado. Der Besuch brachte ein gro\u00dfartiges Gef\u00fchl der Zusammengeh\u00f6rigkeit und einen entspannten Moment, um die Stadt Rio de Janeiro von einem privilegierten Platz aus bei Sonnenuntergang zu betrachten. Wir haben uns bewusst f\u00fcr Rio de Janeiro als Veranstaltungsort entschieden, weil es eine internationale und vielf\u00e4ltige Stadt ist, in der Menschen mit verschiedensten kulturellen Hintergr\u00fcnden zusammenkommen \u2014 und das spiegelt genau den Esprit wider, den wir den Teilnehmenden des Kongresses vermitteln wollten.\" === \"\") {\r\n\t\t\t\tjQuery( document ).ready(function() {\r\n\t\t\t\t\t\t\t\tjQuery('.iv_a23481719540').css('display','none');\r\n\t\t\t\t});\r\n}\r\nif(\"\" === \"\") {\r\n\t\t\t\tjQuery( document ).ready(function() {\r\n\t\t\t\t\t\t\t\tjQuery('.iv_a33481719540').css('display','none');\r\n\t\t\t\t});\r\n}\r\nif(\"\" === \"\") {\r\n\t\t\t\tjQuery( document ).ready(function() {\r\n\t\t\t\t\t\t\t\t\/\/ jQuery('.iv_answer4').eq(window.iv_elt_count).css('display','none');\r\n\t\t\t\t\t\t\t\tjQuery('.iv_a43481719540').css('display','none');\r\n\t\t\t\t});\r\n}<\/script><style type=\"text\/css\">.iv_headline {\r\n\t\tfont-weight: 700;\r\n\t\tfont-style: italic;\r\n\t\tfont-size: 20px;\r\n}\r\n.iv_person {\r\n\t\tcolor: #00a587;\r\n\t\tfont-style: italic;\r\n\t\tfont-weight: 400;\r\n}\r\n.iv_person::after {\r\n\t\tcontent: \": \";\r\n}<\/style><div class=\"custom-interview\" id=\"iv_3481719540\"><div class=\"iv_headline\">Was war f\u00fcr Sie das Highlight der Sales Convention?<\/div>\r\n<p class=\"iv_answer1 iv_a13481719540\"><span class=\"iv_person\">D\u00eanis Leonardo<\/span>Der H\u00f6hepunkt war definitiv das positive Feedback, das wir von unseren H\u00e4ndlern und Mitarbeitenden w\u00e4hrend und nach dem Kongress erhalten haben. Das hat uns gezeigt, dass die Veranstaltung ein gro\u00dfer Erfolg war und unsere Partnerschaften, den Teamgeist und unsere gemeinsame Leidenschaft f\u00fcr die Automatisierungstechnik gest\u00e4rkt hat. Wir konnten auch unser Anliegen verbreiten, dass die Produkte, Systeme und L\u00f6sungen von Pepperl+Fuchs die Wertsch\u00f6pfung effizienter, sicherer, sauberer, leiser, komfortabler, transparenter, skalierbarer, qualitativ hochwertiger und damit wettbewerbsf\u00e4higer machen und dar\u00fcber hinaus zu einem unbestreitbaren Hebel f\u00fcr die Erreichung der globalen Klimaziele werden, indem wir unseren Kunden helfen, die Energieeffizienz zu steigern.<\/p>\r\n<p class=\"iv_answer2 iv_a23481719540\"><span class=\"iv_person\">Fabio Fabri<\/span>Einer der sch\u00f6nsten Momente war f\u00fcr mich der Besuch des Christus-Denkmals hoch oben auf dem Corcovado. Der Besuch brachte ein gro\u00dfartiges Gef\u00fchl der Zusammengeh\u00f6rigkeit und einen entspannten Moment, um die Stadt Rio de Janeiro von einem privilegierten Platz aus bei Sonnenuntergang zu betrachten. Wir haben uns bewusst f\u00fcr Rio de Janeiro als Veranstaltungsort entschieden, weil es eine internationale und vielf\u00e4ltige Stadt ist, in der Menschen mit verschiedensten kulturellen Hintergr\u00fcnden zusammenkommen \u2014 und das spiegelt genau den Esprit wider, den wir den Teilnehmenden des Kongresses vermitteln wollten.<\/p>\r\n<p class=\"iv_answer3 iv_a33481719540\"><span class=\"iv_person\"><\/span><\/p>\r\n<p class=\"iv_answer4 iv_a43481719540\"><span class=\"iv_person\"><\/span><\/p>\r\n<\/div><div class=\"fusion-image-element awb-imageframe-style awb-imageframe-style-below awb-imageframe-style-2\" style=\"--awb-caption-title-font-family:var(--h3_typography-font-family);--awb-caption-title-font-weight:var(--h3_typography-font-weight);--awb-caption-title-font-style:var(--h3_typography-font-style);--awb-caption-title-size:var(--h3_typography-font-size);--awb-caption-title-transform:var(--h3_typography-text-transform);--awb-caption-title-line-height:var(--h3_typography-line-height);--awb-caption-title-letter-spacing:var(--h3_typography-letter-spacing);\"><span class=\" fusion-imageframe imageframe-none imageframe-2 hover-type-none elt_image\"><img decoding=\"async\" width=\"1024\" height=\"341\" alt=\"Blick \u00fcber Rio de Janeiro mit Christus-Statue\" src=\"https:\/\/amplify-test.pepperl-fuchs.com\/wp-content\/uploads\/2024\/07\/656dc70ae6b92_rio-de-janeiro-corcovado-christus-statue-1024x341.gif\" class=\"img-responsive wp-image-1872\" srcset=\"https:\/\/amplify-test.pepperl-fuchs.com\/wp-content\/uploads\/2024\/07\/656dc70ae6b92_rio-de-janeiro-corcovado-christus-statue-200x67.gif 200w, https:\/\/amplify-test.pepperl-fuchs.com\/wp-content\/uploads\/2024\/07\/656dc70ae6b92_rio-de-janeiro-corcovado-christus-statue-400x133.gif 400w, https:\/\/amplify-test.pepperl-fuchs.com\/wp-content\/uploads\/2024\/07\/656dc70ae6b92_rio-de-janeiro-corcovado-christus-statue-600x200.gif 600w, https:\/\/amplify-test.pepperl-fuchs.com\/wp-content\/uploads\/2024\/07\/656dc70ae6b92_rio-de-janeiro-corcovado-christus-statue-800x267.gif 800w, https:\/\/amplify-test.pepperl-fuchs.com\/wp-content\/uploads\/2024\/07\/656dc70ae6b92_rio-de-janeiro-corcovado-christus-statue-1200x400.gif 1200w\" sizes=\"(max-width: 640px) 100vw, 1200px\" \/><\/span><div class=\"awb-imageframe-caption-container\"><div class=\"awb-imageframe-caption\"><\/div><\/div><\/div><\/div><\/div><div class=\"fusion-layout-column fusion_builder_column fusion-builder-column-2 fusion_builder_column_1_4 1_4 fusion-flex-column\" style=\"--awb-bg-size:cover;--awb-width-large:25%;--awb-margin-top-large:0px;--awb-spacing-right-large:7.68%;--awb-margin-bottom-large:20px;--awb-spacing-left-large:7.68%;--awb-width-medium:25%;--awb-order-medium:0;--awb-spacing-right-medium:7.68%;--awb-spacing-left-medium:7.68%;--awb-width-small:100%;--awb-order-small:0;--awb-spacing-right-small:1.92%;--awb-spacing-left-small:1.92%;\"><div class=\"fusion-column-wrapper fusion-column-has-shadow fusion-flex-justify-content-flex-start fusion-content-layout-column\"><div class=\"fusion-separator fusion-full-width-sep\" style=\"align-self: center;margin-left: auto;margin-right: auto;width:100%;\"><div class=\"fusion-separator-border sep-single sep-solid\" style=\"--awb-height:20px;--awb-amount:20px;--awb-sep-color:var(--awb-color8);border-color:var(--awb-color8);border-top-width:1px;\"><\/div><\/div><div class=\"fusion-social-networks sharingbox-shortcode-icon-wrapper sharingbox-shortcode-icon-wrapper-1 boxed-icons sidebar\">\n\t<span class=\"share-linkedin\">\n\t\t<a href=\"https:\/\/www.linkedin.com\/shareArticle?\" target=\"_blank\" rel=\"noopener noreferrer\" title=\"\" aria-label=\"LinkedIn\" data-placement=\"top\" data-toggle=\"tooltip\" data-title=\"LinkedIn\" data-original-title=\"LinkedIn\">\n\t\t<i class=\"fusion-social-network-icon fusion-tooltip fusion-linkedin awb-icon-linkedin\" style=\"color:#ffffff;background-color:#0077b5;border-color:#0077b5;border-radius:0px;\" aria-hidden=\"true\"><\/i>\n\t\t<\/a>\n\t<\/span>\n\t<span class=\"share-mail\">\n\t\t<a href=\/de\/kontakt\/\" target=\"_self\" title=\"\" aria-label=\"Email\" data-placement=\"top\" data-toggle=\"tooltip\" data-title=\"Email\" data-original-title=\"Email\">\n\t\t<i class=\"fusion-social-network-icon fusion-tooltip fusion-mail awb-icon-mail\" style=\"color:#ffffff;background-color:#00a587;border-color:#00a587;border-radius:0px;\" aria-hidden=\"true\"><\/i>\n\t\t<\/a>\n\t<\/span>\n\t<span class=\"share-insta\">\n\t\t<a href=\"https:\/\/www.instagram.com\" target=\"_blank\" rel=\"noreferrer noopener\" title=\"\" aria-label=\"Instagram\" data-placement=\"top\" data-toggle=\"tooltip\" data-title=\"Instagram\" data-original-title=\"Instagram\">\n\t\t<i class=\"fusion-social-network-icon fusion-tooltip fusion-instagram awb-icon-instagram\" style=\"color:#ffffff;background-color:#c13584;border-color:#c13584;border-radius:0px;\" aria-hidden=\"true\"><\/i>\n\t\t<\/a>\n\t<\/span>\t\n\t<span class=\"share-facebook\">\n\t\t<a href=\"https:\/\/www.facebook.com\/sharer.php?\" target=\"_blank\" rel=\"noreferrer noopener\" title=\"\" aria-label=\"Facebook\" data-placement=\"top\" data-toggle=\"tooltip\" data-title=\"Facebook\" data-original-title=\"Facebook\">\n\t\t<i class=\"fusion-social-network-icon fusion-tooltip fusion-facebook awb-icon-facebook\" style=\"color:#ffffff;background-color:#3b5998;border-color:#3b5998;border-radius:0px;\" aria-hidden=\"true\"><\/i>\n\t\t<\/a>\n\t<\/span>\n<\/div>\n<div class=\"fusion-separator fusion-full-width-sep\" style=\"align-self: center;margin-left: auto;margin-right: auto;width:100%;\"><div class=\"fusion-separator-border sep-single sep-solid\" style=\"--awb-height:20px;--awb-amount:20px;--awb-sep-color:var(--awb-color8);border-color:var(--awb-color8);border-top-width:1px;\"><\/div><\/div><div class=\"fusion-separator fusion-full-width-sep\" style=\"align-self: center;margin-left: auto;margin-right: auto;width:100%;\"><div class=\"fusion-separator-border sep-single sep-solid\" style=\"--awb-height:20px;--awb-amount:20px;--awb-sep-color:var(--awb-color8);border-color:var(--awb-color8);border-top-width:1px;\"><\/div><\/div><div class=\"fusion-title title fusion-title-2 fusion-sep-none fusion-title-text fusion-title-size-four\"><h4 class=\"fusion-title-heading title-heading-left fusion-responsive-typography-calculated\" style=\"margin:0;--fontSize:24;line-height:var(--awb-typography1-line-height);\">Mehr zum Thema<\/h4><\/div><ul style=\"--awb-iconcolor:var(--awb-color3);--awb-line-height:27.2px;--awb-icon-width:27.2px;--awb-icon-height:27.2px;--awb-icon-margin:11.2px;--awb-content-margin:38.4px;\" class=\"fusion-checklist fusion-checklist-1 fusion-checklist-default type-icons\"><li class=\"fusion-li-item\" style=\"\"><span class=\"icon-wrapper circle-no\"><i class=\"fusion-li-icon fa-caret-right fas\" aria-hidden=\"true\"><\/i><\/span><div class=\"fusion-li-item-content\">\n<p><a href=\"https:\/\/www.pepperl-fuchs.com\/iiot\">L\u00f6sungen f\u00fcr Industrie-4.0-Anwendungen<\/a><\/p>\n<\/div><\/li><li class=\"fusion-li-item\" style=\"\"><span class=\"icon-wrapper circle-no\"><i class=\"fusion-li-icon fa-caret-right fas\" aria-hidden=\"true\"><\/i><\/span><div class=\"fusion-li-item-content\">\n<p><a href=\"https:\/\/www.pepperl-fuchs.com\/automotive\">Sensorl\u00f6sungen f\u00fcr die Automobilindustrie<\/a><\/p>\n<\/div><\/li><li class=\"fusion-li-item\" style=\"\"><span class=\"icon-wrapper circle-no\"><i class=\"fusion-li-icon fa-caret-right fas\" aria-hidden=\"true\"><\/i><\/span><div class=\"fusion-li-item-content\">\n<p><a href=\"https:\/\/www.pepperl-fuchs.com\/battery\">Sensorl\u00f6sungen f\u00fcr die Batteriefertigung<\/a><\/p>\n<\/div><\/li><li class=\"fusion-li-item\" style=\"\"><span class=\"icon-wrapper circle-no\"><i class=\"fusion-li-icon fa-caret-right fas\" aria-hidden=\"true\"><\/i><\/span><div class=\"fusion-li-item-content\">\n<p><a href=\"https:\/\/www.pepperl-fuchs.com\/de-de\/branchen-und-trends\/branchen\/electronics-gp48413\">Sensorl\u00f6sungen f\u00fcr die Elektronikindustrie<\/a><\/p>\n<\/div><\/li><li class=\"fusion-li-item\" style=\"\"><span class=\"icon-wrapper circle-no\"><i class=\"fusion-li-icon fa-caret-right fas\" aria-hidden=\"true\"><\/i><\/span><div class=\"fusion-li-item-content\">\n<p><a href=\"https:\/\/www.pepperl-fuchs.com\/de-de\/branchen-und-trends\/branchen\/logistics-gp28364\">Sensorl\u00f6sungen f\u00fcr die Lager- und F\u00f6rdertechnik<\/a><\/p>\n<\/div><\/li><li class=\"fusion-li-item\" style=\"\"><span class=\"icon-wrapper circle-no\"><i class=\"fusion-li-icon fa-caret-right fas\" aria-hidden=\"true\"><\/i><\/span><div class=\"fusion-li-item-content\">\n<p><a href=\"https:\/\/www.pepperl-fuchs.com\/process-equipment\">Sensorl\u00f6sungen f\u00fcr Process Equipment<\/a><\/p>\n<\/div><\/li><li class=\"fusion-li-item\" style=\"\"><span class=\"icon-wrapper circle-no\"><i class=\"fusion-li-icon fa-caret-right fas\" aria-hidden=\"true\"><\/i><\/span><div class=\"fusion-li-item-content\">\n<p><a href=\"https:\/\/www.pepperl-fuchs.com\/packaging\">Sensorl\u00f6sungen f\u00fcr die Verpackungsindustrie<\/a><\/p>\n<\/div><\/li><\/ul><div class=\"fusion-separator fusion-full-width-sep\" style=\"align-self: center;margin-left: auto;margin-right: auto;width:100%;\"><div class=\"fusion-separator-border sep-single sep-solid\" style=\"--awb-height:20px;--awb-amount:20px;--awb-sep-color:var(--awb-color8);border-color:var(--awb-color8);border-top-width:1px;\"><\/div><\/div><div class=\"fusion-modal modal fade modal-1 editorial-use\" tabindex=\"-1\" role=\"dialog\" aria-labelledby=\"modal-heading-1\" aria-hidden=\"true\" style=\"--awb-border-color:var(--awb-color3);--awb-background:var(--awb-color1);\"><div class=\"modal-dialog modal-lg\" role=\"document\"><div class=\"modal-content fusion-modal-content\"><div class=\"modal-header\"><button class=\"close\" type=\"button\" data-dismiss=\"modal\" aria-hidden=\"true\" aria-label=\"Close\">&times;<\/button><h3 class=\"modal-title\" id=\"modal-heading-1\" data-dismiss=\"modal\" aria-hidden=\"true\">Redaktionelle Nutzung<\/h3><\/div><div class=\"modal-body fusion-clearfix\">\n<p>The editorial use of articles from \u201camplify\u201d is only permitted with the prior consent of the publisher Pepperl+Fuchs SE. In addition, the original source <a href=\"https:\/\/amplify-test.pepperl-fuchs.com\/\" target=\"_blank\" rel=\"noopener\">amplify.pepperl-fuchs.com<\/a>\u00a0must be referenced when articles are reused or processed.<\/p>\n<div class=\"fusion-button-wrapper\"><a class=\"fusion-button button-flat fusion-button-default-size button-custom fusion-button-default button-1 fusion-button-default-span fusion-button-default-type\" style=\"--button_accent_color:var(--awb-color1);--button_accent_hover_color:var(--awb-custom_color_2);--button_border_hover_color:var(--awb-custom_color_2);--button_gradient_top_color:var(--awb-color3);--button_gradient_bottom_color:var(--awb-color3);--button_gradient_top_color_hover:var(--awb-color1);--button_gradient_bottom_color_hover:var(--awb-color1);\" target=\"_self\" href=\"mailto:amplify@pepperl-fuchs.com?subject=Request%20Editorial%20Use\"><span class=\"fusion-button-text awb-button__text awb-button__text--default\">Redaktionelle Nutzung anfragen<\/span><\/a><\/div>\n<\/div><\/div><\/div><\/div>\n<div ><a class=\"fusion-button button-flat fusion-button-default-size button-custom fusion-button-default button-2 fusion-button-default-span fusion-button-default-type sidebar\" style=\"--button_accent_color:var(--awb-color1);--button_accent_hover_color:var(--awb-custom_color_2);--button_border_hover_color:var(--awb-custom_color_2);--button_gradient_top_color:var(--awb-color3);--button_gradient_bottom_color:var(--awb-color3);--button_gradient_top_color_hover:var(--awb-color1);--button_gradient_bottom_color_hover:var(--awb-color1);--button_margin-top:12px;--button_margin-right:auto;--button_margin-left:auto;\" target=\"_self\" href=\"#\" data-toggle=\"modal\" data-target=\".fusion-modal.editorial-use\"><i class=\"fa-pen fas awb-button__icon awb-button__icon--default button-icon-left\" aria-hidden=\"true\"><\/i><span class=\"fusion-button-text awb-button__text awb-button__text--default\">Redaktionelle Nutzung<\/span><\/a><\/div>\n<\/div><\/div><\/div><\/div>\n","protected":false},"excerpt":{"rendered":"<p>Erhalten Sie interessante Einblicke in den s\u00fcdamerikanischen Markt und wie Pepperl+Fuchs starke Partnerschaften f\u00fcr die Zukunft aufbaut.<\/p>\n","protected":false},"author":7,"featured_media":1867,"comment_status":"open","ping_status":"open","sticky":false,"template":"","format":"standard","meta":{"_acf_changed":false,"footnotes":""},"categories":[319,21],"tags":[280],"class_list":["post-2577","post","type-post","status-publish","format-standard","has-post-thumbnail","hentry","category-unternehmenseinblicke","category-maerkte-trends","tag-ein-starkes-team-mit-einer-leidenschaft-fuer-automatisierung-und-fussball-de"],"acf":[],"_links":{"self":[{"href":"https:\/\/amplify-test.pepperl-fuchs.com\/de\/wp-json\/wp\/v2\/posts\/2577","targetHints":{"allow":["GET"]}}],"collection":[{"href":"https:\/\/amplify-test.pepperl-fuchs.com\/de\/wp-json\/wp\/v2\/posts"}],"about":[{"href":"https:\/\/amplify-test.pepperl-fuchs.com\/de\/wp-json\/wp\/v2\/types\/post"}],"author":[{"embeddable":true,"href":"https:\/\/amplify-test.pepperl-fuchs.com\/de\/wp-json\/wp\/v2\/users\/7"}],"replies":[{"embeddable":true,"href":"https:\/\/amplify-test.pepperl-fuchs.com\/de\/wp-json\/wp\/v2\/comments?post=2577"}],"version-history":[{"count":16,"href":"https:\/\/amplify-test.pepperl-fuchs.com\/de\/wp-json\/wp\/v2\/posts\/2577\/revisions"}],"predecessor-version":[{"id":5516,"href":"https:\/\/amplify-test.pepperl-fuchs.com\/de\/wp-json\/wp\/v2\/posts\/2577\/revisions\/5516"}],"wp:featuredmedia":[{"embeddable":true,"href":"https:\/\/amplify-test.pepperl-fuchs.com\/de\/wp-json\/wp\/v2\/media\/1867"}],"wp:attachment":[{"href":"https:\/\/amplify-test.pepperl-fuchs.com\/de\/wp-json\/wp\/v2\/media?parent=2577"}],"wp:term":[{"taxonomy":"category","embeddable":true,"href":"https:\/\/amplify-test.pepperl-fuchs.com\/de\/wp-json\/wp\/v2\/categories?post=2577"},{"taxonomy":"post_tag","embeddable":true,"href":"https:\/\/amplify-test.pepperl-fuchs.com\/de\/wp-json\/wp\/v2\/tags?post=2577"}],"curies":[{"name":"wp","href":"https:\/\/api.w.org\/{rel}","templated":true}]}}