{"id":2601,"date":"2023-03-13T00:00:00","date_gmt":"2023-03-13T00:00:00","guid":{"rendered":"https:\/\/amplify.webservices.de\/2023\/03\/13\/frachtvermessung-2-0\/"},"modified":"2025-01-31T11:28:45","modified_gmt":"2025-01-31T11:28:45","slug":"frachtvermessung-2-0","status":"publish","type":"post","link":"https:\/\/amplify-test.pepperl-fuchs.com\/de\/2023\/frachtvermessung-2-0\/","title":{"rendered":"Frachtvermessung 2.0"},"content":{"rendered":"<div class=\"fusion-fullwidth fullwidth-box fusion-builder-row-1 fusion-flex-container has-pattern-background has-mask-background nonhundred-percent-fullwidth non-hundred-percent-height-scrolling gradient-container-1\" style=\"--awb-border-radius-top-left:0px;--awb-border-radius-top-right:0px;--awb-border-radius-bottom-right:0px;--awb-border-radius-bottom-left:0px;--awb-flex-wrap:wrap;\" id=\"article\" ><div class=\"fusion-builder-row fusion-row fusion-flex-align-items-flex-start fusion-flex-content-wrap\" style=\"max-width:1248px;margin-left: calc(-4% \/ 2 );margin-right: calc(-4% \/ 2 );\"><div class=\"fusion-layout-column fusion_builder_column fusion-builder-column-0 fusion_builder_column_1_1 1_1 fusion-flex-column\" style=\"--awb-bg-size:cover;--awb-width-large:100%;--awb-margin-top-large:0px;--awb-spacing-right-large:1.92%;--awb-margin-bottom-large:20px;--awb-spacing-left-large:1.92%;--awb-width-medium:100%;--awb-order-medium:0;--awb-spacing-right-medium:1.92%;--awb-spacing-left-medium:1.92%;--awb-width-small:100%;--awb-order-small:0;--awb-spacing-right-small:1.92%;--awb-spacing-left-small:1.92%;\"><div class=\"fusion-column-wrapper fusion-column-has-shadow fusion-flex-justify-content-flex-start fusion-content-layout-column\"><div class=\"fusion-text fusion-text-1\" id=\"publishing_date\"><p>13. M\u00e4rz 2023<\/p>\n<\/div><div class=\"fusion-title title fusion-title-1 fusion-sep-none fusion-title-text fusion-title-size-one\" id=\"article_headline\"><h1 class=\"fusion-title-heading title-heading-left fusion-responsive-typography-calculated\" style=\"margin:0;--fontSize:64;line-height:var(--awb-typography1-line-height);\">Frachtvermessung 2.0<\/h1><\/div><div class=\"fusion-text fusion-text-2 intro_text\"><p>Um Vermessungsaufgaben in der Logistik zu digitalisieren, entwickelt das Unternehmen LASE Industrielle Lasertechnik GmbH laserbasierte Systeme f\u00fcr die automatisierte Frachtvermessung. Hierbei erm\u00f6glicht der LiDAR-Sensor R2000 von Pepperl+Fuchs hochpr\u00e4zise 3-D-Messungen innerhalb weniger Sekunden.<\/p>\n<\/div><div class=\"fusion-image-element \" style=\"--awb-caption-title-font-family:var(--h2_typography-font-family);--awb-caption-title-font-weight:var(--h2_typography-font-weight);--awb-caption-title-font-style:var(--h2_typography-font-style);--awb-caption-title-size:var(--h2_typography-font-size);--awb-caption-title-transform:var(--h2_typography-text-transform);--awb-caption-title-line-height:var(--h2_typography-line-height);--awb-caption-title-letter-spacing:var(--h2_typography-letter-spacing);\"><span class=\" fusion-imageframe imageframe-none imageframe-1 hover-type-none\"><img decoding=\"async\" width=\"1920\" height=\"900\" alt=\"LASE System f\u00fcr automatisierte 3-D-Frachtvermessung\" src=\"https:\/\/amplify-test.pepperl-fuchs.com\/wp-content\/uploads\/2024\/07\/6408397a282b9_amplify-header-frachtvermessung.png\" class=\"img-responsive wp-image-1636\" srcset=\"https:\/\/amplify-test.pepperl-fuchs.com\/wp-content\/uploads\/2024\/07\/6408397a282b9_amplify-header-frachtvermessung-200x94.png 200w, https:\/\/amplify-test.pepperl-fuchs.com\/wp-content\/uploads\/2024\/07\/6408397a282b9_amplify-header-frachtvermessung-400x188.png 400w, https:\/\/amplify-test.pepperl-fuchs.com\/wp-content\/uploads\/2024\/07\/6408397a282b9_amplify-header-frachtvermessung-600x281.png 600w, https:\/\/amplify-test.pepperl-fuchs.com\/wp-content\/uploads\/2024\/07\/6408397a282b9_amplify-header-frachtvermessung-800x375.png 800w, https:\/\/amplify-test.pepperl-fuchs.com\/wp-content\/uploads\/2024\/07\/6408397a282b9_amplify-header-frachtvermessung-1200x563.png 1200w, https:\/\/amplify-test.pepperl-fuchs.com\/wp-content\/uploads\/2024\/07\/6408397a282b9_amplify-header-frachtvermessung.png 1920w\" sizes=\"(max-width: 640px) 100vw, 1200px\" \/><\/span><\/div><\/div><\/div><div class=\"fusion-layout-column fusion_builder_column fusion-builder-column-1 fusion_builder_column_3_4 3_4 fusion-flex-column\" style=\"--awb-bg-size:cover;--awb-width-large:75%;--awb-margin-top-large:0px;--awb-spacing-right-large:2.56%;--awb-margin-bottom-large:20px;--awb-spacing-left-large:2.56%;--awb-width-medium:75%;--awb-order-medium:0;--awb-spacing-right-medium:2.56%;--awb-spacing-left-medium:2.56%;--awb-width-small:100%;--awb-order-small:0;--awb-spacing-right-small:1.92%;--awb-spacing-left-small:1.92%;\"><div class=\"fusion-column-wrapper fusion-column-has-shadow fusion-flex-justify-content-flex-start fusion-content-layout-column\"><div class=\"fusion-text fusion-text-3 elt_text\"><p>Ob Standardpaletten, Frachtgut in \u00dcbergr\u00f6\u00dfe oder sonstiges St\u00fcck- und Sperrgut: Jedes Unternehmen, das Waren versendet, profitiert von einer m\u00f6glichst genauen Messung der Frachtdimensionen. Denn dadurch lassen sich nicht nur die Frachtkosten exakt bestimmen. Auch die Beladung von Lkws l\u00e4sst sich auf dieser Grundlage optimieren, sodass der begrenzte Platz im Lastwagen so gut wie m\u00f6glich ausgenutzt wird.<\/p>\n<p>In vielen Unternehmen findet die Frachtvermessung noch manuell statt. \u201eDie Palette mit dem Zollstock per Hand abmessen, die Zahlen auf einem Zettel notieren und in den PC eintippen \u2014 das ist ebenso aufwendig wie fehleranf\u00e4llig\u201c, kommentiert Lars Ambrosy, Gesch\u00e4ftsf\u00fchrer von LASE Industrielle Lasertechnik GmbH. Um diesen Prozess zu digitalisieren, hat sein Unternehmen Systeme f\u00fcr die automatisierte Frachtvermessung entwickelt \u2014 mit Unterst\u00fctzung von LiDAR-Sensoren aus dem Hause Pepperl+Fuchs.<\/p>\n<\/div><div class=\"fusion-text fusion-text-4 elt_headline_text\"><h2>Weg von Stift und Papier<\/h2>\n<p>LASE ist spezialisiert darauf, mit Lasertechnologie die unterschiedlichsten industriellen Anwendungen zu l\u00f6sen. Daf\u00fcr kommt eigens entwickelte, applikationsspezifische Software zum Einsatz, die die Rohdaten von Lasersensoren weiterverarbeitet. Das Unternehmen mit Sitz im nordrhein-westf\u00e4lischen Wesel hat sich seit den 1990er-Jahren in H\u00e4fen, Stahlwerken und im Bergbau etabliert. \u201eVor circa f\u00fcnf Jahren haben wir begonnen, auch im Bereich Logistik Fu\u00df zu fassen\u201c, erz\u00e4hlt Ambrosy. \u201eDie Technologien, die wir schon lange im gro\u00dfen Ma\u00dfstab im Hafenbereich einsetzen, wollten wir f\u00fcr \u00e4hnliche Vermessungsaufgaben in der Logistik nutzbar machen.\u201c<\/p>\n<p>Welche Vorteile die automatisierte Frachtvermessung bietet, liegt f\u00fcr den Gesch\u00e4ftsf\u00fchrer von LASE auf der Hand: \u201eDurch die Digitalisierung der Prozesse findet die Frachtvermessung vollst\u00e4ndig ohne manuelles Erfassen und Eingeben von Informationen statt. Das minimiert nicht nur den Aufwand und die Fehleranf\u00e4lligkeit, sondern erh\u00f6ht auch die Nachverfolgbarkeit.\u201c<\/p>\n<\/div><style type=\"text\/css\">.quote {\r\n\tdisplay: flex;\r\n\talign-items: center;\r\n\tmargin-bottom: 24px;\r\n}\r\n.quote-wrapper {\r\n    \/*position: relative;\r\n    display: flex;*\/\r\n}\r\n.quote-text {\r\n\t\theight: 220px;\r\n\t\talign-content: center;\r\n    border-top: 1px solid #00a587;\r\n\t\tborder-bottom: 1px solid #00a587;\r\n\t\tfont-size: 24px;\r\n\t\tfont-style: italic;\r\n\t\tcolor: #00a587;\r\n\t\tline-height: 28px;\r\n }\r\n.quote-person {\r\n\t\tcolor: #373737;\r\n\t\tfont-size: 14px;\r\n\t\t\r\n}\r\n  .quote-image {\r\n    max-height: 220px; \/* Beispielh\u00f6he des Bildes *\/\r\n\t\tmargin-right: 10px;\r\n  }<\/style><div class=\"quote\">\r\n\t<img decoding=\"async\" src=\"https:\/\/amplify-test.pepperl-fuchs.com\/wp-content\/uploads\/2024\/07\/64083ade2f2b5_lars-ambrosy-ceo-lase.png\" alt=\"\" class=\"quote-image\">\r\n\t<div class=\"quote-wrapper\">\t\r\n\t\t<div class=\"quote-text\">\u201eWir nutzen den LiDAR-Sensor R2000, um ein 3-D-Punktwolkenbild eines Messobjekts zu erzeugen. Daraus werden die Dimensionen und das Volumen der Fracht auf +\/- 20 mm genau ermittelt.\u201c\r\n\t\t\t<div class=\"quote-person\">Lars Ambrosy, Gesch\u00e4ftsf\u00fchrer von LASE Industrielle Lasertechnik GmbH<\/div>\r\n\t\t<\/div>\r\n\t<\/div>\r\n<\/div><div class=\"fusion-text fusion-text-5 elt_headline_text\"><h2>Messergebnisse in wenigen Sekunden<\/h2>\n<p>Um die vollautomatische Vermessung von Paletten und anderen Frachtst\u00fccken zu erm\u00f6glichen, hat LASE eine Reihe von Systemen mit dem Namen LaseAFM entwickelt. \u201eBei diesen Systemen nutzen wir den LiDAR-Sensor R2000 von Pepperl+Fuchs, um ein 3-D-Punktwolkenbild eines Messobjekts zu erzeugen. Daraus werden die Dimensionen und das Volumen der Fracht auf +\/-\u00a020 mm genau ermittelt. Diese Daten k\u00f6nnen daraufhin automatisch dem Warenwirtschaftssystem zugef\u00fchrt werden\u201c, erkl\u00e4rt Ambrosy.<\/p>\n<p>LaseAFM-2-MB, ein besonders innovatives System aus der LaseAFM-Serie, kommt zum Einsatz, wenn Paletten oder andere Frachtst\u00fccke auf einer Messfl\u00e4che am Boden vermessen werden. Diagonal dar\u00fcber wird ein Messbalken montiert, der zum Beispiel von der Decke abgeh\u00e4ngt wird und an dessen beiden Enden jeweils ein LiDAR-Sensor in einer Schwenkeinheit befestigt ist. \u201eDie Laserscanner werden durch einen Servomotor einmal von links nach rechts gedreht und erfassen somit alle Seiten der Palette. In Kombination mit den Bewegungsdaten der Schwenkeinheit ermittelt eine Auswerteeinheit innerhalb weniger Sekunden den Volumenbedarf\u201c, fasst Ambrosy das Funktionsprinzip zusammen.<\/p>\n<\/div><div class=\"fusion-image-carousel fusion-image-carousel-auto fusion-image-carousel-1 fusion-carousel-border awb-image-carousel-top-below-caption elt_gallery\"><div class=\"awb-carousel awb-swiper awb-swiper-carousel awb-carousel--carousel awb-swiper-dots-position-bottom awb-imageframe-style awb-imageframe-style-above awb-imageframe-style-1\" data-layout=\"carousel\" data-autoplay=\"no\" data-autoplayspeed=\"2500\" data-autoplaypause=\"no\" data-columns=\"1\" data-columnsmedium=\"1\" data-columnssmall=\"1\" data-itemmargin=\"13\" data-itemwidth=\"180\" data-touchscroll=\"no\" data-freemode=\"no\" data-imagesize=\"auto\" data-scrollitems=\"0\" data-centeredslides=\"no\" data-rotationangle=\"50\" data-depth=\"100\" data-speed=\"500\" data-shadow=\"no\" data-pagination=\"bullets\" style=\"--awb-columns:1;--awb-border-width:1px;--awb-border-color:#e9eaee;\"><div class=\"swiper-wrapper awb-image-carousel-wrapper fusion-flex-align-items-center\"><div class=\"swiper-slide\"><div class=\"fusion-carousel-item-wrapper\"><div class=\"awb-imageframe-caption-container\"><div class=\"awb-imageframe-caption\"><p class=\"awb-imageframe-caption-text\">Freie Fahrt f\u00fcr Gabelstapler: Beim Einsatz des Systems Lase-AFM-2-MB kann der Messbalken einfach von der Decke abgeh\u00e4ngt werden.<\/p><\/div><\/div><div class=\"fusion-image-wrapper hover-type-none\"><img decoding=\"async\" width=\"566\" height=\"478\" src=\"https:\/\/amplify-test.pepperl-fuchs.com\/wp-content\/uploads\/2024\/07\/64083dfa3edf1_lase-afm-2-mb.png\" class=\"attachment-full size-full\" alt=\"Einsatz des LaseAFM-2-MB Systems\" srcset=\"https:\/\/amplify-test.pepperl-fuchs.com\/wp-content\/uploads\/2024\/07\/64083dfa3edf1_lase-afm-2-mb-200x169.png 200w, https:\/\/amplify-test.pepperl-fuchs.com\/wp-content\/uploads\/2024\/07\/64083dfa3edf1_lase-afm-2-mb-300x253.png 300w, https:\/\/amplify-test.pepperl-fuchs.com\/wp-content\/uploads\/2024\/07\/64083dfa3edf1_lase-afm-2-mb-400x338.png 400w, https:\/\/amplify-test.pepperl-fuchs.com\/wp-content\/uploads\/2024\/07\/64083dfa3edf1_lase-afm-2-mb.png 566w\" sizes=\"(max-width: 566px) 100vw, 566px\" \/><\/div><\/div><\/div><div class=\"swiper-slide\"><div class=\"fusion-carousel-item-wrapper\"><div class=\"awb-imageframe-caption-container\"><div class=\"awb-imageframe-caption\"><p class=\"awb-imageframe-caption-text\">An beiden Enden des Messbalkens befindet sich ein 2-D-LiDAR-Sensor des Typs R2000 von Pepperl+Fuchs.<\/p><\/div><\/div><div class=\"fusion-image-wrapper hover-type-none\"><img decoding=\"async\" width=\"566\" height=\"478\" src=\"https:\/\/amplify-test.pepperl-fuchs.com\/wp-content\/uploads\/2024\/07\/64083dfa3f544_lase-messbalken.png\" class=\"attachment-full size-full\" alt=\"2-D-LiDAR-Sensor am Ende des Messbalken des LASE-Systems\" srcset=\"https:\/\/amplify-test.pepperl-fuchs.com\/wp-content\/uploads\/2024\/07\/64083dfa3f544_lase-messbalken-200x169.png 200w, https:\/\/amplify-test.pepperl-fuchs.com\/wp-content\/uploads\/2024\/07\/64083dfa3f544_lase-messbalken-300x253.png 300w, https:\/\/amplify-test.pepperl-fuchs.com\/wp-content\/uploads\/2024\/07\/64083dfa3f544_lase-messbalken-400x338.png 400w, https:\/\/amplify-test.pepperl-fuchs.com\/wp-content\/uploads\/2024\/07\/64083dfa3f544_lase-messbalken.png 566w\" sizes=\"(max-width: 566px) 100vw, 566px\" \/><\/div><\/div><\/div><div class=\"swiper-slide\"><div class=\"fusion-carousel-item-wrapper\"><div class=\"awb-imageframe-caption-container\"><div class=\"awb-imageframe-caption\"><p class=\"awb-imageframe-caption-text\">Eine Schwenkeinheit dreht die Sensoren w\u00e4hrend der Vermessung von einer Seite zur anderen.<\/p><\/div><\/div><div class=\"fusion-image-wrapper hover-type-none\"><img decoding=\"async\" width=\"566\" height=\"478\" src=\"https:\/\/amplify-test.pepperl-fuchs.com\/wp-content\/uploads\/2024\/07\/64083dfa3f658_lase-r2000-schwenkeinheit.png\" class=\"attachment-full size-full\" alt=\"Close-up des R2000 in der Anwendung\" srcset=\"https:\/\/amplify-test.pepperl-fuchs.com\/wp-content\/uploads\/2024\/07\/64083dfa3f658_lase-r2000-schwenkeinheit-200x169.png 200w, https:\/\/amplify-test.pepperl-fuchs.com\/wp-content\/uploads\/2024\/07\/64083dfa3f658_lase-r2000-schwenkeinheit-300x253.png 300w, https:\/\/amplify-test.pepperl-fuchs.com\/wp-content\/uploads\/2024\/07\/64083dfa3f658_lase-r2000-schwenkeinheit-400x338.png 400w, https:\/\/amplify-test.pepperl-fuchs.com\/wp-content\/uploads\/2024\/07\/64083dfa3f658_lase-r2000-schwenkeinheit.png 566w\" sizes=\"(max-width: 566px) 100vw, 566px\" \/><\/div><\/div><\/div><div class=\"swiper-slide\"><div class=\"fusion-carousel-item-wrapper\"><div class=\"awb-imageframe-caption-container\"><div class=\"awb-imageframe-caption\"><p class=\"awb-imageframe-caption-text\">So erfassen die Laserscanner alle Seiten der Frachtst\u00fccke.<\/p><\/div><\/div><div class=\"fusion-image-wrapper hover-type-none\"><img decoding=\"async\" width=\"566\" height=\"478\" src=\"https:\/\/amplify-test.pepperl-fuchs.com\/wp-content\/uploads\/2024\/07\/64083dfa3f75c_lase-frachtvermessung-laserscanner.png\" class=\"attachment-full size-full\" alt=\"Laserscan eines Frachtguts mit R2000 LiDAR-Sensoren\" srcset=\"https:\/\/amplify-test.pepperl-fuchs.com\/wp-content\/uploads\/2024\/07\/64083dfa3f75c_lase-frachtvermessung-laserscanner-200x169.png 200w, https:\/\/amplify-test.pepperl-fuchs.com\/wp-content\/uploads\/2024\/07\/64083dfa3f75c_lase-frachtvermessung-laserscanner-300x253.png 300w, https:\/\/amplify-test.pepperl-fuchs.com\/wp-content\/uploads\/2024\/07\/64083dfa3f75c_lase-frachtvermessung-laserscanner-400x338.png 400w, https:\/\/amplify-test.pepperl-fuchs.com\/wp-content\/uploads\/2024\/07\/64083dfa3f75c_lase-frachtvermessung-laserscanner.png 566w\" sizes=\"(max-width: 566px) 100vw, 566px\" \/><\/div><\/div><\/div><div class=\"swiper-slide\"><div class=\"fusion-carousel-item-wrapper\"><div class=\"awb-imageframe-caption-container\"><div class=\"awb-imageframe-caption\"><p class=\"awb-imageframe-caption-text\">Aus den Messergebnissen wird daraufhin eine 3-D-Punktewolke erzeugt.<\/p><\/div><\/div><div class=\"fusion-image-wrapper hover-type-none\"><img decoding=\"async\" width=\"566\" height=\"478\" src=\"https:\/\/amplify-test.pepperl-fuchs.com\/wp-content\/uploads\/2024\/07\/64083dfa3f82b_lase-punktewolke.png\" class=\"attachment-full size-full\" alt=\"Scan der Frachtladung als 3-D-Punktewolke\" srcset=\"https:\/\/amplify-test.pepperl-fuchs.com\/wp-content\/uploads\/2024\/07\/64083dfa3f82b_lase-punktewolke-200x169.png 200w, https:\/\/amplify-test.pepperl-fuchs.com\/wp-content\/uploads\/2024\/07\/64083dfa3f82b_lase-punktewolke-300x253.png 300w, https:\/\/amplify-test.pepperl-fuchs.com\/wp-content\/uploads\/2024\/07\/64083dfa3f82b_lase-punktewolke-400x338.png 400w, https:\/\/amplify-test.pepperl-fuchs.com\/wp-content\/uploads\/2024\/07\/64083dfa3f82b_lase-punktewolke.png 566w\" sizes=\"(max-width: 566px) 100vw, 566px\" \/><\/div><\/div><\/div><\/div><div class=\"awb-swiper-button awb-swiper-button-prev\"><i class=\"awb-icon-angle-left\" aria-hidden=\"true\"><\/i><\/div><div class=\"awb-swiper-button awb-swiper-button-next\"><i class=\"awb-icon-angle-right\" aria-hidden=\"true\"><\/i><\/div><\/div><\/div><div class=\"fusion-text fusion-text-6 elt_text\"><p>Der Aufbau von LaseAFM-2-MB biete zahlreiche Vorteile im Vergleich zu anderen L\u00f6sungen auf dem Markt, so Ambrosy. Da der Messbalken von der Decke abgeh\u00e4ngt werde, gebe es keine st\u00f6renden Metallkonstruktionen, die die Fahrwege von Gabelstaplern oder Flurf\u00f6rderfahrzeugen beeintr\u00e4chtigen k\u00f6nnten. Gegen\u00fcber anderen Systemen, die auf einem viereckigen Rahmen mit zwei Lineareinheiten basieren, zeichne sich LaseAFM-2-MB au\u00dferdem durch besondere Effizienz und ein geringes Gewicht aus: \u201eWeil wir lediglich einen Messbalken ben\u00f6tigen, ist unser System leichter zu montieren und weniger wartungs- und st\u00f6ranf\u00e4llig.\u201c<\/p>\n<\/div><div class=\"fusion-text fusion-text-7 elt_headline_text\"><h2>H\u00f6chste Aufl\u00f6sung, kompakte Bauform<\/h2>\n<p>Als die Spezialisten f\u00fcr Lasermesstechnik mit der Entwicklung ihrer Frachtvermessungssysteme begannen, spielte die Auswahl der geeigneten Sensorik eine entscheidende Rolle. Denn um Paletten schnell und pr\u00e4zise in 3-D zu vermessen, brauchte es Sensoren mit einem entsprechenden Aufl\u00f6sungsverm\u00f6gen. Eine zus\u00e4tzliche Herausforderung stellte die schlecht reflektierende schwarze Kunststofffolie dar, mit der die Paletten h\u00e4ufig umwickelt sind.<\/p>\n<p>Auf der Suche nach der passenden Sensorik wandte sich LASE an Pepperl+Fuchs. Um die Frachtvermessung zu automatisieren, empfahl Business Development Manager Arno Hagemann den Einsatz des 2-D-LiDAR-Sensors R2000: \u201eDieser Sensor zeichnet sich durch einen kleinen Lichtfleck in Kombination mit der h\u00f6chsten Winkelaufl\u00f6sung seiner Klasse aus. So bietet er eine au\u00dferordentlich hohe Pixeldichte \u2014 bei einer kompakten Bauform und einem Gewicht von nur 800\u00a0g.\u201c<\/p>\n<\/div><div class=\"fusion-image-carousel fusion-image-carousel-auto fusion-image-carousel-2 fusion-carousel-border awb-image-carousel-top-below-caption elt_gallery\"><div class=\"awb-carousel awb-swiper awb-swiper-carousel awb-carousel--carousel awb-swiper-dots-position-bottom awb-imageframe-style awb-imageframe-style-above awb-imageframe-style-2\" data-layout=\"carousel\" data-autoplay=\"no\" data-autoplayspeed=\"2500\" data-autoplaypause=\"no\" data-columns=\"1\" data-columnsmedium=\"1\" data-columnssmall=\"1\" data-itemmargin=\"13\" data-itemwidth=\"180\" data-touchscroll=\"no\" data-freemode=\"no\" data-imagesize=\"auto\" data-scrollitems=\"0\" data-centeredslides=\"no\" data-rotationangle=\"50\" data-depth=\"100\" data-speed=\"500\" data-shadow=\"no\" data-pagination=\"bullets\" style=\"--awb-columns:1;--awb-border-width:1px;--awb-border-color:#e9eaee;\"><div class=\"swiper-wrapper awb-image-carousel-wrapper fusion-flex-align-items-center\"><div class=\"swiper-slide\"><div class=\"fusion-carousel-item-wrapper\"><div class=\"awb-imageframe-caption-container\"><div class=\"awb-imageframe-caption\"><p class=\"awb-imageframe-caption-text\">Dank einer Winkelaufl\u00f6sung von bis zu 0,014\u00b0 erm\u00f6glicht der 2-D-LiDAR-Sensor R2000 h\u00f6chste Pr\u00e4zision.<\/p><\/div><\/div><div class=\"fusion-image-wrapper hover-type-none\"><img decoding=\"async\" width=\"566\" height=\"478\" src=\"https:\/\/amplify-test.pepperl-fuchs.com\/wp-content\/uploads\/2024\/07\/640854b04051d_lidar-sensor-r2000.png\" class=\"attachment-full size-full\" alt=\"2-D-LiDAR-Sensor R2000 von Pepperl+Fuchs\" srcset=\"https:\/\/amplify-test.pepperl-fuchs.com\/wp-content\/uploads\/2024\/07\/640854b04051d_lidar-sensor-r2000-200x169.png 200w, https:\/\/amplify-test.pepperl-fuchs.com\/wp-content\/uploads\/2024\/07\/640854b04051d_lidar-sensor-r2000-300x253.png 300w, https:\/\/amplify-test.pepperl-fuchs.com\/wp-content\/uploads\/2024\/07\/640854b04051d_lidar-sensor-r2000-400x338.png 400w, https:\/\/amplify-test.pepperl-fuchs.com\/wp-content\/uploads\/2024\/07\/640854b04051d_lidar-sensor-r2000.png 566w\" sizes=\"(max-width: 566px) 100vw, 566px\" \/><\/div><\/div><\/div><div class=\"swiper-slide\"><div class=\"fusion-carousel-item-wrapper\"><div class=\"awb-imageframe-caption-container\"><div class=\"awb-imageframe-caption\"><p class=\"awb-imageframe-caption-text\">Der 360\u00b0-Messwinkel des R2000 sorgt f\u00fcr eine l\u00fcckenlose Rundumsicht.<\/p><\/div><\/div><div class=\"fusion-image-wrapper hover-type-none\"><img decoding=\"async\" width=\"566\" height=\"478\" src=\"https:\/\/amplify-test.pepperl-fuchs.com\/wp-content\/uploads\/2024\/07\/640854b040be1_r2000-360-degrees.png\" class=\"attachment-full size-full\" alt=\"360\u00b0-Messwinkel des R2000\" srcset=\"https:\/\/amplify-test.pepperl-fuchs.com\/wp-content\/uploads\/2024\/07\/640854b040be1_r2000-360-degrees-200x169.png 200w, https:\/\/amplify-test.pepperl-fuchs.com\/wp-content\/uploads\/2024\/07\/640854b040be1_r2000-360-degrees-300x253.png 300w, https:\/\/amplify-test.pepperl-fuchs.com\/wp-content\/uploads\/2024\/07\/640854b040be1_r2000-360-degrees-400x338.png 400w, https:\/\/amplify-test.pepperl-fuchs.com\/wp-content\/uploads\/2024\/07\/640854b040be1_r2000-360-degrees.png 566w\" sizes=\"(max-width: 566px) 100vw, 566px\" \/><\/div><\/div><\/div><\/div><div class=\"awb-swiper-button awb-swiper-button-prev\"><i class=\"awb-icon-angle-left\" aria-hidden=\"true\"><\/i><\/div><div class=\"awb-swiper-button awb-swiper-button-next\"><i class=\"awb-icon-angle-right\" aria-hidden=\"true\"><\/i><\/div><\/div><\/div><div class=\"fusion-text fusion-text-8 elt_headline_text\"><h2>F\u00fcr spezielle Anforderungen optimiert<\/h2>\n<p>Warum diese Eigenschaften f\u00fcr das System LaseAFM-2-MB von besonderer Bedeutung waren, f\u00fchrt Ambrosy n\u00e4her aus: \u201eDie hohe Scanfrequenz des R2000 erm\u00f6glicht eine schnelle Messung, w\u00e4hrend der kleine Lichtfleck f\u00fcr eine pr\u00e4zise Abtastung sorgt. So k\u00f6nnen wir die Dimensionen der Frachtst\u00fccke in wenigen Sekunden sehr genau erfassen. Auch das niedrige Gewicht ist von Vorteil, weil wir dadurch die Servomotorik in der Schwenkeinheit klein halten konnten.\u201c<\/p>\n<p>Doch nicht alle Applikationsanforderungen waren von Anfang an erf\u00fcllt \u2014 eine besondere Herausforderung stellte die Erfassung der schwarzen Verpackungsfolie dar. \u201eAls die Anfrage von LASE zu uns kam, waren wir bereits in der Entwicklung einer neuen Variante des R2000\u201c, berichtet Hagemann. \u201eUm die Anwendung von LASE bestm\u00f6glich zu l\u00f6sen, haben wir die neue Variante darauf hin optimiert, dass sie eine sehr gro\u00dfe Reichweite auf schwarze Oberfl\u00e4chen hat.\u201c So wurde dieser Wert bei dem neuen Modell OMD60M gegen\u00fcber dem Standardmodell verdoppelt. \u201eObwohl die schwarze Folie nur drei bis vier Prozent des Lichts reflektiert, ergibt sich immer noch eine Reichweite von ca. acht Metern \u2014 was f\u00fcr die Vermessung von Frachtst\u00fccken vollkommen ausreicht\u201c, rechnet Hagemann vor.<\/p>\n<\/div><style type=\"text\/css\">.quote {\r\n\tdisplay: flex;\r\n\talign-items: center;\r\n\tmargin-bottom: 24px;\r\n}\r\n.quote-wrapper {\r\n    \/*position: relative;\r\n    display: flex;*\/\r\n}\r\n.quote-text {\r\n\t\theight: 220px;\r\n\t\talign-content: center;\r\n    border-top: 1px solid #00a587;\r\n\t\tborder-bottom: 1px solid #00a587;\r\n\t\tfont-size: 24px;\r\n\t\tfont-style: italic;\r\n\t\tcolor: #00a587;\r\n\t\tline-height: 28px;\r\n }\r\n.quote-person {\r\n\t\tcolor: #373737;\r\n\t\tfont-size: 14px;\r\n\t\t\r\n}\r\n  .quote-image {\r\n    max-height: 220px; \/* Beispielh\u00f6he des Bildes *\/\r\n\t\tmargin-right: 10px;\r\n  }<\/style><div class=\"quote\">\r\n\t<img decoding=\"async\" src=\"https:\/\/amplify-test.pepperl-fuchs.com\/wp-content\/uploads\/2024\/07\/6408551e78a4d_arno-hagemann-pepperl-fuchs.jpg\" alt=\"\" class=\"quote-image\">\r\n\t<div class=\"quote-wrapper\">\t\r\n\t\t<div class=\"quote-text\">\u201eUm die Anwendung bestm\u00f6glich zu l\u00f6sen, haben wir die neue Variante des R2000 darauf hin optimiert, dass sie eine sehr gro\u00dfe Reichweite auf schwarze Oberfl\u00e4chen hat.\u201c\r\n\t\t\t<div class=\"quote-person\">Arno Hagemann, Business Development Manager f\u00fcr LiDAR-Sensoren bei Pepperl+Fuchs<\/div>\r\n\t\t<\/div>\r\n\t<\/div>\r\n<\/div><div class=\"fusion-text fusion-text-9 elt_text\"><p>Auf die Zusammenarbeit mit dem Mannheimer Automatisierungsspezialisten blickt Ambrosy positiv zur\u00fcck: \u201ePepperl+Fuchs hat uns nach kurzer Zeit einen Prototypen zur Verf\u00fcgung gestellt, den wir in der Anwendung getestet haben. Dabei hat der Sensor perfekte Eigenschaften f\u00fcr die Erkennung schwarzer Verpackungsfolie gezeigt. Neben der hohen Aufl\u00f6sung, der kompakten Bauform und dem wirtschaftlichen Preis war das ein wesentlicher Grund, weshalb wir uns f\u00fcr den R2000 entschieden haben.\u201c<\/p>\n<\/div><div class=\"fusion-text fusion-text-10 elt_headline_text\"><h2>Vielfach im Einsatz<\/h2>\n<p>Auch bei weiteren L\u00f6sungen f\u00fcr die automatische Frachtvermessung setzt LASE auf den 2-D-LiDAR-Sensor von Pepperl+Fuchs \u2014 so etwa bei dem System LaseAFM-Tower, das f\u00fcr den Einsatz an halb automatischen Wickelmaschinen konzipiert ist. Hierbei wird die Palette auf einen Drehteller gestellt und mit Folie umwickelt, um die Ladung zu sichern. Der OMD60M-R2000 vermisst die Palette w\u00e4hrend des Drehvorgangs. Ein einziger Sensor ist somit dazu in der Lage, alle Seiten der Palette zu erfassen.<\/p>\n<\/div><div class=\"fusion-image-element awb-imageframe-style awb-imageframe-style-below awb-imageframe-style-2\" style=\"--awb-caption-title-font-family:var(--h3_typography-font-family);--awb-caption-title-font-weight:var(--h3_typography-font-weight);--awb-caption-title-font-style:var(--h3_typography-font-style);--awb-caption-title-size:var(--h3_typography-font-size);--awb-caption-title-transform:var(--h3_typography-text-transform);--awb-caption-title-line-height:var(--h3_typography-line-height);--awb-caption-title-letter-spacing:var(--h3_typography-letter-spacing);\"><span class=\" fusion-imageframe imageframe-none imageframe-2 hover-type-none elt_image\"><a href=\"https:\/\/amplify-test.pepperl-fuchs.com\/wp-content\/uploads\/2024\/07\/640855c419d90_lase-afm-tower.png\" class=\"fusion-lightbox\" data-rel=\"iLightbox[4bfb1fb871afcd2e33c]\" data-caption=\"\"><img decoding=\"async\" width=\"850\" height=\"478\" alt=\"Funktionsweise und Komponenten des LaseAFM-Towers\" src=\"https:\/\/amplify-test.pepperl-fuchs.com\/wp-content\/uploads\/2024\/07\/640855c419d90_lase-afm-tower.png\" class=\"img-responsive wp-image-1689\" srcset=\"https:\/\/amplify-test.pepperl-fuchs.com\/wp-content\/uploads\/2024\/07\/640855c419d90_lase-afm-tower-200x112.png 200w, https:\/\/amplify-test.pepperl-fuchs.com\/wp-content\/uploads\/2024\/07\/640855c419d90_lase-afm-tower-400x225.png 400w, https:\/\/amplify-test.pepperl-fuchs.com\/wp-content\/uploads\/2024\/07\/640855c419d90_lase-afm-tower-600x337.png 600w, https:\/\/amplify-test.pepperl-fuchs.com\/wp-content\/uploads\/2024\/07\/640855c419d90_lase-afm-tower-800x450.png 800w, https:\/\/amplify-test.pepperl-fuchs.com\/wp-content\/uploads\/2024\/07\/640855c419d90_lase-afm-tower.png 850w\" sizes=\"(max-width: 640px) 100vw, 850px\" \/><\/a><\/span><div class=\"awb-imageframe-caption-container\"><div class=\"awb-imageframe-caption\"><p class=\"awb-imageframe-caption-text\">Bei dem System LaseAFM-Tower ist der LiDAR-Sensor R2000 ist in einer stabilen Metalls\u00e4ule integriert.<\/p><\/div><\/div><\/div><div class=\"fusion-text fusion-text-11 elt_text\"><p>\u201eDiese Form der Frachtvermessung ist besonders zeitsparend, weil die Vermessung parallel zum Wickelprozess stattfindet\u201c, erkl\u00e4rt Ambrosy. Wie bei Lase-AFM-2-MB habe sich auch bei diesem System der R2000 von Pepperl+Fuchs bew\u00e4hrt \u2014 nicht nur, weil er ein hohes Detektionsverm\u00f6gen f\u00fcr schwarze Kunststofffolie besitze, sondern auch, weil er sich mit seiner kompakten Bauform gut in Wickelmaschinen integrieren lasse.<\/p>\n<\/div><div class=\"fusion-text fusion-text-12 elt_headline_text\"><h2>Auf dem Weg in die Logistik der Zukunft<\/h2>\n<\/div><style type=\"text\/css\">.quote {\r\n\tdisplay: flex;\r\n\talign-items: center;\r\n\tmargin-bottom: 24px;\r\n}\r\n.quote-wrapper {\r\n    \/*position: relative;\r\n    display: flex;*\/\r\n}\r\n.quote-text {\r\n\t\theight: 220px;\r\n\t\talign-content: center;\r\n    border-top: 1px solid #00a587;\r\n\t\tborder-bottom: 1px solid #00a587;\r\n\t\tfont-size: 24px;\r\n\t\tfont-style: italic;\r\n\t\tcolor: #00a587;\r\n\t\tline-height: 28px;\r\n }\r\n.quote-person {\r\n\t\tcolor: #373737;\r\n\t\tfont-size: 14px;\r\n\t\t\r\n}\r\n  .quote-image {\r\n    max-height: 220px; \/* Beispielh\u00f6he des Bildes *\/\r\n\t\tmargin-right: 10px;\r\n  }<\/style><div class=\"quote\">\r\n\t<img decoding=\"async\" src=\"https:\/\/amplify-test.pepperl-fuchs.com\/wp-content\/uploads\/2024\/07\/6408565db6009_lase-lars-mohr.png\" alt=\"\" class=\"quote-image\">\r\n\t<div class=\"quote-wrapper\">\t\r\n\t\t<div class=\"quote-text\">\u201eDie Digitalisierung in der Logistik nimmt gerade erst an Fahrt auf. Mit unseren Systemen f\u00fcr die automatische Frachtvermessung leisten wir hierzu einen Beitrag.\u201c\r\n\t\t\t<div class=\"quote-person\">Lars Mohr, Vertriebsleiter bei LASE Industrielle Lasertechnik GmbH<\/div>\r\n\t\t<\/div>\r\n\t<\/div>\r\n<\/div><div class=\"fusion-text fusion-text-13 elt_text\"><p>Seit \u00fcber f\u00fcnf Jahren sind die Frachtvermessungssysteme von LASE nun auf dem Markt erh\u00e4ltlich. F\u00fcr Vertriebsleiter Lars Mohr ist die bisherige Entwicklung eine Erfolgsgeschichte: \u201eWir haben nur zufriedene Kunden \u2014 und merken, dass das Interesse immer weiter w\u00e4chst.\u201c Denn, so betont Mohr, in der automatischen Frachtvermessung liegt ein enormes Potenzial f\u00fcr die Zukunft. \u201eDie Digitalisierung in der Logistik nimmt gerade erst an Fahrt auf. Mit unseren Systemen f\u00fcr die automatische Frachtvermessung leisten wir einen Beitrag, um den manuellen Aufwand f\u00fcr Unternehmen zu reduzieren und den gesamten Prozess so effizient wie m\u00f6glich zu gestalten.\u201c<\/p>\n<\/div><\/div><\/div><div class=\"fusion-layout-column fusion_builder_column fusion-builder-column-2 fusion_builder_column_1_4 1_4 fusion-flex-column\" style=\"--awb-bg-size:cover;--awb-width-large:25%;--awb-margin-top-large:0px;--awb-spacing-right-large:7.68%;--awb-margin-bottom-large:20px;--awb-spacing-left-large:7.68%;--awb-width-medium:25%;--awb-order-medium:0;--awb-spacing-right-medium:7.68%;--awb-spacing-left-medium:7.68%;--awb-width-small:100%;--awb-order-small:0;--awb-spacing-right-small:1.92%;--awb-spacing-left-small:1.92%;\"><div class=\"fusion-column-wrapper fusion-column-has-shadow fusion-flex-justify-content-flex-start fusion-content-layout-column\"><div class=\"fusion-separator fusion-full-width-sep\" style=\"align-self: center;margin-left: auto;margin-right: auto;width:100%;\"><div class=\"fusion-separator-border sep-single sep-solid\" style=\"--awb-height:20px;--awb-amount:20px;--awb-sep-color:var(--awb-color8);border-color:var(--awb-color8);border-top-width:1px;\"><\/div><\/div><div class=\"fusion-social-networks sharingbox-shortcode-icon-wrapper sharingbox-shortcode-icon-wrapper-1 boxed-icons sidebar\">\n\t<span class=\"share-linkedin\">\n\t\t<a href=\"https:\/\/www.linkedin.com\/shareArticle?\" target=\"_blank\" rel=\"noopener noreferrer\" title=\"\" aria-label=\"LinkedIn\" data-placement=\"top\" data-toggle=\"tooltip\" data-title=\"LinkedIn\" data-original-title=\"LinkedIn\">\n\t\t<i class=\"fusion-social-network-icon fusion-tooltip fusion-linkedin awb-icon-linkedin\" style=\"color:#ffffff;background-color:#0077b5;border-color:#0077b5;border-radius:0px;\" aria-hidden=\"true\"><\/i>\n\t\t<\/a>\n\t<\/span>\n\t<span class=\"share-mail\">\n\t\t<a href=\/de\/kontakt\/\" target=\"_self\" title=\"\" aria-label=\"Email\" data-placement=\"top\" data-toggle=\"tooltip\" data-title=\"Email\" data-original-title=\"Email\">\n\t\t<i class=\"fusion-social-network-icon fusion-tooltip fusion-mail awb-icon-mail\" style=\"color:#ffffff;background-color:#00a587;border-color:#00a587;border-radius:0px;\" aria-hidden=\"true\"><\/i>\n\t\t<\/a>\n\t<\/span>\n\t<span class=\"share-insta\">\n\t\t<a href=\"https:\/\/www.instagram.com\" target=\"_blank\" rel=\"noreferrer noopener\" title=\"\" aria-label=\"Instagram\" data-placement=\"top\" data-toggle=\"tooltip\" data-title=\"Instagram\" data-original-title=\"Instagram\">\n\t\t<i class=\"fusion-social-network-icon fusion-tooltip fusion-instagram awb-icon-instagram\" style=\"color:#ffffff;background-color:#c13584;border-color:#c13584;border-radius:0px;\" aria-hidden=\"true\"><\/i>\n\t\t<\/a>\n\t<\/span>\t\n\t<span class=\"share-facebook\">\n\t\t<a href=\"https:\/\/www.facebook.com\/sharer.php?\" target=\"_blank\" rel=\"noreferrer noopener\" title=\"\" aria-label=\"Facebook\" data-placement=\"top\" data-toggle=\"tooltip\" data-title=\"Facebook\" data-original-title=\"Facebook\">\n\t\t<i class=\"fusion-social-network-icon fusion-tooltip fusion-facebook awb-icon-facebook\" style=\"color:#ffffff;background-color:#3b5998;border-color:#3b5998;border-radius:0px;\" aria-hidden=\"true\"><\/i>\n\t\t<\/a>\n\t<\/span>\n<\/div>\n<div class=\"fusion-separator fusion-full-width-sep\" style=\"align-self: center;margin-left: auto;margin-right: auto;width:100%;\"><div class=\"fusion-separator-border sep-single sep-solid\" style=\"--awb-height:20px;--awb-amount:20px;--awb-sep-color:var(--awb-color8);border-color:var(--awb-color8);border-top-width:1px;\"><\/div><\/div><div class=\"fusion-text fusion-text-14 sidebar\"><h4>Seien Sie dabei!<\/h4>\n<p><img decoding=\"async\" class=\"alignnone size-full wp-image-228\" src=\"https:\/\/amplify-test.pepperl-fuchs.com\/wp-content\/uploads\/2024\/07\/amplify-enews-bild.jpg\" alt=\"Two hands holding a tablet computer showing Pepperl+Fuchs newsletter.\" width=\"220\" height=\"124\" srcset=\"https:\/\/amplify-test.pepperl-fuchs.com\/wp-content\/uploads\/2024\/07\/amplify-enews-bild-66x37.jpg 66w, https:\/\/amplify-test.pepperl-fuchs.com\/wp-content\/uploads\/2024\/07\/amplify-enews-bild-177x100.jpg 177w, https:\/\/amplify-test.pepperl-fuchs.com\/wp-content\/uploads\/2024\/07\/amplify-enews-bild-200x113.jpg 200w, https:\/\/amplify-test.pepperl-fuchs.com\/wp-content\/uploads\/2024\/07\/amplify-enews-bild.jpg 220w\" sizes=\"(max-width: 220px) 100vw, 220px\" \/><\/p>\n<p><a href=\"https:\/\/www.pepperl-fuchs.com\/de\/news\/stay-in-touch\/pepperl-fuchs-e-news-gp30796\" target=\"_blank\" rel=\"noopener\">Erhalten Sie mit der e-news regelm\u00e4\u00dfig Neuigkeiten rund um die Welt der Automation.<\/a><\/p>\n<\/div>\n<div class=\"fusion-separator fusion-full-width-sep\" style=\"align-self: center;margin-left: auto;margin-right: auto;width:100%;\"><div class=\"fusion-separator-border sep-single sep-solid\" style=\"--awb-height:20px;--awb-amount:20px;--awb-sep-color:var(--awb-color8);border-color:var(--awb-color8);border-top-width:1px;\"><\/div><\/div><div class=\"fusion-title title fusion-title-2 fusion-sep-none fusion-title-text fusion-title-size-four\"><h4 class=\"fusion-title-heading title-heading-left fusion-responsive-typography-calculated\" style=\"margin:0;--fontSize:24;line-height:var(--awb-typography1-line-height);\">Mehr zum Thema<\/h4><\/div><ul style=\"--awb-iconcolor:var(--awb-color3);--awb-line-height:27.2px;--awb-icon-width:27.2px;--awb-icon-height:27.2px;--awb-icon-margin:11.2px;--awb-content-margin:38.4px;\" class=\"fusion-checklist fusion-checklist-1 fusion-checklist-default type-icons\">\n<li class=\"fusion-li-item\" style=\"\"><span class=\"icon-wrapper circle-no\"><i class=\"fusion-li-icon fa-caret-right fas\" aria-hidden=\"true\"><\/i><\/span><div class=\"fusion-li-item-content\">\n<p><a href=\"https:\/\/www.pepperl-fuchs.com\/global\/de\/classid_53.htm?view=productdetails&amp;prodid=92231\">Der 2-D-LiDAR-Sensor OMD60M-R2000<\/a><\/p>\n<\/div><\/li><li class=\"fusion-li-item\" style=\"\"><span class=\"icon-wrapper circle-no\"><i class=\"fusion-li-icon fa-caret-right fas\" aria-hidden=\"true\"><\/i><\/span><div class=\"fusion-li-item-content\">\n<p><a href=\"https:\/\/lase-solutions.com\/de\/produkte\/logistik\/laseafm\/\" target=\"_blank\" rel=\"noopener\">Die LaseAFM-Serie zur automatisierten Frachtvermessung<\/a><\/p>\n<\/div><\/li><li class=\"fusion-li-item\" style=\"\"><span class=\"icon-wrapper circle-no\"><i class=\"fusion-li-icon fa-caret-right fas\" aria-hidden=\"true\"><\/i><\/span><div class=\"fusion-li-item-content\">\n<p><a href=\"https:\/\/www.pepperl-fuchs.com\/global\/de\/material_handling.htm\">Sensorl\u00f6sungen f\u00fcr die Lager- und F\u00f6rdertechnik<\/a><\/p>\n<\/div><\/li><li class=\"fusion-li-item\" style=\"\"><span class=\"icon-wrapper circle-no\"><i class=\"fusion-li-icon fa-caret-right fas\" aria-hidden=\"true\"><\/i><\/span><div class=\"fusion-li-item-content\">\n<p><a href=\"https:\/\/www.pepperl-fuchs.com\/global\/de\/solutions.htm\">Kundenspezifische L\u00f6sungen von Pepperl+Fuchs<\/a><\/p>\n<\/div><\/li><\/ul><div class=\"fusion-separator fusion-full-width-sep\" style=\"align-self: center;margin-left: auto;margin-right: auto;width:100%;\"><div class=\"fusion-separator-border sep-single sep-solid\" style=\"--awb-height:20px;--awb-amount:20px;--awb-sep-color:var(--awb-color8);border-color:var(--awb-color8);border-top-width:1px;\"><\/div><\/div><div class=\"fusion-modal modal fade modal-1 editorial-use\" tabindex=\"-1\" role=\"dialog\" aria-labelledby=\"modal-heading-1\" aria-hidden=\"true\" style=\"--awb-border-color:var(--awb-color3);--awb-background:var(--awb-color1);\"><div class=\"modal-dialog modal-lg\" role=\"document\"><div class=\"modal-content fusion-modal-content\"><div class=\"modal-header\"><button class=\"close\" type=\"button\" data-dismiss=\"modal\" aria-hidden=\"true\" aria-label=\"Close\">&times;<\/button><h3 class=\"modal-title\" id=\"modal-heading-1\" data-dismiss=\"modal\" aria-hidden=\"true\">Redaktionelle Nutzung<\/h3><\/div><div class=\"modal-body fusion-clearfix\">\n<p>The editorial use of articles from \u201camplify\u201d is only permitted with the prior consent of the publisher Pepperl+Fuchs SE. In addition, the original source <a href=\"https:\/\/amplify-test.pepperl-fuchs.com\/\" target=\"_blank\" rel=\"noopener\">amplify.pepperl-fuchs.com<\/a>\u00a0must be referenced when articles are reused or processed.<\/p>\n<div class=\"fusion-button-wrapper\"><a class=\"fusion-button button-flat fusion-button-default-size button-custom fusion-button-default button-1 fusion-button-default-span fusion-button-default-type\" style=\"--button_accent_color:var(--awb-color1);--button_accent_hover_color:var(--awb-custom_color_2);--button_border_hover_color:var(--awb-custom_color_2);--button_gradient_top_color:var(--awb-color3);--button_gradient_bottom_color:var(--awb-color3);--button_gradient_top_color_hover:var(--awb-color1);--button_gradient_bottom_color_hover:var(--awb-color1);\" target=\"_self\" href=\"mailto:amplify@pepperl-fuchs.com?subject=Request%20Editorial%20Use\"><span class=\"fusion-button-text awb-button__text awb-button__text--default\">Redaktionelle Nutzung anfragen<\/span><\/a><\/div>\n<\/div><\/div><\/div><\/div>\n<div ><a class=\"fusion-button button-flat fusion-button-default-size button-custom fusion-button-default button-2 fusion-button-default-span fusion-button-default-type sidebar\" style=\"--button_accent_color:var(--awb-color1);--button_accent_hover_color:var(--awb-custom_color_2);--button_border_hover_color:var(--awb-custom_color_2);--button_gradient_top_color:var(--awb-color3);--button_gradient_bottom_color:var(--awb-color3);--button_gradient_top_color_hover:var(--awb-color1);--button_gradient_bottom_color_hover:var(--awb-color1);--button_margin-top:12px;--button_margin-right:auto;--button_margin-left:auto;\" target=\"_self\" href=\"#\" data-toggle=\"modal\" data-target=\".fusion-modal.editorial-use\"><i class=\"fa-pen fas awb-button__icon awb-button__icon--default button-icon-left\" aria-hidden=\"true\"><\/i><span class=\"fusion-button-text awb-button__text awb-button__text--default\">Redaktionelle Nutzung<\/span><\/a><\/div>\n<\/div><\/div><\/div><\/div>\n","protected":false},"excerpt":{"rendered":"<p>Wie ein Hersteller von Lasersystemen mit Sensorik von Pepperl+Fuchs die vollautomatische Frachtvermessung erm\u00f6glicht.<\/p>\n","protected":false},"author":7,"featured_media":1636,"comment_status":"open","ping_status":"open","sticky":false,"template":"","format":"standard","meta":{"_acf_changed":false,"footnotes":""},"categories":[20,19,21],"tags":[321],"class_list":["post-2601","post","type-post","status-publish","format-standard","has-post-thumbnail","hentry","category-anwendungen-wissen","category-industrielle-sensoren","category-maerkte-trends","tag-frachtvermessung-2-0-de"],"acf":[],"_links":{"self":[{"href":"https:\/\/amplify-test.pepperl-fuchs.com\/de\/wp-json\/wp\/v2\/posts\/2601","targetHints":{"allow":["GET"]}}],"collection":[{"href":"https:\/\/amplify-test.pepperl-fuchs.com\/de\/wp-json\/wp\/v2\/posts"}],"about":[{"href":"https:\/\/amplify-test.pepperl-fuchs.com\/de\/wp-json\/wp\/v2\/types\/post"}],"author":[{"embeddable":true,"href":"https:\/\/amplify-test.pepperl-fuchs.com\/de\/wp-json\/wp\/v2\/users\/7"}],"replies":[{"embeddable":true,"href":"https:\/\/amplify-test.pepperl-fuchs.com\/de\/wp-json\/wp\/v2\/comments?post=2601"}],"version-history":[{"count":11,"href":"https:\/\/amplify-test.pepperl-fuchs.com\/de\/wp-json\/wp\/v2\/posts\/2601\/revisions"}],"predecessor-version":[{"id":5098,"href":"https:\/\/amplify-test.pepperl-fuchs.com\/de\/wp-json\/wp\/v2\/posts\/2601\/revisions\/5098"}],"wp:featuredmedia":[{"embeddable":true,"href":"https:\/\/amplify-test.pepperl-fuchs.com\/de\/wp-json\/wp\/v2\/media\/1636"}],"wp:attachment":[{"href":"https:\/\/amplify-test.pepperl-fuchs.com\/de\/wp-json\/wp\/v2\/media?parent=2601"}],"wp:term":[{"taxonomy":"category","embeddable":true,"href":"https:\/\/amplify-test.pepperl-fuchs.com\/de\/wp-json\/wp\/v2\/categories?post=2601"},{"taxonomy":"post_tag","embeddable":true,"href":"https:\/\/amplify-test.pepperl-fuchs.com\/de\/wp-json\/wp\/v2\/tags?post=2601"}],"curies":[{"name":"wp","href":"https:\/\/api.w.org\/{rel}","templated":true}]}}