{"id":2609,"date":"2023-01-24T00:00:00","date_gmt":"2023-01-24T00:00:00","guid":{"rendered":"https:\/\/amplify.webservices.de\/2023\/01\/24\/auf-der-richtigen-frequenz-lorawan-als-zukunft-der-fuellstands-und-pegelueberwachung\/"},"modified":"2025-07-09T16:19:22","modified_gmt":"2025-07-09T16:19:22","slug":"auf-der-richtigen-frequenz-lorawan-als-zukunft-der-fuellstands-und-pegelueberwachung","status":"publish","type":"post","link":"https:\/\/amplify-test.pepperl-fuchs.com\/de\/2023\/auf-der-richtigen-frequenz-lorawan-als-zukunft-der-fuellstands-und-pegelueberwachung\/","title":{"rendered":"Auf der richtigen Frequenz \u2013 LoRaWAN als Zukunft der F\u00fcllstands- und Pegel\u00fcberwachung"},"content":{"rendered":"<div class=\"fusion-fullwidth fullwidth-box fusion-builder-row-1 fusion-flex-container has-pattern-background has-mask-background nonhundred-percent-fullwidth non-hundred-percent-height-scrolling gradient-container-1\" style=\"--awb-border-radius-top-left:0px;--awb-border-radius-top-right:0px;--awb-border-radius-bottom-right:0px;--awb-border-radius-bottom-left:0px;--awb-flex-wrap:wrap;\" id=\"article\" ><div class=\"fusion-builder-row fusion-row fusion-flex-align-items-flex-start fusion-flex-content-wrap\" style=\"max-width:1248px;margin-left: calc(-4% \/ 2 );margin-right: calc(-4% \/ 2 );\"><div class=\"fusion-layout-column fusion_builder_column fusion-builder-column-0 fusion_builder_column_1_1 1_1 fusion-flex-column\" style=\"--awb-bg-size:cover;--awb-width-large:100%;--awb-margin-top-large:0px;--awb-spacing-right-large:1.92%;--awb-margin-bottom-large:20px;--awb-spacing-left-large:1.92%;--awb-width-medium:100%;--awb-order-medium:0;--awb-spacing-right-medium:1.92%;--awb-spacing-left-medium:1.92%;--awb-width-small:100%;--awb-order-small:0;--awb-spacing-right-small:1.92%;--awb-spacing-left-small:1.92%;\"><div class=\"fusion-column-wrapper fusion-column-has-shadow fusion-flex-justify-content-flex-start fusion-content-layout-column\"><div class=\"fusion-text fusion-text-1\" id=\"publishing_date\"><p>24. Januar 2023<\/p>\n<\/div><div class=\"fusion-title title fusion-title-1 fusion-sep-none fusion-title-text fusion-title-size-one\" id=\"article_headline\"><h1 class=\"fusion-title-heading title-heading-left fusion-responsive-typography-calculated\" style=\"margin:0;--fontSize:64;line-height:var(--awb-typography1-line-height);\">Auf der richtigen Frequenz \u2013 LoRaWAN als Zukunft der F\u00fcllstands- und Pegel\u00fcberwachung<\/h1><\/div><div class=\"fusion-text fusion-text-2 intro_text\"><p>Der funkbasierte LoRaWAN-Ultraschallsensor \u201eWILSEN\u201c von Pepperl+Fuchs l\u00f6st vielf\u00e4ltige Anwendungen in der Abfallwirtschaft und im Hochwasserschutz.<\/p>\n<\/div><div class=\"fusion-video fusion-selfhosted-video\" style=\"max-width:100%;\"><div class=\"video-wrapper\"><video playsinline=\"true\" width=\"100%\" style=\"object-fit: cover;\" autoplay=\"true\" muted=\"true\" loop=\"true\" preload=\"auto\" controls=\"1\"><source src=\"https:\/\/amplify-test.pepperl-fuchs.com\/wp-content\/uploads\/2023\/01\/63c82cca47fa4_pefu-amplify-art44-wislen-videoheader-20230118-01.mp4\" type=\"video\/mp4\">Sorry, your browser doesn&#039;t support embedded videos.<\/video><\/div><\/div><\/div><\/div><div class=\"fusion-layout-column fusion_builder_column fusion-builder-column-1 fusion_builder_column_3_4 3_4 fusion-flex-column\" style=\"--awb-bg-size:cover;--awb-width-large:75%;--awb-margin-top-large:0px;--awb-spacing-right-large:2.56%;--awb-margin-bottom-large:20px;--awb-spacing-left-large:2.56%;--awb-width-medium:75%;--awb-order-medium:0;--awb-spacing-right-medium:2.56%;--awb-spacing-left-medium:2.56%;--awb-width-small:100%;--awb-order-small:0;--awb-spacing-right-small:1.92%;--awb-spacing-left-small:1.92%;\"><div class=\"fusion-column-wrapper fusion-column-has-shadow fusion-flex-justify-content-flex-start fusion-content-layout-column\"><div class=\"fusion-text fusion-text-3 elt_headline_text\"><h2>Beginn einer Erfolgsgeschichte<\/h2>\n<p>Nachhaltige Innovation\u00a0\u2013ein Begriff, der aus Unternehmenssicht mehrere Dimensionen besitzt: Umfasst er einerseits positive \u00f6kologische Auswirkungen eines Produkts oder einer L\u00f6sung, so sollte im Idealfall auch ein signifikantes wirtschaftliches Potenzial vorhanden sein. Um eine Innovation, die tats\u00e4chlich beide Aspekte erfolgreich in sich vereint, handelt es sich bei Pepperl+Fuchs\u2018 WILSEN.sonic.level bzw. \u201eWILSEN\u201c: Hinter diesem markanten Namen (kurz f\u00fcr Wireless Sensor Node) verbirgt sich ein funkbasierter LoRaWAN-Ultraschallsensor, der deutschlandweit auf reges Interesse st\u00f6\u00dft und sich auf bestem Wege befindet, zu einer Standardl\u00f6sung im Bereich Entsorgungsmanagement zu werden. Doch auch \u00fcber die Abfallwirtschaft hinaus kann dieser IoT-F\u00fcllstandssensor ein breites Einsatzspektrum abdecken\u00a0\u2013und dabei sogar zum potenziellen Lebensretter werden.<\/p>\n<p>Wie bei vielen erfolgreichen Produktentwicklungen war die wirtschaftliche Nachhaltigkeit auch beim WILSEN kein Selbstl\u00e4ufer, wie Daniel M\u00f6st, New Business Development Manager bei Pepperl+Fuchs, im Gespr\u00e4ch berichtet: \u201eDer heutige WILSEN ist das Resultat kontinuierlicher Weiterentwicklung. Immer wieder haben wir die von uns gesammelten Erfahrungen und das Feedback von Kunden aufgegriffen und in das Produkt einflie\u00dfen lassen, bis die heute serienm\u00e4\u00dfig erh\u00e4ltliche L\u00f6sung entstanden ist.\u201c Tats\u00e4chlich erprobten die Mannheimer Spezialisten f\u00fcr Automatisierungstechnik bereits 2014 funkgest\u00fctzte Ultraschallsensorik im Feld, damals als Teil eines Smart-City-Projekts in Barcelona. \u201eSeinerzeit zeichnete sich schon ab, welche Relevanz das Thema Nachhaltigkeit global einmal einnehmen w\u00fcrde. Dieser Trend hat sich in den darauffolgenden Jahren weiter verst\u00e4rkt und wir konnten eine ganze Reihe von Folgeprojekten an anderen Orten umsetzen\u201c, skizziert M\u00f6st die Urspr\u00fcnge des WILSEN.<\/p>\n<\/div><div class=\"fusion-text fusion-text-4 elt_headline_text\"><h2>Von Barcelona nach Heidelberg<\/h2>\n<p>Eines dieser Folgeprojekte spielte sich unweit des Mannheimer Pepperl+Fuchs Hauptsitzes ab und sollte einen weiteren Meilenstein auf dem Weg zum Serienprodukt markieren: Im Verbund mit der Digital-Agentur Heidelberg, SAP und Smart City Solutions konzipierte Pepperl+Fuchs im Jahr 2018 eine L\u00f6sung, um F\u00fcllst\u00e4nde von Entsorgungsbeh\u00e4ltern im Heidelberger Stadtgebiet mittels funkbasierter Sensoren via LoRaWAN an eine IoT-Plattform zu \u00fcbermitteln. \u201eDaf\u00fcr kapselten wir einen Ultraschallsensor, dessen Wandler mit einer PTFE-Schutzfolie \u00fcberzogen ist, gemeinsam mit einem Funkmodul und einer Batterieeinheit in einem speziellen IP66\/67-Geh\u00e4use\u201c, berichtet M\u00f6st. \u201eSo war die Sensorik f\u00fcr die widrigen Umgebungsbedingungen in Entsorgungscontainern entsprechend robust ausgelegt.\u201c<\/p>\n<p>Die erfolgreichen Testl\u00e4ufe zeigten, dass Pepperl+Fuchs hier im Begriff war, ein Produkt mit gro\u00dfem Potenzial zur Serienreife zu bringen: Was zu dieser Zeit noch unter dem n\u00fcchternen Arbeitstitel \u201eIoT-Sensor\u201c in den sprichw\u00f6rtlichen Kinderschuhen steckte, erreichte wenig sp\u00e4ter unter dem einpr\u00e4gsamen Namen \u201eWILSEN\u201c den breiten Markt der \u00f6ffentlichen Versorger und Entsorger.<\/p>\n<\/div><div class=\"fusion-image-carousel fusion-image-carousel-auto fusion-image-carousel-1 fusion-carousel-border awb-image-carousel-top-below-caption elt_gallery\"><div class=\"awb-carousel awb-swiper awb-swiper-carousel awb-carousel--carousel awb-swiper-dots-position-bottom awb-imageframe-style awb-imageframe-style-above awb-imageframe-style-1\" data-layout=\"carousel\" data-autoplay=\"no\" data-autoplayspeed=\"2500\" data-autoplaypause=\"no\" data-columns=\"1\" data-columnsmedium=\"1\" data-columnssmall=\"1\" data-itemmargin=\"13\" data-itemwidth=\"180\" data-touchscroll=\"no\" data-freemode=\"no\" data-imagesize=\"auto\" data-scrollitems=\"0\" data-centeredslides=\"no\" data-rotationangle=\"50\" data-depth=\"100\" data-speed=\"500\" data-shadow=\"no\" data-pagination=\"bullets\" style=\"--awb-columns:1;--awb-border-width:1px;--awb-border-color:#e9eaee;\"><div class=\"swiper-wrapper awb-image-carousel-wrapper fusion-flex-align-items-center\"><div class=\"swiper-slide\"><div class=\"fusion-carousel-item-wrapper\"><div class=\"awb-imageframe-caption-container\"><div class=\"awb-imageframe-caption\"><p class=\"awb-imageframe-caption-text\">Stationen einer Erfolgsgeschichte: Vom speziellen Wandler mit PTFE-Schutzfolie ....<\/p><\/div><\/div><div class=\"fusion-image-wrapper hover-type-none\"><img decoding=\"async\" width=\"850\" height=\"567\" src=\"https:\/\/amplify-test.pepperl-fuchs.com\/wp-content\/uploads\/2024\/07\/63c911d467a20_slideshow-evolution-1.jpg\" class=\"attachment-full size-full\" alt=\"ein Ultraschallwandler von Pepperl+Fuchs\" srcset=\"https:\/\/amplify-test.pepperl-fuchs.com\/wp-content\/uploads\/2024\/07\/63c911d467a20_slideshow-evolution-1-200x133.jpg 200w, https:\/\/amplify-test.pepperl-fuchs.com\/wp-content\/uploads\/2024\/07\/63c911d467a20_slideshow-evolution-1-300x200.jpg 300w, https:\/\/amplify-test.pepperl-fuchs.com\/wp-content\/uploads\/2024\/07\/63c911d467a20_slideshow-evolution-1-400x267.jpg 400w, https:\/\/amplify-test.pepperl-fuchs.com\/wp-content\/uploads\/2024\/07\/63c911d467a20_slideshow-evolution-1-600x400.jpg 600w, https:\/\/amplify-test.pepperl-fuchs.com\/wp-content\/uploads\/2024\/07\/63c911d467a20_slideshow-evolution-1-768x512.jpg 768w, https:\/\/amplify-test.pepperl-fuchs.com\/wp-content\/uploads\/2024\/07\/63c911d467a20_slideshow-evolution-1-800x534.jpg 800w, https:\/\/amplify-test.pepperl-fuchs.com\/wp-content\/uploads\/2024\/07\/63c911d467a20_slideshow-evolution-1.jpg 850w\" sizes=\"(max-width: 850px) 100vw, 850px\" \/><\/div><\/div><\/div><div class=\"swiper-slide\"><div class=\"fusion-carousel-item-wrapper\"><div class=\"awb-imageframe-caption-container\"><div class=\"awb-imageframe-caption\"><p class=\"awb-imageframe-caption-text\">... \u00fcber den gekapselten Prototypen mit weiteren Funktionsmodulen ...<\/p><\/div><\/div><div class=\"fusion-image-wrapper hover-type-none\"><img decoding=\"async\" width=\"850\" height=\"567\" src=\"https:\/\/amplify-test.pepperl-fuchs.com\/wp-content\/uploads\/2024\/07\/63c911d4680c2_slideshow-evolution-2.jpg\" class=\"attachment-full size-full\" alt=\"Prototyp des Pepperl+Fuchs WILSEN Ultraschallsensors mit LoRaWAN-Technologie\" srcset=\"https:\/\/amplify-test.pepperl-fuchs.com\/wp-content\/uploads\/2024\/07\/63c911d4680c2_slideshow-evolution-2-200x133.jpg 200w, https:\/\/amplify-test.pepperl-fuchs.com\/wp-content\/uploads\/2024\/07\/63c911d4680c2_slideshow-evolution-2-300x200.jpg 300w, https:\/\/amplify-test.pepperl-fuchs.com\/wp-content\/uploads\/2024\/07\/63c911d4680c2_slideshow-evolution-2-400x267.jpg 400w, https:\/\/amplify-test.pepperl-fuchs.com\/wp-content\/uploads\/2024\/07\/63c911d4680c2_slideshow-evolution-2-600x400.jpg 600w, https:\/\/amplify-test.pepperl-fuchs.com\/wp-content\/uploads\/2024\/07\/63c911d4680c2_slideshow-evolution-2-768x512.jpg 768w, https:\/\/amplify-test.pepperl-fuchs.com\/wp-content\/uploads\/2024\/07\/63c911d4680c2_slideshow-evolution-2-800x534.jpg 800w, https:\/\/amplify-test.pepperl-fuchs.com\/wp-content\/uploads\/2024\/07\/63c911d4680c2_slideshow-evolution-2.jpg 850w\" sizes=\"(max-width: 850px) 100vw, 850px\" \/><\/div><\/div><\/div><div class=\"swiper-slide\"><div class=\"fusion-carousel-item-wrapper\"><div class=\"awb-imageframe-caption-container\"><div class=\"awb-imageframe-caption\"><p class=\"awb-imageframe-caption-text\">.. hin zum heute serienm\u00e4\u00dfig erh\u00e4ltlichen Produkt inklusive Montageplatte.<\/p><\/div><\/div><div class=\"fusion-image-wrapper hover-type-none\"><img decoding=\"async\" width=\"850\" height=\"567\" src=\"https:\/\/amplify-test.pepperl-fuchs.com\/wp-content\/uploads\/2024\/07\/63c911d4681e1_slideshow-evolution-3.jpg\" class=\"attachment-full size-full\" alt=\"Pepperl+Fuchs WILSEN.sonic.level Ultraschall-IoT-Sensor mit LoRaWAN-Technologie\" srcset=\"https:\/\/amplify-test.pepperl-fuchs.com\/wp-content\/uploads\/2024\/07\/63c911d4681e1_slideshow-evolution-3-200x133.jpg 200w, https:\/\/amplify-test.pepperl-fuchs.com\/wp-content\/uploads\/2024\/07\/63c911d4681e1_slideshow-evolution-3-300x200.jpg 300w, https:\/\/amplify-test.pepperl-fuchs.com\/wp-content\/uploads\/2024\/07\/63c911d4681e1_slideshow-evolution-3-400x267.jpg 400w, https:\/\/amplify-test.pepperl-fuchs.com\/wp-content\/uploads\/2024\/07\/63c911d4681e1_slideshow-evolution-3-600x400.jpg 600w, https:\/\/amplify-test.pepperl-fuchs.com\/wp-content\/uploads\/2024\/07\/63c911d4681e1_slideshow-evolution-3-768x512.jpg 768w, https:\/\/amplify-test.pepperl-fuchs.com\/wp-content\/uploads\/2024\/07\/63c911d4681e1_slideshow-evolution-3-800x534.jpg 800w, https:\/\/amplify-test.pepperl-fuchs.com\/wp-content\/uploads\/2024\/07\/63c911d4681e1_slideshow-evolution-3.jpg 850w\" sizes=\"(max-width: 850px) 100vw, 850px\" \/><\/div><\/div><\/div><\/div><div class=\"awb-swiper-button awb-swiper-button-prev\"><i class=\"awb-icon-angle-left\" aria-hidden=\"true\"><\/i><\/div><div class=\"awb-swiper-button awb-swiper-button-next\"><i class=\"awb-icon-angle-right\" aria-hidden=\"true\"><\/i><\/div><\/div><\/div><div class=\"fusion-text fusion-text-5 elt_headline_text\"><h2>Freiburg entsorgt intelligent<\/h2>\n<p>Heute, einige Jahre sp\u00e4ter, ist der WILSEN zu einem unverzichtbaren Bestandteil einer stetig wachsenden Anzahl von Entsorgungsbeh\u00e4ltern in ganz Deutschland geworden. In die Liste der St\u00e4dte und Gemeinden, die den batteriebetriebenen Ultraschallsensor aus dem Hause Pepperl+Fuchs f\u00fcr sich entdeckt haben, reiht sich auch Freiburg im Breisgau ein. Rund 350 Glascontainer warten hier im gesamten Stadtgebiet auf regelm\u00e4\u00dfige Abholung und Entleerung durch die Abfallwirtschaft und Stadtreinigung Freiburg (ASF).<\/p>\n<\/div><style type=\"text\/css\">.quote {\r\n\tdisplay: flex;\r\n\talign-items: center;\r\n\tmargin-bottom: 24px;\r\n}\r\n.quote-wrapper {\r\n    \/*position: relative;\r\n    display: flex;*\/\r\n}\r\n.quote-text {\r\n\t\theight: 220px;\r\n\t\talign-content: center;\r\n    border-top: 1px solid #00a587;\r\n\t\tborder-bottom: 1px solid #00a587;\r\n\t\tfont-size: 24px;\r\n\t\tfont-style: italic;\r\n\t\tcolor: #00a587;\r\n\t\tline-height: 28px;\r\n }\r\n.quote-person {\r\n\t\tcolor: #373737;\r\n\t\tfont-size: 14px;\r\n\t\t\r\n}\r\n  .quote-image {\r\n    max-height: 220px; \/* Beispielh\u00f6he des Bildes *\/\r\n\t\tmargin-right: 10px;\r\n  }<\/style><div class=\"quote\">\r\n\t<img decoding=\"async\" src=\"https:\/\/amplify-test.pepperl-fuchs.com\/wp-content\/uploads\/2024\/07\/63c9170d67054_sascha-dachtler-bnnetze.jpg\" alt=\"\" class=\"quote-image\">\r\n\t<div class=\"quote-wrapper\">\t\r\n\t\t<div class=\"quote-text\">Jeder zus\u00e4tzliche Container, den wir mit Sensoren von Pepperl+Fuchs best\u00fccken, hilft uns dabei, die Datenbasis f\u00fcr die Erkennung und Interpretation von Mustern weiter zu verbessern.\r\n\t\t\t<div class=\"quote-person\">Sascha Dachtler, Vertrieb und Projektentwicklung, badenovaNETZE<\/div>\r\n\t\t<\/div>\r\n\t<\/div>\r\n<\/div><div class=\"fusion-text fusion-text-6 elt_text\"><p>Um dabei m\u00f6glichst effizient und nachhaltig agieren zu k\u00f6nnen, vertraut die ASF seit mehreren Jahren auf die Unterst\u00fctzung der badenovaNETZE. Als Tochter der badenova begleitet sie Kommunen und Dienstleister wie die ASF bei der Realisierung von IoT-L\u00f6sungen und hat dabei ein hohes Know-how und Qualit\u00e4tsverst\u00e4ndnis im Bereich Sensorik aufgebaut. Aus diesem Grunde setzt sie auch in Freiburg auf den WILSEN von Pepperl+Fuchs: 2020 gingen 50 der funkbasierten Ultraschallsensoren in den \u00f6rtlichen Glascontainern in Betrieb, nun folgten weitere 50 St\u00fcck. \u201eJeder zus\u00e4tzliche Container, den wir mit Sensoren von Pepperl+Fuchs best\u00fccken, hilft uns dabei, die Datenbasis f\u00fcr eine Mustererkennung und -interpretation weiter zu verbessern\u201c, erkl\u00e4rt Sascha Dachtler, zust\u00e4ndig f\u00fcr Vertrieb und Projektentwicklung bei badenovaNETZE. Bereits heute sei die ASF so in der Lage, saisonale Tendenzen in der Containerauslastung zu erkennen und dank der durch die WILSEN-Sensoren \u00fcbermittelten GPS-Daten die manuelle Tourenplanung zu verbessern.<\/p>\n<\/div><div class=\"fusion-text fusion-text-7 elt_headline_text\"><h2>Weniger Emissionen dank optimierter Routen<\/h2>\n<p>Insbesondere in den schw\u00e4cher frequentierten Au\u00dfenbezirken, die f\u00fcr Entsorgungsfahrzeuge nur nach l\u00e4ngeren Fahrtwegen zu erreichen seien, verspr\u00e4chen die zus\u00e4tzlichen intelligenten Container gro\u00dfes Potenzial f\u00fcr weitere Routenoptimierungen. \u201eIn erster Linie profitieren nat\u00fcrlich die Freiburger B\u00fcrger von den smarten Containern. Perspektivisch wollen wir gemeinsam mit der ASF eine vollst\u00e4ndig automatisierte Routenplanung realisieren. So lassen sich Emissionen und Verkehrsbehinderungen im Stadtgebiet reduzieren. Aber auch dem A rgernis \u00fcberquellender Beh\u00e4lter k\u00f6nnen wir mit den smarten Containern effektiv entgegenwirken\u201c, k\u00fcndigt Dachtler an. Aufgrund des innovativen Charakters sei dieses Vorhaben auch Teil des Reallabor-Projekts \u201eSmart Region S\u00fcdbaden\u201c der badenovaNETZE und ihres Kooperationspartners Th\u00fcga AG. Im Rahmen dieses Projekts wurden in der Vergangenheit bereits diverse Smart-City-Anwendungsbeispiele aus den Bereichen Mobilit\u00e4t, Geb\u00e4ude, Umweltschutz und technische Betriebe f\u00fcr verschiedene Kommunen entwickelt. \u201eSo haben wir die M\u00f6glichkeit, den Mehrwert von Smart-City-Anwendungsf\u00e4llen f\u00fcr die teilnehmenden Kommunen erlebbar zu machen und den Erkenntnisaustausch untereinander zu f\u00f6rdern\u201c, hebt Dachtler hervor.<\/p>\n<\/div><div class=\"fusion-text fusion-text-8 elt_headline_text\"><h2>Austausch unter Branchenexperten<\/h2>\n<p>Dass die Wahl in Freiburg auf den WILSEN fiel, war einem Tipp durch einen ehemaligen Projektpartner zu verdanken: Dieser hatte schon gute Erfahrungen mit dem Ultraschallsensor gemacht und ihn badenovaNETZE weiterempfohlen. \u201eWir waren auf der Suche nach einem wirklich robusten Sensor, der die von uns bevorzugte, weltweit standardisierte LoRaWAN-Technologie nutzt und gleichzeitig auch bei variierenden Umgebungsbedingungen zuverl\u00e4ssig F\u00fcllstandsdaten \u00fcbermittelt; der auch mal dreckig und nass werden darf. Der WILSEN versprach hier eine tragf\u00e4hige L\u00f6sung\u201c, beschreibt Dachtler die Erw\u00e4gungen bei der Sensorauswahl.<\/p>\n<\/div><div class=\"fusion-image-carousel fusion-image-carousel-auto fusion-image-carousel-2 fusion-carousel-border awb-image-carousel-top-below-caption elt_gallery\"><div class=\"awb-carousel awb-swiper awb-swiper-carousel awb-carousel--carousel awb-swiper-dots-position-bottom awb-imageframe-style awb-imageframe-style-above awb-imageframe-style-2\" data-layout=\"carousel\" data-autoplay=\"no\" data-autoplayspeed=\"2500\" data-autoplaypause=\"no\" data-columns=\"1\" data-columnsmedium=\"1\" data-columnssmall=\"1\" data-itemmargin=\"13\" data-itemwidth=\"180\" data-touchscroll=\"no\" data-freemode=\"no\" data-imagesize=\"auto\" data-scrollitems=\"0\" data-centeredslides=\"no\" data-rotationangle=\"50\" data-depth=\"100\" data-speed=\"500\" data-shadow=\"no\" data-pagination=\"bullets\" style=\"--awb-columns:1;--awb-border-width:1px;--awb-border-color:#e9eaee;--awb-dots-align:center;\"><div class=\"swiper-wrapper awb-image-carousel-wrapper fusion-flex-align-items-center\"><div class=\"swiper-slide\"><div class=\"fusion-carousel-item-wrapper\"><div class=\"awb-imageframe-caption-container\"><div class=\"awb-imageframe-caption\"><p class=\"awb-imageframe-caption-text\">Blick ins Innenleben: Der WILSEN verrichtet von au\u00dfen kaum sichtbar seine Arbeit im Altglascontainer.<\/p><\/div><\/div><div class=\"fusion-image-wrapper hover-type-none\"><img decoding=\"async\" width=\"1920\" height=\"1280\" src=\"https:\/\/amplify-test.pepperl-fuchs.com\/wp-content\/uploads\/2024\/07\/63c91e3a116f0_amplify-x8a7123.jpg\" class=\"attachment-full size-full\" alt=\"Ein Blick in einen Glasbeh\u00e4lter mit einem kaum sichtbaren WILSEN-Sensor, der oben angebracht ist.\" srcset=\"https:\/\/amplify-test.pepperl-fuchs.com\/wp-content\/uploads\/2024\/07\/63c91e3a116f0_amplify-x8a7123-200x133.jpg 200w, https:\/\/amplify-test.pepperl-fuchs.com\/wp-content\/uploads\/2024\/07\/63c91e3a116f0_amplify-x8a7123-300x200.jpg 300w, https:\/\/amplify-test.pepperl-fuchs.com\/wp-content\/uploads\/2024\/07\/63c91e3a116f0_amplify-x8a7123-400x267.jpg 400w, https:\/\/amplify-test.pepperl-fuchs.com\/wp-content\/uploads\/2024\/07\/63c91e3a116f0_amplify-x8a7123-600x400.jpg 600w, https:\/\/amplify-test.pepperl-fuchs.com\/wp-content\/uploads\/2024\/07\/63c91e3a116f0_amplify-x8a7123-768x512.jpg 768w, https:\/\/amplify-test.pepperl-fuchs.com\/wp-content\/uploads\/2024\/07\/63c91e3a116f0_amplify-x8a7123-800x533.jpg 800w, https:\/\/amplify-test.pepperl-fuchs.com\/wp-content\/uploads\/2024\/07\/63c91e3a116f0_amplify-x8a7123-1024x683.jpg 1024w, https:\/\/amplify-test.pepperl-fuchs.com\/wp-content\/uploads\/2024\/07\/63c91e3a116f0_amplify-x8a7123-1200x800.jpg 1200w, https:\/\/amplify-test.pepperl-fuchs.com\/wp-content\/uploads\/2024\/07\/63c91e3a116f0_amplify-x8a7123-1536x1024.jpg 1536w, https:\/\/amplify-test.pepperl-fuchs.com\/wp-content\/uploads\/2024\/07\/63c91e3a116f0_amplify-x8a7123.jpg 1920w\" sizes=\"(max-width: 1920px) 100vw, 1920px\" \/><\/div><\/div><\/div><div class=\"swiper-slide\"><div class=\"fusion-carousel-item-wrapper\"><div class=\"awb-imageframe-caption-container\"><div class=\"awb-imageframe-caption\"><p class=\"awb-imageframe-caption-text\">GPS-Daten aus den Sensoren erlauben eine genaue Lokalisierung voller Container auf der Landkarte.<\/p><\/div><\/div><div class=\"fusion-image-wrapper hover-type-none\"><img decoding=\"async\" width=\"1920\" height=\"1280\" src=\"https:\/\/amplify-test.pepperl-fuchs.com\/wp-content\/uploads\/2024\/07\/63ca501e2f695_amplify-x8a7070-1-4-3.jpg\" class=\"attachment-full size-full\" alt=\"eine Person h\u00e4lt ein Tablet auf dem eine \u00dcbersicht mit den GPS-Daten die vollen Container lokalisieren\" srcset=\"https:\/\/amplify-test.pepperl-fuchs.com\/wp-content\/uploads\/2024\/07\/63ca501e2f695_amplify-x8a7070-1-4-3-200x133.jpg 200w, https:\/\/amplify-test.pepperl-fuchs.com\/wp-content\/uploads\/2024\/07\/63ca501e2f695_amplify-x8a7070-1-4-3-300x200.jpg 300w, https:\/\/amplify-test.pepperl-fuchs.com\/wp-content\/uploads\/2024\/07\/63ca501e2f695_amplify-x8a7070-1-4-3-400x267.jpg 400w, https:\/\/amplify-test.pepperl-fuchs.com\/wp-content\/uploads\/2024\/07\/63ca501e2f695_amplify-x8a7070-1-4-3-600x400.jpg 600w, https:\/\/amplify-test.pepperl-fuchs.com\/wp-content\/uploads\/2024\/07\/63ca501e2f695_amplify-x8a7070-1-4-3-768x512.jpg 768w, https:\/\/amplify-test.pepperl-fuchs.com\/wp-content\/uploads\/2024\/07\/63ca501e2f695_amplify-x8a7070-1-4-3-800x533.jpg 800w, https:\/\/amplify-test.pepperl-fuchs.com\/wp-content\/uploads\/2024\/07\/63ca501e2f695_amplify-x8a7070-1-4-3-1024x683.jpg 1024w, https:\/\/amplify-test.pepperl-fuchs.com\/wp-content\/uploads\/2024\/07\/63ca501e2f695_amplify-x8a7070-1-4-3-1200x800.jpg 1200w, https:\/\/amplify-test.pepperl-fuchs.com\/wp-content\/uploads\/2024\/07\/63ca501e2f695_amplify-x8a7070-1-4-3-1536x1024.jpg 1536w, https:\/\/amplify-test.pepperl-fuchs.com\/wp-content\/uploads\/2024\/07\/63ca501e2f695_amplify-x8a7070-1-4-3.jpg 1920w\" sizes=\"(max-width: 1920px) 100vw, 1920px\" \/><\/div><\/div><\/div><div class=\"swiper-slide\"><div class=\"fusion-carousel-item-wrapper\"><div class=\"awb-imageframe-caption-container\"><div class=\"awb-imageframe-caption\"><p class=\"awb-imageframe-caption-text\">Trends und Muster bei der Containernutzung werden erkennbar.<\/p><\/div><\/div><div class=\"fusion-image-wrapper hover-type-none\"><img decoding=\"async\" width=\"1920\" height=\"1280\" src=\"https:\/\/amplify-test.pepperl-fuchs.com\/wp-content\/uploads\/2024\/07\/63c91e3a1233d_amplify-x8a7137.jpg\" class=\"attachment-full size-full\" alt=\"Ein Mann h\u00e4lt ein Tablet in der Hand, auf dem eine Grafik zu sehen ist, und gibt zwei M\u00fcllm\u00e4nnern Anweisungen\" srcset=\"https:\/\/amplify-test.pepperl-fuchs.com\/wp-content\/uploads\/2024\/07\/63c91e3a1233d_amplify-x8a7137-200x133.jpg 200w, https:\/\/amplify-test.pepperl-fuchs.com\/wp-content\/uploads\/2024\/07\/63c91e3a1233d_amplify-x8a7137-300x200.jpg 300w, https:\/\/amplify-test.pepperl-fuchs.com\/wp-content\/uploads\/2024\/07\/63c91e3a1233d_amplify-x8a7137-400x267.jpg 400w, https:\/\/amplify-test.pepperl-fuchs.com\/wp-content\/uploads\/2024\/07\/63c91e3a1233d_amplify-x8a7137-600x400.jpg 600w, https:\/\/amplify-test.pepperl-fuchs.com\/wp-content\/uploads\/2024\/07\/63c91e3a1233d_amplify-x8a7137-768x512.jpg 768w, https:\/\/amplify-test.pepperl-fuchs.com\/wp-content\/uploads\/2024\/07\/63c91e3a1233d_amplify-x8a7137-800x533.jpg 800w, https:\/\/amplify-test.pepperl-fuchs.com\/wp-content\/uploads\/2024\/07\/63c91e3a1233d_amplify-x8a7137-1024x683.jpg 1024w, https:\/\/amplify-test.pepperl-fuchs.com\/wp-content\/uploads\/2024\/07\/63c91e3a1233d_amplify-x8a7137-1200x800.jpg 1200w, https:\/\/amplify-test.pepperl-fuchs.com\/wp-content\/uploads\/2024\/07\/63c91e3a1233d_amplify-x8a7137-1536x1024.jpg 1536w, https:\/\/amplify-test.pepperl-fuchs.com\/wp-content\/uploads\/2024\/07\/63c91e3a1233d_amplify-x8a7137.jpg 1920w\" sizes=\"(max-width: 1920px) 100vw, 1920px\" \/><\/div><\/div><\/div><div class=\"swiper-slide\"><div class=\"fusion-carousel-item-wrapper\"><div class=\"awb-imageframe-caption-container\"><div class=\"awb-imageframe-caption\"><p class=\"awb-imageframe-caption-text\">Paul Spies (Leiter IoT &amp; Smart City bei badenovaNETZE) pr\u00e4sentiert die optisch ansprechenden Dashboards, die einen schnellen \u00dcberblick bieten.<\/p><\/div><\/div><div class=\"fusion-image-wrapper hover-type-none\"><img decoding=\"async\" width=\"1920\" height=\"1280\" src=\"https:\/\/amplify-test.pepperl-fuchs.com\/wp-content\/uploads\/2024\/07\/63c91e3a12559_amplify-x8a7389.jpg\" class=\"attachment-full size-full\" alt=\"Paul Spies, Leiter des Bereichs IoT &amp; Smart City bei badenovaNETZE, pr\u00e4sentiert ein Dashboard auf seinem Tablet\" srcset=\"https:\/\/amplify-test.pepperl-fuchs.com\/wp-content\/uploads\/2024\/07\/63c91e3a12559_amplify-x8a7389-200x133.jpg 200w, https:\/\/amplify-test.pepperl-fuchs.com\/wp-content\/uploads\/2024\/07\/63c91e3a12559_amplify-x8a7389-300x200.jpg 300w, https:\/\/amplify-test.pepperl-fuchs.com\/wp-content\/uploads\/2024\/07\/63c91e3a12559_amplify-x8a7389-400x267.jpg 400w, https:\/\/amplify-test.pepperl-fuchs.com\/wp-content\/uploads\/2024\/07\/63c91e3a12559_amplify-x8a7389-600x400.jpg 600w, https:\/\/amplify-test.pepperl-fuchs.com\/wp-content\/uploads\/2024\/07\/63c91e3a12559_amplify-x8a7389-768x512.jpg 768w, https:\/\/amplify-test.pepperl-fuchs.com\/wp-content\/uploads\/2024\/07\/63c91e3a12559_amplify-x8a7389-800x533.jpg 800w, https:\/\/amplify-test.pepperl-fuchs.com\/wp-content\/uploads\/2024\/07\/63c91e3a12559_amplify-x8a7389-1024x683.jpg 1024w, https:\/\/amplify-test.pepperl-fuchs.com\/wp-content\/uploads\/2024\/07\/63c91e3a12559_amplify-x8a7389-1200x800.jpg 1200w, https:\/\/amplify-test.pepperl-fuchs.com\/wp-content\/uploads\/2024\/07\/63c91e3a12559_amplify-x8a7389-1536x1024.jpg 1536w, https:\/\/amplify-test.pepperl-fuchs.com\/wp-content\/uploads\/2024\/07\/63c91e3a12559_amplify-x8a7389.jpg 1920w\" sizes=\"(max-width: 1920px) 100vw, 1920px\" \/><\/div><\/div><\/div><\/div><div class=\"awb-swiper-button awb-swiper-button-prev\"><i class=\"awb-icon-angle-left\" aria-hidden=\"true\"><\/i><\/div><div class=\"awb-swiper-button awb-swiper-button-next\"><i class=\"awb-icon-angle-right\" aria-hidden=\"true\"><\/i><\/div><\/div><\/div><div class=\"fusion-text fusion-text-9 elt_text\"><p>Und tats\u00e4chlich \u00fcberzeugte der WILSEN in der Praxis, wie von badenovaNETZE und ASF erhofft: \u201eJeder Sensor ist ab Werk auf einer Montageplatte aufgebracht, sodass sich die Ger\u00e4te r\u00fcttelsicher im Inneren der Container verschrauben lassen. So k\u00f6nnen wir Problemen bei Entleerungsvorg\u00e4ngen vorbeugen. Inbetriebnahme und Anmeldung im LoRa-Netzwerk erfolgen ganz einfach via Bluetooth \u00fcber eine App von Pepperl+Fuchs. Hat der Sensor seine Arbeit aufgenommen, ist er in der Lage, trotz Verschattungen durch Geb\u00e4ude oder Vegetation kilometerweit Messdaten via LoRaWAN zu \u00fcbertragen \u2014 und das bei einem sehr geringen Batterieverbrauch\u201c, umrei\u00dft Dachtler die technischen Vorteile des WILSEN. Zudem sei auch die Unterst\u00fctzung durch Pepperl+Fuchs ein Faktor bei der Sensorauswahl gewesen: \u201eUns war wichtig zu wissen, dass wir im Supportfall nicht mit einer Hotline verbunden werden, sondern dass der Techniker bei Bedarf kurzfristig bei uns vor Ort ist. Bereits die Betreuung in der Implementierungsphase hat uns gezeigt, dass wir mit all diesen Anforderungen bei Pepperl+Fuchs genau richtig sind.\u201c<\/p>\n<\/div><div class=\"fusion-image-element awb-imageframe-style awb-imageframe-style-below awb-imageframe-style-1\" style=\"--awb-caption-title-font-family:var(--body_typography-font-family);--awb-caption-title-font-weight:var(--body_typography-font-weight);--awb-caption-title-font-style:var(--body_typography-font-style);--awb-caption-title-size:var(--body_typography-font-size);--awb-caption-title-transform:var(--body_typography-text-transform);--awb-caption-title-line-height:var(--body_typography-line-height);--awb-caption-title-letter-spacing:var(--body_typography-letter-spacing);\"><span class=\" fusion-imageframe imageframe-none imageframe-1 hover-type-none elt_image\"><a href=\"https:\/\/amplify-test.pepperl-fuchs.com\/wp-content\/uploads\/2024\/07\/63c928b15fb78_amplify-b91i6717.jpg\" class=\"fusion-lightbox\" data-rel=\"iLightbox[949288b46ba6a523e24]\" data-caption=\"\"><img decoding=\"async\" width=\"1920\" height=\"1280\" alt=\"Projektteam von badenovaNETZE und Pepperl+Fuchs\" src=\"https:\/\/amplify-test.pepperl-fuchs.com\/wp-content\/uploads\/2024\/07\/63c928b15fb78_amplify-b91i6717.jpg\" class=\"img-responsive wp-image-2043\" srcset=\"https:\/\/amplify-test.pepperl-fuchs.com\/wp-content\/uploads\/2024\/07\/63c928b15fb78_amplify-b91i6717-200x133.jpg 200w, https:\/\/amplify-test.pepperl-fuchs.com\/wp-content\/uploads\/2024\/07\/63c928b15fb78_amplify-b91i6717-400x267.jpg 400w, https:\/\/amplify-test.pepperl-fuchs.com\/wp-content\/uploads\/2024\/07\/63c928b15fb78_amplify-b91i6717-600x400.jpg 600w, https:\/\/amplify-test.pepperl-fuchs.com\/wp-content\/uploads\/2024\/07\/63c928b15fb78_amplify-b91i6717-800x533.jpg 800w, https:\/\/amplify-test.pepperl-fuchs.com\/wp-content\/uploads\/2024\/07\/63c928b15fb78_amplify-b91i6717-1200x800.jpg 1200w, https:\/\/amplify-test.pepperl-fuchs.com\/wp-content\/uploads\/2024\/07\/63c928b15fb78_amplify-b91i6717.jpg 1920w\" sizes=\"(max-width: 640px) 100vw, 1200px\" \/><\/a><\/span><div class=\"awb-imageframe-caption-container\"><div class=\"awb-imageframe-caption\"><p class=\"awb-imageframe-caption-text\">Das erfolgreiche Projektteam zeigt die Basiskomponenten der intelligenten Entsorgungsl\u00f6sung.v.l.n.r: Daniel M\u00f6st (Pepperl+Fuchs), Sascha Dachtler und Paul Spies (badenovaNETZE), Timo H\u00e4hnert (Pepperl+Fuchs)<\/p><\/div><\/div><\/div><div class=\"fusion-text fusion-text-10 elt_headline_text\"><h2>Existenzielle Bedrohung am Wupperufer<\/h2>\n<p>Doch auch abseits der Entsorgungswirtschaft ist es dem WILSEN gelungen, sich eine hochzufriedene Anwendergruppe zu erschlie\u00dfen\u00a0\u2013so zum Beispiel bei der Berger Gruppe in Wuppertal. Die Umst\u00e4nde, die hier zum Einsatz des Sensors f\u00fchrten, gestalteten sich bei den Spezialisten f\u00fcr CNC-Roboter-Schleif- und Poliertechnik jedoch deutlich dramatischer als in Freiburg: In der Nacht vom 14. auf den 15. Juli 2021 hatte sich die Wupper nach stundenlangen Starkregenf\u00e4llen in einen rei\u00dfenden Strom verwandelt und \u00fcberflutete auch das unweit des Flussufers gelegene Firmengel\u00e4nde der Berger Gruppe. \u201eIch hatte riesige Angst, dass wir die Firma verlieren. Diese Ereignisse gehen mir bis heute nach\u201c, erinnert sich Gesch\u00e4ftsf\u00fchrer Dr. Andreas Gro\u00df mit Schrecken an die Flutnacht zur\u00fcck. \u201eVon 8 000 m\u00b2 Firmenfl\u00e4che standen 7 000 m\u00b2 unter Wasser. Das betraf auch 30 Roboter, die gerade auf Auslieferung zum Kunden warteten. Da uns aufgrund der problematischen Lage des Geb\u00e4udes eine Versicherung gegen Flutsch\u00e4den immer verwehrt worden ist, mussten wir letztlich einen Schaden von fast einer Million Euro selbst abfedern\u201c, skizziert Gro\u00df die Tragweite der Katastrophe.<\/p>\n<\/div><div class=\"fusion-text fusion-text-11 elt_headline_text\"><h2>Wille zur Eigeninitiative<\/h2>\n<p>Die zum Zeitpunkt der \u00dcberflutung gegebenen \u00f6ffentlichen \u00dcberwachungs- und Schutzma\u00dfnahmen sieht der promovierte Ingenieur r\u00fcckblickend kritisch: \u201eEinige wenige, nicht miteinander vernetzte Sensoren und ein l\u00fcckenhaftes Netz von Sirenen k\u00f6nnen im Zeitalter von Digitalisierung und Klimawandel nicht der Anspruch an ein verl\u00e4ssliches Hochwasserwarnsystem sein\u201c, konstatiert Gro\u00df. Und so reifte\u00a0\u2013noch w\u00e4hrend der kr\u00e4ftezehrenden Aufr\u00e4umarbeiten\u00a0\u2014 innerhalb\u00a0der Berger Gruppe der Plan, ein technisches Konzept zu erarbeiten, um Menschen und Geb\u00e4ude entlang der Wupper und ihren Zufl\u00fcssen k\u00fcnftig effektiver vor Hochwasserereignissen zu sch\u00fctzen: \u201eSich lediglich \u00fcber das Schicksal zu beklagen, war f\u00fcr uns keine Option. Stattdessen \u00fcberlegten wir, welche Impulse wir als Unternehmen mit technologischem Know-how f\u00fcr die Allgemeinheit liefern k\u00f6nnen.\u201c<\/p>\n<p>Tats\u00e4chlich kann die Berger Gruppe auf eine umfangreiche Expertise rund um die Themen Sensorik, Steuerungstechnik und adaptives Lernen zur\u00fcckgreifen. Davon zeugen 950 Roboterautomationen, die das Unternehmen im Laufe der Jahre f\u00fcr seine Kunden realisiert hat. Dieses Wissen floss nun auch in die Entwicklung des initialen technischen Anforderungsprofils f\u00fcr ein Monitoring- und Analysesystem, mit dem Pegelst\u00e4nde und Regenmengen entlang der Wupper und ihren B\u00e4chen und anderen Zul\u00e4ufen zuverl\u00e4ssig \u00fcberwacht werden sollen.<\/p>\n<\/div><div class=\"fusion-image-carousel fusion-image-carousel-auto fusion-image-carousel-3 fusion-carousel-border awb-image-carousel-top-below-caption elt_gallery\"><div class=\"awb-carousel awb-swiper awb-swiper-carousel awb-carousel--carousel awb-swiper-dots-position-bottom awb-imageframe-style awb-imageframe-style-above awb-imageframe-style-3\" data-layout=\"carousel\" data-autoplay=\"no\" data-autoplayspeed=\"2500\" data-autoplaypause=\"no\" data-columns=\"1\" data-columnsmedium=\"1\" data-columnssmall=\"1\" data-itemmargin=\"13\" data-itemwidth=\"180\" data-touchscroll=\"no\" data-freemode=\"no\" data-imagesize=\"auto\" data-scrollitems=\"0\" data-centeredslides=\"no\" data-rotationangle=\"50\" data-depth=\"100\" data-speed=\"500\" data-shadow=\"no\" data-pagination=\"bullets\" style=\"--awb-columns:1;--awb-border-width:1px;--awb-border-color:#e9eaee;--awb-dots-align:center;\"><div class=\"swiper-wrapper awb-image-carousel-wrapper fusion-flex-align-items-center\"><div class=\"swiper-slide\"><div class=\"fusion-carousel-item-wrapper\"><div class=\"awb-imageframe-caption-container\"><div class=\"awb-imageframe-caption\"><p class=\"awb-imageframe-caption-text\">Der auf den ersten Blick idyllisch gelegene Hauptsitz der Berger Gruppe in Wuppertal.<\/p><\/div><\/div><div class=\"fusion-image-wrapper hover-type-none\"><img decoding=\"async\" width=\"1920\" height=\"1280\" src=\"https:\/\/amplify-test.pepperl-fuchs.com\/wp-content\/uploads\/2024\/07\/63c92c223235e_pefu-dji-0055.jpg\" class=\"attachment-full size-full\" alt=\"Hauptsitz der Berger Gruppe in Wuppertal\" srcset=\"https:\/\/amplify-test.pepperl-fuchs.com\/wp-content\/uploads\/2024\/07\/63c92c223235e_pefu-dji-0055-200x133.jpg 200w, https:\/\/amplify-test.pepperl-fuchs.com\/wp-content\/uploads\/2024\/07\/63c92c223235e_pefu-dji-0055-300x200.jpg 300w, https:\/\/amplify-test.pepperl-fuchs.com\/wp-content\/uploads\/2024\/07\/63c92c223235e_pefu-dji-0055-400x267.jpg 400w, https:\/\/amplify-test.pepperl-fuchs.com\/wp-content\/uploads\/2024\/07\/63c92c223235e_pefu-dji-0055-600x400.jpg 600w, https:\/\/amplify-test.pepperl-fuchs.com\/wp-content\/uploads\/2024\/07\/63c92c223235e_pefu-dji-0055-768x512.jpg 768w, https:\/\/amplify-test.pepperl-fuchs.com\/wp-content\/uploads\/2024\/07\/63c92c223235e_pefu-dji-0055-800x533.jpg 800w, https:\/\/amplify-test.pepperl-fuchs.com\/wp-content\/uploads\/2024\/07\/63c92c223235e_pefu-dji-0055-1024x683.jpg 1024w, https:\/\/amplify-test.pepperl-fuchs.com\/wp-content\/uploads\/2024\/07\/63c92c223235e_pefu-dji-0055-1200x800.jpg 1200w, https:\/\/amplify-test.pepperl-fuchs.com\/wp-content\/uploads\/2024\/07\/63c92c223235e_pefu-dji-0055-1536x1024.jpg 1536w, https:\/\/amplify-test.pepperl-fuchs.com\/wp-content\/uploads\/2024\/07\/63c92c223235e_pefu-dji-0055.jpg 1920w\" sizes=\"(max-width: 1920px) 100vw, 1920px\" \/><\/div><\/div><\/div><div class=\"swiper-slide\"><div class=\"fusion-carousel-item-wrapper\"><div class=\"awb-imageframe-caption-container\"><div class=\"awb-imageframe-caption\"><p class=\"awb-imageframe-caption-text\">Durch die N\u00e4he zur Wupper ist das Firmengel\u00e4nde jedoch auch der Gefahr von \u00dcberschwemmungen ausgesetzt.<\/p><\/div><\/div><div class=\"fusion-image-wrapper hover-type-none\"><img decoding=\"async\" width=\"1920\" height=\"1280\" src=\"https:\/\/amplify-test.pepperl-fuchs.com\/wp-content\/uploads\/2024\/07\/63c9373ab7c20_pefu-amplify-art44-wilsen-geb-udebild-20230122.gif\" class=\"attachment-full size-full\" alt=\"Blick von oben auf die Berger Gruppe in Wuppertal, direkt neben der Wupper gelegen.\" \/><\/div><\/div><\/div><div class=\"swiper-slide\"><div class=\"fusion-carousel-item-wrapper\"><div class=\"awb-imageframe-caption-container\"><div class=\"awb-imageframe-caption\"><p class=\"awb-imageframe-caption-text\">2021 trat die Wupper nach Starkregen massiv \u00fcber ihre Ufer und richtete in der gesamten Gegend verheerende Sch\u00e4den an.<\/p><\/div><\/div><div class=\"fusion-image-wrapper hover-type-none\"><img decoding=\"async\" width=\"1280\" height=\"854\" src=\"https:\/\/amplify-test.pepperl-fuchs.com\/wp-content\/uploads\/2024\/07\/63c92c223310c_amplify-2109741179.jpg\" class=\"attachment-full size-full\" alt=\"\u00fcber die Ufer getretene Wupper im Jahr 2021\" srcset=\"https:\/\/amplify-test.pepperl-fuchs.com\/wp-content\/uploads\/2024\/07\/63c92c223310c_amplify-2109741179-200x133.jpg 200w, https:\/\/amplify-test.pepperl-fuchs.com\/wp-content\/uploads\/2024\/07\/63c92c223310c_amplify-2109741179-300x200.jpg 300w, https:\/\/amplify-test.pepperl-fuchs.com\/wp-content\/uploads\/2024\/07\/63c92c223310c_amplify-2109741179-400x267.jpg 400w, https:\/\/amplify-test.pepperl-fuchs.com\/wp-content\/uploads\/2024\/07\/63c92c223310c_amplify-2109741179-600x400.jpg 600w, https:\/\/amplify-test.pepperl-fuchs.com\/wp-content\/uploads\/2024\/07\/63c92c223310c_amplify-2109741179-768x512.jpg 768w, https:\/\/amplify-test.pepperl-fuchs.com\/wp-content\/uploads\/2024\/07\/63c92c223310c_amplify-2109741179-800x534.jpg 800w, https:\/\/amplify-test.pepperl-fuchs.com\/wp-content\/uploads\/2024\/07\/63c92c223310c_amplify-2109741179-1024x683.jpg 1024w, https:\/\/amplify-test.pepperl-fuchs.com\/wp-content\/uploads\/2024\/07\/63c92c223310c_amplify-2109741179-1200x801.jpg 1200w, https:\/\/amplify-test.pepperl-fuchs.com\/wp-content\/uploads\/2024\/07\/63c92c223310c_amplify-2109741179.jpg 1280w\" sizes=\"(max-width: 1280px) 100vw, 1280px\" \/><\/div><\/div><\/div><\/div><div class=\"awb-swiper-button awb-swiper-button-prev\"><i class=\"awb-icon-angle-left\" aria-hidden=\"true\"><\/i><\/div><div class=\"awb-swiper-button awb-swiper-button-next\"><i class=\"awb-icon-angle-right\" aria-hidden=\"true\"><\/i><\/div><\/div><\/div><div class=\"fusion-text fusion-text-12 elt_headline_text\"><h2>Passgenau abgestimmte Sensorik<\/h2>\n<p>Einen zentralen Punkt in dem Konzept stellte nat\u00fcrlich die zu verwendende Sensorik dar: \u201eDie Wahl einer geeigneten Sensorl\u00f6sung war ein Teilthema, um das ich mich selbst gek\u00fcmmert habe. Bei der Recherche bin ich auf den Ultraschallsensor WILSEN von Pepperl+Fuchs aufmerksam geworden, der bereits viele der von uns geforderten Kriterien abdeckte\u201c, erl\u00e4utert Gro\u00df. Einer der Aspekte, die ihn \u00fcberzeugten, waren die einstellbaren \u00dcbertragungsintervalle: \u201eWir k\u00f6nnen jetzt softwareseitig das Sendeverhalten des Sensors mit den aktuellen Wetterdaten synchronisieren. Das bedeutet, dass der WILSEN im Falle gemeldeter Niederschl\u00e4ge h\u00e4ufiger F\u00fcllst\u00e4nde \u00fcber das LoRa-Netzwerk an unseren Server sendet als bei Sch\u00f6nwetterlage. Dadurch l\u00e4sst sich die Laufzeit der Hochleistungsbatterien noch weiter verl\u00e4ngern\u201c, schildert Gro\u00df.<\/p>\n<p>Dennoch hatten er und seine Mitstreiter noch einen speziellen Anpassungswunsch an Pepperl+Fuchs: \u201eDer standardm\u00e4\u00dfige Erfassungsbereich des WILSEN ist zur \u00dcberwachung eines Entsorgungscontainers sicherlich v\u00f6llig ausreichend. Da wir die Sensoren in unserem Anwendungsfall allerdings h\u00e4ufig an bzw. unter Br\u00fccken montieren und diese unterschiedliche H\u00f6hen haben, wollten wir keinerlei Risiken eingehen, dass die Distanz zwischen Br\u00fccke und Flussbett in Einzelf\u00e4llen zu gro\u00df f\u00fcr den Sensor sein k\u00f6nnte. Wir haben das mit Pepperl+Fuchs diskutiert und tats\u00e4chlich ist man unserem Wunsch nachgekommen und hat die Reichweite des Sensors noch mal deutlich erh\u00f6ht. Das hat uns beeindruckt und war f\u00fcr uns ein Zeichen, dass wir hier auf den richtigen Partner f\u00fcr die Ultraschallsensorik setzen.\u201c<\/p>\n<\/div><style type=\"text\/css\">.quote {\r\n\tdisplay: flex;\r\n\talign-items: center;\r\n\tmargin-bottom: 24px;\r\n}\r\n.quote-wrapper {\r\n    \/*position: relative;\r\n    display: flex;*\/\r\n}\r\n.quote-text {\r\n\t\theight: 220px;\r\n\t\talign-content: center;\r\n    border-top: 1px solid #00a587;\r\n\t\tborder-bottom: 1px solid #00a587;\r\n\t\tfont-size: 24px;\r\n\t\tfont-style: italic;\r\n\t\tcolor: #00a587;\r\n\t\tline-height: 28px;\r\n }\r\n.quote-person {\r\n\t\tcolor: #373737;\r\n\t\tfont-size: 14px;\r\n\t\t\r\n}\r\n  .quote-image {\r\n    max-height: 220px; \/* Beispielh\u00f6he des Bildes *\/\r\n\t\tmargin-right: 10px;\r\n  }<\/style><div class=\"quote\">\r\n\t<img decoding=\"async\" src=\"https:\/\/amplify-test.pepperl-fuchs.com\/wp-content\/uploads\/2024\/07\/63c9341c46627_gross-andreas-1.jpg\" alt=\"\" class=\"quote-image\">\r\n\t<div class=\"quote-wrapper\">\t\r\n\t\t<div class=\"quote-text\">Die Kombination aus funkgest\u00fctzter Sensorik und k\u00fcnstlicher Intelligenz, mit der wir hier arbeiten, passt daf\u00fcr wie die Faust aufs Auge.\r\n\t\t\t<div class=\"quote-person\">Dr. Andreas Gro\u00df, Gesch\u00e4ftsf\u00fchrer Berger Gruppe<\/div>\r\n\t\t<\/div>\r\n\t<\/div>\r\n<\/div><div class=\"fusion-text fusion-text-13 elt_headline_text\"><h2>Sensordaten als Basis f\u00fcr adaptives Lernen<\/h2>\n<p>Seitdem hat das Projekt an der Wupper weiter an Fahrt aufgenommen: Neben der Berger Gruppe unterst\u00fctzen auch die Stadtwerke Wuppertal, die Technischen Betriebe Solingen, die Bergische Gesellschaft sowie die Uni Wuppertal und das ihr angeschlossene IZMD (Interdisziplin\u00e4res Zentrum Machine Learning and Data Analytics) das ehrgeizige Vorhaben. Rund 60 WILSEN sowie zus\u00e4tzliche Drucksensoren verrichten mittlerweile entlang der 116 Kilometer langen Gew\u00e4sserstrecke ihren Dienst. \u201eMit Sensoren Pegelst\u00e4nde zu \u00fcberwachen, ist an sich kein Neuland. Womit wir mit unserem Projekt aber weiter gehen als bisher: Wir nutzen die Messdaten, um das datenbasierte, adaptive Lernsystem des IZMD zu speisen und weiterzuentwickeln. In zwei bis drei Jahren werden wir damit in der Lage sein, mittels eines Algorithmus hochpr\u00e4zise Vorhersagen zur Pegelentwicklung zu treffen. Die Kombination aus funkgest\u00fctzter Sensorik und k\u00fcnstlicher Intelligenz, mit der wir hier arbeiten, passt daf\u00fcr wie die Faust aufs Auge\u201c, zeigt sich Gro\u00df optimistisch.<\/p>\n<p>Zudem hoffen er und die weiteren Unterst\u00fctzer darauf, dass ihre prototypische Entwicklung als Leuchtturmprojekt in das KI-Spitzencluster des Landes Nordrhein-Westfalen aufgenommen wird. \u201eDas w\u00fcrde unserem Projekt nat\u00fcrlich noch mal gro\u00dfen Vorschub leisten. Perspektivisch m\u00f6chten wir ein skalierbares und niedrigschwelliges Hochwasserwarnsystem nach Open-Source-Prinzip bereitstellen, von dem nicht nur die Anwohner der Wupper, sondern auch die breitere \u00d6ffentlichkeit profitieren\u201c, skizziert Gro\u00df die langfristigen Ziele. Die Aufmerksamkeit ebendieser \u00d6ffentlichkeit habe das Projekt indes bereits l\u00e4ngst auf sich gezogen. Daf\u00fcr spreche die Tatsache, dass Gro\u00df k\u00fcrzlich sogar eine interessierte Anfrage aus dem mit \u00dcberflutungen sehr vertrauten US-Bundesstaat Mississippi erreicht habe.<\/p>\n<\/div><div class=\"fusion-image-element awb-imageframe-style awb-imageframe-style-below awb-imageframe-style-2\" style=\"--awb-caption-title-font-family:var(--body_typography-font-family);--awb-caption-title-font-weight:var(--body_typography-font-weight);--awb-caption-title-font-style:var(--body_typography-font-style);--awb-caption-title-size:var(--body_typography-font-size);--awb-caption-title-transform:var(--body_typography-text-transform);--awb-caption-title-line-height:var(--body_typography-line-height);--awb-caption-title-letter-spacing:var(--body_typography-letter-spacing);\"><span class=\" fusion-imageframe imageframe-none imageframe-2 hover-type-none elt_image\"><a href=\"https:\/\/amplify-test.pepperl-fuchs.com\/wp-content\/uploads\/2024\/07\/63c935cf7f5e5_pefu-gross-rz.jpg\" class=\"fusion-lightbox\" data-rel=\"iLightbox[f8f2a01d44a1822406a]\" data-caption=\"\"><img decoding=\"async\" width=\"1920\" height=\"1280\" alt=\"Dr. Andreas Gro\u00df bei Pressekonferenz zum Hochwasserschutz\" src=\"https:\/\/amplify-test.pepperl-fuchs.com\/wp-content\/uploads\/2024\/07\/63c935cf7f5e5_pefu-gross-rz.jpg\" class=\"img-responsive wp-image-2044\" srcset=\"https:\/\/amplify-test.pepperl-fuchs.com\/wp-content\/uploads\/2024\/07\/63c935cf7f5e5_pefu-gross-rz-200x133.jpg 200w, https:\/\/amplify-test.pepperl-fuchs.com\/wp-content\/uploads\/2024\/07\/63c935cf7f5e5_pefu-gross-rz-400x267.jpg 400w, https:\/\/amplify-test.pepperl-fuchs.com\/wp-content\/uploads\/2024\/07\/63c935cf7f5e5_pefu-gross-rz-600x400.jpg 600w, https:\/\/amplify-test.pepperl-fuchs.com\/wp-content\/uploads\/2024\/07\/63c935cf7f5e5_pefu-gross-rz-800x533.jpg 800w, https:\/\/amplify-test.pepperl-fuchs.com\/wp-content\/uploads\/2024\/07\/63c935cf7f5e5_pefu-gross-rz-1200x800.jpg 1200w, https:\/\/amplify-test.pepperl-fuchs.com\/wp-content\/uploads\/2024\/07\/63c935cf7f5e5_pefu-gross-rz.jpg 1920w\" sizes=\"(max-width: 640px) 100vw, 1200px\" \/><\/a><\/span><div class=\"awb-imageframe-caption-container\"><div class=\"awb-imageframe-caption\"><p class=\"awb-imageframe-caption-text\">Dr. Andreas Gro\u00df pr\u00e4sentierte im Rahmen einer Pressekonferenz das ambitionierte Hochwasserschutz-Projekt der \u00d6ffentlichkeit. (Bild mit freundlicher Genehmigung der Cronenberger Woche)<\/p><\/div><\/div><\/div><div class=\"fusion-text fusion-text-14 elt_headline_text\"><h2>\u00dcbertragbares Prinzip<\/h2>\n<p>W\u00e4hrenddessen zeigt man sich auch bei Pepperl+Fuchs umtriebig in Bezug auf die Zukunft des WILSEN. So entdeckten nun immer mehr Industriekunden den WILSEN f\u00fcr sich, wie Daniel M\u00f6st von Pepperl+Fuchs schildert. \u201eAktuell implementieren wir den WILSEN beispielsweise bei einem gro\u00dfen s\u00fcddeutschen Automobilhersteller. Hier verbirgt sich durch die \u00dcberwachung von IBC-Tanks oder Wertstoffbeh\u00e4ltern auf dem Werksgel\u00e4nde ebenfalls ein beachtliches Optimierungspotenzial, das sich mit relativ geringem Aufwand heben l\u00e4sst. Die funkbasierte Ultraschallsensorik hat sich mittlerweile als eine ideale L\u00f6sung f\u00fcr verschiedene Anwendungen im Kontext von Nachhaltigkeit und Smart City sowie der Industrie bewiesen.\u201c<\/p>\n<p>Dar\u00fcber hinaus spinne das Unternehmen auf Basis all der gesammelten Projekterfahrungen den Grundgedanken kontinuierlich weiter: \u201eIm n\u00e4chsten Schritt werden wir auch andere sensorische Wirkprinzipien als nur Ultraschall mit Funk\u00fcbertragung kombinieren. Unsere Kunden und Anwender d\u00fcrfen sich schon jetzt auf eine weitere Variante des WILSEN freuen: Mit dem WILSEN.valve planen wir den Markteintritt mit einem batteriegest\u00fctzten LoRa-Sensor zur Ventilstellungs\u00fcberwachung. Auch hier sehen wir einen gro\u00dfen Bedarf und sind davon \u00fcberzeugt, zeitnah eine passgenaue L\u00f6sung bieten zu k\u00f6nnen\u201c, verspricht M\u00f6st abschlie\u00dfend.<\/p>\n<\/div><\/div><\/div><div class=\"fusion-layout-column fusion_builder_column fusion-builder-column-2 fusion_builder_column_1_4 1_4 fusion-flex-column\" style=\"--awb-bg-size:cover;--awb-width-large:25%;--awb-margin-top-large:0px;--awb-spacing-right-large:7.68%;--awb-margin-bottom-large:20px;--awb-spacing-left-large:7.68%;--awb-width-medium:25%;--awb-order-medium:0;--awb-spacing-right-medium:7.68%;--awb-spacing-left-medium:7.68%;--awb-width-small:100%;--awb-order-small:0;--awb-spacing-right-small:1.92%;--awb-spacing-left-small:1.92%;\"><div class=\"fusion-column-wrapper fusion-column-has-shadow fusion-flex-justify-content-flex-start fusion-content-layout-column\"><div class=\"fusion-separator fusion-full-width-sep\" style=\"align-self: center;margin-left: auto;margin-right: auto;width:100%;\"><div class=\"fusion-separator-border sep-single sep-solid\" style=\"--awb-height:20px;--awb-amount:20px;--awb-sep-color:var(--awb-color8);border-color:var(--awb-color8);border-top-width:1px;\"><\/div><\/div><div class=\"fusion-social-networks sharingbox-shortcode-icon-wrapper sharingbox-shortcode-icon-wrapper-1 boxed-icons sidebar\">\n\t<span class=\"share-linkedin\">\n\t\t<a href=\"https:\/\/www.linkedin.com\/shareArticle?\" target=\"_blank\" rel=\"noopener noreferrer\" title=\"\" aria-label=\"LinkedIn\" data-placement=\"top\" data-toggle=\"tooltip\" data-title=\"LinkedIn\" data-original-title=\"LinkedIn\">\n\t\t<i class=\"fusion-social-network-icon fusion-tooltip fusion-linkedin awb-icon-linkedin\" style=\"color:#ffffff;background-color:#0077b5;border-color:#0077b5;border-radius:0px;\" aria-hidden=\"true\"><\/i>\n\t\t<\/a>\n\t<\/span>\n\t<span class=\"share-mail\">\n\t\t<a href=\/de\/kontakt\/\" target=\"_self\" title=\"\" aria-label=\"Email\" data-placement=\"top\" data-toggle=\"tooltip\" data-title=\"Email\" data-original-title=\"Email\">\n\t\t<i class=\"fusion-social-network-icon fusion-tooltip fusion-mail awb-icon-mail\" style=\"color:#ffffff;background-color:#00a587;border-color:#00a587;border-radius:0px;\" aria-hidden=\"true\"><\/i>\n\t\t<\/a>\n\t<\/span>\n\t<span class=\"share-insta\">\n\t\t<a href=\"https:\/\/www.instagram.com\" target=\"_blank\" rel=\"noreferrer noopener\" title=\"\" aria-label=\"Instagram\" data-placement=\"top\" data-toggle=\"tooltip\" data-title=\"Instagram\" data-original-title=\"Instagram\">\n\t\t<i class=\"fusion-social-network-icon fusion-tooltip fusion-instagram awb-icon-instagram\" style=\"color:#ffffff;background-color:#c13584;border-color:#c13584;border-radius:0px;\" aria-hidden=\"true\"><\/i>\n\t\t<\/a>\n\t<\/span>\t\n\t<span class=\"share-facebook\">\n\t\t<a href=\"https:\/\/www.facebook.com\/sharer.php?\" target=\"_blank\" rel=\"noreferrer noopener\" title=\"\" aria-label=\"Facebook\" data-placement=\"top\" data-toggle=\"tooltip\" data-title=\"Facebook\" data-original-title=\"Facebook\">\n\t\t<i class=\"fusion-social-network-icon fusion-tooltip fusion-facebook awb-icon-facebook\" style=\"color:#ffffff;background-color:#3b5998;border-color:#3b5998;border-radius:0px;\" aria-hidden=\"true\"><\/i>\n\t\t<\/a>\n\t<\/span>\n<\/div>\n<div class=\"fusion-separator fusion-full-width-sep\" style=\"align-self: center;margin-left: auto;margin-right: auto;width:100%;\"><div class=\"fusion-separator-border sep-single sep-solid\" style=\"--awb-height:20px;--awb-amount:20px;--awb-sep-color:var(--awb-color8);border-color:var(--awb-color8);border-top-width:1px;\"><\/div><\/div><div class=\"fusion-separator fusion-full-width-sep\" style=\"align-self: center;margin-left: auto;margin-right: auto;width:100%;\"><div class=\"fusion-separator-border sep-single sep-solid\" style=\"--awb-height:20px;--awb-amount:20px;--awb-sep-color:var(--awb-color8);border-color:var(--awb-color8);border-top-width:1px;\"><\/div><\/div><div class=\"fusion-title title fusion-title-2 fusion-sep-none fusion-title-text fusion-title-size-four\"><h4 class=\"fusion-title-heading title-heading-left fusion-responsive-typography-calculated\" style=\"margin:0;--fontSize:24;line-height:var(--awb-typography1-line-height);\">Mehr zum Thema<\/h4><\/div><ul style=\"--awb-iconcolor:var(--awb-color3);--awb-line-height:27.2px;--awb-icon-width:27.2px;--awb-icon-height:27.2px;--awb-icon-margin:11.2px;--awb-content-margin:38.4px;\" class=\"fusion-checklist fusion-checklist-1 fusion-checklist-default type-icons\"><li class=\"fusion-li-item\" style=\"\"><span class=\"icon-wrapper circle-no\"><i class=\"fusion-li-icon fa-caret-right fas\" aria-hidden=\"true\"><\/i><\/span><div class=\"fusion-li-item-content\">\n<p><a href=\"https:\/\/www.pepperl-fuchs.com\/de-de\/products\/industrielle-sensoren\/wireless-sensors\/wireless-ultrasonic-sensors-gp65414\">LoRaWAN-Sensor WILSEN<\/a><\/p>\n<\/div><\/li><li class=\"fusion-li-item\" style=\"\"><span class=\"icon-wrapper circle-no\"><i class=\"fusion-li-icon fa-caret-right fas\" aria-hidden=\"true\"><\/i><\/span><div class=\"fusion-li-item-content\">\n<p><a href=\"https:\/\/www.badenovanetze.de\" target=\"_blank\" rel=\"noopener\">badenovaNETZE<\/a><\/p>\n<\/div><\/li><li class=\"fusion-li-item\" style=\"\"><span class=\"icon-wrapper circle-no\"><i class=\"fusion-li-icon fa-caret-right fas\" aria-hidden=\"true\"><\/i><\/span><div class=\"fusion-li-item-content\">\n<p><a href=\"https:\/\/www.bergergruppe.de\/de\/startseite\/\" target=\"_blank\" rel=\"noopener\">Berger Gruppe<\/a><\/p>\n<\/div><\/li><\/ul><div class=\"fusion-separator fusion-full-width-sep\" style=\"align-self: center;margin-left: auto;margin-right: auto;width:100%;\"><div class=\"fusion-separator-border sep-single sep-solid\" style=\"--awb-height:20px;--awb-amount:20px;--awb-sep-color:var(--awb-color8);border-color:var(--awb-color8);border-top-width:1px;\"><\/div><\/div><div class=\"fusion-modal modal fade modal-1 editorial-use\" tabindex=\"-1\" role=\"dialog\" aria-labelledby=\"modal-heading-1\" aria-hidden=\"true\" style=\"--awb-border-color:var(--awb-color3);--awb-background:var(--awb-color1);\"><div class=\"modal-dialog modal-lg\" role=\"document\"><div class=\"modal-content fusion-modal-content\"><div class=\"modal-header\"><button class=\"close\" type=\"button\" data-dismiss=\"modal\" aria-hidden=\"true\" aria-label=\"Close\">&times;<\/button><h3 class=\"modal-title\" id=\"modal-heading-1\" data-dismiss=\"modal\" aria-hidden=\"true\">Redaktionelle Nutzung<\/h3><\/div><div class=\"modal-body fusion-clearfix\">\n<p>The editorial use of articles from \u201camplify\u201d is only permitted with the prior consent of the publisher Pepperl+Fuchs SE. In addition, the original source <a href=\"https:\/\/amplify-test.pepperl-fuchs.com\/\" target=\"_blank\" rel=\"noopener\">amplify.pepperl-fuchs.com<\/a>\u00a0must be referenced when articles are reused or processed.<\/p>\n<div class=\"fusion-button-wrapper\"><a class=\"fusion-button button-flat fusion-button-default-size button-custom fusion-button-default button-1 fusion-button-default-span fusion-button-default-type\" style=\"--button_accent_color:var(--awb-color1);--button_accent_hover_color:var(--awb-custom_color_2);--button_border_hover_color:var(--awb-custom_color_2);--button_gradient_top_color:var(--awb-color3);--button_gradient_bottom_color:var(--awb-color3);--button_gradient_top_color_hover:var(--awb-color1);--button_gradient_bottom_color_hover:var(--awb-color1);\" target=\"_self\" href=\"mailto:amplify@pepperl-fuchs.com?subject=Request%20Editorial%20Use\"><span class=\"fusion-button-text awb-button__text awb-button__text--default\">Redaktionelle Nutzung anfragen<\/span><\/a><\/div>\n<\/div><\/div><\/div><\/div>\n<div ><a class=\"fusion-button button-flat fusion-button-default-size button-custom fusion-button-default button-2 fusion-button-default-span fusion-button-default-type sidebar\" style=\"--button_accent_color:var(--awb-color1);--button_accent_hover_color:var(--awb-custom_color_2);--button_border_hover_color:var(--awb-custom_color_2);--button_gradient_top_color:var(--awb-color3);--button_gradient_bottom_color:var(--awb-color3);--button_gradient_top_color_hover:var(--awb-color1);--button_gradient_bottom_color_hover:var(--awb-color1);--button_margin-top:12px;--button_margin-right:auto;--button_margin-left:auto;\" target=\"_self\" href=\"#\" data-toggle=\"modal\" data-target=\".fusion-modal.editorial-use\"><i class=\"fa-pen fas awb-button__icon awb-button__icon--default button-icon-left\" aria-hidden=\"true\"><\/i><span class=\"fusion-button-text awb-button__text awb-button__text--default\">Redaktionelle Nutzung<\/span><\/a><\/div>\n<\/div><\/div><\/div><\/div>\n","protected":false},"excerpt":{"rendered":"<p>Ob in Entsorgungsmanagement, Hochwasserschutz oder Industrie: Der Einsatz funkbasierter LoRaWAN-Sensorik ver\u00e4ndert viele Bereiche.<\/p>\n","protected":false},"author":7,"featured_media":2034,"comment_status":"closed","ping_status":"closed","sticky":false,"template":"","format":"standard","meta":{"_acf_changed":false,"footnotes":""},"categories":[20,24,19],"tags":[],"class_list":["post-2609","post","type-post","status-publish","format-standard","has-post-thumbnail","hentry","category-anwendungen-wissen","category-iiot-anwendungen","category-industrielle-sensoren"],"acf":[],"_links":{"self":[{"href":"https:\/\/amplify-test.pepperl-fuchs.com\/de\/wp-json\/wp\/v2\/posts\/2609","targetHints":{"allow":["GET"]}}],"collection":[{"href":"https:\/\/amplify-test.pepperl-fuchs.com\/de\/wp-json\/wp\/v2\/posts"}],"about":[{"href":"https:\/\/amplify-test.pepperl-fuchs.com\/de\/wp-json\/wp\/v2\/types\/post"}],"author":[{"embeddable":true,"href":"https:\/\/amplify-test.pepperl-fuchs.com\/de\/wp-json\/wp\/v2\/users\/7"}],"replies":[{"embeddable":true,"href":"https:\/\/amplify-test.pepperl-fuchs.com\/de\/wp-json\/wp\/v2\/comments?post=2609"}],"version-history":[{"count":14,"href":"https:\/\/amplify-test.pepperl-fuchs.com\/de\/wp-json\/wp\/v2\/posts\/2609\/revisions"}],"predecessor-version":[{"id":5753,"href":"https:\/\/amplify-test.pepperl-fuchs.com\/de\/wp-json\/wp\/v2\/posts\/2609\/revisions\/5753"}],"wp:featuredmedia":[{"embeddable":true,"href":"https:\/\/amplify-test.pepperl-fuchs.com\/de\/wp-json\/wp\/v2\/media\/2034"}],"wp:attachment":[{"href":"https:\/\/amplify-test.pepperl-fuchs.com\/de\/wp-json\/wp\/v2\/media?parent=2609"}],"wp:term":[{"taxonomy":"category","embeddable":true,"href":"https:\/\/amplify-test.pepperl-fuchs.com\/de\/wp-json\/wp\/v2\/categories?post=2609"},{"taxonomy":"post_tag","embeddable":true,"href":"https:\/\/amplify-test.pepperl-fuchs.com\/de\/wp-json\/wp\/v2\/tags?post=2609"}],"curies":[{"name":"wp","href":"https:\/\/api.w.org\/{rel}","templated":true}]}}