{"id":2641,"date":"2022-01-27T00:00:00","date_gmt":"2022-01-27T00:00:00","guid":{"rendered":"https:\/\/amplify.webservices.de\/2022\/01\/27\/mit-automatisierung-und-digitalisierung-in-richtung-klimaneutralitaet\/"},"modified":"2025-06-03T11:53:41","modified_gmt":"2025-06-03T11:53:41","slug":"mit-automatisierung-und-digitalisierung-in-richtung-klimaneutralitaet","status":"publish","type":"post","link":"https:\/\/amplify-test.pepperl-fuchs.com\/de\/2022\/mit-automatisierung-und-digitalisierung-in-richtung-klimaneutralitaet\/","title":{"rendered":"Mit Automatisierung und Digitalisierung in Richtung Klimaneutralit\u00e4t"},"content":{"rendered":"<div class=\"fusion-fullwidth fullwidth-box fusion-builder-row-1 fusion-flex-container has-pattern-background has-mask-background nonhundred-percent-fullwidth non-hundred-percent-height-scrolling gradient-container-1\" style=\"--awb-border-radius-top-left:0px;--awb-border-radius-top-right:0px;--awb-border-radius-bottom-right:0px;--awb-border-radius-bottom-left:0px;--awb-flex-wrap:wrap;\" id=\"article\" ><div class=\"fusion-builder-row fusion-row fusion-flex-align-items-flex-start fusion-flex-content-wrap\" style=\"max-width:1248px;margin-left: calc(-4% \/ 2 );margin-right: calc(-4% \/ 2 );\"><div class=\"fusion-layout-column fusion_builder_column fusion-builder-column-0 fusion_builder_column_1_1 1_1 fusion-flex-column\" style=\"--awb-bg-size:cover;--awb-width-large:100%;--awb-margin-top-large:0px;--awb-spacing-right-large:1.92%;--awb-margin-bottom-large:20px;--awb-spacing-left-large:1.92%;--awb-width-medium:100%;--awb-order-medium:0;--awb-spacing-right-medium:1.92%;--awb-spacing-left-medium:1.92%;--awb-width-small:100%;--awb-order-small:0;--awb-spacing-right-small:1.92%;--awb-spacing-left-small:1.92%;\"><div class=\"fusion-column-wrapper fusion-column-has-shadow fusion-flex-justify-content-flex-start fusion-content-layout-column\"><div class=\"fusion-text fusion-text-1\" id=\"publishing_date\"><p>27. Januar 2022<\/p>\n<\/div><div class=\"fusion-title title fusion-title-1 fusion-sep-none fusion-title-text fusion-title-size-one\" id=\"article_headline\"><h1 class=\"fusion-title-heading title-heading-left fusion-responsive-typography-calculated\" style=\"margin:0;--fontSize:64;line-height:var(--awb-typography1-line-height);\">Mit Automatisierung und Digitalisierung in Richtung Klimaneutralit\u00e4t<\/h1><\/div><div class=\"fusion-text fusion-text-2 intro_text\"><p>Wir sprechen mit Dr.-Ing. Gunther Kegel, CEO der Pepperl+Fuchs Gruppe sowie Pr\u00e4sident des ZVEI e. V. (Verband der Elektro- und Digitalindustrie), \u00fcber Nachhaltigkeit und Klimaneutralit\u00e4t sowie die aktuellen Entwicklungen und Herausforderungen f\u00fcr die Automatisierungsindustrie und Pepperl+Fuchs in den kommenden Jahren.<\/p>\n<\/div><div class=\"fusion-video fusion-selfhosted-video\" style=\"max-width:100%;\"><div class=\"video-wrapper\"><video playsinline=\"true\" width=\"100%\" style=\"object-fit: cover;\" autoplay=\"true\" muted=\"true\" loop=\"true\" preload=\"auto\" controls=\"1\"><source src=\"https:\/\/amplify-test.pepperl-fuchs.com\/wp-content\/uploads\/2022\/01\/61f3c1e7a1454_amplify-climate-neutral-industrial-sectors.mp4\" type=\"video\/mp4\">Sorry, your browser doesn&#039;t support embedded videos.<\/video><\/div><\/div><\/div><\/div><div class=\"fusion-layout-column fusion_builder_column fusion-builder-column-1 fusion_builder_column_3_4 3_4 fusion-flex-column\" style=\"--awb-bg-size:cover;--awb-width-large:75%;--awb-margin-top-large:0px;--awb-spacing-right-large:2.56%;--awb-margin-bottom-large:20px;--awb-spacing-left-large:2.56%;--awb-width-medium:75%;--awb-order-medium:0;--awb-spacing-right-medium:2.56%;--awb-spacing-left-medium:2.56%;--awb-width-small:100%;--awb-order-small:0;--awb-spacing-right-small:1.92%;--awb-spacing-left-small:1.92%;\"><div class=\"fusion-column-wrapper fusion-column-has-shadow fusion-flex-justify-content-flex-start fusion-content-layout-column\"><div class=\"fusion-text fusion-text-3 elt_text\"><p>\u00dcberall werden wir damit konfrontiert \u2014 ob beim Kauf von Haushaltsgro\u00dfger\u00e4ten oder eines neuen Fahrzeugs, in Industrie und Politik \u2014 die Themen Energieeffizienz und Klimaneutralit\u00e4t sind die wohl alles bestimmende Aufgabe dieser Zeit. Im November erst ging die Weltklimakonferenz COP26 im schottischen Glasgow zu Ende, wo erneut Vertreter aus ca. 200 Staaten zusammentrafen und \u00fcber Ziele und Wege verhandelten, ihre Treibhausgasemissionen deutlich zu verringern, um die Beschl\u00fcsse des Pariser Klimaabkommens zu erreichen. Doch nicht nur politische Vorgaben, auch gesellschaftlicher Druck, wirtschaftliche Interessen, ver\u00e4nderte Kundenerwartungen, neue Erkenntnisse aus Forschung und Entwicklung \u2014 sie alle haben Einfluss auf die klimatische Trendwende. Die meisten gro\u00dfen Industrien haben die Notwendigkeit zum Handeln l\u00e4ngst verstanden und entwerfen bereits Ma\u00dfnahmen- und Investitionspl\u00e4ne, wie sie den Weg zur klimaneutralen Produktion beschreiten k\u00f6nnen.<\/p>\n<\/div><script type=\"text\/javascript\">if( typeof window.iv_elt_count === 'undefined' || window.iv_elt_count === null ){\r\n\t\t\t\twindow.iv_elt_count = 0;\r\n} else {\r\n\t\t\t\twindow.iv_elt_count++;\r\n}\r\nif(\"{{interview_headline}}\" === \"\") {\r\n\t\t\t\tjQuery( document ).ready(function() {\r\n\t\t\t\t\t\t\t\tjQuery('.iv_headline').eq(window.iv_elt_count).css('display','none');\r\n\t\t\t\t});\r\n}\r\nif(\"Zun\u00e4chst muss man klarstellen, dass der Umbau unserer Wirtschaft und Gesellschaft hin zu einer nachhaltigen Kreislaufwirtschaft mit erneuerbarem Strom als dominanter Energiequelle nicht nur f\u00fcr den Erhalt eines lebensfreundlichen Klimas notwendig ist. Wir werden Experten zufolge im Jahr 2050 etwa zehn bis elf Milliarden Menschen auf diesem Globus sein. Wohlstand und Lebensqualit\u00e4t f\u00fcr all diese Menschen l\u00e4sst sich nicht mehr durch den Verbrauch nicht-erneuerbarer Ressourcen erreichen. F\u00fcr die Mehrheit der Menschen, die in wirtschaftlichen Entwicklungsr\u00e4umen wie Indien, Afrika oder China leben, ist das Narrativ des Verzichts auch keine zukunftsf\u00e4hige Vision. Diese Menschen wollen alle erst einmal den Wohlstand westlicher L\u00e4nder erreichen. Verzicht bedeutet auch immer nachlassende Bruttowertsch\u00f6pfung und somit nachlassende Sozialprodukte. Die Kosten des Umbaus von Gesellschaft und Wirtschaft k\u00f6nnen aber nur durch wachsenden Wohlstand, also wachsende Wirtschaftsleistung bezahlt werden. Die L\u00f6sung kann deshalb nur lauten: durch Innovation Wachstum und Wohlstand in einer nachhaltigen Gesellschaft und Wirtschaft zu sichern. Unterstellen wir einmal, dass die zehn Milliarden Menschen in 2050 individuell so mobil wie die heutige Gesellschaft in den Industriel\u00e4ndern sein wollen. Dann fahren im Jahr 2050 auf diesem Erdball gut f\u00fcnf Milliarden Fahrzeuge, im Vergleich zu heute ca. 1,3 Milliarden. Diese Fahrzeuge m\u00fcssen dann zu ann\u00e4hernd 100 % aus recyceltem Material bestehen und ausschlie\u00dflich Strom aus erneuerbaren Quellen tanken. Dabei hat der Elektromotor einen zweieinhalb Mal besseren Wirkungsgrad als ein Verbrennungsmotor \u2014 wir erh\u00f6hen also die Energieeffizienz der Mobilit\u00e4t dramatisch. Und genau das ist die Aufgabe auch f\u00fcr alle anderen Sektoren: Industrie, Geb\u00e4ude, Landwirtschaft, Handel und Dienstleistungen, etc. \u2014 Elektrifizierung und Energieeffizienz sind die Hebel der \u201eAll-Electric-Society\u201c.\" === \"\") {\r\n\t\t\t\tjQuery( document ).ready(function() {\r\n\t\t\t\t\t\t\t\tjQuery('.iv_a1599353706').css('display','none');\r\n\t\t\t\t});\r\n}\r\nif(\"\" === \"\") {\r\n\t\t\t\tjQuery( document ).ready(function() {\r\n\t\t\t\t\t\t\t\tjQuery('.iv_a2599353706').css('display','none');\r\n\t\t\t\t});\r\n}\r\nif(\"\" === \"\") {\r\n\t\t\t\tjQuery( document ).ready(function() {\r\n\t\t\t\t\t\t\t\tjQuery('.iv_a3599353706').css('display','none');\r\n\t\t\t\t});\r\n}\r\nif(\"\" === \"\") {\r\n\t\t\t\tjQuery( document ).ready(function() {\r\n\t\t\t\t\t\t\t\t\/\/ jQuery('.iv_answer4').eq(window.iv_elt_count).css('display','none');\r\n\t\t\t\t\t\t\t\tjQuery('.iv_a4599353706').css('display','none');\r\n\t\t\t\t});\r\n}<\/script><style type=\"text\/css\">.iv_headline {\r\n\t\tfont-weight: 700;\r\n\t\tfont-style: italic;\r\n\t\tfont-size: 20px;\r\n}\r\n.iv_person {\r\n\t\tcolor: #00a587;\r\n\t\tfont-style: italic;\r\n\t\tfont-weight: 400;\r\n}\r\n.iv_person::after {\r\n\t\tcontent: \": \";\r\n}<\/style><div class=\"custom-interview\" id=\"iv_599353706\"><div class=\"iv_headline\">Herr Dr. Kegel, Sie sagten einmal, es sei noch nicht gelungen, allen gesellschaftlichen Gruppen zu vermitteln, dass die Elektrotechnik wie keine andere Disziplin f\u00fcr die L\u00f6sung der allermeisten gro\u00dfen Aufgaben der mit Abstand wichtigste \u201eEnabler\u201c ist. Welche sehen Sie neben dem Klimawandel als die gr\u00f6\u00dften Herausforderungen der kommenden Jahre?<\/div>\r\n<p class=\"iv_answer1 iv_a1599353706\"><span class=\"iv_person\">Kegel<\/span>Zun\u00e4chst muss man klarstellen, dass der Umbau unserer Wirtschaft und Gesellschaft hin zu einer nachhaltigen Kreislaufwirtschaft mit erneuerbarem Strom als dominanter Energiequelle nicht nur f\u00fcr den Erhalt eines lebensfreundlichen Klimas notwendig ist. Wir werden Experten zufolge im Jahr 2050 etwa zehn bis elf Milliarden Menschen auf diesem Globus sein. Wohlstand und Lebensqualit\u00e4t f\u00fcr all diese Menschen l\u00e4sst sich nicht mehr durch den Verbrauch nicht-erneuerbarer Ressourcen erreichen. F\u00fcr die Mehrheit der Menschen, die in wirtschaftlichen Entwicklungsr\u00e4umen wie Indien, Afrika oder China leben, ist das Narrativ des Verzichts auch keine zukunftsf\u00e4hige Vision. Diese Menschen wollen alle erst einmal den Wohlstand westlicher L\u00e4nder erreichen. Verzicht bedeutet auch immer nachlassende Bruttowertsch\u00f6pfung und somit nachlassende Sozialprodukte. Die Kosten des Umbaus von Gesellschaft und Wirtschaft k\u00f6nnen aber nur durch wachsenden Wohlstand, also wachsende Wirtschaftsleistung bezahlt werden. Die L\u00f6sung kann deshalb nur lauten: durch Innovation Wachstum und Wohlstand in einer nachhaltigen Gesellschaft und Wirtschaft zu sichern. Unterstellen wir einmal, dass die zehn Milliarden Menschen in 2050 individuell so mobil wie die heutige Gesellschaft in den Industriel\u00e4ndern sein wollen. Dann fahren im Jahr 2050 auf diesem Erdball gut f\u00fcnf Milliarden Fahrzeuge, im Vergleich zu heute ca. 1,3 Milliarden. Diese Fahrzeuge m\u00fcssen dann zu ann\u00e4hernd 100 % aus recyceltem Material bestehen und ausschlie\u00dflich Strom aus erneuerbaren Quellen tanken. Dabei hat der Elektromotor einen zweieinhalb Mal besseren Wirkungsgrad als ein Verbrennungsmotor \u2014 wir erh\u00f6hen also die Energieeffizienz der Mobilit\u00e4t dramatisch. Und genau das ist die Aufgabe auch f\u00fcr alle anderen Sektoren: Industrie, Geb\u00e4ude, Landwirtschaft, Handel und Dienstleistungen, etc. \u2014 Elektrifizierung und Energieeffizienz sind die Hebel der \u201eAll-Electric-Society\u201c.<\/p>\r\n<p class=\"iv_answer2 iv_a2599353706\"><span class=\"iv_person\"><\/span><\/p>\r\n<p class=\"iv_answer3 iv_a3599353706\"><span class=\"iv_person\"><\/span><\/p>\r\n<p class=\"iv_answer4 iv_a4599353706\"><span class=\"iv_person\"><\/span><\/p>\r\n<\/div><div class=\"fusion-image-element awb-imageframe-style awb-imageframe-style-below awb-imageframe-style-1\" style=\"--awb-caption-title-font-family:var(--h3_typography-font-family);--awb-caption-title-font-weight:var(--h3_typography-font-weight);--awb-caption-title-font-style:var(--h3_typography-font-style);--awb-caption-title-size:var(--h3_typography-font-size);--awb-caption-title-transform:var(--h3_typography-text-transform);--awb-caption-title-line-height:var(--h3_typography-line-height);--awb-caption-title-letter-spacing:var(--h3_typography-letter-spacing);\"><span class=\" fusion-imageframe imageframe-none imageframe-1 hover-type-none elt_image\"><a href=\"https:\/\/amplify-test.pepperl-fuchs.com\/wp-content\/uploads\/2024\/07\/61dd4e15dbf26_un-sustainable-development-goals-2021-de.jpg\" class=\"fusion-lightbox\" data-rel=\"iLightbox[4b788e11aeb640bbb17]\" data-caption=\"\"><img decoding=\"async\" width=\"1188\" height=\"594\" alt=\"UN-Nachhaltigkeitsziele 2021\" src=\"https:\/\/amplify-test.pepperl-fuchs.com\/wp-content\/uploads\/2024\/07\/61dd4e15dbf26_un-sustainable-development-goals-2021-de.jpg\" class=\"img-responsive wp-image-2024\" srcset=\"https:\/\/amplify-test.pepperl-fuchs.com\/wp-content\/uploads\/2024\/07\/61dd4e15dbf26_un-sustainable-development-goals-2021-de-200x100.jpg 200w, https:\/\/amplify-test.pepperl-fuchs.com\/wp-content\/uploads\/2024\/07\/61dd4e15dbf26_un-sustainable-development-goals-2021-de-400x200.jpg 400w, https:\/\/amplify-test.pepperl-fuchs.com\/wp-content\/uploads\/2024\/07\/61dd4e15dbf26_un-sustainable-development-goals-2021-de-600x300.jpg 600w, https:\/\/amplify-test.pepperl-fuchs.com\/wp-content\/uploads\/2024\/07\/61dd4e15dbf26_un-sustainable-development-goals-2021-de-800x400.jpg 800w, https:\/\/amplify-test.pepperl-fuchs.com\/wp-content\/uploads\/2024\/07\/61dd4e15dbf26_un-sustainable-development-goals-2021-de.jpg 1188w\" sizes=\"(max-width: 640px) 100vw, 1188px\" \/><\/a><\/span><div class=\"awb-imageframe-caption-container\"><div class=\"awb-imageframe-caption\"><p class=\"awb-imageframe-caption-text\">Der Umbau von Gesellschaft und Wirtschaft hin zu einer nachhaltigen Kreislaufwirtschaft kann nur durch wachsenden Wohlstand und wachsende Wirtschaftsleistung erreicht werden. Die 17 Indikatoren f\u00fcr Nachhaltigkeit und Wohlstand: Ziele f\u00fcr nachhaltige Entwicklung der Vereinten Nationen, 2021.<\/p><\/div><\/div><\/div><script type=\"text\/javascript\">if( typeof window.iv_elt_count === 'undefined' || window.iv_elt_count === null ){\r\n\t\t\t\twindow.iv_elt_count = 0;\r\n} else {\r\n\t\t\t\twindow.iv_elt_count++;\r\n}\r\nif(\"{{interview_headline}}\" === \"\") {\r\n\t\t\t\tjQuery( document ).ready(function() {\r\n\t\t\t\t\t\t\t\tjQuery('.iv_headline').eq(window.iv_elt_count).css('display','none');\r\n\t\t\t\t});\r\n}\r\nif(\"Lassen Sie mich das anhand von ein paar Beispielen verdeutlichen. Unsere Dienstfahrzeugflotte mit Verbrennungsmotor verbrauchte in 2019 allein in Deutschland etwa 500 Terawattstunden (TWh) fossiler Brennstoffe. Die gleiche Fahrleistung h\u00e4tte auch mit nur 220 TWh Strom erreicht werden k\u00f6nnen. Im Geb\u00e4ude hat eine Luftw\u00e4rmepumpe einen f\u00fcnf Mal h\u00f6heren Wirkungsgrad. 500 TWh verbranntes Gas k\u00f6nnten also durch 100 TWh Strom ersetzt werden. Auch in der Industrie k\u00f6nnen Energieverbr\u00e4uche durch den Einsatz entsprechender Technologien massiv gesenkt werden. In der Fertigungsindustrie werden 40 % der Energie in Elektromotoren, Maschinen, F\u00f6rderb\u00e4ndern etc. verbraucht. W\u00fcrde man alle installierten Motoren durch neueste, energieeffiziente Servoantriebe austauschen und in intelligente Automatisierungsl\u00f6sungen einbetten, k\u00f6nnte man mehr als 80 % des Energieverbrauchs der Motoren einsparen. Auf die Fertigungsindustrie bezogen w\u00e4ren das immer noch 32 % Einsparung. Denken Sie an eine herk\u00f6mmliche F\u00f6rderstrecke, auf der sich wenige F\u00f6rderg\u00fcter bewegen und trotzdem das gesamte, gegebenenfalls hunderte Meter lange F\u00f6rderband bewegt wird. Teilt man die Strecke in kleine autonome Teilabschnitte, bewegen sich nur die Teile, die gerade auch ein F\u00f6rdergut zu transportieren haben. Energieeinsparungen von bis zu 90 % sind so m\u00f6glich. Um die kleinen F\u00f6rderabschnitte zu synchronisieren und Transportgut zu identifizieren, setzen F\u00f6rdertechnikhersteller bereits heute z. B. unsere RFID- und AS-Interface-Systeml\u00f6sungen ein.\" === \"\") {\r\n\t\t\t\tjQuery( document ).ready(function() {\r\n\t\t\t\t\t\t\t\tjQuery('.iv_a13474553495').css('display','none');\r\n\t\t\t\t});\r\n}\r\nif(\"\" === \"\") {\r\n\t\t\t\tjQuery( document ).ready(function() {\r\n\t\t\t\t\t\t\t\tjQuery('.iv_a23474553495').css('display','none');\r\n\t\t\t\t});\r\n}\r\nif(\"\" === \"\") {\r\n\t\t\t\tjQuery( document ).ready(function() {\r\n\t\t\t\t\t\t\t\tjQuery('.iv_a33474553495').css('display','none');\r\n\t\t\t\t});\r\n}\r\nif(\"\" === \"\") {\r\n\t\t\t\tjQuery( document ).ready(function() {\r\n\t\t\t\t\t\t\t\t\/\/ jQuery('.iv_answer4').eq(window.iv_elt_count).css('display','none');\r\n\t\t\t\t\t\t\t\tjQuery('.iv_a43474553495').css('display','none');\r\n\t\t\t\t});\r\n}<\/script><style type=\"text\/css\">.iv_headline {\r\n\t\tfont-weight: 700;\r\n\t\tfont-style: italic;\r\n\t\tfont-size: 20px;\r\n}\r\n.iv_person {\r\n\t\tcolor: #00a587;\r\n\t\tfont-style: italic;\r\n\t\tfont-weight: 400;\r\n}\r\n.iv_person::after {\r\n\t\tcontent: \": \";\r\n}<\/style><div class=\"custom-interview\" id=\"iv_3474553495\"><div class=\"iv_headline\">Sie sind in der Automatisierungsbranche allgemeinhin bekannt als gro\u00dfer Verfechter der Ingenieurskunst und der Elektrotechnik, die uns dem Ziel der Klimaneutralit\u00e4t ein gro\u00dfes St\u00fcck n\u00e4her bringen k\u00f6nnen. F\u00fcr welche Bereiche h\u00e4tte die Industrie heute schon die technischen M\u00f6glichkeiten?<\/div>\r\n<p class=\"iv_answer1 iv_a13474553495\"><span class=\"iv_person\">Kegel<\/span>Lassen Sie mich das anhand von ein paar Beispielen verdeutlichen. Unsere Dienstfahrzeugflotte mit Verbrennungsmotor verbrauchte in 2019 allein in Deutschland etwa 500 Terawattstunden (TWh) fossiler Brennstoffe. Die gleiche Fahrleistung h\u00e4tte auch mit nur 220 TWh Strom erreicht werden k\u00f6nnen. Im Geb\u00e4ude hat eine Luftw\u00e4rmepumpe einen f\u00fcnf Mal h\u00f6heren Wirkungsgrad. 500 TWh verbranntes Gas k\u00f6nnten also durch 100 TWh Strom ersetzt werden. Auch in der Industrie k\u00f6nnen Energieverbr\u00e4uche durch den Einsatz entsprechender Technologien massiv gesenkt werden. In der Fertigungsindustrie werden 40 % der Energie in Elektromotoren, Maschinen, F\u00f6rderb\u00e4ndern etc. verbraucht. W\u00fcrde man alle installierten Motoren durch neueste, energieeffiziente Servoantriebe austauschen und in intelligente Automatisierungsl\u00f6sungen einbetten, k\u00f6nnte man mehr als 80 % des Energieverbrauchs der Motoren einsparen. Auf die Fertigungsindustrie bezogen w\u00e4ren das immer noch 32 % Einsparung. Denken Sie an eine herk\u00f6mmliche F\u00f6rderstrecke, auf der sich wenige F\u00f6rderg\u00fcter bewegen und trotzdem das gesamte, gegebenenfalls hunderte Meter lange F\u00f6rderband bewegt wird. Teilt man die Strecke in kleine autonome Teilabschnitte, bewegen sich nur die Teile, die gerade auch ein F\u00f6rdergut zu transportieren haben. Energieeinsparungen von bis zu 90 % sind so m\u00f6glich. Um die kleinen F\u00f6rderabschnitte zu synchronisieren und Transportgut zu identifizieren, setzen F\u00f6rdertechnikhersteller bereits heute z. B. unsere RFID- und AS-Interface-Systeml\u00f6sungen ein.<\/p>\r\n<p class=\"iv_answer2 iv_a23474553495\"><span class=\"iv_person\"><\/span><\/p>\r\n<p class=\"iv_answer3 iv_a33474553495\"><span class=\"iv_person\"><\/span><\/p>\r\n<p class=\"iv_answer4 iv_a43474553495\"><span class=\"iv_person\"><\/span><\/p>\r\n<\/div><div class=\"fusion-image-element awb-imageframe-style awb-imageframe-style-below awb-imageframe-style-2\" style=\"--awb-caption-title-font-family:var(--h3_typography-font-family);--awb-caption-title-font-weight:var(--h3_typography-font-weight);--awb-caption-title-font-style:var(--h3_typography-font-style);--awb-caption-title-size:var(--h3_typography-font-size);--awb-caption-title-transform:var(--h3_typography-text-transform);--awb-caption-title-line-height:var(--h3_typography-line-height);--awb-caption-title-letter-spacing:var(--h3_typography-letter-spacing);\"><span class=\" fusion-imageframe imageframe-none imageframe-2 hover-type-none elt_image\"><a href=\"https:\/\/amplify-test.pepperl-fuchs.com\/wp-content\/uploads\/2024\/07\/61dd49cbc70e8_stromverbrauch-nach-sektor-de-statista.png\" class=\"fusion-lightbox\" data-rel=\"iLightbox[2eff2d5a6c6fe04a3f1]\" data-caption=\"\"><img decoding=\"async\" width=\"2100\" height=\"1500\" alt=\"Weltweiter Stromverbrauch nach Sektoren, Quelle Statista 2021\" src=\"https:\/\/amplify-test.pepperl-fuchs.com\/wp-content\/uploads\/2024\/07\/61dd49cbc70e8_stromverbrauch-nach-sektor-de-statista.png\" class=\"img-responsive wp-image-2025\" srcset=\"https:\/\/amplify-test.pepperl-fuchs.com\/wp-content\/uploads\/2024\/07\/61dd49cbc70e8_stromverbrauch-nach-sektor-de-statista-200x143.png 200w, https:\/\/amplify-test.pepperl-fuchs.com\/wp-content\/uploads\/2024\/07\/61dd49cbc70e8_stromverbrauch-nach-sektor-de-statista-400x286.png 400w, https:\/\/amplify-test.pepperl-fuchs.com\/wp-content\/uploads\/2024\/07\/61dd49cbc70e8_stromverbrauch-nach-sektor-de-statista-600x429.png 600w, https:\/\/amplify-test.pepperl-fuchs.com\/wp-content\/uploads\/2024\/07\/61dd49cbc70e8_stromverbrauch-nach-sektor-de-statista-800x571.png 800w, https:\/\/amplify-test.pepperl-fuchs.com\/wp-content\/uploads\/2024\/07\/61dd49cbc70e8_stromverbrauch-nach-sektor-de-statista-1200x857.png 1200w, https:\/\/amplify-test.pepperl-fuchs.com\/wp-content\/uploads\/2024\/07\/61dd49cbc70e8_stromverbrauch-nach-sektor-de-statista.png 2100w\" sizes=\"(max-width: 640px) 100vw, 1200px\" \/><\/a><\/span><div class=\"awb-imageframe-caption-container\"><div class=\"awb-imageframe-caption\"><p class=\"awb-imageframe-caption-text\">Der Anteil am weltweiten Stromverbrauch nach Sektoren im Jahr 2019 (Quelle: Statista 2021)<\/p><\/div><\/div><\/div><script type=\"text\/javascript\">if( typeof window.iv_elt_count === 'undefined' || window.iv_elt_count === null ){\r\n\t\t\t\twindow.iv_elt_count = 0;\r\n} else {\r\n\t\t\t\twindow.iv_elt_count++;\r\n}\r\nif(\"{{interview_headline}}\" === \"\") {\r\n\t\t\t\tjQuery( document ).ready(function() {\r\n\t\t\t\t\t\t\t\tjQuery('.iv_headline').eq(window.iv_elt_count).css('display','none');\r\n\t\t\t\t});\r\n}\r\nif(\"Unsere Innovationen sind schon heute Teil nachhaltiger, energiesparender L\u00f6sungen in allen Bereichen der Industrie. Dabei tragen unsere Produkte selbst nur in einem verschwindend kleinen Anteil zum Energieverbrauch bei. Wir reden bei unseren Sensoren und Trennbausteinen \u00fcber 24 Volt und einige Milliampere. Das Design leistungsarmer Elektronik liegt quasi in unserer DNA. Wir tragen schon immer sehr wenig zum Problem, aber sehr viel zur L\u00f6sung bei. Die Herausforderung besteht darin, bei unseren Kunden neue Maschinen und Anlagen zu automatisieren, die zum einen elektrisch und digital und zum anderen energieeffizient sind. Unseren Anwendern, sei es der Chemie-, Metall-, Lebensmittel-, Intralogistik- oder Automobilindustrie, die passenden Produkte f\u00fcr deren Elektrifizierung und Energieeffizienz zu liefern, ist der gr\u00f6\u00dfte und direkte Hebel, den wir haben.\" === \"\") {\r\n\t\t\t\tjQuery( document ).ready(function() {\r\n\t\t\t\t\t\t\t\tjQuery('.iv_a11164556015').css('display','none');\r\n\t\t\t\t});\r\n}\r\nif(\"\" === \"\") {\r\n\t\t\t\tjQuery( document ).ready(function() {\r\n\t\t\t\t\t\t\t\tjQuery('.iv_a21164556015').css('display','none');\r\n\t\t\t\t});\r\n}\r\nif(\"\" === \"\") {\r\n\t\t\t\tjQuery( document ).ready(function() {\r\n\t\t\t\t\t\t\t\tjQuery('.iv_a31164556015').css('display','none');\r\n\t\t\t\t});\r\n}\r\nif(\"\" === \"\") {\r\n\t\t\t\tjQuery( document ).ready(function() {\r\n\t\t\t\t\t\t\t\t\/\/ jQuery('.iv_answer4').eq(window.iv_elt_count).css('display','none');\r\n\t\t\t\t\t\t\t\tjQuery('.iv_a41164556015').css('display','none');\r\n\t\t\t\t});\r\n}<\/script><style type=\"text\/css\">.iv_headline {\r\n\t\tfont-weight: 700;\r\n\t\tfont-style: italic;\r\n\t\tfont-size: 20px;\r\n}\r\n.iv_person {\r\n\t\tcolor: #00a587;\r\n\t\tfont-style: italic;\r\n\t\tfont-weight: 400;\r\n}\r\n.iv_person::after {\r\n\t\tcontent: \": \";\r\n}<\/style><div class=\"custom-interview\" id=\"iv_1164556015\"><div class=\"iv_headline\">Das bedeutet also, dass bezogen auf die Automatisierung bereits umfassende technische M\u00f6glichkeiten f\u00fcr energieeffiziente Anlagen gegeben sind?<\/div>\r\n<p class=\"iv_answer1 iv_a11164556015\"><span class=\"iv_person\">Kegel<\/span>Unsere Innovationen sind schon heute Teil nachhaltiger, energiesparender L\u00f6sungen in allen Bereichen der Industrie. Dabei tragen unsere Produkte selbst nur in einem verschwindend kleinen Anteil zum Energieverbrauch bei. Wir reden bei unseren Sensoren und Trennbausteinen \u00fcber 24 Volt und einige Milliampere. Das Design leistungsarmer Elektronik liegt quasi in unserer DNA. Wir tragen schon immer sehr wenig zum Problem, aber sehr viel zur L\u00f6sung bei. Die Herausforderung besteht darin, bei unseren Kunden neue Maschinen und Anlagen zu automatisieren, die zum einen elektrisch und digital und zum anderen energieeffizient sind. Unseren Anwendern, sei es der Chemie-, Metall-, Lebensmittel-, Intralogistik- oder Automobilindustrie, die passenden Produkte f\u00fcr deren Elektrifizierung und Energieeffizienz zu liefern, ist der gr\u00f6\u00dfte und direkte Hebel, den wir haben.<\/p>\r\n<p class=\"iv_answer2 iv_a21164556015\"><span class=\"iv_person\"><\/span><\/p>\r\n<p class=\"iv_answer3 iv_a31164556015\"><span class=\"iv_person\"><\/span><\/p>\r\n<p class=\"iv_answer4 iv_a41164556015\"><span class=\"iv_person\"><\/span><\/p>\r\n<\/div><script type=\"text\/javascript\">if( typeof window.iv_elt_count === 'undefined' || window.iv_elt_count === null ){\r\n\t\t\t\twindow.iv_elt_count = 0;\r\n} else {\r\n\t\t\t\twindow.iv_elt_count++;\r\n}\r\nif(\"{{interview_headline}}\" === \"\") {\r\n\t\t\t\tjQuery( document ).ready(function() {\r\n\t\t\t\t\t\t\t\tjQuery('.iv_headline').eq(window.iv_elt_count).css('display','none');\r\n\t\t\t\t});\r\n}\r\nif(\"Die Produkte und Systeme, die wir in energieeffiziente Anlagen unserer Kunden integrieren d\u00fcrfen, heben sich durch eine generell verbesserte Funktionalit\u00e4t, Effizienz und Zuverl\u00e4ssigkeit ab, sind aber ansonsten eher eine \u201eenabling technology\u201c f\u00fcr energieeffiziente und ressourcenschonende Produktionsprozesse. Es macht aber z. B. keinen Sinn, in einer alten, unver\u00e4nderten Anlage nur die Sensorik auszutauschen, um so eine h\u00f6here Energieeffizienz zu erreichen. Man muss die Anlage und ihre Automatisierung schon ganzheitlich \u00fcberarbeiten, wenn man Effizienzpotenziale heben will.\" === \"\") {\r\n\t\t\t\tjQuery( document ).ready(function() {\r\n\t\t\t\t\t\t\t\tjQuery('.iv_a1506586649').css('display','none');\r\n\t\t\t\t});\r\n}\r\nif(\"\" === \"\") {\r\n\t\t\t\tjQuery( document ).ready(function() {\r\n\t\t\t\t\t\t\t\tjQuery('.iv_a2506586649').css('display','none');\r\n\t\t\t\t});\r\n}\r\nif(\"\" === \"\") {\r\n\t\t\t\tjQuery( document ).ready(function() {\r\n\t\t\t\t\t\t\t\tjQuery('.iv_a3506586649').css('display','none');\r\n\t\t\t\t});\r\n}\r\nif(\"\" === \"\") {\r\n\t\t\t\tjQuery( document ).ready(function() {\r\n\t\t\t\t\t\t\t\t\/\/ jQuery('.iv_answer4').eq(window.iv_elt_count).css('display','none');\r\n\t\t\t\t\t\t\t\tjQuery('.iv_a4506586649').css('display','none');\r\n\t\t\t\t});\r\n}<\/script><style type=\"text\/css\">.iv_headline {\r\n\t\tfont-weight: 700;\r\n\t\tfont-style: italic;\r\n\t\tfont-size: 20px;\r\n}\r\n.iv_person {\r\n\t\tcolor: #00a587;\r\n\t\tfont-style: italic;\r\n\t\tfont-weight: 400;\r\n}\r\n.iv_person::after {\r\n\t\tcontent: \": \";\r\n}<\/style><div class=\"custom-interview\" id=\"iv_506586649\"><div class=\"iv_headline\">Wie sieht der Hebel f\u00fcr energieeffiziente Anlagen und Produktionsprozesse aus?<\/div>\r\n<p class=\"iv_answer1 iv_a1506586649\"><span class=\"iv_person\">Kegel<\/span>Die Produkte und Systeme, die wir in energieeffiziente Anlagen unserer Kunden integrieren d\u00fcrfen, heben sich durch eine generell verbesserte Funktionalit\u00e4t, Effizienz und Zuverl\u00e4ssigkeit ab, sind aber ansonsten eher eine \u201eenabling technology\u201c f\u00fcr energieeffiziente und ressourcenschonende Produktionsprozesse. Es macht aber z. B. keinen Sinn, in einer alten, unver\u00e4nderten Anlage nur die Sensorik auszutauschen, um so eine h\u00f6here Energieeffizienz zu erreichen. Man muss die Anlage und ihre Automatisierung schon ganzheitlich \u00fcberarbeiten, wenn man Effizienzpotenziale heben will.<\/p>\r\n<p class=\"iv_answer2 iv_a2506586649\"><span class=\"iv_person\"><\/span><\/p>\r\n<p class=\"iv_answer3 iv_a3506586649\"><span class=\"iv_person\"><\/span><\/p>\r\n<p class=\"iv_answer4 iv_a4506586649\"><span class=\"iv_person\"><\/span><\/p>\r\n<\/div><div class=\"fusion-image-element awb-imageframe-style awb-imageframe-style-below awb-imageframe-style-3\" style=\"--awb-caption-title-font-family:var(--h3_typography-font-family);--awb-caption-title-font-weight:var(--h3_typography-font-weight);--awb-caption-title-font-style:var(--h3_typography-font-style);--awb-caption-title-size:var(--h3_typography-font-size);--awb-caption-title-transform:var(--h3_typography-text-transform);--awb-caption-title-line-height:var(--h3_typography-line-height);--awb-caption-title-letter-spacing:var(--h3_typography-letter-spacing);\"><span class=\" fusion-imageframe imageframe-none imageframe-3 hover-type-none elt_image\"><a href=\"https:\/\/amplify-test.pepperl-fuchs.com\/wp-content\/uploads\/2024\/07\/61dd80ccb3e09_co2-emissions-destatis-zvei-de.png\" class=\"fusion-lightbox\" data-rel=\"iLightbox[4190fdc2aba006b4d60]\" data-caption=\"\"><img decoding=\"async\" width=\"2100\" height=\"1500\" alt=\"CO2-Emissionen pro industriellen Sektor Deutschland, Quelle: Destatis und ZVEI\" src=\"https:\/\/amplify-test.pepperl-fuchs.com\/wp-content\/uploads\/2024\/07\/61dd80ccb3e09_co2-emissions-destatis-zvei-de.png\" class=\"img-responsive wp-image-2026\" srcset=\"https:\/\/amplify-test.pepperl-fuchs.com\/wp-content\/uploads\/2024\/07\/61dd80ccb3e09_co2-emissions-destatis-zvei-de-200x143.png 200w, https:\/\/amplify-test.pepperl-fuchs.com\/wp-content\/uploads\/2024\/07\/61dd80ccb3e09_co2-emissions-destatis-zvei-de-400x286.png 400w, https:\/\/amplify-test.pepperl-fuchs.com\/wp-content\/uploads\/2024\/07\/61dd80ccb3e09_co2-emissions-destatis-zvei-de-600x429.png 600w, https:\/\/amplify-test.pepperl-fuchs.com\/wp-content\/uploads\/2024\/07\/61dd80ccb3e09_co2-emissions-destatis-zvei-de-800x571.png 800w, https:\/\/amplify-test.pepperl-fuchs.com\/wp-content\/uploads\/2024\/07\/61dd80ccb3e09_co2-emissions-destatis-zvei-de-1200x857.png 1200w, https:\/\/amplify-test.pepperl-fuchs.com\/wp-content\/uploads\/2024\/07\/61dd80ccb3e09_co2-emissions-destatis-zvei-de.png 2100w\" sizes=\"(max-width: 640px) 100vw, 1200px\" \/><\/a><\/span><div class=\"awb-imageframe-caption-container\"><div class=\"awb-imageframe-caption\"><p class=\"awb-imageframe-caption-text\">CO2-Emissionen aufgeteilt nach industriellen Sektoren in Deutschland (Quelle: Destatis und ZVEI). Der Anteil der Elektrotechnik- und Elektronikindustrie an CO2-Emissionen ist verschwindend gering im Vergleich zur Metall- oder Chemieindustrie.<\/p><\/div><\/div><\/div><script type=\"text\/javascript\">if( typeof window.iv_elt_count === 'undefined' || window.iv_elt_count === null ){\r\n\t\t\t\twindow.iv_elt_count = 0;\r\n} else {\r\n\t\t\t\twindow.iv_elt_count++;\r\n}\r\nif(\"{{interview_headline}}\" === \"\") {\r\n\t\t\t\tjQuery( document ).ready(function() {\r\n\t\t\t\t\t\t\t\tjQuery('.iv_headline').eq(window.iv_elt_count).css('display','none');\r\n\t\t\t\t});\r\n}\r\nif(\"Klimaneutralit\u00e4t wird sich nur durch drei wesentliche Ausbaupfade erreichen lassen: umfassende Elektrifizierung, den Ausbau erneuerbarer Energietr\u00e4ger und eine erh\u00f6hte Energieeffizienz. Um Anlagen energieeffizienter zu machen, braucht man Automatisierung und Digitalisierung. Wenn Sie beispielsweise Energieerzeugung und Energieverbrauch intelligent koppeln wollen, die sogenannte Sektorkopplung, m\u00fcssen beide Welten zun\u00e4chst einmal digitalisiert sein. Dann kann der Verbraucher seinen Energiebedarf automatisch mit dem Erzeuger verhandeln und somit k\u00f6nnten z. B. Verbrauchsspitzen deutlich gegl\u00e4ttet werden. Dazu ist Industrie 4.0 unerl\u00e4sslich.\" === \"\") {\r\n\t\t\t\tjQuery( document ).ready(function() {\r\n\t\t\t\t\t\t\t\tjQuery('.iv_a12503103444').css('display','none');\r\n\t\t\t\t});\r\n}\r\nif(\"\" === \"\") {\r\n\t\t\t\tjQuery( document ).ready(function() {\r\n\t\t\t\t\t\t\t\tjQuery('.iv_a22503103444').css('display','none');\r\n\t\t\t\t});\r\n}\r\nif(\"\" === \"\") {\r\n\t\t\t\tjQuery( document ).ready(function() {\r\n\t\t\t\t\t\t\t\tjQuery('.iv_a32503103444').css('display','none');\r\n\t\t\t\t});\r\n}\r\nif(\"\" === \"\") {\r\n\t\t\t\tjQuery( document ).ready(function() {\r\n\t\t\t\t\t\t\t\t\/\/ jQuery('.iv_answer4').eq(window.iv_elt_count).css('display','none');\r\n\t\t\t\t\t\t\t\tjQuery('.iv_a42503103444').css('display','none');\r\n\t\t\t\t});\r\n}<\/script><style type=\"text\/css\">.iv_headline {\r\n\t\tfont-weight: 700;\r\n\t\tfont-style: italic;\r\n\t\tfont-size: 20px;\r\n}\r\n.iv_person {\r\n\t\tcolor: #00a587;\r\n\t\tfont-style: italic;\r\n\t\tfont-weight: 400;\r\n}\r\n.iv_person::after {\r\n\t\tcontent: \": \";\r\n}<\/style><div class=\"custom-interview\" id=\"iv_2503103444\"><div class=\"iv_headline\">Welche Rolle spielen Industrie 4.0 und IIoT beim Ziel der Klimaneutralit\u00e4t?<\/div>\r\n<p class=\"iv_answer1 iv_a12503103444\"><span class=\"iv_person\">Kegel<\/span>Klimaneutralit\u00e4t wird sich nur durch drei wesentliche Ausbaupfade erreichen lassen: umfassende Elektrifizierung, den Ausbau erneuerbarer Energietr\u00e4ger und eine erh\u00f6hte Energieeffizienz. Um Anlagen energieeffizienter zu machen, braucht man Automatisierung und Digitalisierung. Wenn Sie beispielsweise Energieerzeugung und Energieverbrauch intelligent koppeln wollen, die sogenannte Sektorkopplung, m\u00fcssen beide Welten zun\u00e4chst einmal digitalisiert sein. Dann kann der Verbraucher seinen Energiebedarf automatisch mit dem Erzeuger verhandeln und somit k\u00f6nnten z. B. Verbrauchsspitzen deutlich gegl\u00e4ttet werden. Dazu ist Industrie 4.0 unerl\u00e4sslich.<\/p>\r\n<p class=\"iv_answer2 iv_a22503103444\"><span class=\"iv_person\"><\/span><\/p>\r\n<p class=\"iv_answer3 iv_a32503103444\"><span class=\"iv_person\"><\/span><\/p>\r\n<p class=\"iv_answer4 iv_a42503103444\"><span class=\"iv_person\"><\/span><\/p>\r\n<\/div><style type=\"text\/css\">.quote {\r\n\tdisplay: flex;\r\n\talign-items: center;\r\n\tmargin-bottom: 24px;\r\n}\r\n.quote-wrapper {\r\n    \/*position: relative;\r\n    display: flex;*\/\r\n}\r\n.quote-text {\r\n\t\theight: 220px;\r\n\t\talign-content: center;\r\n    border-top: 1px solid #00a587;\r\n\t\tborder-bottom: 1px solid #00a587;\r\n\t\tfont-size: 24px;\r\n\t\tfont-style: italic;\r\n\t\tcolor: #00a587;\r\n\t\tline-height: 28px;\r\n }\r\n.quote-person {\r\n\t\tcolor: #373737;\r\n\t\tfont-size: 14px;\r\n\t\t\r\n}\r\n  .quote-image {\r\n    max-height: 220px; \/* Beispielh\u00f6he des Bildes *\/\r\n\t\tmargin-right: 10px;\r\n  }<\/style><div class=\"quote\">\r\n\t<img decoding=\"async\" src=\"https:\/\/amplify-test.pepperl-fuchs.com\/wp-content\/uploads\/2024\/07\/61bc92bf30ee2_dr-kegel-pepperlfuchs-1.jpg\" alt=\"\" class=\"quote-image\">\r\n\t<div class=\"quote-wrapper\">\t\r\n\t\t<div class=\"quote-text\">Klimaneutralit\u00e4t wird sich nur durch drei wesentliche Ausbaupfade erreichen lassen: umfassende Elektrifizierung, den Ausbau erneuerbarer Energietr\u00e4ger und eine erh\u00f6hte Energieeffizienz.\r\n\t\t\t<div class=\"quote-person\">Dr. Gunther Kegel, CEO Pepperl+Fuchs<\/div>\r\n\t\t<\/div>\r\n\t<\/div>\r\n<\/div><script type=\"text\/javascript\">if( typeof window.iv_elt_count === 'undefined' || window.iv_elt_count === null ){\r\n\t\t\t\twindow.iv_elt_count = 0;\r\n} else {\r\n\t\t\t\twindow.iv_elt_count++;\r\n}\r\nif(\"{{interview_headline}}\" === \"\") {\r\n\t\t\t\tjQuery( document ).ready(function() {\r\n\t\t\t\t\t\t\t\tjQuery('.iv_headline').eq(window.iv_elt_count).css('display','none');\r\n\t\t\t\t});\r\n}\r\nif(\"Noch hat die Transformation der Energieerzeugung vorrangig ein ganz anderes Problem: Die Planungs- und Genehmigungsverfahren dauern, vor allem hier in Deutschland, viel zu lange. Wir kommen gar nicht dazu, die geplante Windkapazit\u00e4t und den Leitungsausbau voranzutreiben, weil die entsprechenden Zulassungen teilweise mehrere Jahre dauern.\" === \"\") {\r\n\t\t\t\tjQuery( document ).ready(function() {\r\n\t\t\t\t\t\t\t\tjQuery('.iv_a13779577355').css('display','none');\r\n\t\t\t\t});\r\n}\r\nif(\"\" === \"\") {\r\n\t\t\t\tjQuery( document ).ready(function() {\r\n\t\t\t\t\t\t\t\tjQuery('.iv_a23779577355').css('display','none');\r\n\t\t\t\t});\r\n}\r\nif(\"\" === \"\") {\r\n\t\t\t\tjQuery( document ).ready(function() {\r\n\t\t\t\t\t\t\t\tjQuery('.iv_a33779577355').css('display','none');\r\n\t\t\t\t});\r\n}\r\nif(\"\" === \"\") {\r\n\t\t\t\tjQuery( document ).ready(function() {\r\n\t\t\t\t\t\t\t\t\/\/ jQuery('.iv_answer4').eq(window.iv_elt_count).css('display','none');\r\n\t\t\t\t\t\t\t\tjQuery('.iv_a43779577355').css('display','none');\r\n\t\t\t\t});\r\n}<\/script><style type=\"text\/css\">.iv_headline {\r\n\t\tfont-weight: 700;\r\n\t\tfont-style: italic;\r\n\t\tfont-size: 20px;\r\n}\r\n.iv_person {\r\n\t\tcolor: #00a587;\r\n\t\tfont-style: italic;\r\n\t\tfont-weight: 400;\r\n}\r\n.iv_person::after {\r\n\t\tcontent: \": \";\r\n}<\/style><div class=\"custom-interview\" id=\"iv_3779577355\"><div class=\"iv_headline\">Inwiefern wirft uns das weltweite und branchen\u00fcbergreifende Problem der Lieferengp\u00e4sse im Halbleiterbereich in der digitalen und klimaneutralen Transformation zur\u00fcck?<\/div>\r\n<p class=\"iv_answer1 iv_a13779577355\"><span class=\"iv_person\">Kegel<\/span>Noch hat die Transformation der Energieerzeugung vorrangig ein ganz anderes Problem: Die Planungs- und Genehmigungsverfahren dauern, vor allem hier in Deutschland, viel zu lange. Wir kommen gar nicht dazu, die geplante Windkapazit\u00e4t und den Leitungsausbau voranzutreiben, weil die entsprechenden Zulassungen teilweise mehrere Jahre dauern.<\/p>\r\n<p class=\"iv_answer2 iv_a23779577355\"><span class=\"iv_person\"><\/span><\/p>\r\n<p class=\"iv_answer3 iv_a33779577355\"><span class=\"iv_person\"><\/span><\/p>\r\n<p class=\"iv_answer4 iv_a43779577355\"><span class=\"iv_person\"><\/span><\/p>\r\n<\/div><script type=\"text\/javascript\">if( typeof window.iv_elt_count === 'undefined' || window.iv_elt_count === null ){\r\n\t\t\t\twindow.iv_elt_count = 0;\r\n} else {\r\n\t\t\t\twindow.iv_elt_count++;\r\n}\r\nif(\"{{interview_headline}}\" === \"\") {\r\n\t\t\t\tjQuery( document ).ready(function() {\r\n\t\t\t\t\t\t\t\tjQuery('.iv_headline').eq(window.iv_elt_count).css('display','none');\r\n\t\t\t\t});\r\n}\r\nif(\"Man sollte mit dem Abgesang auf \u00d6l und Gas erst beginnen, wenn ausreichend Alternativen zur Verf\u00fcgung stehen. Sonst werden die Kapazit\u00e4ten zu schnell reduziert und wir erleben \u2014 so wie im Moment \u2014 eine regelrechte Explosion der \u00d6l- und Gaspreise. In den Klimazielen der deutschen Bundesregierung spielen Wasserstoff und Power-to-Liquid-Verfahren eine gro\u00dfe Rolle \u2014 allesamt potenzielle Applikationen f\u00fcr unsere Explosionsschutzl\u00f6sungen, aber auch Sensorik wie Ventilstellungsr\u00fcckmeldung und Identifikationssysteme werden dort gebraucht. Das Gesch\u00e4ft f\u00fcr die Prozessautomation wird auch im Bereich der \u00fcblichen Ex-Trennbausteine noch sehr lange wachsen. Je mehr Wasserstoff-Elektrolyseure und Raffinerien f\u00fcr synthetischen Brennstoff gebaut werden, desto mehr Gesch\u00e4ft kommt f\u00fcr uns hinzu.\" === \"\") {\r\n\t\t\t\tjQuery( document ).ready(function() {\r\n\t\t\t\t\t\t\t\tjQuery('.iv_a12924302872').css('display','none');\r\n\t\t\t\t});\r\n}\r\nif(\"\" === \"\") {\r\n\t\t\t\tjQuery( document ).ready(function() {\r\n\t\t\t\t\t\t\t\tjQuery('.iv_a22924302872').css('display','none');\r\n\t\t\t\t});\r\n}\r\nif(\"\" === \"\") {\r\n\t\t\t\tjQuery( document ).ready(function() {\r\n\t\t\t\t\t\t\t\tjQuery('.iv_a32924302872').css('display','none');\r\n\t\t\t\t});\r\n}\r\nif(\"\" === \"\") {\r\n\t\t\t\tjQuery( document ).ready(function() {\r\n\t\t\t\t\t\t\t\t\/\/ jQuery('.iv_answer4').eq(window.iv_elt_count).css('display','none');\r\n\t\t\t\t\t\t\t\tjQuery('.iv_a42924302872').css('display','none');\r\n\t\t\t\t});\r\n}<\/script><style type=\"text\/css\">.iv_headline {\r\n\t\tfont-weight: 700;\r\n\t\tfont-style: italic;\r\n\t\tfont-size: 20px;\r\n}\r\n.iv_person {\r\n\t\tcolor: #00a587;\r\n\t\tfont-style: italic;\r\n\t\tfont-weight: 400;\r\n}\r\n.iv_person::after {\r\n\t\tcontent: \": \";\r\n}<\/style><div class=\"custom-interview\" id=\"iv_2924302872\"><div class=\"iv_headline\">Automatisierungsl\u00f6sungen f\u00fcr die Prozessindustrie geh\u00f6ren seit jeher zum Gesch\u00e4ftsfeld von Pepperl+Fuchs. Wie steht es um weitreichende Ver\u00e4nderungen in der \u00d6l- und Gasindustrie? Welche grundlegenden Ver\u00e4nderungen sehen Sie bereits heute in diesen Bereichen?<\/div>\r\n<p class=\"iv_answer1 iv_a12924302872\"><span class=\"iv_person\">Kegel<\/span>Man sollte mit dem Abgesang auf \u00d6l und Gas erst beginnen, wenn ausreichend Alternativen zur Verf\u00fcgung stehen. Sonst werden die Kapazit\u00e4ten zu schnell reduziert und wir erleben \u2014 so wie im Moment \u2014 eine regelrechte Explosion der \u00d6l- und Gaspreise. In den Klimazielen der deutschen Bundesregierung spielen Wasserstoff und Power-to-Liquid-Verfahren eine gro\u00dfe Rolle \u2014 allesamt potenzielle Applikationen f\u00fcr unsere Explosionsschutzl\u00f6sungen, aber auch Sensorik wie Ventilstellungsr\u00fcckmeldung und Identifikationssysteme werden dort gebraucht. Das Gesch\u00e4ft f\u00fcr die Prozessautomation wird auch im Bereich der \u00fcblichen Ex-Trennbausteine noch sehr lange wachsen. Je mehr Wasserstoff-Elektrolyseure und Raffinerien f\u00fcr synthetischen Brennstoff gebaut werden, desto mehr Gesch\u00e4ft kommt f\u00fcr uns hinzu.<\/p>\r\n<p class=\"iv_answer2 iv_a22924302872\"><span class=\"iv_person\"><\/span><\/p>\r\n<p class=\"iv_answer3 iv_a32924302872\"><span class=\"iv_person\"><\/span><\/p>\r\n<p class=\"iv_answer4 iv_a42924302872\"><span class=\"iv_person\"><\/span><\/p>\r\n<\/div><script type=\"text\/javascript\">if( typeof window.iv_elt_count === 'undefined' || window.iv_elt_count === null ){\r\n\t\t\t\twindow.iv_elt_count = 0;\r\n} else {\r\n\t\t\t\twindow.iv_elt_count++;\r\n}\r\nif(\"{{interview_headline}}\" === \"\") {\r\n\t\t\t\tjQuery( document ).ready(function() {\r\n\t\t\t\t\t\t\t\tjQuery('.iv_headline').eq(window.iv_elt_count).css('display','none');\r\n\t\t\t\t});\r\n}\r\nif(\"\u00d6l und Gas sind Br\u00fcckentechnologien, die als Energietr\u00e4ger Zug um Zug durch elektrische Energietr\u00e4ger Wasserstoff, Biogas und synthetische Brennstoffe abgel\u00f6st werden. Bei diesem Umbau werden unsere Produkte in wachsendem Ausma\u00df gebraucht. Dabei brauchen wir kein eigens daf\u00fcr entwickeltes \u201egr\u00fcnes\u201c Produkt. Dem Sensor oder der 2-Draht-Ethernet-Technologie ist es egal, ob sie in einer konventionellen Anlage mit hohem CO2-Aussto\u00df oder beispielsweise in einer Anlage zur Wasserstoff-Elektrolyse eingesetzt werden. Die Anforderungen der neuen, klimaschonenden Maschinen, Anlagen und Prozesse werden zuk\u00fcnftig aber auch neue Anforderungen an die Funktionalit\u00e4t unserer Produkte, Systeme und L\u00f6sungen hervorbringen. Der eigene \u201eCarbon-Footprint\u201c unserer Produkte spielt dabei eine absolut untergeordnete Rolle.\" === \"\") {\r\n\t\t\t\tjQuery( document ).ready(function() {\r\n\t\t\t\t\t\t\t\tjQuery('.iv_a11122519400').css('display','none');\r\n\t\t\t\t});\r\n}\r\nif(\"\" === \"\") {\r\n\t\t\t\tjQuery( document ).ready(function() {\r\n\t\t\t\t\t\t\t\tjQuery('.iv_a21122519400').css('display','none');\r\n\t\t\t\t});\r\n}\r\nif(\"\" === \"\") {\r\n\t\t\t\tjQuery( document ).ready(function() {\r\n\t\t\t\t\t\t\t\tjQuery('.iv_a31122519400').css('display','none');\r\n\t\t\t\t});\r\n}\r\nif(\"\" === \"\") {\r\n\t\t\t\tjQuery( document ).ready(function() {\r\n\t\t\t\t\t\t\t\t\/\/ jQuery('.iv_answer4').eq(window.iv_elt_count).css('display','none');\r\n\t\t\t\t\t\t\t\tjQuery('.iv_a41122519400').css('display','none');\r\n\t\t\t\t});\r\n}<\/script><style type=\"text\/css\">.iv_headline {\r\n\t\tfont-weight: 700;\r\n\t\tfont-style: italic;\r\n\t\tfont-size: 20px;\r\n}\r\n.iv_person {\r\n\t\tcolor: #00a587;\r\n\t\tfont-style: italic;\r\n\t\tfont-weight: 400;\r\n}\r\n.iv_person::after {\r\n\t\tcontent: \": \";\r\n}<\/style><div class=\"custom-interview\" id=\"iv_1122519400\"><div class=\"iv_headline\">Kann Pepperl+Fuchs mit seinen Produkten und Technologien dazu beitragen, dass die \u00d6l- und Gasindustrie als ein wesentlicher Baustein in der heutigen Energieversorgung Teil der klimaneutralen Transformation ist?<\/div>\r\n<p class=\"iv_answer1 iv_a11122519400\"><span class=\"iv_person\">Kegel<\/span>\u00d6l und Gas sind Br\u00fcckentechnologien, die als Energietr\u00e4ger Zug um Zug durch elektrische Energietr\u00e4ger Wasserstoff, Biogas und synthetische Brennstoffe abgel\u00f6st werden. Bei diesem Umbau werden unsere Produkte in wachsendem Ausma\u00df gebraucht. Dabei brauchen wir kein eigens daf\u00fcr entwickeltes \u201egr\u00fcnes\u201c Produkt. Dem Sensor oder der 2-Draht-Ethernet-Technologie ist es egal, ob sie in einer konventionellen Anlage mit hohem CO2-Aussto\u00df oder beispielsweise in einer Anlage zur Wasserstoff-Elektrolyse eingesetzt werden. Die Anforderungen der neuen, klimaschonenden Maschinen, Anlagen und Prozesse werden zuk\u00fcnftig aber auch neue Anforderungen an die Funktionalit\u00e4t unserer Produkte, Systeme und L\u00f6sungen hervorbringen. Der eigene \u201eCarbon-Footprint\u201c unserer Produkte spielt dabei eine absolut untergeordnete Rolle.<\/p>\r\n<p class=\"iv_answer2 iv_a21122519400\"><span class=\"iv_person\"><\/span><\/p>\r\n<p class=\"iv_answer3 iv_a31122519400\"><span class=\"iv_person\"><\/span><\/p>\r\n<p class=\"iv_answer4 iv_a41122519400\"><span class=\"iv_person\"><\/span><\/p>\r\n<\/div><style type=\"text\/css\">.quote {\r\n\tdisplay: flex;\r\n\talign-items: center;\r\n\tmargin-bottom: 24px;\r\n}\r\n.quote-wrapper {\r\n    \/*position: relative;\r\n    display: flex;*\/\r\n}\r\n.quote-text {\r\n\t\theight: 220px;\r\n\t\talign-content: center;\r\n    border-top: 1px solid #00a587;\r\n\t\tborder-bottom: 1px solid #00a587;\r\n\t\tfont-size: 24px;\r\n\t\tfont-style: italic;\r\n\t\tcolor: #00a587;\r\n\t\tline-height: 28px;\r\n }\r\n.quote-person {\r\n\t\tcolor: #373737;\r\n\t\tfont-size: 14px;\r\n\t\t\r\n}\r\n  .quote-image {\r\n    max-height: 220px; \/* Beispielh\u00f6he des Bildes *\/\r\n\t\tmargin-right: 10px;\r\n  }<\/style><div class=\"quote\">\r\n\t<img decoding=\"async\" src=\"https:\/\/amplify-test.pepperl-fuchs.com\/wp-content\/uploads\/2024\/07\/61bc92bf4144b_dr-kegel-pepperlfuchs-2.jpg\" alt=\"\" class=\"quote-image\">\r\n\t<div class=\"quote-wrapper\">\t\r\n\t\t<div class=\"quote-text\">Die Anforderungen der neuen, klimaschonenden Maschinen, Anlagen und Prozesse werden zuk\u00fcnftig auch neue Anforderungen an die Funktionalit\u00e4t unserer Produkte, Systeme und L\u00f6sungen hervorbringen. Der eigene \u201eCarbon-Footprint\u201c unserer Produkte spielt dabei eine absolut untergeordnete Rolle.\r\n\t\t\t<div class=\"quote-person\">Dr. Gunther Kegel, CEO<\/div>\r\n\t\t<\/div>\r\n\t<\/div>\r\n<\/div><script type=\"text\/javascript\">if( typeof window.iv_elt_count === 'undefined' || window.iv_elt_count === null ){\r\n\t\t\t\twindow.iv_elt_count = 0;\r\n} else {\r\n\t\t\t\twindow.iv_elt_count++;\r\n}\r\nif(\"{{interview_headline}}\" === \"\") {\r\n\t\t\t\tjQuery( document ).ready(function() {\r\n\t\t\t\t\t\t\t\tjQuery('.iv_headline').eq(window.iv_elt_count).css('display','none');\r\n\t\t\t\t});\r\n}\r\nif(\"In der chemischen Industrie werden fast die H\u00e4lfte der fossilen Brennstoffe als Grundstoff zur Produktherstellung genutzt, in der der Kohlenstoff in der Regel gebunden bleibt. Die fossilen Grundprodukte durch nachwachsende, organische Rohstoffe zu ersetzen, ist technisch m\u00f6glich, aber noch nicht auf dem Niveau von Gro\u00dfanlagen verf\u00fcgbar. Es erscheint im Moment aber lohnenswerter, die entstehenden Produkte vollst\u00e4ndig zu recyceln und so den Bedarf an Gas und \u00d6l als Rohmaterial weiter zu reduzieren. Diese fossilen Energietr\u00e4ger vollst\u00e4ndig zu substituieren, kann \u00fcber viele Wege erfolgen. Die thermischen Prozesse lassen sich z. B. direkt elektrifizieren. Das Gas kann durch gr\u00fcnen Wasserstoff ersetzt werden oder die erneuerbare Energie wird in Power-to-Liquid-Verfahren genutzt, um synthetische Brennstoffe zu erzeugen. All das ist m\u00f6glich, aber in Gro\u00dfanlagen noch wenig umgesetzt, auch weil der Strom noch viel zu teuer ist. F\u00fcr diese Industrien sind also die Transformationsaufwendungen und Herausforderungen viel gr\u00f6\u00dfer als bei uns in der Elektronikindustrie, aber wir brauchen die enge Zusammenarbeit zwischen uns Automatisierungsspezialisten und unseren Kunden, um zusammen neue energieeffiziente L\u00f6sungen zu entwickeln. Ohne unsere gro\u00dfen Anwender werden wir allein keinen messbaren Beitrag zum Klimaschutz erzeugen k\u00f6nnen. Die N\u00e4he zu den gro\u00dfen Unternehmen wie der Chemie ist f\u00fcr unsere Innovationkraft von entscheidender Bedeutung.\" === \"\") {\r\n\t\t\t\tjQuery( document ).ready(function() {\r\n\t\t\t\t\t\t\t\tjQuery('.iv_a14122613610').css('display','none');\r\n\t\t\t\t});\r\n}\r\nif(\"\" === \"\") {\r\n\t\t\t\tjQuery( document ).ready(function() {\r\n\t\t\t\t\t\t\t\tjQuery('.iv_a24122613610').css('display','none');\r\n\t\t\t\t});\r\n}\r\nif(\"\" === \"\") {\r\n\t\t\t\tjQuery( document ).ready(function() {\r\n\t\t\t\t\t\t\t\tjQuery('.iv_a34122613610').css('display','none');\r\n\t\t\t\t});\r\n}\r\nif(\"\" === \"\") {\r\n\t\t\t\tjQuery( document ).ready(function() {\r\n\t\t\t\t\t\t\t\t\/\/ jQuery('.iv_answer4').eq(window.iv_elt_count).css('display','none');\r\n\t\t\t\t\t\t\t\tjQuery('.iv_a44122613610').css('display','none');\r\n\t\t\t\t});\r\n}<\/script><style type=\"text\/css\">.iv_headline {\r\n\t\tfont-weight: 700;\r\n\t\tfont-style: italic;\r\n\t\tfont-size: 20px;\r\n}\r\n.iv_person {\r\n\t\tcolor: #00a587;\r\n\t\tfont-style: italic;\r\n\t\tfont-weight: 400;\r\n}\r\n.iv_person::after {\r\n\t\tcontent: \": \";\r\n}<\/style><div class=\"custom-interview\" id=\"iv_4122613610\"><div class=\"iv_headline\">Die Chemieindustrie z\u00e4hlt mit ihren anfallenden Treibhausgasemissionen mit zu den energieintensivsten Industrien. Der Verband der Chemischen Industrie e.V. (VCI) analysierte bereits 2019 in der sogenannten \u201eRoadmap 2050\u201c die technologischen Voraussetzungen, wie die chemisch-pharmazeutische Industrie ihr Ziel, vollst\u00e4ndig CO2-neutral zu werden, erreichen kann. N\u00f6tig seien dazu neue Prozesstechnologien in der Basischemie und viel Strom aus erneuerbaren Energien. Von welchen neuen Prozesstechnologien sprechen wir und wie kann Pepperl+Fuchs diese Transformation mitgestalten?<\/div>\r\n<p class=\"iv_answer1 iv_a14122613610\"><span class=\"iv_person\">Kegel<\/span>In der chemischen Industrie werden fast die H\u00e4lfte der fossilen Brennstoffe als Grundstoff zur Produktherstellung genutzt, in der der Kohlenstoff in der Regel gebunden bleibt. Die fossilen Grundprodukte durch nachwachsende, organische Rohstoffe zu ersetzen, ist technisch m\u00f6glich, aber noch nicht auf dem Niveau von Gro\u00dfanlagen verf\u00fcgbar. Es erscheint im Moment aber lohnenswerter, die entstehenden Produkte vollst\u00e4ndig zu recyceln und so den Bedarf an Gas und \u00d6l als Rohmaterial weiter zu reduzieren. Diese fossilen Energietr\u00e4ger vollst\u00e4ndig zu substituieren, kann \u00fcber viele Wege erfolgen. Die thermischen Prozesse lassen sich z. B. direkt elektrifizieren. Das Gas kann durch gr\u00fcnen Wasserstoff ersetzt werden oder die erneuerbare Energie wird in Power-to-Liquid-Verfahren genutzt, um synthetische Brennstoffe zu erzeugen. All das ist m\u00f6glich, aber in Gro\u00dfanlagen noch wenig umgesetzt, auch weil der Strom noch viel zu teuer ist. F\u00fcr diese Industrien sind also die Transformationsaufwendungen und Herausforderungen viel gr\u00f6\u00dfer als bei uns in der Elektronikindustrie, aber wir brauchen die enge Zusammenarbeit zwischen uns Automatisierungsspezialisten und unseren Kunden, um zusammen neue energieeffiziente L\u00f6sungen zu entwickeln. Ohne unsere gro\u00dfen Anwender werden wir allein keinen messbaren Beitrag zum Klimaschutz erzeugen k\u00f6nnen. Die N\u00e4he zu den gro\u00dfen Unternehmen wie der Chemie ist f\u00fcr unsere Innovationkraft von entscheidender Bedeutung.<\/p>\r\n<p class=\"iv_answer2 iv_a24122613610\"><span class=\"iv_person\"><\/span><\/p>\r\n<p class=\"iv_answer3 iv_a34122613610\"><span class=\"iv_person\"><\/span><\/p>\r\n<p class=\"iv_answer4 iv_a44122613610\"><span class=\"iv_person\"><\/span><\/p>\r\n<\/div><script type=\"text\/javascript\">if( typeof window.iv_elt_count === 'undefined' || window.iv_elt_count === null ){\r\n\t\t\t\twindow.iv_elt_count = 0;\r\n} else {\r\n\t\t\t\twindow.iv_elt_count++;\r\n}\r\nif(\"{{interview_headline}}\" === \"\") {\r\n\t\t\t\tjQuery( document ).ready(function() {\r\n\t\t\t\t\t\t\t\tjQuery('.iv_headline').eq(window.iv_elt_count).css('display','none');\r\n\t\t\t\t});\r\n}\r\nif(\"Egal ob in direkter Form, als Wasserstoff oder als Power-to-Liquid \u2014 der erneuerbare elektrische Strom ist ein wichtiger Faktor auf dem Weg zur Klimaneutralit\u00e4t. In Deutschland sollen bis 2050 etwa 2.000 TWh aus erneuerbaren Quellen stammen, das ist genau acht Mal so viel wie heute. Zus\u00e4tzlich wollen wir aber aus dem Ausland 600 TWh in Form von Wasserstoff und Power-to-Liquid einkaufen. Das setzt entsprechende erneuerbare Stromkapazit\u00e4ten \u00fcberall auf der Welt voraus. F\u00fcr uns ist das eine riesige Chance. Unsere Gesch\u00e4fte werden entlang der Ausbauszenarien mitwachsen. Wir k\u00f6nnen unsere Ums\u00e4tze im Bereich Windenergie und Photovoltaik also sicher verdreifachen. Gro\u00dfes Potenzial sehen wir mit unseren Produkten entlang der gesamten Wasserstoff-Wertsch\u00f6pfungskette, angefangen bei der Energieerzeugung \u00fcber Elektrolyse, Speicherung und Transport bis hin zur Wasserstoff-Tankstelle und dem industriellen Einsatz.\" === \"\") {\r\n\t\t\t\tjQuery( document ).ready(function() {\r\n\t\t\t\t\t\t\t\tjQuery('.iv_a12080192641').css('display','none');\r\n\t\t\t\t});\r\n}\r\nif(\"\" === \"\") {\r\n\t\t\t\tjQuery( document ).ready(function() {\r\n\t\t\t\t\t\t\t\tjQuery('.iv_a22080192641').css('display','none');\r\n\t\t\t\t});\r\n}\r\nif(\"\" === \"\") {\r\n\t\t\t\tjQuery( document ).ready(function() {\r\n\t\t\t\t\t\t\t\tjQuery('.iv_a32080192641').css('display','none');\r\n\t\t\t\t});\r\n}\r\nif(\"\" === \"\") {\r\n\t\t\t\tjQuery( document ).ready(function() {\r\n\t\t\t\t\t\t\t\t\/\/ jQuery('.iv_answer4').eq(window.iv_elt_count).css('display','none');\r\n\t\t\t\t\t\t\t\tjQuery('.iv_a42080192641').css('display','none');\r\n\t\t\t\t});\r\n}<\/script><style type=\"text\/css\">.iv_headline {\r\n\t\tfont-weight: 700;\r\n\t\tfont-style: italic;\r\n\t\tfont-size: 20px;\r\n}\r\n.iv_person {\r\n\t\tcolor: #00a587;\r\n\t\tfont-style: italic;\r\n\t\tfont-weight: 400;\r\n}\r\n.iv_person::after {\r\n\t\tcontent: \": \";\r\n}<\/style><div class=\"custom-interview\" id=\"iv_2080192641\"><div class=\"iv_headline\">Als wesentlicher Punkt der Klimaneutralit\u00e4t wird der Ausbau der erneuerbaren Energien angesehen. Pepperl+Fuchs ist mit seinen Sensorl\u00f6sungen in den Bereichen Windenergie und der automatisierten Herstellung von Photovoltaikanlagen seit Jahren pr\u00e4sent. Welches Potenzial sehen Sie in den kommenden 10 Jahren?<\/div>\r\n<p class=\"iv_answer1 iv_a12080192641\"><span class=\"iv_person\">Kegel<\/span>Egal ob in direkter Form, als Wasserstoff oder als Power-to-Liquid \u2014 der erneuerbare elektrische Strom ist ein wichtiger Faktor auf dem Weg zur Klimaneutralit\u00e4t. In Deutschland sollen bis 2050 etwa 2.000 TWh aus erneuerbaren Quellen stammen, das ist genau acht Mal so viel wie heute. Zus\u00e4tzlich wollen wir aber aus dem Ausland 600 TWh in Form von Wasserstoff und Power-to-Liquid einkaufen. Das setzt entsprechende erneuerbare Stromkapazit\u00e4ten \u00fcberall auf der Welt voraus. F\u00fcr uns ist das eine riesige Chance. Unsere Gesch\u00e4fte werden entlang der Ausbauszenarien mitwachsen. Wir k\u00f6nnen unsere Ums\u00e4tze im Bereich Windenergie und Photovoltaik also sicher verdreifachen. Gro\u00dfes Potenzial sehen wir mit unseren Produkten entlang der gesamten Wasserstoff-Wertsch\u00f6pfungskette, angefangen bei der Energieerzeugung \u00fcber Elektrolyse, Speicherung und Transport bis hin zur Wasserstoff-Tankstelle und dem industriellen Einsatz.<\/p>\r\n<p class=\"iv_answer2 iv_a22080192641\"><span class=\"iv_person\"><\/span><\/p>\r\n<p class=\"iv_answer3 iv_a32080192641\"><span class=\"iv_person\"><\/span><\/p>\r\n<p class=\"iv_answer4 iv_a42080192641\"><span class=\"iv_person\"><\/span><\/p>\r\n<\/div><div class=\"fusion-image-element awb-imageframe-style awb-imageframe-style-below awb-imageframe-style-4\" style=\"--awb-caption-title-font-family:var(--h3_typography-font-family);--awb-caption-title-font-weight:var(--h3_typography-font-weight);--awb-caption-title-font-style:var(--h3_typography-font-style);--awb-caption-title-size:var(--h3_typography-font-size);--awb-caption-title-transform:var(--h3_typography-text-transform);--awb-caption-title-line-height:var(--h3_typography-line-height);--awb-caption-title-letter-spacing:var(--h3_typography-letter-spacing);\"><span class=\" fusion-imageframe imageframe-none imageframe-4 hover-type-none elt_image\"><a href=\"https:\/\/amplify-test.pepperl-fuchs.com\/wp-content\/uploads\/2024\/07\/61f3c34371e86_amplify-pf-climate-neutral-h2-potential.jpg\" class=\"fusion-lightbox\" data-rel=\"iLightbox[99ee6991afe30c712e6]\" data-caption=\"\"><img decoding=\"async\" width=\"850\" height=\"425\" alt=\"Wasserstoff Applikationen\" src=\"https:\/\/amplify-test.pepperl-fuchs.com\/wp-content\/uploads\/2024\/07\/61f3c34371e86_amplify-pf-climate-neutral-h2-potential.jpg\" class=\"img-responsive wp-image-2030\" srcset=\"https:\/\/amplify-test.pepperl-fuchs.com\/wp-content\/uploads\/2024\/07\/61f3c34371e86_amplify-pf-climate-neutral-h2-potential-200x100.jpg 200w, https:\/\/amplify-test.pepperl-fuchs.com\/wp-content\/uploads\/2024\/07\/61f3c34371e86_amplify-pf-climate-neutral-h2-potential-400x200.jpg 400w, https:\/\/amplify-test.pepperl-fuchs.com\/wp-content\/uploads\/2024\/07\/61f3c34371e86_amplify-pf-climate-neutral-h2-potential-600x300.jpg 600w, https:\/\/amplify-test.pepperl-fuchs.com\/wp-content\/uploads\/2024\/07\/61f3c34371e86_amplify-pf-climate-neutral-h2-potential-800x400.jpg 800w, https:\/\/amplify-test.pepperl-fuchs.com\/wp-content\/uploads\/2024\/07\/61f3c34371e86_amplify-pf-climate-neutral-h2-potential.jpg 850w\" sizes=\"(max-width: 640px) 100vw, 850px\" \/><\/a><\/span><div class=\"awb-imageframe-caption-container\"><div class=\"awb-imageframe-caption\"><p class=\"awb-imageframe-caption-text\">Erneuerbare Energien, Wasserstoff und Power-to-X-Verfahren sind die Bausteine der \u00f6kologischen Transformation \u2014 und allesamt potenzielle Applikationen f\u00fcr unsere Explosionsschutz- und Sensorikl\u00f6sungen.<\/p><\/div><\/div><\/div><script type=\"text\/javascript\">if( typeof window.iv_elt_count === 'undefined' || window.iv_elt_count === null ){\r\n\t\t\t\twindow.iv_elt_count = 0;\r\n} else {\r\n\t\t\t\twindow.iv_elt_count++;\r\n}\r\nif(\"{{interview_headline}}\" === \"\") {\r\n\t\t\t\tjQuery( document ).ready(function() {\r\n\t\t\t\t\t\t\t\tjQuery('.iv_headline').eq(window.iv_elt_count).css('display','none');\r\n\t\t\t\t});\r\n}\r\nif(\"Wir sind \u2014 Gottseidank \u2014 viel mehr Teil der L\u00f6sung als Teil des Problems. Unsere weltweiten Fertigungsst\u00e4tten und Distribution Center sind auf dem neuesten technischen Stand und mit effizienten Automatisierungsl\u00f6sungen ausgestattet. Der Gro\u00dfteil der Treibhausgase, die in den Emissionskategorien (Scopes) 1 und 2 des Greenhouse Gas Protocols aufgelistet sind, entf\u00e4llt bei Pepperl+Fuchs auf den Dieselkraftstoff unserer Dienstfahrzeugflotte und die gasbetriebenen Heizungsanlagen. Hier haben wir einige wenige m\u00f6gliche Handlungsfelder. In Zukunft werden wir eher mehr Beitr\u00e4ge bei der R\u00fccknahme und dem Recycling unserer Produkte leisten m\u00fcssen. Alle Komponenten, die wir in unseren Produkten verbauen, sind werthaltig und sollten wiederverwertet werden. Hier bauen wir die Dokumentation der Materialverwendung auf. Die M\u00f6glichkeit des Recyclings wird in Zukunft auch in unseren Entwicklungs- und Konstruktionsprozessen Ber\u00fccksichtigung finden m\u00fcssen.\" === \"\") {\r\n\t\t\t\tjQuery( document ).ready(function() {\r\n\t\t\t\t\t\t\t\tjQuery('.iv_a11272449437').css('display','none');\r\n\t\t\t\t});\r\n}\r\nif(\"\" === \"\") {\r\n\t\t\t\tjQuery( document ).ready(function() {\r\n\t\t\t\t\t\t\t\tjQuery('.iv_a21272449437').css('display','none');\r\n\t\t\t\t});\r\n}\r\nif(\"\" === \"\") {\r\n\t\t\t\tjQuery( document ).ready(function() {\r\n\t\t\t\t\t\t\t\tjQuery('.iv_a31272449437').css('display','none');\r\n\t\t\t\t});\r\n}\r\nif(\"\" === \"\") {\r\n\t\t\t\tjQuery( document ).ready(function() {\r\n\t\t\t\t\t\t\t\t\/\/ jQuery('.iv_answer4').eq(window.iv_elt_count).css('display','none');\r\n\t\t\t\t\t\t\t\tjQuery('.iv_a41272449437').css('display','none');\r\n\t\t\t\t});\r\n}<\/script><style type=\"text\/css\">.iv_headline {\r\n\t\tfont-weight: 700;\r\n\t\tfont-style: italic;\r\n\t\tfont-size: 20px;\r\n}\r\n.iv_person {\r\n\t\tcolor: #00a587;\r\n\t\tfont-style: italic;\r\n\t\tfont-weight: 400;\r\n}\r\n.iv_person::after {\r\n\t\tcontent: \": \";\r\n}<\/style><div class=\"custom-interview\" id=\"iv_1272449437\"><div class=\"iv_headline\">Pepperl+Fuchs tr\u00e4gt als Markenfarbe ein charakteristisches Gr\u00fcn. Inwieweit spiegelt sich das beim Thema Effizienz und \u00f6kologischer Nachhaltigkeit in der Unternehmensgruppe wider? Welche Konsequenzen haben die Nachhaltigkeitsziele f\u00fcr Pepperl+Fuchs?<\/div>\r\n<p class=\"iv_answer1 iv_a11272449437\"><span class=\"iv_person\">Kegel<\/span>Wir sind \u2014 Gottseidank \u2014 viel mehr Teil der L\u00f6sung als Teil des Problems. Unsere weltweiten Fertigungsst\u00e4tten und Distribution Center sind auf dem neuesten technischen Stand und mit effizienten Automatisierungsl\u00f6sungen ausgestattet. Der Gro\u00dfteil der Treibhausgase, die in den Emissionskategorien (Scopes) 1 und 2 des Greenhouse Gas Protocols aufgelistet sind, entf\u00e4llt bei Pepperl+Fuchs auf den Dieselkraftstoff unserer Dienstfahrzeugflotte und die gasbetriebenen Heizungsanlagen. Hier haben wir einige wenige m\u00f6gliche Handlungsfelder. In Zukunft werden wir eher mehr Beitr\u00e4ge bei der R\u00fccknahme und dem Recycling unserer Produkte leisten m\u00fcssen. Alle Komponenten, die wir in unseren Produkten verbauen, sind werthaltig und sollten wiederverwertet werden. Hier bauen wir die Dokumentation der Materialverwendung auf. Die M\u00f6glichkeit des Recyclings wird in Zukunft auch in unseren Entwicklungs- und Konstruktionsprozessen Ber\u00fccksichtigung finden m\u00fcssen.<\/p>\r\n<p class=\"iv_answer2 iv_a21272449437\"><span class=\"iv_person\"><\/span><\/p>\r\n<p class=\"iv_answer3 iv_a31272449437\"><span class=\"iv_person\"><\/span><\/p>\r\n<p class=\"iv_answer4 iv_a41272449437\"><span class=\"iv_person\"><\/span><\/p>\r\n<\/div><style type=\"text\/css\">.quote {\r\n\tdisplay: flex;\r\n\talign-items: center;\r\n\tmargin-bottom: 24px;\r\n}\r\n.quote-wrapper {\r\n    \/*position: relative;\r\n    display: flex;*\/\r\n}\r\n.quote-text {\r\n\t\theight: 220px;\r\n\t\talign-content: center;\r\n    border-top: 1px solid #00a587;\r\n\t\tborder-bottom: 1px solid #00a587;\r\n\t\tfont-size: 24px;\r\n\t\tfont-style: italic;\r\n\t\tcolor: #00a587;\r\n\t\tline-height: 28px;\r\n }\r\n.quote-person {\r\n\t\tcolor: #373737;\r\n\t\tfont-size: 14px;\r\n\t\t\r\n}\r\n  .quote-image {\r\n    max-height: 220px; \/* Beispielh\u00f6he des Bildes *\/\r\n\t\tmargin-right: 10px;\r\n  }<\/style><div class=\"quote\">\r\n\t<img decoding=\"async\" src=\"https:\/\/amplify-test.pepperl-fuchs.com\/wp-content\/uploads\/2024\/07\/61bc940eeab7a_dr-kegel-pepperlfuchs-3.jpg\" alt=\"\" class=\"quote-image\">\r\n\t<div class=\"quote-wrapper\">\t\r\n\t\t<div class=\"quote-text\">In Zukunft werden wir eher mehr Beitr\u00e4ge bei der R\u00fccknahme und dem Recycling unserer Produkte leisten m\u00fcssen. Alle Komponenten, die wir in unseren Produkten verbauen, sind werthaltig und sollten wiederverwertet werden.\r\n\t\t\t<div class=\"quote-person\">Dr. Gunther Kegel, CEO<\/div>\r\n\t\t<\/div>\r\n\t<\/div>\r\n<\/div><script type=\"text\/javascript\">if( typeof window.iv_elt_count === 'undefined' || window.iv_elt_count === null ){\r\n\t\t\t\twindow.iv_elt_count = 0;\r\n} else {\r\n\t\t\t\twindow.iv_elt_count++;\r\n}\r\nif(\"{{interview_headline}}\" === \"\") {\r\n\t\t\t\tjQuery( document ).ready(function() {\r\n\t\t\t\t\t\t\t\tjQuery('.iv_headline').eq(window.iv_elt_count).css('display','none');\r\n\t\t\t\t});\r\n}\r\nif(\"Ja, wir entwickeln zurzeit nicht nur eine \u201eDigitale Agenda 2.0\u201c sondern auch eine \u201eNachhaltigkeitsagenda 1.0\u201c, die unter anderem auch CO2-Emissionsziele ausweist. Ende des Jahres wollen wir unseren ersten Nachhaltigkeitsbericht erstellen. Dabei ist die Agenda recht schnell definiert: Dazu z\u00e4hlen die Umstellung aller Stromvertr\u00e4ge auf \u201egr\u00fcnen\u201c Strom, die Einrichtung von Lades\u00e4ulen auf den Werksgel\u00e4nden, genauso wie die Anpassung von Leasingvertr\u00e4gen f\u00fcr Dienstfahrzeuge auf E-Mobilit\u00e4t. Die wenigen positiven Auswirkungen, die uns die Corona-Krise gebracht hat, n\u00e4mlich dass Web-Meetings viele Flug- und Gesch\u00e4ftsreisen ersetzen k\u00f6nnen, m\u00f6chten wir auch zuk\u00fcnftig beibehalten. Unsere Gasheizungen sollten, wo immer m\u00f6glich, auf W\u00e4rmepumpen umgestellt werden und nat\u00fcrlich wird auch die energetische Sanierung der Liegenschaften eine Rolle spielen. Ich bin sicher, dass wir schon in den n\u00e4chsten 15 Jahren einen guten Teil unserer Ziele erf\u00fcllt haben werden.\" === \"\") {\r\n\t\t\t\tjQuery( document ).ready(function() {\r\n\t\t\t\t\t\t\t\tjQuery('.iv_a12364977734').css('display','none');\r\n\t\t\t\t});\r\n}\r\nif(\"\" === \"\") {\r\n\t\t\t\tjQuery( document ).ready(function() {\r\n\t\t\t\t\t\t\t\tjQuery('.iv_a22364977734').css('display','none');\r\n\t\t\t\t});\r\n}\r\nif(\"\" === \"\") {\r\n\t\t\t\tjQuery( document ).ready(function() {\r\n\t\t\t\t\t\t\t\tjQuery('.iv_a32364977734').css('display','none');\r\n\t\t\t\t});\r\n}\r\nif(\"\" === \"\") {\r\n\t\t\t\tjQuery( document ).ready(function() {\r\n\t\t\t\t\t\t\t\t\/\/ jQuery('.iv_answer4').eq(window.iv_elt_count).css('display','none');\r\n\t\t\t\t\t\t\t\tjQuery('.iv_a42364977734').css('display','none');\r\n\t\t\t\t});\r\n}<\/script><style type=\"text\/css\">.iv_headline {\r\n\t\tfont-weight: 700;\r\n\t\tfont-style: italic;\r\n\t\tfont-size: 20px;\r\n}\r\n.iv_person {\r\n\t\tcolor: #00a587;\r\n\t\tfont-style: italic;\r\n\t\tfont-weight: 400;\r\n}\r\n.iv_person::after {\r\n\t\tcontent: \": \";\r\n}<\/style><div class=\"custom-interview\" id=\"iv_2364977734\"><div class=\"iv_headline\">Immerw\u00e4hrender digitaler und technologischer Wandel hatten bereits Einfluss auf die Ausrichtung der Unternehmensziele. Pepperl+Fuchs erarbeitete hierf\u00fcr eigens eine \u201eDigitale Agenda\u201c. Sollte es nicht auch eine \u201eKlimaagenda\u201c geben, wie Pepperl+Fuchs selbst klimaneutral wird?<\/div>\r\n<p class=\"iv_answer1 iv_a12364977734\"><span class=\"iv_person\">Kegel<\/span>Ja, wir entwickeln zurzeit nicht nur eine \u201eDigitale Agenda 2.0\u201c sondern auch eine \u201eNachhaltigkeitsagenda 1.0\u201c, die unter anderem auch CO2-Emissionsziele ausweist. Ende des Jahres wollen wir unseren ersten Nachhaltigkeitsbericht erstellen. Dabei ist die Agenda recht schnell definiert: Dazu z\u00e4hlen die Umstellung aller Stromvertr\u00e4ge auf \u201egr\u00fcnen\u201c Strom, die Einrichtung von Lades\u00e4ulen auf den Werksgel\u00e4nden, genauso wie die Anpassung von Leasingvertr\u00e4gen f\u00fcr Dienstfahrzeuge auf E-Mobilit\u00e4t. Die wenigen positiven Auswirkungen, die uns die Corona-Krise gebracht hat, n\u00e4mlich dass Web-Meetings viele Flug- und Gesch\u00e4ftsreisen ersetzen k\u00f6nnen, m\u00f6chten wir auch zuk\u00fcnftig beibehalten. Unsere Gasheizungen sollten, wo immer m\u00f6glich, auf W\u00e4rmepumpen umgestellt werden und nat\u00fcrlich wird auch die energetische Sanierung der Liegenschaften eine Rolle spielen. Ich bin sicher, dass wir schon in den n\u00e4chsten 15 Jahren einen guten Teil unserer Ziele erf\u00fcllt haben werden.<\/p>\r\n<p class=\"iv_answer2 iv_a22364977734\"><span class=\"iv_person\"><\/span><\/p>\r\n<p class=\"iv_answer3 iv_a32364977734\"><span class=\"iv_person\"><\/span><\/p>\r\n<p class=\"iv_answer4 iv_a42364977734\"><span class=\"iv_person\"><\/span><\/p>\r\n<\/div><script type=\"text\/javascript\">if( typeof window.iv_elt_count === 'undefined' || window.iv_elt_count === null ){\r\n\t\t\t\twindow.iv_elt_count = 0;\r\n} else {\r\n\t\t\t\twindow.iv_elt_count++;\r\n}\r\nif(\"{{interview_headline}}\" === \"\") {\r\n\t\t\t\tjQuery( document ).ready(function() {\r\n\t\t\t\t\t\t\t\tjQuery('.iv_headline').eq(window.iv_elt_count).css('display','none');\r\n\t\t\t\t});\r\n}\r\nif(\"Die gibt es in der Tat. Ein Beispiel sind die Beipackzettel, die jedem einzelnen Produkt beiliegen. Im letzten Jahr haben wir begonnen bei der ersten Produktlinie diese durch einen gelaserten QR-Code auf dem Sensor und auf dem Verpackungslabel zu ersetzen, sodass alle Informationen digital abgerufen werden k\u00f6nnen. Wenn ein Kunde einhundert Ger\u00e4te dieser Baureihe f\u00fcr seine Anlage bestellt, braucht er die Bedienungsanleitung im Normalfall nur einmal und nicht hundert Mal, der Rest des Papiers landet im M\u00fcll. Damit konnten wir im Jahr 2021 allein bei einer einzigen Produktlinie etwa acht Tonnen Papier einsparen \u2014 und f\u00fcr die Herstellung einer Tonne Papier braucht es im Schnitt 24 B\u00e4ume und gro\u00dfe Mengen Wasser. Au\u00dferdem reduzieren wir auf Kundenseite eine nicht unerhebliche Menge Papierm\u00fcll. Unser Ziel ist es, nach und nach die Beipackzettel aller Produktlinien nur noch digital bereitzustellen.\" === \"\") {\r\n\t\t\t\tjQuery( document ).ready(function() {\r\n\t\t\t\t\t\t\t\tjQuery('.iv_a187085897').css('display','none');\r\n\t\t\t\t});\r\n}\r\nif(\"\" === \"\") {\r\n\t\t\t\tjQuery( document ).ready(function() {\r\n\t\t\t\t\t\t\t\tjQuery('.iv_a287085897').css('display','none');\r\n\t\t\t\t});\r\n}\r\nif(\"\" === \"\") {\r\n\t\t\t\tjQuery( document ).ready(function() {\r\n\t\t\t\t\t\t\t\tjQuery('.iv_a387085897').css('display','none');\r\n\t\t\t\t});\r\n}\r\nif(\"\" === \"\") {\r\n\t\t\t\tjQuery( document ).ready(function() {\r\n\t\t\t\t\t\t\t\t\/\/ jQuery('.iv_answer4').eq(window.iv_elt_count).css('display','none');\r\n\t\t\t\t\t\t\t\tjQuery('.iv_a487085897').css('display','none');\r\n\t\t\t\t});\r\n}<\/script><style type=\"text\/css\">.iv_headline {\r\n\t\tfont-weight: 700;\r\n\t\tfont-style: italic;\r\n\t\tfont-size: 20px;\r\n}\r\n.iv_person {\r\n\t\tcolor: #00a587;\r\n\t\tfont-style: italic;\r\n\t\tfont-weight: 400;\r\n}\r\n.iv_person::after {\r\n\t\tcontent: \": \";\r\n}<\/style><div class=\"custom-interview\" id=\"iv_87085897\"><div class=\"iv_headline\">Gibt es bereits konkrete Schritte bei Pepperl+Fuchs in Richtung Klimaneutralit\u00e4t?<\/div>\r\n<p class=\"iv_answer1 iv_a187085897\"><span class=\"iv_person\">Kegel<\/span>Die gibt es in der Tat. Ein Beispiel sind die Beipackzettel, die jedem einzelnen Produkt beiliegen. Im letzten Jahr haben wir begonnen bei der ersten Produktlinie diese durch einen gelaserten QR-Code auf dem Sensor und auf dem Verpackungslabel zu ersetzen, sodass alle Informationen digital abgerufen werden k\u00f6nnen. Wenn ein Kunde einhundert Ger\u00e4te dieser Baureihe f\u00fcr seine Anlage bestellt, braucht er die Bedienungsanleitung im Normalfall nur einmal und nicht hundert Mal, der Rest des Papiers landet im M\u00fcll. Damit konnten wir im Jahr 2021 allein bei einer einzigen Produktlinie etwa acht Tonnen Papier einsparen \u2014 und f\u00fcr die Herstellung einer Tonne Papier braucht es im Schnitt 24 B\u00e4ume und gro\u00dfe Mengen Wasser. Au\u00dferdem reduzieren wir auf Kundenseite eine nicht unerhebliche Menge Papierm\u00fcll. Unser Ziel ist es, nach und nach die Beipackzettel aller Produktlinien nur noch digital bereitzustellen.<\/p>\r\n<p class=\"iv_answer2 iv_a287085897\"><span class=\"iv_person\"><\/span><\/p>\r\n<p class=\"iv_answer3 iv_a387085897\"><span class=\"iv_person\"><\/span><\/p>\r\n<p class=\"iv_answer4 iv_a487085897\"><span class=\"iv_person\"><\/span><\/p>\r\n<\/div><div class=\"fusion-image-element awb-imageframe-style awb-imageframe-style-below awb-imageframe-style-5\" style=\"--awb-caption-title-font-family:var(--h3_typography-font-family);--awb-caption-title-font-weight:var(--h3_typography-font-weight);--awb-caption-title-font-style:var(--h3_typography-font-style);--awb-caption-title-size:var(--h3_typography-font-size);--awb-caption-title-transform:var(--h3_typography-text-transform);--awb-caption-title-line-height:var(--h3_typography-line-height);--awb-caption-title-letter-spacing:var(--h3_typography-letter-spacing);\"><span class=\" fusion-imageframe imageframe-none imageframe-5 hover-type-none elt_image\"><a href=\"https:\/\/amplify-test.pepperl-fuchs.com\/wp-content\/uploads\/2024\/07\/61ea96da0cf55_digitales-typenschild-pepperlfuchs.jpg\" class=\"fusion-lightbox\" data-rel=\"iLightbox[5a3f89444a497dda1da]\" data-caption=\"\"><img decoding=\"async\" width=\"1500\" height=\"1300\" alt=\"Digitales Typenschild\" src=\"https:\/\/amplify-test.pepperl-fuchs.com\/wp-content\/uploads\/2024\/07\/61ea96da0cf55_digitales-typenschild-pepperlfuchs.jpg\" class=\"img-responsive wp-image-2027\" srcset=\"https:\/\/amplify-test.pepperl-fuchs.com\/wp-content\/uploads\/2024\/07\/61ea96da0cf55_digitales-typenschild-pepperlfuchs-200x173.jpg 200w, https:\/\/amplify-test.pepperl-fuchs.com\/wp-content\/uploads\/2024\/07\/61ea96da0cf55_digitales-typenschild-pepperlfuchs-400x347.jpg 400w, https:\/\/amplify-test.pepperl-fuchs.com\/wp-content\/uploads\/2024\/07\/61ea96da0cf55_digitales-typenschild-pepperlfuchs-600x520.jpg 600w, https:\/\/amplify-test.pepperl-fuchs.com\/wp-content\/uploads\/2024\/07\/61ea96da0cf55_digitales-typenschild-pepperlfuchs-800x693.jpg 800w, https:\/\/amplify-test.pepperl-fuchs.com\/wp-content\/uploads\/2024\/07\/61ea96da0cf55_digitales-typenschild-pepperlfuchs-1200x1040.jpg 1200w, https:\/\/amplify-test.pepperl-fuchs.com\/wp-content\/uploads\/2024\/07\/61ea96da0cf55_digitales-typenschild-pepperlfuchs.jpg 1500w\" sizes=\"(max-width: 640px) 100vw, 1200px\" \/><\/a><\/span><div class=\"awb-imageframe-caption-container\"><div class=\"awb-imageframe-caption\"><p class=\"awb-imageframe-caption-text\">\u00dcber das digitale Typenschild, einem gelaserten QR-Code auf dem Sensor, kann der Nutzer digital alle Sensorinformationen wie Datenblatt und Bedienungsanleitung aufrufen.<\/p><\/div><\/div><\/div><script type=\"text\/javascript\">if( typeof window.iv_elt_count === 'undefined' || window.iv_elt_count === null ){\r\n\t\t\t\twindow.iv_elt_count = 0;\r\n} else {\r\n\t\t\t\twindow.iv_elt_count++;\r\n}\r\nif(\"{{interview_headline}}\" === \"\") {\r\n\t\t\t\tjQuery( document ).ready(function() {\r\n\t\t\t\t\t\t\t\tjQuery('.iv_headline').eq(window.iv_elt_count).css('display','none');\r\n\t\t\t\t});\r\n}\r\nif(\"Ja, das werden wir. Die Herausforderungen f\u00fcr uns sind vergleichsweise klein und der viel gr\u00f6\u00dfere Hebel liegt allemal in der Zusammenarbeit mit unseren Kunden. Aber auch wir werden unseren Beitrag leisten.\" === \"\") {\r\n\t\t\t\tjQuery( document ).ready(function() {\r\n\t\t\t\t\t\t\t\tjQuery('.iv_a12876693915').css('display','none');\r\n\t\t\t\t});\r\n}\r\nif(\"\" === \"\") {\r\n\t\t\t\tjQuery( document ).ready(function() {\r\n\t\t\t\t\t\t\t\tjQuery('.iv_a22876693915').css('display','none');\r\n\t\t\t\t});\r\n}\r\nif(\"\" === \"\") {\r\n\t\t\t\tjQuery( document ).ready(function() {\r\n\t\t\t\t\t\t\t\tjQuery('.iv_a32876693915').css('display','none');\r\n\t\t\t\t});\r\n}\r\nif(\"\" === \"\") {\r\n\t\t\t\tjQuery( document ).ready(function() {\r\n\t\t\t\t\t\t\t\t\/\/ jQuery('.iv_answer4').eq(window.iv_elt_count).css('display','none');\r\n\t\t\t\t\t\t\t\tjQuery('.iv_a42876693915').css('display','none');\r\n\t\t\t\t});\r\n}<\/script><style type=\"text\/css\">.iv_headline {\r\n\t\tfont-weight: 700;\r\n\t\tfont-style: italic;\r\n\t\tfont-size: 20px;\r\n}\r\n.iv_person {\r\n\t\tcolor: #00a587;\r\n\t\tfont-style: italic;\r\n\t\tfont-weight: 400;\r\n}\r\n.iv_person::after {\r\n\t\tcontent: \": \";\r\n}<\/style><div class=\"custom-interview\" id=\"iv_2876693915\"><div class=\"iv_headline\">Wird Pepperl+Fuchs bis 2045 weltweit klimaneutral produzieren k\u00f6nnen?<\/div>\r\n<p class=\"iv_answer1 iv_a12876693915\"><span class=\"iv_person\">Kegel<\/span>Ja, das werden wir. Die Herausforderungen f\u00fcr uns sind vergleichsweise klein und der viel gr\u00f6\u00dfere Hebel liegt allemal in der Zusammenarbeit mit unseren Kunden. Aber auch wir werden unseren Beitrag leisten.<\/p>\r\n<p class=\"iv_answer2 iv_a22876693915\"><span class=\"iv_person\"><\/span><\/p>\r\n<p class=\"iv_answer3 iv_a32876693915\"><span class=\"iv_person\"><\/span><\/p>\r\n<p class=\"iv_answer4 iv_a42876693915\"><span class=\"iv_person\"><\/span><\/p>\r\n<\/div><\/div><\/div><div class=\"fusion-layout-column fusion_builder_column fusion-builder-column-2 fusion_builder_column_1_4 1_4 fusion-flex-column\" style=\"--awb-bg-size:cover;--awb-width-large:25%;--awb-margin-top-large:0px;--awb-spacing-right-large:7.68%;--awb-margin-bottom-large:20px;--awb-spacing-left-large:7.68%;--awb-width-medium:25%;--awb-order-medium:0;--awb-spacing-right-medium:7.68%;--awb-spacing-left-medium:7.68%;--awb-width-small:100%;--awb-order-small:0;--awb-spacing-right-small:1.92%;--awb-spacing-left-small:1.92%;\"><div class=\"fusion-column-wrapper fusion-column-has-shadow fusion-flex-justify-content-flex-start fusion-content-layout-column\"><div class=\"fusion-separator fusion-full-width-sep\" style=\"align-self: center;margin-left: auto;margin-right: auto;width:100%;\"><div class=\"fusion-separator-border sep-single sep-solid\" style=\"--awb-height:20px;--awb-amount:20px;--awb-sep-color:var(--awb-color8);border-color:var(--awb-color8);border-top-width:1px;\"><\/div><\/div><div class=\"fusion-social-networks sharingbox-shortcode-icon-wrapper sharingbox-shortcode-icon-wrapper-1 boxed-icons sidebar\">\n\t<span class=\"share-linkedin\">\n\t\t<a href=\"https:\/\/www.linkedin.com\/shareArticle?\" target=\"_blank\" rel=\"noopener noreferrer\" title=\"\" aria-label=\"LinkedIn\" data-placement=\"top\" data-toggle=\"tooltip\" data-title=\"LinkedIn\" data-original-title=\"LinkedIn\">\n\t\t<i class=\"fusion-social-network-icon fusion-tooltip fusion-linkedin awb-icon-linkedin\" style=\"color:#ffffff;background-color:#0077b5;border-color:#0077b5;border-radius:0px;\" aria-hidden=\"true\"><\/i>\n\t\t<\/a>\n\t<\/span>\n\t<span class=\"share-mail\">\n\t\t<a href=\/de\/kontakt\/\" target=\"_self\" title=\"\" aria-label=\"Email\" data-placement=\"top\" data-toggle=\"tooltip\" data-title=\"Email\" data-original-title=\"Email\">\n\t\t<i class=\"fusion-social-network-icon fusion-tooltip fusion-mail awb-icon-mail\" style=\"color:#ffffff;background-color:#00a587;border-color:#00a587;border-radius:0px;\" aria-hidden=\"true\"><\/i>\n\t\t<\/a>\n\t<\/span>\n\t<span class=\"share-insta\">\n\t\t<a href=\"https:\/\/www.instagram.com\" target=\"_blank\" rel=\"noreferrer noopener\" title=\"\" aria-label=\"Instagram\" data-placement=\"top\" data-toggle=\"tooltip\" data-title=\"Instagram\" data-original-title=\"Instagram\">\n\t\t<i class=\"fusion-social-network-icon fusion-tooltip fusion-instagram awb-icon-instagram\" style=\"color:#ffffff;background-color:#c13584;border-color:#c13584;border-radius:0px;\" aria-hidden=\"true\"><\/i>\n\t\t<\/a>\n\t<\/span>\t\n\t<span class=\"share-facebook\">\n\t\t<a href=\"https:\/\/www.facebook.com\/sharer.php?\" target=\"_blank\" rel=\"noreferrer noopener\" title=\"\" aria-label=\"Facebook\" data-placement=\"top\" data-toggle=\"tooltip\" data-title=\"Facebook\" data-original-title=\"Facebook\">\n\t\t<i class=\"fusion-social-network-icon fusion-tooltip fusion-facebook awb-icon-facebook\" style=\"color:#ffffff;background-color:#3b5998;border-color:#3b5998;border-radius:0px;\" aria-hidden=\"true\"><\/i>\n\t\t<\/a>\n\t<\/span>\n<\/div>\n<div class=\"fusion-separator fusion-full-width-sep\" style=\"align-self: center;margin-left: auto;margin-right: auto;width:100%;\"><div class=\"fusion-separator-border sep-single sep-solid\" style=\"--awb-height:20px;--awb-amount:20px;--awb-sep-color:var(--awb-color8);border-color:var(--awb-color8);border-top-width:1px;\"><\/div><\/div><div class=\"fusion-text fusion-text-4 sidebar\"><h4>Seien Sie dabei!<\/h4>\n<p><img decoding=\"async\" class=\"alignnone size-full wp-image-228\" src=\"https:\/\/amplify-test.pepperl-fuchs.com\/wp-content\/uploads\/2024\/07\/amplify-enews-bild.jpg\" alt=\"Two hands holding a tablet computer showing Pepperl+Fuchs newsletter.\" width=\"220\" height=\"124\" srcset=\"https:\/\/amplify-test.pepperl-fuchs.com\/wp-content\/uploads\/2024\/07\/amplify-enews-bild-66x37.jpg 66w, https:\/\/amplify-test.pepperl-fuchs.com\/wp-content\/uploads\/2024\/07\/amplify-enews-bild-177x100.jpg 177w, https:\/\/amplify-test.pepperl-fuchs.com\/wp-content\/uploads\/2024\/07\/amplify-enews-bild-200x113.jpg 200w, https:\/\/amplify-test.pepperl-fuchs.com\/wp-content\/uploads\/2024\/07\/amplify-enews-bild.jpg 220w\" sizes=\"(max-width: 220px) 100vw, 220px\" \/><\/p>\n<p><a href=\"https:\/\/www.pepperl-fuchs.com\/de\/news\/stay-in-touch\/pepperl-fuchs-e-news-gp30796\" target=\"_blank\" rel=\"noopener\">Erhalten Sie mit der e-news regelm\u00e4\u00dfig Neuigkeiten rund um die Welt der Automation.<\/a><\/p>\n<\/div>\n<div class=\"fusion-separator fusion-full-width-sep\" style=\"align-self: center;margin-left: auto;margin-right: auto;width:100%;\"><div class=\"fusion-separator-border sep-single sep-solid\" style=\"--awb-height:20px;--awb-amount:20px;--awb-sep-color:var(--awb-color8);border-color:var(--awb-color8);border-top-width:1px;\"><\/div><\/div><div class=\"fusion-title title fusion-title-2 fusion-sep-none fusion-title-text fusion-title-size-four\"><h4 class=\"fusion-title-heading title-heading-left fusion-responsive-typography-calculated\" style=\"margin:0;--fontSize:24;line-height:var(--awb-typography1-line-height);\">Mehr zum Thema<\/h4><\/div><ul style=\"--awb-iconcolor:var(--awb-color3);--awb-line-height:27.2px;--awb-icon-width:27.2px;--awb-icon-height:27.2px;--awb-icon-margin:11.2px;--awb-content-margin:38.4px;\" class=\"fusion-checklist fusion-checklist-1 fusion-checklist-default type-icons\"><li class=\"fusion-li-item\" style=\"\"><span class=\"icon-wrapper circle-no\"><i class=\"fusion-li-icon fa-caret-right fas\" aria-hidden=\"true\"><\/i><\/span><div class=\"fusion-li-item-content\">\n<p><a href=\"https:\/\/www.pepperl-fuchs.com\/de\/branchen-und-trends\/trends-gp34992\">Automatisierungsl\u00f6sungen von Heute und Morgen: f\u00fcr eine smarte und nachhaltige Zukunft <\/a><\/p>\n<\/div><\/li><li class=\"fusion-li-item\" style=\"\"><span class=\"icon-wrapper circle-no\"><i class=\"fusion-li-icon fa-caret-right fas\" aria-hidden=\"true\"><\/i><\/span><div class=\"fusion-li-item-content\">\n<p><a href=\"https:\/\/www.destatis.de\/DE\/Presse\/Pressemitteilungen\/2021\/10\/PD21_N064_32.html\" target=\"_blank\" rel=\"noopener\">Destatis: Industrie-Investitionen in Klimaschutz binnen zehn Jahren mehr als verdoppelt<\/a><\/p>\n<\/div><\/li><li class=\"fusion-li-item\" style=\"\"><span class=\"icon-wrapper circle-no\"><i class=\"fusion-li-icon fa-caret-right fas\" aria-hidden=\"true\"><\/i><\/span><div class=\"fusion-li-item-content\">\n<p><a href=\"https:\/\/www.bmwi.de\/Redaktion\/DE\/Dossier\/nachhaltigkeit.html\" target=\"_blank\" rel=\"noopener\">BMWI: Nachhaltigkeit in der Wirtschaft<\/a><\/p>\n<\/div><\/li><li class=\"fusion-li-item\" style=\"\"><span class=\"icon-wrapper circle-no\"><i class=\"fusion-li-icon fa-caret-right fas\" aria-hidden=\"true\"><\/i><\/span><div class=\"fusion-li-item-content\">\n<p><a href=\"https:\/\/www.zvei.org\/themen\/automatisierung-entscheidend-fuer-erreichung-der-klimaziele\" target=\"_blank\" rel=\"noopener\">ZVEI: Automatisierung entscheidend f\u00fcr Erreichung der Klimaziele<\/a><\/p>\n<\/div><\/li><\/ul><div class=\"fusion-separator fusion-full-width-sep\" style=\"align-self: center;margin-left: auto;margin-right: auto;width:100%;\"><div class=\"fusion-separator-border sep-single sep-solid\" style=\"--awb-height:20px;--awb-amount:20px;--awb-sep-color:var(--awb-color8);border-color:var(--awb-color8);border-top-width:1px;\"><\/div><\/div><div class=\"fusion-modal modal fade modal-1 editorial-use\" tabindex=\"-1\" role=\"dialog\" aria-labelledby=\"modal-heading-1\" aria-hidden=\"true\" style=\"--awb-border-color:var(--awb-color3);--awb-background:var(--awb-color1);\"><div class=\"modal-dialog modal-lg\" role=\"document\"><div class=\"modal-content fusion-modal-content\"><div class=\"modal-header\"><button class=\"close\" type=\"button\" data-dismiss=\"modal\" aria-hidden=\"true\" aria-label=\"Close\">&times;<\/button><h3 class=\"modal-title\" id=\"modal-heading-1\" data-dismiss=\"modal\" aria-hidden=\"true\">Redaktionelle Nutzung<\/h3><\/div><div class=\"modal-body fusion-clearfix\">\n<p>The editorial use of articles from \u201camplify\u201d is only permitted with the prior consent of the publisher Pepperl+Fuchs SE. In addition, the original source <a href=\"https:\/\/amplify-test.pepperl-fuchs.com\/\" target=\"_blank\" rel=\"noopener\">amplify.pepperl-fuchs.com<\/a>\u00a0must be referenced when articles are reused or processed.<\/p>\n<div class=\"fusion-button-wrapper\"><a class=\"fusion-button button-flat fusion-button-default-size button-custom fusion-button-default button-1 fusion-button-default-span fusion-button-default-type\" style=\"--button_accent_color:var(--awb-color1);--button_accent_hover_color:var(--awb-custom_color_2);--button_border_hover_color:var(--awb-custom_color_2);--button_gradient_top_color:var(--awb-color3);--button_gradient_bottom_color:var(--awb-color3);--button_gradient_top_color_hover:var(--awb-color1);--button_gradient_bottom_color_hover:var(--awb-color1);\" target=\"_self\" href=\"mailto:amplify@pepperl-fuchs.com?subject=Request%20Editorial%20Use\"><span class=\"fusion-button-text awb-button__text awb-button__text--default\">Redaktionelle Nutzung anfragen<\/span><\/a><\/div>\n<\/div><\/div><\/div><\/div>\n<div ><a class=\"fusion-button button-flat fusion-button-default-size button-custom fusion-button-default button-2 fusion-button-default-span fusion-button-default-type sidebar\" style=\"--button_accent_color:var(--awb-color1);--button_accent_hover_color:var(--awb-custom_color_2);--button_border_hover_color:var(--awb-custom_color_2);--button_gradient_top_color:var(--awb-color3);--button_gradient_bottom_color:var(--awb-color3);--button_gradient_top_color_hover:var(--awb-color1);--button_gradient_bottom_color_hover:var(--awb-color1);--button_margin-top:12px;--button_margin-right:auto;--button_margin-left:auto;\" target=\"_self\" href=\"#\" data-toggle=\"modal\" data-target=\".fusion-modal.editorial-use\"><i class=\"fa-pen fas awb-button__icon awb-button__icon--default button-icon-left\" aria-hidden=\"true\"><\/i><span class=\"fusion-button-text awb-button__text awb-button__text--default\">Redaktionelle Nutzung<\/span><\/a><\/div>\n<\/div><\/div><\/div><\/div>\n","protected":false},"excerpt":{"rendered":"<p>CEO Dr. Gunther Kegel \u00fcber Klimaneutralit\u00e4t und die aktuellen Entwicklungen und Herausforderungen f\u00fcr die Automatisierungsindustrie.<\/p>\n","protected":false},"author":7,"featured_media":2028,"comment_status":"open","ping_status":"open","sticky":false,"template":"","format":"standard","meta":{"_acf_changed":false,"footnotes":""},"categories":[22,19,21,23],"tags":[],"class_list":["post-2641","post","type-post","status-publish","format-standard","has-post-thumbnail","hentry","category-explosionsschutz","category-industrielle-sensoren","category-maerkte-trends","category-technologien-innovationen"],"acf":[],"_links":{"self":[{"href":"https:\/\/amplify-test.pepperl-fuchs.com\/de\/wp-json\/wp\/v2\/posts\/2641","targetHints":{"allow":["GET"]}}],"collection":[{"href":"https:\/\/amplify-test.pepperl-fuchs.com\/de\/wp-json\/wp\/v2\/posts"}],"about":[{"href":"https:\/\/amplify-test.pepperl-fuchs.com\/de\/wp-json\/wp\/v2\/types\/post"}],"author":[{"embeddable":true,"href":"https:\/\/amplify-test.pepperl-fuchs.com\/de\/wp-json\/wp\/v2\/users\/7"}],"replies":[{"embeddable":true,"href":"https:\/\/amplify-test.pepperl-fuchs.com\/de\/wp-json\/wp\/v2\/comments?post=2641"}],"version-history":[{"count":9,"href":"https:\/\/amplify-test.pepperl-fuchs.com\/de\/wp-json\/wp\/v2\/posts\/2641\/revisions"}],"predecessor-version":[{"id":5666,"href":"https:\/\/amplify-test.pepperl-fuchs.com\/de\/wp-json\/wp\/v2\/posts\/2641\/revisions\/5666"}],"wp:featuredmedia":[{"embeddable":true,"href":"https:\/\/amplify-test.pepperl-fuchs.com\/de\/wp-json\/wp\/v2\/media\/2028"}],"wp:attachment":[{"href":"https:\/\/amplify-test.pepperl-fuchs.com\/de\/wp-json\/wp\/v2\/media?parent=2641"}],"wp:term":[{"taxonomy":"category","embeddable":true,"href":"https:\/\/amplify-test.pepperl-fuchs.com\/de\/wp-json\/wp\/v2\/categories?post=2641"},{"taxonomy":"post_tag","embeddable":true,"href":"https:\/\/amplify-test.pepperl-fuchs.com\/de\/wp-json\/wp\/v2\/tags?post=2641"}],"curies":[{"name":"wp","href":"https:\/\/api.w.org\/{rel}","templated":true}]}}