{"id":2681,"date":"2020-09-08T00:00:00","date_gmt":"2020-09-08T00:00:00","guid":{"rendered":"https:\/\/amplify.webservices.de\/2020\/09\/08\/1-2-3-4-5g-die-revolution-der-mobilfunkstandards\/"},"modified":"2024-11-04T17:29:09","modified_gmt":"2024-11-04T17:29:09","slug":"1-2-3-4-5g-die-revolution-der-mobilfunkstandards","status":"publish","type":"post","link":"https:\/\/amplify-test.pepperl-fuchs.com\/de\/2020\/1-2-3-4-5g-die-revolution-der-mobilfunkstandards\/","title":{"rendered":"1, 2, 3, 4, \u2026 5G \u2013 die (R)Evolution der Mobilfunkstandards"},"content":{"rendered":"<div class=\"fusion-fullwidth fullwidth-box fusion-builder-row-1 fusion-flex-container has-pattern-background has-mask-background nonhundred-percent-fullwidth non-hundred-percent-height-scrolling gradient-container-1\" style=\"--awb-border-radius-top-left:0px;--awb-border-radius-top-right:0px;--awb-border-radius-bottom-right:0px;--awb-border-radius-bottom-left:0px;--awb-flex-wrap:wrap;\" id=\"article\" ><div class=\"fusion-builder-row fusion-row fusion-flex-align-items-flex-start fusion-flex-content-wrap\" style=\"max-width:1248px;margin-left: calc(-4% \/ 2 );margin-right: calc(-4% \/ 2 );\"><div class=\"fusion-layout-column fusion_builder_column fusion-builder-column-0 fusion_builder_column_1_1 1_1 fusion-flex-column\" style=\"--awb-bg-size:cover;--awb-width-large:100%;--awb-margin-top-large:0px;--awb-spacing-right-large:1.92%;--awb-margin-bottom-large:20px;--awb-spacing-left-large:1.92%;--awb-width-medium:100%;--awb-order-medium:0;--awb-spacing-right-medium:1.92%;--awb-spacing-left-medium:1.92%;--awb-width-small:100%;--awb-order-small:0;--awb-spacing-right-small:1.92%;--awb-spacing-left-small:1.92%;\"><div class=\"fusion-column-wrapper fusion-column-has-shadow fusion-flex-justify-content-flex-start fusion-content-layout-column\"><div class=\"fusion-text fusion-text-1\" id=\"publishing_date\"><p>8. September 2020<\/p>\n<\/div><div class=\"fusion-title title fusion-title-1 fusion-sep-none fusion-title-text fusion-title-size-one\" id=\"article_headline\"><h1 class=\"fusion-title-heading title-heading-left fusion-responsive-typography-calculated\" style=\"margin:0;--fontSize:64;line-height:var(--awb-typography1-line-height);\">1, 2, 3, 4, \u2026 5G \u2013 die (R)Evolution der Mobilfunkstandards<\/h1><\/div><div class=\"fusion-text fusion-text-2 intro_text\"><p>Was die 5G-Technologie f\u00fcr Unternehmen aus dem Bereich der Automatisierungstechnik so attraktiv macht und mit welchen Visionen sie sich der Thematik n\u00e4hern, erkl\u00e4ren drei Branchenexperten.<\/p>\n<\/div><div class=\"fusion-video fusion-selfhosted-video\" style=\"max-width:100%;\"><div class=\"video-wrapper\"><video playsinline=\"true\" width=\"100%\" style=\"object-fit: cover;\" autoplay=\"true\" muted=\"true\" loop=\"true\" preload=\"auto\"><source src=\"https:\/\/amplify-test.pepperl-fuchs.com\/wp-content\/uploads\/2020\/09\/5g-race.mp4\" type=\"video\/mp4\">Sorry, your browser doesn&#039;t support embedded videos.<\/video><\/div><\/div><\/div><\/div><div class=\"fusion-layout-column fusion_builder_column fusion-builder-column-1 fusion_builder_column_3_4 3_4 fusion-flex-column\" style=\"--awb-bg-size:cover;--awb-width-large:75%;--awb-margin-top-large:0px;--awb-spacing-right-large:2.56%;--awb-margin-bottom-large:20px;--awb-spacing-left-large:2.56%;--awb-width-medium:75%;--awb-order-medium:0;--awb-spacing-right-medium:2.56%;--awb-spacing-left-medium:2.56%;--awb-width-small:100%;--awb-order-small:0;--awb-spacing-right-small:1.92%;--awb-spacing-left-small:1.92%;\"><div class=\"fusion-column-wrapper fusion-column-has-shadow fusion-flex-justify-content-flex-start fusion-content-layout-column\"><div class=\"fusion-text fusion-text-3 elt_text\"><p>Kaum ein Technologiethema hat in j\u00fcngster Vergangenheit so viel mediale Aufmerksamkeit erfahren wie die beginnende Einf\u00fchrung von 5G-Netzwerken. Die Erwartungshaltung an den neuen Standard f\u00fcr Funknetzwerke ist hoch \u2014 nicht nur beim privaten Anwender, sondern insbesondere in der Industrie. Was die 5G-Technologie f\u00fcr Unternehmen aus dem Bereich der Automatisierungstechnik so attraktiv macht und mit welchen Visionen sie sich der Thematik n\u00e4hern, erkl\u00e4ren Dr.-Ing. Christian Bauer, Lead Developer 5G beim Maschinenbauer TRUMPF, Dr. Werner Thoren, Technology Manager vom globalen Anbieter f\u00fcr Prozessautomatisierung Endress+Hauser sowie Benedikt Rauscher, Manager Globale IoT-Projekte beim Sensorikspezialisten Pepperl+Fuchs.<\/p>\n<\/div><script type=\"text\/javascript\">if( typeof window.iv_elt_count === 'undefined' || window.iv_elt_count === null ){\r\n\t\t\t\twindow.iv_elt_count = 0;\r\n} else {\r\n\t\t\t\twindow.iv_elt_count++;\r\n}\r\nif(\"{{interview_headline}}\" === \"\") {\r\n\t\t\t\tjQuery( document ).ready(function() {\r\n\t\t\t\t\t\t\t\tjQuery('.iv_headline').eq(window.iv_elt_count).css('display','none');\r\n\t\t\t\t});\r\n}\r\nif(\"Ich denke, hier kommen verschiedene Ph\u00e4nomene zusammen. Wir leben im Zeitalter der Digitalisierung und des Internets der Dinge. Themenkomplexe, die mit diesem Megatrend verkn\u00fcpft sind, erfahren beinahe automatisch eine rege Verbreitung in den Medien. Unternehmen und Privatanwender erwarten st\u00e4ndig Neuerungen und Weiterentwicklungen.\" === \"\") {\r\n\t\t\t\tjQuery( document ).ready(function() {\r\n\t\t\t\t\t\t\t\tjQuery('.iv_a11485908462').css('display','none');\r\n\t\t\t\t});\r\n}\r\nif(\"Smartphones und mobile Endger\u00e4te geh\u00f6ren heute zum Standard, um zu jedem Zeitpunkt von jedem Ort aus auf Angebote, Informationen oder Dienste zum Beispiel zur Navigation zuzugreifen \u2014 wer liest denn heute noch eine Landkarte oder einen Stadtplan (lacht)? Nicht zu vergessen ist auch die soziale Kontaktpflege \u00fcber jegliche Distanz. 5G verspricht hier eine neue Leistungsf\u00e4higkeit und Verf\u00fcgbarkeit.\" === \"\") {\r\n\t\t\t\tjQuery( document ).ready(function() {\r\n\t\t\t\t\t\t\t\tjQuery('.iv_a21485908462').css('display','none');\r\n\t\t\t\t});\r\n}\r\nif(\"Hinzu kommt, dass gerade im deutschen Markt die Versteigerung der Frequenzen an die Telekommunikationsunternehmen und die dort erzielten Preise gro\u00dffl\u00e4chig medial begleitet wurden. Wer in der Tageszeitung liest, dass gerade ein regelrechtes Wettbieten mit Milliardenbetr\u00e4gen stattfindet, entwickelt nat\u00fcrlich ein begr\u00fcndetes Interesse und fragt sich: \u201eWas ist dabei f\u00fcr mich als Endanwender drin, warum werden hier solche Summen investiert?\u201c\" === \"\") {\r\n\t\t\t\tjQuery( document ).ready(function() {\r\n\t\t\t\t\t\t\t\tjQuery('.iv_a31485908462').css('display','none');\r\n\t\t\t\t});\r\n}\r\nif(\"\" === \"\") {\r\n\t\t\t\tjQuery( document ).ready(function() {\r\n\t\t\t\t\t\t\t\t\/\/ jQuery('.iv_answer4').eq(window.iv_elt_count).css('display','none');\r\n\t\t\t\t\t\t\t\tjQuery('.iv_a41485908462').css('display','none');\r\n\t\t\t\t});\r\n}<\/script><style type=\"text\/css\">.iv_headline {\r\n\t\tfont-weight: 700;\r\n\t\tfont-style: italic;\r\n\t\tfont-size: 20px;\r\n}\r\n.iv_person {\r\n\t\tcolor: #00a587;\r\n\t\tfont-style: italic;\r\n\t\tfont-weight: 400;\r\n}\r\n.iv_person::after {\r\n\t\tcontent: \": \";\r\n}<\/style><div class=\"custom-interview\" id=\"iv_1485908462\"><div class=\"iv_headline\">Wie erkl\u00e4ren Sie sich das gro\u00dfe \u00f6ffentliche Interesse am Thema 5G-Netzwerke?<\/div>\r\n<p class=\"iv_answer1 iv_a11485908462\"><span class=\"iv_person\">Benedikt Rauscher<\/span>Ich denke, hier kommen verschiedene Ph\u00e4nomene zusammen. Wir leben im Zeitalter der Digitalisierung und des Internets der Dinge. Themenkomplexe, die mit diesem Megatrend verkn\u00fcpft sind, erfahren beinahe automatisch eine rege Verbreitung in den Medien. Unternehmen und Privatanwender erwarten st\u00e4ndig Neuerungen und Weiterentwicklungen.<\/p>\r\n<p class=\"iv_answer2 iv_a21485908462\"><span class=\"iv_person\">Dr. Werner Thoren<\/span>Smartphones und mobile Endger\u00e4te geh\u00f6ren heute zum Standard, um zu jedem Zeitpunkt von jedem Ort aus auf Angebote, Informationen oder Dienste zum Beispiel zur Navigation zuzugreifen \u2014 wer liest denn heute noch eine Landkarte oder einen Stadtplan (lacht)? Nicht zu vergessen ist auch die soziale Kontaktpflege \u00fcber jegliche Distanz. 5G verspricht hier eine neue Leistungsf\u00e4higkeit und Verf\u00fcgbarkeit.<\/p>\r\n<p class=\"iv_answer3 iv_a31485908462\"><span class=\"iv_person\">Dr. Christian Bauer<\/span>Hinzu kommt, dass gerade im deutschen Markt die Versteigerung der Frequenzen an die Telekommunikationsunternehmen und die dort erzielten Preise gro\u00dffl\u00e4chig medial begleitet wurden. Wer in der Tageszeitung liest, dass gerade ein regelrechtes Wettbieten mit Milliardenbetr\u00e4gen stattfindet, entwickelt nat\u00fcrlich ein begr\u00fcndetes Interesse und fragt sich: \u201eWas ist dabei f\u00fcr mich als Endanwender drin, warum werden hier solche Summen investiert?\u201c<\/p>\r\n<p class=\"iv_answer4 iv_a41485908462\"><span class=\"iv_person\"><\/span><\/p>\r\n<\/div><script type=\"text\/javascript\">if( typeof window.iv_elt_count === 'undefined' || window.iv_elt_count === null ){\r\n\t\t\t\twindow.iv_elt_count = 0;\r\n} else {\r\n\t\t\t\twindow.iv_elt_count++;\r\n}\r\nif(\"{{interview_headline}}\" === \"\") {\r\n\t\t\t\tjQuery( document ).ready(function() {\r\n\t\t\t\t\t\t\t\tjQuery('.iv_headline').eq(window.iv_elt_count).css('display','none');\r\n\t\t\t\t});\r\n}\r\nif(\"Der h\u00e4ufigste Wunsch d\u00fcrfte der nach einer h\u00f6heren Datenrate sein. 5G kann im Download \u00dcbertragungsraten von bis zu 20 Gbit\/s erreichen. Dadurch er\u00f6ffnen sich beim Media-Streaming und der virtuellen, erweiterten Realit\u00e4t ganz neue M\u00f6glichkeiten und das auch an Hot-Spots mit vielen Nutzern gleichzeitig.\" === \"\") {\r\n\t\t\t\tjQuery( document ).ready(function() {\r\n\t\t\t\t\t\t\t\tjQuery('.iv_a11136062077').css('display','none');\r\n\t\t\t\t});\r\n}\r\nif(\"5G gliedert sich in drei sogenannte \u201eService Modes\u201c, anhand derer sich die Vorteile der neuen Technologie sehr gut erkl\u00e4ren lassen. Die eben angesprochenen extrem hohen Daten\u00fcbertragungsraten fallen unter den Begriff \u201eeMBB\u201c \u2014 kurz f\u00fcr \u201eenhanced Mobile Broadband\u201c. Die Effekte der beiden anderen Service Modes, uRLLC und mMTC, sind f\u00fcr den Endanwender vielleicht nicht so direkt erlebbar wie eMBB, werden seinen Alltag aber mittelbar ebenfalls beeinflussen.\" === \"\") {\r\n\t\t\t\tjQuery( document ).ready(function() {\r\n\t\t\t\t\t\t\t\tjQuery('.iv_a21136062077').css('display','none');\r\n\t\t\t\t});\r\n}\r\nif(\"\u201euRLLC\u201c bzw. \u201eUltra Reliable Low Latency Communication\u201c beschreibt die Hochverf\u00fcgbarkeit von 5G, die gerade f\u00fcr sicherheitskritische Anwendungen im Bereich der Prozessindustrie relevant ist. \u201emMTC\u201c bezeichnet hingegen die sogenannte \u201emassive Machine Type Communication\u201c, also die feinmaschige Kommunikation von Maschinen bzw. deren Komponenten \u00fcber enorm viele Verbindungen auf engem Raum \u2014 etwa im Gef\u00fcge einer hochautomatisierten Fabrik. Der Endanwender kommt bei diesen beiden Service Modes also eher mit den industriellen Erzeugnissen als mit dem Mobilfunkstandard 5G in Kontakt.\" === \"\") {\r\n\t\t\t\tjQuery( document ).ready(function() {\r\n\t\t\t\t\t\t\t\tjQuery('.iv_a31136062077').css('display','none');\r\n\t\t\t\t});\r\n}\r\nif(\"\" === \"\") {\r\n\t\t\t\tjQuery( document ).ready(function() {\r\n\t\t\t\t\t\t\t\t\/\/ jQuery('.iv_answer4').eq(window.iv_elt_count).css('display','none');\r\n\t\t\t\t\t\t\t\tjQuery('.iv_a41136062077').css('display','none');\r\n\t\t\t\t});\r\n}<\/script><style type=\"text\/css\">.iv_headline {\r\n\t\tfont-weight: 700;\r\n\t\tfont-style: italic;\r\n\t\tfont-size: 20px;\r\n}\r\n.iv_person {\r\n\t\tcolor: #00a587;\r\n\t\tfont-style: italic;\r\n\t\tfont-weight: 400;\r\n}\r\n.iv_person::after {\r\n\t\tcontent: \": \";\r\n}<\/style><div class=\"custom-interview\" id=\"iv_1136062077\"><div class=\"iv_headline\">Welche Erwartungen d\u00fcrfen private Anwender denn haben?<\/div>\r\n<p class=\"iv_answer1 iv_a11136062077\"><span class=\"iv_person\">Dr. Werner Thoren<\/span>Der h\u00e4ufigste Wunsch d\u00fcrfte der nach einer h\u00f6heren Datenrate sein. 5G kann im Download \u00dcbertragungsraten von bis zu 20 Gbit\/s erreichen. Dadurch er\u00f6ffnen sich beim Media-Streaming und der virtuellen, erweiterten Realit\u00e4t ganz neue M\u00f6glichkeiten und das auch an Hot-Spots mit vielen Nutzern gleichzeitig.<\/p>\r\n<p class=\"iv_answer2 iv_a21136062077\"><span class=\"iv_person\">Dr. Christian Bauer<\/span>5G gliedert sich in drei sogenannte \u201eService Modes\u201c, anhand derer sich die Vorteile der neuen Technologie sehr gut erkl\u00e4ren lassen. Die eben angesprochenen extrem hohen Daten\u00fcbertragungsraten fallen unter den Begriff \u201eeMBB\u201c \u2014 kurz f\u00fcr \u201eenhanced Mobile Broadband\u201c. Die Effekte der beiden anderen Service Modes, uRLLC und mMTC, sind f\u00fcr den Endanwender vielleicht nicht so direkt erlebbar wie eMBB, werden seinen Alltag aber mittelbar ebenfalls beeinflussen.<\/p>\r\n<p class=\"iv_answer3 iv_a31136062077\"><span class=\"iv_person\">Benedikt Rauscher<\/span>\u201euRLLC\u201c bzw. \u201eUltra Reliable Low Latency Communication\u201c beschreibt die Hochverf\u00fcgbarkeit von 5G, die gerade f\u00fcr sicherheitskritische Anwendungen im Bereich der Prozessindustrie relevant ist. \u201emMTC\u201c bezeichnet hingegen die sogenannte \u201emassive Machine Type Communication\u201c, also die feinmaschige Kommunikation von Maschinen bzw. deren Komponenten \u00fcber enorm viele Verbindungen auf engem Raum \u2014 etwa im Gef\u00fcge einer hochautomatisierten Fabrik. Der Endanwender kommt bei diesen beiden Service Modes also eher mit den industriellen Erzeugnissen als mit dem Mobilfunkstandard 5G in Kontakt.<\/p>\r\n<p class=\"iv_answer4 iv_a41136062077\"><span class=\"iv_person\"><\/span><\/p>\r\n<\/div><div class=\"fusion-image-element awb-imageframe-style awb-imageframe-style-below awb-imageframe-style-1\" style=\"--awb-caption-title-font-family:var(--h3_typography-font-family);--awb-caption-title-font-weight:var(--h3_typography-font-weight);--awb-caption-title-font-style:var(--h3_typography-font-style);--awb-caption-title-size:var(--h3_typography-font-size);--awb-caption-title-transform:var(--h3_typography-text-transform);--awb-caption-title-line-height:var(--h3_typography-line-height);--awb-caption-title-letter-spacing:var(--h3_typography-letter-spacing);\"><span class=\" fusion-imageframe imageframe-none imageframe-1 hover-type-none elt_image\"><img decoding=\"async\" width=\"1024\" height=\"571\" src=\"https:\/\/amplify-test.pepperl-fuchs.com\/wp-content\/uploads\/2024\/07\/5f296f546dca4_amplify-5g-grafik-rz-de-1024x571.png\" alt class=\"img-responsive wp-image-2086\" srcset=\"https:\/\/amplify-test.pepperl-fuchs.com\/wp-content\/uploads\/2024\/07\/5f296f546dca4_amplify-5g-grafik-rz-de-200x111.png 200w, https:\/\/amplify-test.pepperl-fuchs.com\/wp-content\/uploads\/2024\/07\/5f296f546dca4_amplify-5g-grafik-rz-de-400x223.png 400w, https:\/\/amplify-test.pepperl-fuchs.com\/wp-content\/uploads\/2024\/07\/5f296f546dca4_amplify-5g-grafik-rz-de-600x334.png 600w, https:\/\/amplify-test.pepperl-fuchs.com\/wp-content\/uploads\/2024\/07\/5f296f546dca4_amplify-5g-grafik-rz-de-800x446.png 800w, https:\/\/amplify-test.pepperl-fuchs.com\/wp-content\/uploads\/2024\/07\/5f296f546dca4_amplify-5g-grafik-rz-de-1200x669.png 1200w, https:\/\/amplify-test.pepperl-fuchs.com\/wp-content\/uploads\/2024\/07\/5f296f546dca4_amplify-5g-grafik-rz-de.png 1920w\" sizes=\"(max-width: 640px) 100vw, 1200px\" \/><\/span><div class=\"awb-imageframe-caption-container\"><div class=\"awb-imageframe-caption\"><\/div><\/div><\/div><script type=\"text\/javascript\">if( typeof window.iv_elt_count === 'undefined' || window.iv_elt_count === null ){\r\n\t\t\t\twindow.iv_elt_count = 0;\r\n} else {\r\n\t\t\t\twindow.iv_elt_count++;\r\n}\r\nif(\"{{interview_headline}}\" === \"\") {\r\n\t\t\t\tjQuery( document ).ready(function() {\r\n\t\t\t\t\t\t\t\tjQuery('.iv_headline').eq(window.iv_elt_count).css('display','none');\r\n\t\t\t\t});\r\n}\r\nif(\"Betrachtet man die Entwicklung der Mobilfunkstandards seit Anfang der 80er-Jahre, stellt man fest, dass wir jetzt den n\u00e4chsten Schritt einer Evolution in einer zunehmend digitalisierten Welt sehen: 1G-Netzwerke dienten ausschlie\u00dflich der analogen Sprach\u00fcbertragung, 2G konnte zus\u00e4tzlich bereits SMS und MMS \u00fcbertragen. Mit 3G kamen Video\u00fcbertragung und das mobile Internet hinzu, 4G erg\u00e4nzte dies um Echtzeit-Audio und HDTV. 5G bietet die Erweiterungen, die die Digitalisierung in der Industrie vorantreiben werden.\" === \"\") {\r\n\t\t\t\tjQuery( document ).ready(function() {\r\n\t\t\t\t\t\t\t\tjQuery('.iv_a1261076231').css('display','none');\r\n\t\t\t\t});\r\n}\r\nif(\"Die genannten Standards vernetzten die Menschen. 5G hingegen wird erstmals die Maschinen im gro\u00dfen Umfang miteinander vernetzen \u2014 im Auftrag des Menschen. Das Stichwort hier lautet M2M, also \u201eMachine to Machine Communication\u201c. Die Einf\u00fchrung von 5G kann also auch als ein revolution\u00e4rer Schritt in der Evolution der Funknetzwerke im industriellen Umfeld betrachtet werden. Es handelt sich dabei insbesondere in diesem Kontext mehr um einen Kommunikations- als einen blo\u00dfen Mobilfunkstandard.\" === \"\") {\r\n\t\t\t\tjQuery( document ).ready(function() {\r\n\t\t\t\t\t\t\t\tjQuery('.iv_a2261076231').css('display','none');\r\n\t\t\t\t});\r\n}\r\nif(\"Die aktuell g\u00e4ngigen Mobilfunkstandards sind f\u00fcr Industrieanwendungen nur mittelfristig eine L\u00f6sung. Das h\u00e4ufig verwendete GSM verbraucht beispielsweise beim Herstellen der Verbindung mehr Energie als beim Senden der eigentlichen Daten. Das zieht besondere Herausforderungen f\u00fcr die Stromversorgung eines batteriebetriebenen Sensors nach sich. Mit 5G werden wir bei Pepperl+Fuchs k\u00fcnftig einen ganz anderen Spielraum haben, funkbasierte Sensorl\u00f6sungen zu entwickeln, die mit geringen Zykluszeiten Daten via Mobilfunknetzwerk \u00fcbertragen.\" === \"\") {\r\n\t\t\t\tjQuery( document ).ready(function() {\r\n\t\t\t\t\t\t\t\tjQuery('.iv_a3261076231').css('display','none');\r\n\t\t\t\t});\r\n}\r\nif(\"\" === \"\") {\r\n\t\t\t\tjQuery( document ).ready(function() {\r\n\t\t\t\t\t\t\t\t\/\/ jQuery('.iv_answer4').eq(window.iv_elt_count).css('display','none');\r\n\t\t\t\t\t\t\t\tjQuery('.iv_a4261076231').css('display','none');\r\n\t\t\t\t});\r\n}<\/script><style type=\"text\/css\">.iv_headline {\r\n\t\tfont-weight: 700;\r\n\t\tfont-style: italic;\r\n\t\tfont-size: 20px;\r\n}\r\n.iv_person {\r\n\t\tcolor: #00a587;\r\n\t\tfont-style: italic;\r\n\t\tfont-weight: 400;\r\n}\r\n.iv_person::after {\r\n\t\tcontent: \": \";\r\n}<\/style><div class=\"custom-interview\" id=\"iv_261076231\"><div class=\"iv_headline\">Wie ist dieser starke Fokus auf die Industrie historisch einzuordnen? Bruch oder logische Entwicklung?<\/div>\r\n<p class=\"iv_answer1 iv_a1261076231\"><span class=\"iv_person\">Dr. Werner Thoren<\/span>Betrachtet man die Entwicklung der Mobilfunkstandards seit Anfang der 80er-Jahre, stellt man fest, dass wir jetzt den n\u00e4chsten Schritt einer Evolution in einer zunehmend digitalisierten Welt sehen: 1G-Netzwerke dienten ausschlie\u00dflich der analogen Sprach\u00fcbertragung, 2G konnte zus\u00e4tzlich bereits SMS und MMS \u00fcbertragen. Mit 3G kamen Video\u00fcbertragung und das mobile Internet hinzu, 4G erg\u00e4nzte dies um Echtzeit-Audio und HDTV. 5G bietet die Erweiterungen, die die Digitalisierung in der Industrie vorantreiben werden.<\/p>\r\n<p class=\"iv_answer2 iv_a2261076231\"><span class=\"iv_person\">Dr. Christian Bauer<\/span>Die genannten Standards vernetzten die Menschen. 5G hingegen wird erstmals die Maschinen im gro\u00dfen Umfang miteinander vernetzen \u2014 im Auftrag des Menschen. Das Stichwort hier lautet M2M, also \u201eMachine to Machine Communication\u201c. Die Einf\u00fchrung von 5G kann also auch als ein revolution\u00e4rer Schritt in der Evolution der Funknetzwerke im industriellen Umfeld betrachtet werden. Es handelt sich dabei insbesondere in diesem Kontext mehr um einen Kommunikations- als einen blo\u00dfen Mobilfunkstandard.<\/p>\r\n<p class=\"iv_answer3 iv_a3261076231\"><span class=\"iv_person\">Benedikt Rauscher<\/span>Die aktuell g\u00e4ngigen Mobilfunkstandards sind f\u00fcr Industrieanwendungen nur mittelfristig eine L\u00f6sung. Das h\u00e4ufig verwendete GSM verbraucht beispielsweise beim Herstellen der Verbindung mehr Energie als beim Senden der eigentlichen Daten. Das zieht besondere Herausforderungen f\u00fcr die Stromversorgung eines batteriebetriebenen Sensors nach sich. Mit 5G werden wir bei Pepperl+Fuchs k\u00fcnftig einen ganz anderen Spielraum haben, funkbasierte Sensorl\u00f6sungen zu entwickeln, die mit geringen Zykluszeiten Daten via Mobilfunknetzwerk \u00fcbertragen.<\/p>\r\n<p class=\"iv_answer4 iv_a4261076231\"><span class=\"iv_person\"><\/span><\/p>\r\n<\/div><style type=\"text\/css\">.quote {\r\n\tdisplay: flex;\r\n\talign-items: center;\r\n\tmargin-bottom: 24px;\r\n}\r\n.quote-wrapper {\r\n    \/*position: relative;\r\n    display: flex;*\/\r\n}\r\n.quote-text {\r\n\t\theight: 220px;\r\n\t\talign-content: center;\r\n    border-top: 1px solid #00a587;\r\n\t\tborder-bottom: 1px solid #00a587;\r\n\t\tfont-size: 24px;\r\n\t\tfont-style: italic;\r\n\t\tcolor: #00a587;\r\n\t\tline-height: 28px;\r\n }\r\n.quote-person {\r\n\t\tcolor: #373737;\r\n\t\tfont-size: 14px;\r\n\t\t\r\n}\r\n  .quote-image {\r\n    max-height: 220px; \/* Beispielh\u00f6he des Bildes *\/\r\n\t\tmargin-right: 10px;\r\n  }<\/style><div class=\"quote\">\r\n\t<img decoding=\"async\" src=\"https:\/\/amplify-test.pepperl-fuchs.com\/wp-content\/uploads\/2024\/07\/5f589790becc9_amplify-c-bauer-trumpf.jpg\" alt=\"\" class=\"quote-image\">\r\n\t<div class=\"quote-wrapper\">\t\r\n\t\t<div class=\"quote-text\">Die bisherigen Standards vernetzten die Menschen. 5G hingegen wird erstmals die Maschinen im gro\u00dfen Umfang miteinander vernetzen \u2014 im Auftrag des Menschen.\r\n\t\t\t<div class=\"quote-person\">Dr.-Ing. Christian Bauer, Lead Developer 5G bei TRUMPF<\/div>\r\n\t\t<\/div>\r\n\t<\/div>\r\n<\/div><script type=\"text\/javascript\">if( typeof window.iv_elt_count === 'undefined' || window.iv_elt_count === null ){\r\n\t\t\t\twindow.iv_elt_count = 0;\r\n} else {\r\n\t\t\t\twindow.iv_elt_count++;\r\n}\r\nif(\"{{interview_headline}}\" === \"\") {\r\n\t\t\t\tjQuery( document ).ready(function() {\r\n\t\t\t\t\t\t\t\tjQuery('.iv_headline').eq(window.iv_elt_count).css('display','none');\r\n\t\t\t\t});\r\n}\r\nif(\"Dass sich 5G in diese Richtung entwickelt hat, ist kein Zufall, sondern das Ergebnis des erfolgreichen Zusammenschlusses vieler Parteien. Wie kein Mobilfunkstandard zuvor wird 5G durch die Anforderungen von Unternehmen aus dem Bereich Operation Technology (OT) gepr\u00e4gt, zu denen ja auch TRUMPF, Endress+Hauser und Pepperl+Fuchs z\u00e4hlen.\" === \"\") {\r\n\t\t\t\tjQuery( document ).ready(function() {\r\n\t\t\t\t\t\t\t\tjQuery('.iv_a14225120045').css('display','none');\r\n\t\t\t\t});\r\n}\r\nif(\"In der Vergangenheit musste die MSR-Technik auf die spezifischen Eigenarten des jeweiligen Mobilfunkstandards hin angepasst werden bzw. war grunds\u00e4tzlich kabelgebunden. Nur so war eine durchg\u00e4ngige Kommunikation m\u00f6glich. Bei 5G wandelt sich dieses Verh\u00e4ltnis. Beide Seiten, also die OT-Hersteller, und die Informations- und Kommunikationstechnikbranche (ICT), zu der Chip-Hersteller und Netzwerkanbieter wie Intel, Qualcomm, Telekom oder Vodafone geh\u00f6ren, stimmen sich seit Beginn der Entwicklung sehr eng miteinander ab. Nur ein m\u00f6glichst harmonisierter Standard nutzt auch allen Anwendern.\" === \"\") {\r\n\t\t\t\tjQuery( document ).ready(function() {\r\n\t\t\t\t\t\t\t\tjQuery('.iv_a24225120045').css('display','none');\r\n\t\t\t\t});\r\n}\r\nif(\"Aus unserer Sicht ist es kein Selbstl\u00e4ufer, da aus der Industrie zum Beispiel deutlich h\u00f6here Anforderungen an Zuverl\u00e4ssigkeit und Verf\u00fcgbarkeit der Netze gestellt werden. Hierzu ist ein Dialog zwischen Vertretern der operativen Technologien und der Informations- und Telekommunikationstechnologien notwendig, um zu gemeinsamen L\u00f6sungen zu kommen. Dieser Dialog findet ma\u00dfgeblich in der 5G Alliance for Connected Industries and Automation statt, kurz 5G-ACIA. Sie ist die Erweiterung einer bereits 2017 im ZVEI gegr\u00fcndeten Task Force zum Thema 5G und vereint Schl\u00fcsselspieler aus beiden Industrien, aber auch Mitglieder aus der Hochschullandschaft und anderen Verb\u00e4nden. Die 5G-ACIA sieht sich als eine Erg\u00e4nzung zu den bereits existierenden Standardisierungsgremien und Verb\u00e4nden, wie der 3GPP und der NGMN Alliance, und bringt sich dort entsprechend im Interesse eines industriell ausgerichteten 5G-Standards ein.\" === \"\") {\r\n\t\t\t\tjQuery( document ).ready(function() {\r\n\t\t\t\t\t\t\t\tjQuery('.iv_a34225120045').css('display','none');\r\n\t\t\t\t});\r\n}\r\nif(\"\" === \"\") {\r\n\t\t\t\tjQuery( document ).ready(function() {\r\n\t\t\t\t\t\t\t\t\/\/ jQuery('.iv_answer4').eq(window.iv_elt_count).css('display','none');\r\n\t\t\t\t\t\t\t\tjQuery('.iv_a44225120045').css('display','none');\r\n\t\t\t\t});\r\n}<\/script><style type=\"text\/css\">.iv_headline {\r\n\t\tfont-weight: 700;\r\n\t\tfont-style: italic;\r\n\t\tfont-size: 20px;\r\n}\r\n.iv_person {\r\n\t\tcolor: #00a587;\r\n\t\tfont-style: italic;\r\n\t\tfont-weight: 400;\r\n}\r\n.iv_person::after {\r\n\t\tcontent: \": \";\r\n}<\/style><div class=\"custom-interview\" id=\"iv_4225120045\"><div class=\"iv_headline\">Ist diese Entwicklung Richtung Industrieanwendung ein Selbstl\u00e4ufer?<\/div>\r\n<p class=\"iv_answer1 iv_a14225120045\"><span class=\"iv_person\">Benedikt Rauscher<\/span>Dass sich 5G in diese Richtung entwickelt hat, ist kein Zufall, sondern das Ergebnis des erfolgreichen Zusammenschlusses vieler Parteien. Wie kein Mobilfunkstandard zuvor wird 5G durch die Anforderungen von Unternehmen aus dem Bereich Operation Technology (OT) gepr\u00e4gt, zu denen ja auch TRUMPF, Endress+Hauser und Pepperl+Fuchs z\u00e4hlen.<\/p>\r\n<p class=\"iv_answer2 iv_a24225120045\"><span class=\"iv_person\">Dr. Christian Bauer<\/span>In der Vergangenheit musste die MSR-Technik auf die spezifischen Eigenarten des jeweiligen Mobilfunkstandards hin angepasst werden bzw. war grunds\u00e4tzlich kabelgebunden. Nur so war eine durchg\u00e4ngige Kommunikation m\u00f6glich. Bei 5G wandelt sich dieses Verh\u00e4ltnis. Beide Seiten, also die OT-Hersteller, und die Informations- und Kommunikationstechnikbranche (ICT), zu der Chip-Hersteller und Netzwerkanbieter wie Intel, Qualcomm, Telekom oder Vodafone geh\u00f6ren, stimmen sich seit Beginn der Entwicklung sehr eng miteinander ab. Nur ein m\u00f6glichst harmonisierter Standard nutzt auch allen Anwendern.<\/p>\r\n<p class=\"iv_answer3 iv_a34225120045\"><span class=\"iv_person\">Dr. Werner Thoren<\/span>Aus unserer Sicht ist es kein Selbstl\u00e4ufer, da aus der Industrie zum Beispiel deutlich h\u00f6here Anforderungen an Zuverl\u00e4ssigkeit und Verf\u00fcgbarkeit der Netze gestellt werden. Hierzu ist ein Dialog zwischen Vertretern der operativen Technologien und der Informations- und Telekommunikationstechnologien notwendig, um zu gemeinsamen L\u00f6sungen zu kommen. Dieser Dialog findet ma\u00dfgeblich in der 5G Alliance for Connected Industries and Automation statt, kurz 5G-ACIA. Sie ist die Erweiterung einer bereits 2017 im ZVEI gegr\u00fcndeten Task Force zum Thema 5G und vereint Schl\u00fcsselspieler aus beiden Industrien, aber auch Mitglieder aus der Hochschullandschaft und anderen Verb\u00e4nden. Die 5G-ACIA sieht sich als eine Erg\u00e4nzung zu den bereits existierenden Standardisierungsgremien und Verb\u00e4nden, wie der 3GPP und der NGMN Alliance, und bringt sich dort entsprechend im Interesse eines industriell ausgerichteten 5G-Standards ein.<\/p>\r\n<p class=\"iv_answer4 iv_a44225120045\"><span class=\"iv_person\"><\/span><\/p>\r\n<\/div><style type=\"text\/css\">.quote {\r\n\tdisplay: flex;\r\n\talign-items: center;\r\n\tmargin-bottom: 24px;\r\n}\r\n.quote-wrapper {\r\n    \/*position: relative;\r\n    display: flex;*\/\r\n}\r\n.quote-text {\r\n\t\theight: 220px;\r\n\t\talign-content: center;\r\n    border-top: 1px solid #00a587;\r\n\t\tborder-bottom: 1px solid #00a587;\r\n\t\tfont-size: 24px;\r\n\t\tfont-style: italic;\r\n\t\tcolor: #00a587;\r\n\t\tline-height: 28px;\r\n }\r\n.quote-person {\r\n\t\tcolor: #373737;\r\n\t\tfont-size: 14px;\r\n\t\t\r\n}\r\n  .quote-image {\r\n    max-height: 220px; \/* Beispielh\u00f6he des Bildes *\/\r\n\t\tmargin-right: 10px;\r\n  }<\/style><div class=\"quote\">\r\n\t<img decoding=\"async\" src=\"https:\/\/amplify-test.pepperl-fuchs.com\/wp-content\/uploads\/2024\/07\/5f5897dfb4725_amplify-b-rauscher.jpg\" alt=\"\" class=\"quote-image\">\r\n\t<div class=\"quote-wrapper\">\t\r\n\t\t<div class=\"quote-text\">Mit 5G werden wir bei Pepperl+Fuchs k\u00fcnftig einen ganz anderen Spielraum haben, funkbasierte Sensorl\u00f6sungen zu entwickeln, die mit geringen Zykluszeiten Daten via Mobilfunknetzwerk \u00fcbertragen.\r\n\t\t\t<div class=\"quote-person\">Benedikt Rauscher, Manager Globale IoT-Projekte bei Pepperl+Fuchs<\/div>\r\n\t\t<\/div>\r\n\t<\/div>\r\n<\/div><script type=\"text\/javascript\">if( typeof window.iv_elt_count === 'undefined' || window.iv_elt_count === null ){\r\n\t\t\t\twindow.iv_elt_count = 0;\r\n} else {\r\n\t\t\t\twindow.iv_elt_count++;\r\n}\r\nif(\"{{interview_headline}}\" === \"\") {\r\n\t\t\t\tjQuery( document ).ready(function() {\r\n\t\t\t\t\t\t\t\tjQuery('.iv_headline').eq(window.iv_elt_count).css('display','none');\r\n\t\t\t\t});\r\n}\r\nif(\"F\u00fcr Pepperl+Fuchs ist das Thema aus mehreren Perspektiven interessant. Zun\u00e4chst sehen wir uns als ein innovatives und neugieriges Unternehmen \u2014 das ist Teil unserer \u201eDNA\u201c. Wir gestalten die Zukunft von Industrie 4.0 aktiv durch unsere Arbeit in diversen Verb\u00e4nden mit und sind von Beginn an dabei, wenn neue Standards definiert werden. IO-Link, ASi 5 oder der Advanced Physical Layer (APL) sind zum Beispiel Themen, bei denen wir ebenfalls intensiv involviert sind. Gleichzeitig sehen wir nat\u00fcrlich neue Umsatzpotenziale, die durch den massiven Einsatz von verteilter 5G-gest\u00fctzter Funksensorik erschlossen werden k\u00f6nnen. Hierdurch wird ein umfassendes Abbild der physikalischen Welt und damit f\u00fcr unsere Kunden eine bessere Planung und Steuerung der verschiedensten Produktionsabl\u00e4ufe m\u00f6glich. Ich w\u00fcrde also von einer gesunden Mischung aus Forscher- und Unternehmergeist sprechen (lacht).\" === \"\") {\r\n\t\t\t\tjQuery( document ).ready(function() {\r\n\t\t\t\t\t\t\t\tjQuery('.iv_a1336521201').css('display','none');\r\n\t\t\t\t});\r\n}\r\nif(\"Als die \u201ePeople for Process Automation\u201d haben wir st\u00e4ndig ein Ohr bei unseren Kunden, um zu erkennen, was ihnen heute und in Zukunft helfen wird, ihre Produktion zu optimieren, die Anlagenverf\u00fcgbarkeit zu erh\u00f6hen und den sicheren Betrieb der Anlagen zu gew\u00e4hrleisten. Hier zeichnet sich ein Trend zu mehr Sensorik und vermehrter Nutzung bereits vorhandener Daten ab, was auch von der NAMUR, einer bedeutende Nutzerorganisation der Prozessindustrie, mit der NAMUR Open Architecture vorangetrieben wird. Insbesondere die nicht-\u00f6ffentlichen 5G-Netzwerke mit definierter \u201eQuality of Service\u201c bieten die erforderliche Flexibilit\u00e4t und Zuverl\u00e4ssigkeit hierf\u00fcr in den oft weit verteilten Anlagen unserer Kunden. Unser Ziel ist es, zusammen mit unseren Kunden das Potenzial der Technologie auszusch\u00f6pfen und f\u00fcr eine geeignete Standardisierung zu sorgen.\" === \"\") {\r\n\t\t\t\tjQuery( document ).ready(function() {\r\n\t\t\t\t\t\t\t\tjQuery('.iv_a2336521201').css('display','none');\r\n\t\t\t\t});\r\n}\r\nif(\"TRUMPF war bereits von Beginn an bei Themen wie der vernetzten Produktion oder Industrie 4.0 aktiv involviert. Also ist es nur logisch, auch die entsprechenden Technologien, welche diesen Wandel in der Produktion erlauben, fr\u00fch zu begleiten und mitzugestalten. 5G bietet hier das gro\u00dfe Potenzial, die entscheidende Enabler-Technologie f\u00fcr die Datenkommunikation in der Produktion zu sein und die sich bietenden Mehrwerte sind sehr vielf\u00e4ltig \u2014 sei es Komplexit\u00e4tsreduktion von bestehenden L\u00f6sungen, Retrofitting von Brownfield- Umgebungen oder auch die Entwicklung ganz neuer Anwendungen mit deutlich gesteigerter Flexibilit\u00e4t aufgrund der schnellen drahtlosen Kommunikation. Um in diesem Umfeld Erfolg zu haben, muss 5G aber den Anforderungen einer industriellen Datenkommunikation gen\u00fcgen. Aus diesem Grund ist TRUMPF, genau wie Endress+Hauser und Pepperl+Fuchs, Mitglied der 5G-ACIA, um dort in enger Abstimmung mit weltweit f\u00fchrenden ICT-Unternehmen den Standard 5G im Sinne der industriellen Anforderungen mitzugestalten.\" === \"\") {\r\n\t\t\t\tjQuery( document ).ready(function() {\r\n\t\t\t\t\t\t\t\tjQuery('.iv_a3336521201').css('display','none');\r\n\t\t\t\t});\r\n}\r\nif(\"\" === \"\") {\r\n\t\t\t\tjQuery( document ).ready(function() {\r\n\t\t\t\t\t\t\t\t\/\/ jQuery('.iv_answer4').eq(window.iv_elt_count).css('display','none');\r\n\t\t\t\t\t\t\t\tjQuery('.iv_a4336521201').css('display','none');\r\n\t\t\t\t});\r\n}<\/script><style type=\"text\/css\">.iv_headline {\r\n\t\tfont-weight: 700;\r\n\t\tfont-style: italic;\r\n\t\tfont-size: 20px;\r\n}\r\n.iv_person {\r\n\t\tcolor: #00a587;\r\n\t\tfont-style: italic;\r\n\t\tfont-weight: 400;\r\n}\r\n.iv_person::after {\r\n\t\tcontent: \": \";\r\n}<\/style><div class=\"custom-interview\" id=\"iv_336521201\"><div class=\"iv_headline\">Mit welcher Zielsetzung engagiert sich Ihr jeweiliges Unternehmen?<\/div>\r\n<p class=\"iv_answer1 iv_a1336521201\"><span class=\"iv_person\">Benedikt Rauscher<\/span>F\u00fcr Pepperl+Fuchs ist das Thema aus mehreren Perspektiven interessant. Zun\u00e4chst sehen wir uns als ein innovatives und neugieriges Unternehmen \u2014 das ist Teil unserer \u201eDNA\u201c. Wir gestalten die Zukunft von Industrie 4.0 aktiv durch unsere Arbeit in diversen Verb\u00e4nden mit und sind von Beginn an dabei, wenn neue Standards definiert werden. IO-Link, ASi 5 oder der Advanced Physical Layer (APL) sind zum Beispiel Themen, bei denen wir ebenfalls intensiv involviert sind. Gleichzeitig sehen wir nat\u00fcrlich neue Umsatzpotenziale, die durch den massiven Einsatz von verteilter 5G-gest\u00fctzter Funksensorik erschlossen werden k\u00f6nnen. Hierdurch wird ein umfassendes Abbild der physikalischen Welt und damit f\u00fcr unsere Kunden eine bessere Planung und Steuerung der verschiedensten Produktionsabl\u00e4ufe m\u00f6glich. Ich w\u00fcrde also von einer gesunden Mischung aus Forscher- und Unternehmergeist sprechen (lacht).<\/p>\r\n<p class=\"iv_answer2 iv_a2336521201\"><span class=\"iv_person\">Dr. Werner Thoren<\/span>Als die \u201ePeople for Process Automation\u201d haben wir st\u00e4ndig ein Ohr bei unseren Kunden, um zu erkennen, was ihnen heute und in Zukunft helfen wird, ihre Produktion zu optimieren, die Anlagenverf\u00fcgbarkeit zu erh\u00f6hen und den sicheren Betrieb der Anlagen zu gew\u00e4hrleisten. Hier zeichnet sich ein Trend zu mehr Sensorik und vermehrter Nutzung bereits vorhandener Daten ab, was auch von der NAMUR, einer bedeutende Nutzerorganisation der Prozessindustrie, mit der NAMUR Open Architecture vorangetrieben wird. Insbesondere die nicht-\u00f6ffentlichen 5G-Netzwerke mit definierter \u201eQuality of Service\u201c bieten die erforderliche Flexibilit\u00e4t und Zuverl\u00e4ssigkeit hierf\u00fcr in den oft weit verteilten Anlagen unserer Kunden. Unser Ziel ist es, zusammen mit unseren Kunden das Potenzial der Technologie auszusch\u00f6pfen und f\u00fcr eine geeignete Standardisierung zu sorgen.<\/p>\r\n<p class=\"iv_answer3 iv_a3336521201\"><span class=\"iv_person\">Dr. Christian Bauer<\/span>TRUMPF war bereits von Beginn an bei Themen wie der vernetzten Produktion oder Industrie 4.0 aktiv involviert. Also ist es nur logisch, auch die entsprechenden Technologien, welche diesen Wandel in der Produktion erlauben, fr\u00fch zu begleiten und mitzugestalten. 5G bietet hier das gro\u00dfe Potenzial, die entscheidende Enabler-Technologie f\u00fcr die Datenkommunikation in der Produktion zu sein und die sich bietenden Mehrwerte sind sehr vielf\u00e4ltig \u2014 sei es Komplexit\u00e4tsreduktion von bestehenden L\u00f6sungen, Retrofitting von Brownfield- Umgebungen oder auch die Entwicklung ganz neuer Anwendungen mit deutlich gesteigerter Flexibilit\u00e4t aufgrund der schnellen drahtlosen Kommunikation. Um in diesem Umfeld Erfolg zu haben, muss 5G aber den Anforderungen einer industriellen Datenkommunikation gen\u00fcgen. Aus diesem Grund ist TRUMPF, genau wie Endress+Hauser und Pepperl+Fuchs, Mitglied der 5G-ACIA, um dort in enger Abstimmung mit weltweit f\u00fchrenden ICT-Unternehmen den Standard 5G im Sinne der industriellen Anforderungen mitzugestalten.<\/p>\r\n<p class=\"iv_answer4 iv_a4336521201\"><span class=\"iv_person\"><\/span><\/p>\r\n<\/div><style type=\"text\/css\">.quote {\r\n\tdisplay: flex;\r\n\talign-items: center;\r\n\tmargin-bottom: 24px;\r\n}\r\n.quote-wrapper {\r\n    \/*position: relative;\r\n    display: flex;*\/\r\n}\r\n.quote-text {\r\n\t\theight: 220px;\r\n\t\talign-content: center;\r\n    border-top: 1px solid #00a587;\r\n\t\tborder-bottom: 1px solid #00a587;\r\n\t\tfont-size: 24px;\r\n\t\tfont-style: italic;\r\n\t\tcolor: #00a587;\r\n\t\tline-height: 28px;\r\n }\r\n.quote-person {\r\n\t\tcolor: #373737;\r\n\t\tfont-size: 14px;\r\n\t\t\r\n}\r\n  .quote-image {\r\n    max-height: 220px; \/* Beispielh\u00f6he des Bildes *\/\r\n\t\tmargin-right: 10px;\r\n  }<\/style><div class=\"quote\">\r\n\t<img decoding=\"async\" src=\"https:\/\/amplify-test.pepperl-fuchs.com\/wp-content\/uploads\/2024\/07\/5f58986fed405_amplify-w-thoren.jpg\" alt=\"\" class=\"quote-image\">\r\n\t<div class=\"quote-wrapper\">\t\r\n\t\t<div class=\"quote-text\">Unser Ziel ist es, zusammen mit unseren Kunden das Potenzial der Technologie auszusch\u00f6pfen und f\u00fcr eine geeignete Standardisierung zu sorgen.\r\n\t\t\t<div class=\"quote-person\">Dr. Werner Thoren, Technology Manager bei Endress+Hauser<\/div>\r\n\t\t<\/div>\r\n\t<\/div>\r\n<\/div><script type=\"text\/javascript\">if( typeof window.iv_elt_count === 'undefined' || window.iv_elt_count === null ){\r\n\t\t\t\twindow.iv_elt_count = 0;\r\n} else {\r\n\t\t\t\twindow.iv_elt_count++;\r\n}\r\nif(\"{{interview_headline}}\" === \"\") {\r\n\t\t\t\tjQuery( document ).ready(function() {\r\n\t\t\t\t\t\t\t\tjQuery('.iv_headline').eq(window.iv_elt_count).css('display','none');\r\n\t\t\t\t});\r\n}\r\nif(\"Von Beginn der digitalen Kommunikation an lassen sich die Endress+Hauser Feldger\u00e4te durch die Unterst\u00fctzung offener Standards nahtlos in die Systeme unserer Kunden integrieren. Auch bei der drahtlosen Kommunikation waren wir mit WirelessHART\u00ae-Produkten zusammen mit Pepperl+Fuchs einer der ersten Anbieter im Markt. F\u00fcr die Bedienung und Parametrisierung von Feldger\u00e4ten, aber auch zum Auslesen von Daten mit mobilen Ger\u00e4ten, nutzen wir heute Bluetooth\u00ae. Tradition hat auch die Mobilfunkkommunikation im Bereich verteilter Messstellen in der Logistik und in Versorgungsnetzwerken. Neu ist hier ein einfaches, autonomes F\u00fcllstandmessger\u00e4t, das sich \u00fcber den Standard NB-IoT per Knopfdruck in die Endress+Hauser Cloud-L\u00f6sung \u201eNetilion\u201c integriert und Informationen liefert \u2014 eine echte IIoT-L\u00f6sung, getrieben von Kundenanwendungen. Mit 5G werden wir in Zukunft mehr solcher Anwendungen noch besser bedienen k\u00f6nnen.\" === \"\") {\r\n\t\t\t\tjQuery( document ).ready(function() {\r\n\t\t\t\t\t\t\t\tjQuery('.iv_a13659233685').css('display','none');\r\n\t\t\t\t});\r\n}\r\nif(\"Die Standardisierung von 5G ist ein l\u00e4ngerer Prozess, bei dem durch die 3GPP (die Standardisierungsorganisation f\u00fcr Mobilfunk) in mehreren Release-Zyklen jeweils einzelne Aspekte des neuen Standards spezifiziert werden. Wir bei TRUMPF verfolgen diese Thematik nat\u00fcrlich genau, gestalten in der 5G-ACIA aktiv mit und sind auch bereits heute in verschiedenen Forschungs- und F\u00f6rderprojekten zur Thematik engagiert. Wichtig ist hier f\u00fcr uns vor allem, fr\u00fch das notwendige Wissen aufzubauen, um bei Verf\u00fcgbarkeit entsprechender Technologien und Hardware diese direkt nutzen zu k\u00f6nnen.\" === \"\") {\r\n\t\t\t\tjQuery( document ).ready(function() {\r\n\t\t\t\t\t\t\t\tjQuery('.iv_a23659233685').css('display','none');\r\n\t\t\t\t});\r\n}\r\nif(\"Wie ich vorhin schon anklingen lie\u00df, besch\u00e4ftigen wir uns bei Pepperl+Fuchs seit l\u00e4ngerer Zeit mit funkbasierter Sensorik. Dazu z\u00e4hlen zum Beispiel batteriebetriebene Ultraschallsensoren, die F\u00fcllst\u00e4nde \u00fcber Funktechnologien \u00fcbertragen. Mit 5G liegt hier f\u00fcr die Zukunft noch eine Menge an Potenzial, das wir erschlie\u00dfen k\u00f6nnen. Auch im Gesch\u00e4ftsbereich Prozessautomation verfolgt man die Entwicklung von 5G sehr aufmerksam. Wir bieten schon heute ein umfassendes Portfolio industrietauglicher und explosionsgesch\u00fctzter Mobilger\u00e4te. Dank der Daten\u00fcbertragungsraten von 5G k\u00f6nnte der Service-Techniker im Feld Wartungsanweisungen zu einer Komponente zuk\u00fcnftig ultrahochaufgel\u00f6st und verz\u00f6gerungsarm in einer Augmented-Reality-App auf seinem Ex-Smartphone einsehen. Zudem erw\u00e4gen wir gerade, uns am Stammsitz in Mannheim einen eigenen Frequenzbereich einzurichten, um noch tiefer in die Materie vorzudringen und neue Applikationsszenarien erproben zu k\u00f6nnen.\" === \"\") {\r\n\t\t\t\tjQuery( document ).ready(function() {\r\n\t\t\t\t\t\t\t\tjQuery('.iv_a33659233685').css('display','none');\r\n\t\t\t\t});\r\n}\r\nif(\"\" === \"\") {\r\n\t\t\t\tjQuery( document ).ready(function() {\r\n\t\t\t\t\t\t\t\t\/\/ jQuery('.iv_answer4').eq(window.iv_elt_count).css('display','none');\r\n\t\t\t\t\t\t\t\tjQuery('.iv_a43659233685').css('display','none');\r\n\t\t\t\t});\r\n}<\/script><style type=\"text\/css\">.iv_headline {\r\n\t\tfont-weight: 700;\r\n\t\tfont-style: italic;\r\n\t\tfont-size: 20px;\r\n}\r\n.iv_person {\r\n\t\tcolor: #00a587;\r\n\t\tfont-style: italic;\r\n\t\tfont-weight: 400;\r\n}\r\n.iv_person::after {\r\n\t\tcontent: \": \";\r\n}<\/style><div class=\"custom-interview\" id=\"iv_3659233685\"><div class=\"iv_headline\">Gibt es bereits Entwicklungspl\u00e4ne oder Anwendungsszenarien in Ihren Unternehmen?<\/div>\r\n<p class=\"iv_answer1 iv_a13659233685\"><span class=\"iv_person\">Dr. Werner Thoren<\/span>Von Beginn der digitalen Kommunikation an lassen sich die Endress+Hauser Feldger\u00e4te durch die Unterst\u00fctzung offener Standards nahtlos in die Systeme unserer Kunden integrieren. Auch bei der drahtlosen Kommunikation waren wir mit WirelessHART\u00ae-Produkten zusammen mit Pepperl+Fuchs einer der ersten Anbieter im Markt. F\u00fcr die Bedienung und Parametrisierung von Feldger\u00e4ten, aber auch zum Auslesen von Daten mit mobilen Ger\u00e4ten, nutzen wir heute Bluetooth\u00ae. Tradition hat auch die Mobilfunkkommunikation im Bereich verteilter Messstellen in der Logistik und in Versorgungsnetzwerken. Neu ist hier ein einfaches, autonomes F\u00fcllstandmessger\u00e4t, das sich \u00fcber den Standard NB-IoT per Knopfdruck in die Endress+Hauser Cloud-L\u00f6sung \u201eNetilion\u201c integriert und Informationen liefert \u2014 eine echte IIoT-L\u00f6sung, getrieben von Kundenanwendungen. Mit 5G werden wir in Zukunft mehr solcher Anwendungen noch besser bedienen k\u00f6nnen.<\/p>\r\n<p class=\"iv_answer2 iv_a23659233685\"><span class=\"iv_person\">Dr. Christian Bauer<\/span>Die Standardisierung von 5G ist ein l\u00e4ngerer Prozess, bei dem durch die 3GPP (die Standardisierungsorganisation f\u00fcr Mobilfunk) in mehreren Release-Zyklen jeweils einzelne Aspekte des neuen Standards spezifiziert werden. Wir bei TRUMPF verfolgen diese Thematik nat\u00fcrlich genau, gestalten in der 5G-ACIA aktiv mit und sind auch bereits heute in verschiedenen Forschungs- und F\u00f6rderprojekten zur Thematik engagiert. Wichtig ist hier f\u00fcr uns vor allem, fr\u00fch das notwendige Wissen aufzubauen, um bei Verf\u00fcgbarkeit entsprechender Technologien und Hardware diese direkt nutzen zu k\u00f6nnen.<\/p>\r\n<p class=\"iv_answer3 iv_a33659233685\"><span class=\"iv_person\">Benedikt Rauscher<\/span>Wie ich vorhin schon anklingen lie\u00df, besch\u00e4ftigen wir uns bei Pepperl+Fuchs seit l\u00e4ngerer Zeit mit funkbasierter Sensorik. Dazu z\u00e4hlen zum Beispiel batteriebetriebene Ultraschallsensoren, die F\u00fcllst\u00e4nde \u00fcber Funktechnologien \u00fcbertragen. Mit 5G liegt hier f\u00fcr die Zukunft noch eine Menge an Potenzial, das wir erschlie\u00dfen k\u00f6nnen. Auch im Gesch\u00e4ftsbereich Prozessautomation verfolgt man die Entwicklung von 5G sehr aufmerksam. Wir bieten schon heute ein umfassendes Portfolio industrietauglicher und explosionsgesch\u00fctzter Mobilger\u00e4te. Dank der Daten\u00fcbertragungsraten von 5G k\u00f6nnte der Service-Techniker im Feld Wartungsanweisungen zu einer Komponente zuk\u00fcnftig ultrahochaufgel\u00f6st und verz\u00f6gerungsarm in einer Augmented-Reality-App auf seinem Ex-Smartphone einsehen. Zudem erw\u00e4gen wir gerade, uns am Stammsitz in Mannheim einen eigenen Frequenzbereich einzurichten, um noch tiefer in die Materie vorzudringen und neue Applikationsszenarien erproben zu k\u00f6nnen.<\/p>\r\n<p class=\"iv_answer4 iv_a43659233685\"><span class=\"iv_person\"><\/span><\/p>\r\n<\/div><\/div><\/div><div class=\"fusion-layout-column fusion_builder_column fusion-builder-column-2 fusion_builder_column_1_4 1_4 fusion-flex-column\" style=\"--awb-bg-size:cover;--awb-width-large:25%;--awb-margin-top-large:0px;--awb-spacing-right-large:7.68%;--awb-margin-bottom-large:20px;--awb-spacing-left-large:7.68%;--awb-width-medium:25%;--awb-order-medium:0;--awb-spacing-right-medium:7.68%;--awb-spacing-left-medium:7.68%;--awb-width-small:100%;--awb-order-small:0;--awb-spacing-right-small:1.92%;--awb-spacing-left-small:1.92%;\"><div class=\"fusion-column-wrapper fusion-column-has-shadow fusion-flex-justify-content-flex-start fusion-content-layout-column\"><div class=\"fusion-separator fusion-full-width-sep\" style=\"align-self: center;margin-left: auto;margin-right: auto;width:100%;\"><div class=\"fusion-separator-border sep-single sep-solid\" style=\"--awb-height:20px;--awb-amount:20px;--awb-sep-color:var(--awb-color8);border-color:var(--awb-color8);border-top-width:1px;\"><\/div><\/div><div class=\"fusion-social-networks sharingbox-shortcode-icon-wrapper sharingbox-shortcode-icon-wrapper-1 boxed-icons sidebar\">\n\t<span class=\"share-linkedin\">\n\t\t<a href=\"https:\/\/www.linkedin.com\/shareArticle?\" target=\"_blank\" rel=\"noopener noreferrer\" title=\"\" aria-label=\"LinkedIn\" data-placement=\"top\" data-toggle=\"tooltip\" data-title=\"LinkedIn\" data-original-title=\"LinkedIn\">\n\t\t<i class=\"fusion-social-network-icon fusion-tooltip fusion-linkedin awb-icon-linkedin\" style=\"color:#ffffff;background-color:#0077b5;border-color:#0077b5;border-radius:0px;\" aria-hidden=\"true\"><\/i>\n\t\t<\/a>\n\t<\/span>\n\t<span class=\"share-mail\">\n\t\t<a href=\/de\/kontakt\/\" target=\"_self\" title=\"\" aria-label=\"Email\" data-placement=\"top\" data-toggle=\"tooltip\" data-title=\"Email\" data-original-title=\"Email\">\n\t\t<i class=\"fusion-social-network-icon fusion-tooltip fusion-mail awb-icon-mail\" style=\"color:#ffffff;background-color:#00a587;border-color:#00a587;border-radius:0px;\" aria-hidden=\"true\"><\/i>\n\t\t<\/a>\n\t<\/span>\n\t<span class=\"share-insta\">\n\t\t<a href=\"https:\/\/www.instagram.com\" target=\"_blank\" rel=\"noreferrer noopener\" title=\"\" aria-label=\"Instagram\" data-placement=\"top\" data-toggle=\"tooltip\" data-title=\"Instagram\" data-original-title=\"Instagram\">\n\t\t<i class=\"fusion-social-network-icon fusion-tooltip fusion-instagram awb-icon-instagram\" style=\"color:#ffffff;background-color:#c13584;border-color:#c13584;border-radius:0px;\" aria-hidden=\"true\"><\/i>\n\t\t<\/a>\n\t<\/span>\t\n\t<span class=\"share-facebook\">\n\t\t<a href=\"https:\/\/www.facebook.com\/sharer.php?\" target=\"_blank\" rel=\"noreferrer noopener\" title=\"\" aria-label=\"Facebook\" data-placement=\"top\" data-toggle=\"tooltip\" data-title=\"Facebook\" data-original-title=\"Facebook\">\n\t\t<i class=\"fusion-social-network-icon fusion-tooltip fusion-facebook awb-icon-facebook\" style=\"color:#ffffff;background-color:#3b5998;border-color:#3b5998;border-radius:0px;\" aria-hidden=\"true\"><\/i>\n\t\t<\/a>\n\t<\/span>\n<\/div>\n<div class=\"fusion-separator fusion-full-width-sep\" style=\"align-self: center;margin-left: auto;margin-right: auto;width:100%;\"><div class=\"fusion-separator-border sep-single sep-solid\" style=\"--awb-height:20px;--awb-amount:20px;--awb-sep-color:var(--awb-color8);border-color:var(--awb-color8);border-top-width:1px;\"><\/div><\/div><div class=\"fusion-text fusion-text-4 sidebar\"><h4>Seien Sie dabei!<\/h4>\n<p><img decoding=\"async\" class=\"alignnone size-full wp-image-228\" src=\"https:\/\/amplify-test.pepperl-fuchs.com\/wp-content\/uploads\/2024\/07\/amplify-enews-bild.jpg\" alt=\"Two hands holding a tablet computer showing Pepperl+Fuchs newsletter.\" width=\"220\" height=\"124\" srcset=\"https:\/\/amplify-test.pepperl-fuchs.com\/wp-content\/uploads\/2024\/07\/amplify-enews-bild-66x37.jpg 66w, https:\/\/amplify-test.pepperl-fuchs.com\/wp-content\/uploads\/2024\/07\/amplify-enews-bild-177x100.jpg 177w, https:\/\/amplify-test.pepperl-fuchs.com\/wp-content\/uploads\/2024\/07\/amplify-enews-bild-200x113.jpg 200w, https:\/\/amplify-test.pepperl-fuchs.com\/wp-content\/uploads\/2024\/07\/amplify-enews-bild.jpg 220w\" sizes=\"(max-width: 220px) 100vw, 220px\" \/><\/p>\n<p><a href=\"https:\/\/www.pepperl-fuchs.com\/de\/news\/stay-in-touch\/pepperl-fuchs-e-news-gp30796\" target=\"_blank\" rel=\"noopener\">Erhalten Sie mit der e-news regelm\u00e4\u00dfig Neuigkeiten rund um die Welt der Automation.<\/a><\/p>\n<\/div>\n<div class=\"fusion-separator fusion-full-width-sep\" style=\"align-self: center;margin-left: auto;margin-right: auto;width:100%;\"><div class=\"fusion-separator-border sep-single sep-solid\" style=\"--awb-height:20px;--awb-amount:20px;--awb-sep-color:var(--awb-color8);border-color:var(--awb-color8);border-top-width:1px;\"><\/div><\/div><div class=\"fusion-title title fusion-title-2 fusion-sep-none fusion-title-text fusion-title-size-four\"><h4 class=\"fusion-title-heading title-heading-left fusion-responsive-typography-calculated\" style=\"margin:0;--fontSize:24;line-height:var(--awb-typography1-line-height);\">Mehr zum Thema<\/h4><\/div><ul style=\"--awb-iconcolor:var(--awb-color3);--awb-line-height:27.2px;--awb-icon-width:27.2px;--awb-icon-height:27.2px;--awb-icon-margin:11.2px;--awb-content-margin:38.4px;\" class=\"fusion-checklist fusion-checklist-1 fusion-checklist-default type-icons\">\n<li class=\"fusion-li-item\" style=\"\"><span class=\"icon-wrapper circle-no\"><i class=\"fusion-li-icon fa-caret-right fas\" aria-hidden=\"true\"><\/i><\/span><div class=\"fusion-li-item-content\">\n<p><a href=\"https:\/\/www.5g-acia.org\/\" target=\"_blank\" rel=\"noopener\">5G-ACIA<\/a><\/p>\n<\/div><\/li><li class=\"fusion-li-item\" style=\"\"><span class=\"icon-wrapper circle-no\"><i class=\"fusion-li-icon fa-caret-right fas\" aria-hidden=\"true\"><\/i><\/span><div class=\"fusion-li-item-content\">\n<p><a href=\"https:\/\/www.trumpf.com\" target=\"_blank\" rel=\"noopener\">TRUMPF<\/a><\/p>\n<\/div><\/li><li class=\"fusion-li-item\" style=\"\"><span class=\"icon-wrapper circle-no\"><i class=\"fusion-li-icon fa-caret-right fas\" aria-hidden=\"true\"><\/i><\/span><div class=\"fusion-li-item-content\">\n<p><a href=\"https:\/\/www.endress.com\/\" target=\"_blank\" rel=\"noopener\">Endress+Hauser<\/a><\/p>\n<\/div><\/li><\/ul><div class=\"fusion-separator fusion-full-width-sep\" style=\"align-self: center;margin-left: auto;margin-right: auto;width:100%;\"><div class=\"fusion-separator-border sep-single sep-solid\" style=\"--awb-height:20px;--awb-amount:20px;--awb-sep-color:var(--awb-color8);border-color:var(--awb-color8);border-top-width:1px;\"><\/div><\/div><div class=\"fusion-modal modal fade modal-1 editorial-use\" tabindex=\"-1\" role=\"dialog\" aria-labelledby=\"modal-heading-1\" aria-hidden=\"true\" style=\"--awb-border-color:var(--awb-color3);--awb-background:var(--awb-color1);\"><div class=\"modal-dialog modal-lg\" role=\"document\"><div class=\"modal-content fusion-modal-content\"><div class=\"modal-header\"><button class=\"close\" type=\"button\" data-dismiss=\"modal\" aria-hidden=\"true\" aria-label=\"Close\">&times;<\/button><h3 class=\"modal-title\" id=\"modal-heading-1\" data-dismiss=\"modal\" aria-hidden=\"true\">Redaktionelle Nutzung<\/h3><\/div><div class=\"modal-body fusion-clearfix\">\n<p>The editorial use of articles from \u201camplify\u201d is only permitted with the prior consent of the publisher Pepperl+Fuchs SE. In addition, the original source <a href=\"https:\/\/amplify-test.pepperl-fuchs.com\/\" target=\"_blank\" rel=\"noopener\">amplify.pepperl-fuchs.com<\/a>\u00a0must be referenced when articles are reused or processed.<\/p>\n<div class=\"fusion-button-wrapper\"><a class=\"fusion-button button-flat fusion-button-default-size button-custom fusion-button-default button-1 fusion-button-default-span fusion-button-default-type\" style=\"--button_accent_color:var(--awb-color1);--button_accent_hover_color:var(--awb-custom_color_2);--button_border_hover_color:var(--awb-custom_color_2);--button_gradient_top_color:var(--awb-color3);--button_gradient_bottom_color:var(--awb-color3);--button_gradient_top_color_hover:var(--awb-color1);--button_gradient_bottom_color_hover:var(--awb-color1);\" target=\"_self\" href=\"mailto:amplify@pepperl-fuchs.com?subject=Request%20Editorial%20Use\"><span class=\"fusion-button-text awb-button__text awb-button__text--default\">Redaktionelle Nutzung anfragen<\/span><\/a><\/div>\n<\/div><\/div><\/div><\/div>\n<div ><a class=\"fusion-button button-flat fusion-button-default-size button-custom fusion-button-default button-2 fusion-button-default-span fusion-button-default-type sidebar\" style=\"--button_accent_color:var(--awb-color1);--button_accent_hover_color:var(--awb-custom_color_2);--button_border_hover_color:var(--awb-custom_color_2);--button_gradient_top_color:var(--awb-color3);--button_gradient_bottom_color:var(--awb-color3);--button_gradient_top_color_hover:var(--awb-color1);--button_gradient_bottom_color_hover:var(--awb-color1);--button_margin-top:12px;--button_margin-right:auto;--button_margin-left:auto;\" target=\"_self\" href=\"#\" data-toggle=\"modal\" data-target=\".fusion-modal.editorial-use\"><i class=\"fa-pen fas awb-button__icon awb-button__icon--default button-icon-left\" aria-hidden=\"true\"><\/i><span class=\"fusion-button-text awb-button__text awb-button__text--default\">Redaktionelle Nutzung<\/span><\/a><\/div>\n<\/div><\/div><\/div><\/div>\n","protected":false},"excerpt":{"rendered":"<p>Was die 5G-Technologie f\u00fcr Unternehmen aus dem Bereich der Automatisierungstechnik so attraktiv macht und mit welchen Visionen sie sich der Thematik n\u00e4hern.<\/p>\n","protected":false},"author":2,"featured_media":2073,"comment_status":"open","ping_status":"open","sticky":false,"template":"","format":"standard","meta":{"_acf_changed":false,"footnotes":""},"categories":[21,23],"tags":[96,257],"class_list":["post-2681","post","type-post","status-publish","format-standard","has-post-thumbnail","hentry","category-maerkte-trends","category-technologien-innovationen","tag-1-2-3-4-5g-die-revolution-der-mobilfunkstandards","tag-1-2-3-4-5g-die-revolution-der-mobilfunkstandards-de"],"acf":[],"_links":{"self":[{"href":"https:\/\/amplify-test.pepperl-fuchs.com\/de\/wp-json\/wp\/v2\/posts\/2681","targetHints":{"allow":["GET"]}}],"collection":[{"href":"https:\/\/amplify-test.pepperl-fuchs.com\/de\/wp-json\/wp\/v2\/posts"}],"about":[{"href":"https:\/\/amplify-test.pepperl-fuchs.com\/de\/wp-json\/wp\/v2\/types\/post"}],"author":[{"embeddable":true,"href":"https:\/\/amplify-test.pepperl-fuchs.com\/de\/wp-json\/wp\/v2\/users\/2"}],"replies":[{"embeddable":true,"href":"https:\/\/amplify-test.pepperl-fuchs.com\/de\/wp-json\/wp\/v2\/comments?post=2681"}],"version-history":[{"count":10,"href":"https:\/\/amplify-test.pepperl-fuchs.com\/de\/wp-json\/wp\/v2\/posts\/2681\/revisions"}],"predecessor-version":[{"id":4523,"href":"https:\/\/amplify-test.pepperl-fuchs.com\/de\/wp-json\/wp\/v2\/posts\/2681\/revisions\/4523"}],"wp:featuredmedia":[{"embeddable":true,"href":"https:\/\/amplify-test.pepperl-fuchs.com\/de\/wp-json\/wp\/v2\/media\/2073"}],"wp:attachment":[{"href":"https:\/\/amplify-test.pepperl-fuchs.com\/de\/wp-json\/wp\/v2\/media?parent=2681"}],"wp:term":[{"taxonomy":"category","embeddable":true,"href":"https:\/\/amplify-test.pepperl-fuchs.com\/de\/wp-json\/wp\/v2\/categories?post=2681"},{"taxonomy":"post_tag","embeddable":true,"href":"https:\/\/amplify-test.pepperl-fuchs.com\/de\/wp-json\/wp\/v2\/tags?post=2681"}],"curies":[{"name":"wp","href":"https:\/\/api.w.org\/{rel}","templated":true}]}}