{"id":2693,"date":"2020-03-18T00:00:00","date_gmt":"2020-03-18T00:00:00","guid":{"rendered":"https:\/\/amplify.webservices.de\/2020\/03\/18\/entscheidend-ist-die-digitale-kompetenz\/"},"modified":"2025-02-11T14:37:04","modified_gmt":"2025-02-11T14:37:04","slug":"entscheidend-ist-die-digitale-kompetenz","status":"publish","type":"post","link":"https:\/\/amplify-test.pepperl-fuchs.com\/de\/2020\/entscheidend-ist-die-digitale-kompetenz\/","title":{"rendered":"Entscheidend ist die digitale Kompetenz"},"content":{"rendered":"<div class=\"fusion-fullwidth fullwidth-box fusion-builder-row-1 fusion-flex-container has-pattern-background has-mask-background nonhundred-percent-fullwidth non-hundred-percent-height-scrolling gradient-container-1\" style=\"--awb-border-radius-top-left:0px;--awb-border-radius-top-right:0px;--awb-border-radius-bottom-right:0px;--awb-border-radius-bottom-left:0px;--awb-flex-wrap:wrap;\" id=\"article\" ><div class=\"fusion-builder-row fusion-row fusion-flex-align-items-flex-start fusion-flex-content-wrap\" style=\"max-width:1248px;margin-left: calc(-4% \/ 2 );margin-right: calc(-4% \/ 2 );\"><div class=\"fusion-layout-column fusion_builder_column fusion-builder-column-0 fusion_builder_column_1_1 1_1 fusion-flex-column\" style=\"--awb-bg-size:cover;--awb-width-large:100%;--awb-margin-top-large:0px;--awb-spacing-right-large:1.92%;--awb-margin-bottom-large:20px;--awb-spacing-left-large:1.92%;--awb-width-medium:100%;--awb-order-medium:0;--awb-spacing-right-medium:1.92%;--awb-spacing-left-medium:1.92%;--awb-width-small:100%;--awb-order-small:0;--awb-spacing-right-small:1.92%;--awb-spacing-left-small:1.92%;\"><div class=\"fusion-column-wrapper fusion-column-has-shadow fusion-flex-justify-content-flex-start fusion-content-layout-column\"><div class=\"fusion-text fusion-text-1\" id=\"publishing_date\"><p>18. M\u00e4rz 2020<\/p>\n<\/div><div class=\"fusion-title title fusion-title-1 fusion-sep-none fusion-title-text fusion-title-size-one\" id=\"article_headline\"><h1 class=\"fusion-title-heading title-heading-left fusion-responsive-typography-calculated\" style=\"margin:0;--fontSize:64;line-height:var(--awb-typography1-line-height);\">Entscheidend ist die digitale Kompetenz<\/h1><\/div><div class=\"fusion-text fusion-text-2 intro_text\"><p>Der fortschreitende technologische und digitale Wandel hat gro\u00dfen Einfluss auf die Ausrichtung der Unternehmensziele. Pepperl+Fuchs erarbeitete hierf\u00fcr eigens eine \u201edigitale Agenda\u201c. Eine wichtige Rolle spielt dabei auch die digitale Kompetenz der Mitarbeiter. Diese wird zuk\u00fcnftig ein entscheidendes Kriterium f\u00fcr den Erfolg eines Unternehmens sein.<\/p>\n<\/div><div class=\"fusion-image-element \" style=\"--awb-caption-title-font-family:var(--h2_typography-font-family);--awb-caption-title-font-weight:var(--h2_typography-font-weight);--awb-caption-title-font-style:var(--h2_typography-font-style);--awb-caption-title-size:var(--h2_typography-font-size);--awb-caption-title-transform:var(--h2_typography-text-transform);--awb-caption-title-line-height:var(--h2_typography-line-height);--awb-caption-title-letter-spacing:var(--h2_typography-letter-spacing);\"><span class=\" fusion-imageframe imageframe-none imageframe-1 hover-type-none\"><img decoding=\"async\" width=\"2000\" height=\"960\" alt=\"Zwei junge Berufst\u00e4tige bei Pepperl+Fuchs arbeiten mit einem Tablet in einer digitalen Umgebung\" src=\"https:\/\/amplify-test.pepperl-fuchs.com\/wp-content\/uploads\/2024\/07\/5e7b5173df260_header.jpg\" class=\"img-responsive wp-image-2238\" srcset=\"https:\/\/amplify-test.pepperl-fuchs.com\/wp-content\/uploads\/2024\/07\/5e7b5173df260_header-200x96.jpg 200w, https:\/\/amplify-test.pepperl-fuchs.com\/wp-content\/uploads\/2024\/07\/5e7b5173df260_header-400x192.jpg 400w, https:\/\/amplify-test.pepperl-fuchs.com\/wp-content\/uploads\/2024\/07\/5e7b5173df260_header-600x288.jpg 600w, https:\/\/amplify-test.pepperl-fuchs.com\/wp-content\/uploads\/2024\/07\/5e7b5173df260_header-800x384.jpg 800w, https:\/\/amplify-test.pepperl-fuchs.com\/wp-content\/uploads\/2024\/07\/5e7b5173df260_header-1200x576.jpg 1200w, https:\/\/amplify-test.pepperl-fuchs.com\/wp-content\/uploads\/2024\/07\/5e7b5173df260_header.jpg 2000w\" sizes=\"(max-width: 640px) 100vw, 1200px\" \/><\/span><\/div><\/div><\/div><div class=\"fusion-layout-column fusion_builder_column fusion-builder-column-1 fusion_builder_column_3_4 3_4 fusion-flex-column\" style=\"--awb-bg-size:cover;--awb-width-large:75%;--awb-margin-top-large:0px;--awb-spacing-right-large:2.56%;--awb-margin-bottom-large:20px;--awb-spacing-left-large:2.56%;--awb-width-medium:75%;--awb-order-medium:0;--awb-spacing-right-medium:2.56%;--awb-spacing-left-medium:2.56%;--awb-width-small:100%;--awb-order-small:0;--awb-spacing-right-small:1.92%;--awb-spacing-left-small:1.92%;\"><div class=\"fusion-column-wrapper fusion-column-has-shadow fusion-flex-justify-content-flex-start fusion-content-layout-column\"><div class=\"fusion-text fusion-text-3 elt_text\"><p>Um den Ausbau des digitalen und technologischen Knowhows seiner Mitarbeiter zu unterst\u00fctzen, hat Pepperl+Fuchs eine digitale Lernplattform f\u00fcr alle Mitarbeiter weltweit ins Leben gerufen. Doch auch die k\u00fcnftigen beruflichen Anforderungen von qualifizierten Nachwuchskr\u00e4ften sind hoch gesteckt. So wurde der Ausbildungsbereich der Unternehmenszentrale in Mannheim komplett modernisiert und auf digitales Lernen ausgerichtet.<\/p>\n<p>\u201eGlobalisierung und technologischer Wandel stellen enorme Ver\u00e4nderungsanforderungen an uns und erfordern erhebliche Ressourcen\u201c, umrei\u00dft Dr. Gunther Kegel, Vorsitzender der Gesch\u00e4ftsf\u00fchrung von Pepperl+Fuchs, die Ausgangslage. Um den zuk\u00fcnftigen Herausforderungen gewachsen zu sein, verfolgt Pepperl+Fuchs eine eigene Digitalisierungsstrategie, die s\u00e4mtliche Unternehmensbereiche umfasst. \u201eIn jedem Bereich untersuchen wir die m\u00f6glichen Effizienzpotentiale der Digitalisierung, angefangen bei intelligenten Produkten bis hin zu smarten Produktions- und Business-Prozessen\u201c, erkl\u00e4rt Kegel. Auf der \u201edigitalen Agenda\u201c steht aber auch die digitale Kompetenz der Mitarbeiter und Nachwuchskr\u00e4fte.<\/p>\n<\/div><div class=\"fusion-text fusion-text-4 elt_headline_text\"><h2>Technologischer Wandel erfordert digitale Kompetenz<\/h2>\n<p>Die stetige Digitalisierung in allen Lebensbereichen durch Smartphones, Smart-Home-Technologien oder autonomes Fahren \u00fcbertr\u00e4gt sich auch auf die produzierende Industrie. Die Entwicklung neuer IoT-Technologien f\u00fchrt zu einer kontinuierlichen Erweiterung der Gesch\u00e4ftsbereiche. \u201eDrei gro\u00dfe Themen werden bereits heute verst\u00e4rkt nachgefragt. Dazu z\u00e4hlen Mobile Computing, zwei- und dreidimensionale Messtechnik sowie die Datenintegration. Smartphones und Tablets halten bereits Einzug in die Fabriken und Anlagen. Zwei- und dreidimensionale Scantechnik und 3-D-Kameras erfassen immer komplexere Szenen, die mittels Software zu Systemen und L\u00f6sungen komplettiert werden. Nicht zuletzt, entscheidend ist die Datenintegration\u201c, fasst Kegel zusammen. Heute bereits verf\u00fcgbare Daten k\u00f6nnen durch neue webbasierte Anwendungen und Cloud-L\u00f6sungen f\u00fcr die Anlagenbetreiber transparente Produktionsprozesse schaffen und bieten somit zuk\u00fcnftig erhebliche Effizienzpotentiale.<\/p>\n<\/div><style type=\"text\/css\">.quote {\r\n\tdisplay: flex;\r\n\talign-items: center;\r\n\tmargin-bottom: 24px;\r\n}\r\n.quote-wrapper {\r\n    \/*position: relative;\r\n    display: flex;*\/\r\n}\r\n.quote-text {\r\n\t\theight: 220px;\r\n\t\talign-content: center;\r\n    border-top: 1px solid #00a587;\r\n\t\tborder-bottom: 1px solid #00a587;\r\n\t\tfont-size: 24px;\r\n\t\tfont-style: italic;\r\n\t\tcolor: #00a587;\r\n\t\tline-height: 28px;\r\n }\r\n.quote-person {\r\n\t\tcolor: #373737;\r\n\t\tfont-size: 14px;\r\n\t\t\r\n}\r\n  .quote-image {\r\n    max-height: 220px; \/* Beispielh\u00f6he des Bildes *\/\r\n\t\tmargin-right: 10px;\r\n  }<\/style><div class=\"quote\">\r\n\t<img decoding=\"async\" src=\"https:\/\/amplify-test.pepperl-fuchs.com\/wp-content\/uploads\/2024\/07\/5e7af3411009a_dr-kegel-2020-zitat-web.jpg\" alt=\"\" class=\"quote-image\">\r\n\t<div class=\"quote-wrapper\">\t\r\n\t\t<div class=\"quote-text\">Dabei wird die Frage von Nachwuchskr\u00e4ften auf der einen Seite und sinnvollen Aufbau digitaler Kompetenz der Mitarbeiter auf der anderen Seite die wichtigste Herausforderung. Diesen Prozess mitzugestalten, ist auch mein pers\u00f6nliches Ziel.\r\n\t\t\t<div class=\"quote-person\">Dr. Gunther Kegel, Vorsitzender der Gesch\u00e4ftsf\u00fchrung von Pepperl+Fuchs<\/div>\r\n\t\t<\/div>\r\n\t<\/div>\r\n<\/div><div class=\"fusion-text fusion-text-5 elt_text\"><p>Deshalb ist neben Wachstum im Kerngesch\u00e4ft vor allem die Entwicklung in den digitalen Technologien das wichtigste Ziel der Pepperl+Fuchs Gruppe. Hierf\u00fcr braucht es Mitarbeiter, die mit dem technologischen und digitalen Wandel gehen und diesen in ihre t\u00e4gliche Arbeit einflie\u00dfen lassen. \u201eDabei wird die Frage von Nachwuchskr\u00e4ften auf der einen Seite und sinnvollen Aufbau digitaler Kompetenz der Mitarbeiter auf der anderen Seite die wichtigste Herausforderung. Diesen Prozess mitzugestalten, ist auch mein pers\u00f6nliches Ziel\u201c, erkl\u00e4rt Kegel.<\/p>\n<\/div><div class=\"fusion-text fusion-text-6 elt_headline_text\"><h2>Auf digitales Lernen ausgerichtet<\/h2>\n<p>Um dem digitalen Wandel und den k\u00fcnftigen beruflichen Anforderungen gerecht zu werden, wurde der Ausbildungsbereich der Pepperl+Fuchs Unternehmenszentrale in Mannheim komplett modernisiert und auf digitales Lernen ausgerichtet. \u201eInsgesamt 2422 Arbeitsstunden wurden in die Digitalisierung und Modernisierung des Ausbildungsbereichs investiert. Entstanden ist eine perfekte Lernumgebung mit neuester technischer Ausstattung\u201c, berichtet Patricia Goebel, Ausbildungsleiterin am Unternehmenshauptsitz in Mannheim, stolz. Qualifizierte junge Menschen f\u00fcr eine Ausbildung oder ein berufsbegleitendes Studium zu gewinnen, ist f\u00fcr Unternehmen wie Pepperl+Fuchs entscheidend. Wichtige Voraussetzung f\u00fcr die Nachwuchskr\u00e4fte ist neben den eigentlichen Lern- und Studieninhalten auch das Lernumfeld und modernste technische Ausstattung.<\/p>\n<\/div><style type=\"text\/css\">.quote {\r\n\tdisplay: flex;\r\n\talign-items: center;\r\n\tmargin-bottom: 24px;\r\n}\r\n.quote-wrapper {\r\n    \/*position: relative;\r\n    display: flex;*\/\r\n}\r\n.quote-text {\r\n\t\theight: 220px;\r\n\t\talign-content: center;\r\n    border-top: 1px solid #00a587;\r\n\t\tborder-bottom: 1px solid #00a587;\r\n\t\tfont-size: 24px;\r\n\t\tfont-style: italic;\r\n\t\tcolor: #00a587;\r\n\t\tline-height: 28px;\r\n }\r\n.quote-person {\r\n\t\tcolor: #373737;\r\n\t\tfont-size: 14px;\r\n\t\t\r\n}\r\n  .quote-image {\r\n    max-height: 220px; \/* Beispielh\u00f6he des Bildes *\/\r\n\t\tmargin-right: 10px;\r\n  }<\/style><div class=\"quote\">\r\n\t<img decoding=\"async\" src=\"https:\/\/amplify-test.pepperl-fuchs.com\/wp-content\/uploads\/2024\/07\/5e7af4495089b_pefu-goebel-2020-rz.jpg\" alt=\"\" class=\"quote-image\">\r\n\t<div class=\"quote-wrapper\">\t\r\n\t\t<div class=\"quote-text\">Insgesamt 2422 Arbeitsstunden wurden in die Digitalisierung und Modernisierung des Ausbildungsbereichs investiert. Entstanden ist eine perfekte Lernumgebung mit neuester technischer Ausstattung.\r\n\t\t\t<div class=\"quote-person\">Patricia Goebel, Ausbildungsleiterin Pepperl+Fuchs Mannheim<\/div>\r\n\t\t<\/div>\r\n\t<\/div>\r\n<\/div><div class=\"fusion-text fusion-text-7 elt_text\"><p>Als erste Digitalisierungsma\u00dfnahme erhielt die Ausbildungswerkstatt eine neue, multimediale Lerninsel. Die Grundlagen der elektrischen Installation und die Pr\u00fcfung von Ger\u00e4ten k\u00f6nnen an diesem computergest\u00fctzten Trainingssystem selbstst\u00e4ndig in Theorie und Praxis vermittelt werden. Die Lernfortschritte werden durch eine Fehlersuche an Experimentierboards und Tests nicht nur \u00fcberpr\u00fcft, sondern auch elektronisch dokumentiert. Die multimediale Lernumgebung des Systems erh\u00f6ht insgesamt erheblich die Motivation und den Lernerfolg der Auszubildenden.<\/p>\n<\/div><div class=\"fusion-image-element awb-imageframe-style awb-imageframe-style-below awb-imageframe-style-2\" style=\"--awb-caption-title-font-family:var(--body_typography-font-family);--awb-caption-title-font-weight:var(--body_typography-font-weight);--awb-caption-title-font-style:var(--body_typography-font-style);--awb-caption-title-size:var(--body_typography-font-size);--awb-caption-title-transform:var(--body_typography-text-transform);--awb-caption-title-line-height:var(--body_typography-line-height);--awb-caption-title-letter-spacing:var(--body_typography-letter-spacing);\"><span class=\" fusion-imageframe imageframe-none imageframe-2 hover-type-none elt_image\"><a href=\"https:\/\/amplify-test.pepperl-fuchs.com\/wp-content\/uploads\/2024\/07\/5e7b8cf35648c_lerninsel-rz.jpg\" class=\"fusion-lightbox\" data-rel=\"iLightbox[e60ed884272dde307d5]\" data-caption=\"\"><img decoding=\"async\" width=\"1920\" height=\"1280\" alt=\"Ein junger Mann an der multimedialen Lerninsel im Ausbildungsbereich von Pepperl+Fuchs\" src=\"https:\/\/amplify-test.pepperl-fuchs.com\/wp-content\/uploads\/2024\/07\/5e7b8cf35648c_lerninsel-rz.jpg\" class=\"img-responsive wp-image-2233\" srcset=\"https:\/\/amplify-test.pepperl-fuchs.com\/wp-content\/uploads\/2024\/07\/5e7b8cf35648c_lerninsel-rz-200x133.jpg 200w, https:\/\/amplify-test.pepperl-fuchs.com\/wp-content\/uploads\/2024\/07\/5e7b8cf35648c_lerninsel-rz-400x267.jpg 400w, https:\/\/amplify-test.pepperl-fuchs.com\/wp-content\/uploads\/2024\/07\/5e7b8cf35648c_lerninsel-rz-600x400.jpg 600w, https:\/\/amplify-test.pepperl-fuchs.com\/wp-content\/uploads\/2024\/07\/5e7b8cf35648c_lerninsel-rz-800x533.jpg 800w, https:\/\/amplify-test.pepperl-fuchs.com\/wp-content\/uploads\/2024\/07\/5e7b8cf35648c_lerninsel-rz-1200x800.jpg 1200w, https:\/\/amplify-test.pepperl-fuchs.com\/wp-content\/uploads\/2024\/07\/5e7b8cf35648c_lerninsel-rz.jpg 1920w\" sizes=\"(max-width: 640px) 100vw, 1200px\" \/><\/a><\/span><div class=\"awb-imageframe-caption-container\"><div class=\"awb-imageframe-caption\"><p class=\"awb-imageframe-caption-text\">Multimediale Lerninsel: An dem computergest\u00fctzten Trainingssystem f\u00fcr Elektroinstallationstechnik k\u00f6nnen Auszubildende und Studierende die Grundlagen der elektrischen Installation und die Pr\u00fcfung von Ger\u00e4ten selbstst\u00e4ndig erlernen.<\/p><\/div><\/div><\/div><div class=\"fusion-text fusion-text-8 elt_text\"><p>Ein gro\u00dfes Smartboard, \u00fcber das die Lerninhalte als Dateien gespeichert und von den Studierenden und Auszubildenden jederzeit abgerufen werden k\u00f6nnen, erg\u00e4nzt das Testlabor. So k\u00f6nnen sie Aufgaben direkt am Smartboard bearbeiten, l\u00f6sen und speichern. Zus\u00e4tzlich zu diesen A nderungen wurden die bisherigen Labortische durch moderne, h\u00f6henverstellbare Tische ersetzt, die unter anderem \u00fcber Netzwerkanschl\u00fcsse f\u00fcr Laptops verf\u00fcgen. Dank der neuen Lernplattformen mit allen zug\u00e4nglichen Informationen, Pl\u00e4nen oder Arbeitsanweisungen wird individuelles Lernen am Arbeitsplatz m\u00f6glich. Praktische und theoretische Lerninhalte werden nun optimal verkn\u00fcpft, beispielsweise beim direkten Programmieren von Mikrocontrollerplatinen mit anschlie\u00dfendem Test des Programms an einer selbstentwickelten und selbstgel\u00f6teten LED-Matrix. Ein aktiver USB-Hub erm\u00f6glicht dann den Datenaustausch zwischen Laptop und Mikrocontroller.<\/p>\n<\/div><div class=\"fusion-image-carousel fusion-image-carousel-auto fusion-image-carousel-1 fusion-carousel-border awb-image-carousel-top-below-caption elt_gallery\"><div class=\"awb-carousel awb-swiper awb-swiper-carousel awb-carousel--carousel awb-swiper-dots-position-bottom awb-imageframe-style awb-imageframe-style-above awb-imageframe-style-1\" data-layout=\"carousel\" data-autoplay=\"no\" data-autoplayspeed=\"2500\" data-autoplaypause=\"no\" data-columns=\"1\" data-columnsmedium=\"1\" data-columnssmall=\"1\" data-itemmargin=\"13\" data-itemwidth=\"180\" data-touchscroll=\"no\" data-freemode=\"no\" data-imagesize=\"auto\" data-scrollitems=\"0\" data-centeredslides=\"no\" data-rotationangle=\"50\" data-depth=\"100\" data-speed=\"500\" data-shadow=\"no\" data-pagination=\"bullets\" style=\"--awb-columns:1;--awb-border-width:1px;--awb-border-color:#e9eaee;\"><div class=\"swiper-wrapper awb-image-carousel-wrapper fusion-flex-align-items-center\"><div class=\"swiper-slide\"><div class=\"fusion-carousel-item-wrapper\"><div class=\"awb-imageframe-caption-container\"><div class=\"awb-imageframe-caption\"><p class=\"awb-imageframe-caption-text\">Lernen am Smartboard: Alle Studieninhalte k\u00f6nnen direkt abgerufen werden.<\/p><\/div><\/div><div class=\"fusion-image-wrapper hover-type-none\"><img decoding=\"async\" width=\"1920\" height=\"1280\" src=\"https:\/\/amplify-test.pepperl-fuchs.com\/wp-content\/uploads\/2024\/07\/5e7b53cd47d99_5g9a0442-rz.jpg\" class=\"attachment-full size-full\" alt=\"Ein Pepperl+Fuchs-Student lernt an einem Smartboard\" srcset=\"https:\/\/amplify-test.pepperl-fuchs.com\/wp-content\/uploads\/2024\/07\/5e7b53cd47d99_5g9a0442-rz-200x133.jpg 200w, https:\/\/amplify-test.pepperl-fuchs.com\/wp-content\/uploads\/2024\/07\/5e7b53cd47d99_5g9a0442-rz-300x200.jpg 300w, https:\/\/amplify-test.pepperl-fuchs.com\/wp-content\/uploads\/2024\/07\/5e7b53cd47d99_5g9a0442-rz-400x267.jpg 400w, https:\/\/amplify-test.pepperl-fuchs.com\/wp-content\/uploads\/2024\/07\/5e7b53cd47d99_5g9a0442-rz-600x400.jpg 600w, https:\/\/amplify-test.pepperl-fuchs.com\/wp-content\/uploads\/2024\/07\/5e7b53cd47d99_5g9a0442-rz-768x512.jpg 768w, https:\/\/amplify-test.pepperl-fuchs.com\/wp-content\/uploads\/2024\/07\/5e7b53cd47d99_5g9a0442-rz-800x533.jpg 800w, https:\/\/amplify-test.pepperl-fuchs.com\/wp-content\/uploads\/2024\/07\/5e7b53cd47d99_5g9a0442-rz-1024x683.jpg 1024w, https:\/\/amplify-test.pepperl-fuchs.com\/wp-content\/uploads\/2024\/07\/5e7b53cd47d99_5g9a0442-rz-1200x800.jpg 1200w, https:\/\/amplify-test.pepperl-fuchs.com\/wp-content\/uploads\/2024\/07\/5e7b53cd47d99_5g9a0442-rz-1536x1024.jpg 1536w, https:\/\/amplify-test.pepperl-fuchs.com\/wp-content\/uploads\/2024\/07\/5e7b53cd47d99_5g9a0442-rz.jpg 1920w\" sizes=\"(max-width: 1920px) 100vw, 1920px\" \/><\/div><\/div><\/div><div class=\"swiper-slide\"><div class=\"fusion-carousel-item-wrapper\"><div class=\"awb-imageframe-caption-container\"><div class=\"awb-imageframe-caption\"><p class=\"awb-imageframe-caption-text\">Multimediale Lernalternativen erm\u00f6glichen ein individuelles und effizientes Lernen.<\/p><\/div><\/div><div class=\"fusion-image-wrapper hover-type-none\"><img decoding=\"async\" width=\"1920\" height=\"1280\" src=\"https:\/\/amplify-test.pepperl-fuchs.com\/wp-content\/uploads\/2024\/07\/5e7b53cd4831e_5bild-artikel-ii-rz.jpg\" class=\"attachment-full size-full\" alt=\"Pepperl+Fuchs-Studenten und -Auszubildende lernen an einem Smartboard\" srcset=\"https:\/\/amplify-test.pepperl-fuchs.com\/wp-content\/uploads\/2024\/07\/5e7b53cd4831e_5bild-artikel-ii-rz-200x133.jpg 200w, https:\/\/amplify-test.pepperl-fuchs.com\/wp-content\/uploads\/2024\/07\/5e7b53cd4831e_5bild-artikel-ii-rz-300x200.jpg 300w, https:\/\/amplify-test.pepperl-fuchs.com\/wp-content\/uploads\/2024\/07\/5e7b53cd4831e_5bild-artikel-ii-rz-400x267.jpg 400w, https:\/\/amplify-test.pepperl-fuchs.com\/wp-content\/uploads\/2024\/07\/5e7b53cd4831e_5bild-artikel-ii-rz-600x400.jpg 600w, https:\/\/amplify-test.pepperl-fuchs.com\/wp-content\/uploads\/2024\/07\/5e7b53cd4831e_5bild-artikel-ii-rz-768x512.jpg 768w, https:\/\/amplify-test.pepperl-fuchs.com\/wp-content\/uploads\/2024\/07\/5e7b53cd4831e_5bild-artikel-ii-rz-800x533.jpg 800w, https:\/\/amplify-test.pepperl-fuchs.com\/wp-content\/uploads\/2024\/07\/5e7b53cd4831e_5bild-artikel-ii-rz-1024x683.jpg 1024w, https:\/\/amplify-test.pepperl-fuchs.com\/wp-content\/uploads\/2024\/07\/5e7b53cd4831e_5bild-artikel-ii-rz-1200x800.jpg 1200w, https:\/\/amplify-test.pepperl-fuchs.com\/wp-content\/uploads\/2024\/07\/5e7b53cd4831e_5bild-artikel-ii-rz-1536x1024.jpg 1536w, https:\/\/amplify-test.pepperl-fuchs.com\/wp-content\/uploads\/2024\/07\/5e7b53cd4831e_5bild-artikel-ii-rz.jpg 1920w\" sizes=\"(max-width: 1920px) 100vw, 1920px\" \/><\/div><\/div><\/div><div class=\"swiper-slide\"><div class=\"fusion-carousel-item-wrapper\"><div class=\"awb-imageframe-caption-container\"><div class=\"awb-imageframe-caption\"><p class=\"awb-imageframe-caption-text\">Aufgaben k\u00f6nnen direkt am Smartboard bearbeitet, gel\u00f6st und gespeichert werden.<\/p><\/div><\/div><div class=\"fusion-image-wrapper hover-type-none\"><img decoding=\"async\" width=\"1920\" height=\"1280\" src=\"https:\/\/amplify-test.pepperl-fuchs.com\/wp-content\/uploads\/2024\/07\/5e7b53cd485ad_5g9a0414-rz.jpg\" class=\"attachment-full size-full\" alt=\"Drei Pepperl+Fuchs-Studenten schreiben und l\u00f6sen ihre Aufgaben direkt auf einem Smartboard\" srcset=\"https:\/\/amplify-test.pepperl-fuchs.com\/wp-content\/uploads\/2024\/07\/5e7b53cd485ad_5g9a0414-rz-200x133.jpg 200w, https:\/\/amplify-test.pepperl-fuchs.com\/wp-content\/uploads\/2024\/07\/5e7b53cd485ad_5g9a0414-rz-300x200.jpg 300w, https:\/\/amplify-test.pepperl-fuchs.com\/wp-content\/uploads\/2024\/07\/5e7b53cd485ad_5g9a0414-rz-400x267.jpg 400w, https:\/\/amplify-test.pepperl-fuchs.com\/wp-content\/uploads\/2024\/07\/5e7b53cd485ad_5g9a0414-rz-600x400.jpg 600w, https:\/\/amplify-test.pepperl-fuchs.com\/wp-content\/uploads\/2024\/07\/5e7b53cd485ad_5g9a0414-rz-768x512.jpg 768w, https:\/\/amplify-test.pepperl-fuchs.com\/wp-content\/uploads\/2024\/07\/5e7b53cd485ad_5g9a0414-rz-800x533.jpg 800w, https:\/\/amplify-test.pepperl-fuchs.com\/wp-content\/uploads\/2024\/07\/5e7b53cd485ad_5g9a0414-rz-1024x683.jpg 1024w, https:\/\/amplify-test.pepperl-fuchs.com\/wp-content\/uploads\/2024\/07\/5e7b53cd485ad_5g9a0414-rz-1200x800.jpg 1200w, https:\/\/amplify-test.pepperl-fuchs.com\/wp-content\/uploads\/2024\/07\/5e7b53cd485ad_5g9a0414-rz-1536x1024.jpg 1536w, https:\/\/amplify-test.pepperl-fuchs.com\/wp-content\/uploads\/2024\/07\/5e7b53cd485ad_5g9a0414-rz.jpg 1920w\" sizes=\"(max-width: 1920px) 100vw, 1920px\" \/><\/div><\/div><\/div><\/div><div class=\"awb-swiper-button awb-swiper-button-prev\"><i class=\"awb-icon-angle-left\" aria-hidden=\"true\"><\/i><\/div><div class=\"awb-swiper-button awb-swiper-button-next\"><i class=\"awb-icon-angle-right\" aria-hidden=\"true\"><\/i><\/div><\/div><\/div><div class=\"fusion-text fusion-text-9 elt_text\"><p>\u201eInsgesamt schafft die Digitalisierung multimediale Lernalternativen, die ein individuelleres und damit auch effizienteres Lernen erm\u00f6glichen\u201c, freut sich Goebel gemeinsam mit ihrem Ausbildungsteam. \u201eAuch die Auszubildenden selbst zeigen sich absolut begeistert von den neuen technischen M\u00f6glichkeiten. Die perfekte Lernumgebung sorgt f\u00fcr regelrechte Hochstimmung.\u201c<\/p>\n<\/div><div class=\"fusion-text fusion-text-10 elt_headline_text\"><h2>Digitale Kompetenz als Unternehmens-Asset<\/h2>\n<p>Nicht nur Nachwuchskr\u00e4fte kommen in den Genuss des e-Learnings. \u201eDie Digitalisierung wird in Zukunft ein neues, anderes Anforderungsprofil an alle Mitarbeiter richten\u201c, so Kegel. Um den Ausbau der technologischen und digitalen Kompetenzen seiner Mitarbeiter zu unterst\u00fctzen, hat Pepperl+Fuchs eine digitale Lernplattform f\u00fcr alle Mitarbeiter weltweit ins Leben gerufen. Diese baut auf die hauseigene Digitalisierungsstrategie auf und soll jeden Einzelnen auf die neuen Herausforderungen, die die Digitalisierung und der technologische Wandel mit sich bringen, vorbereiten und in essentiellen Themenbereichen individuell fortbilden.<\/p>\n<p>\u201eDie Digitalisierung wird im Durchschnitt mehr Jobs schaffen, als umgekehrt durch die automatisierten Abl\u00e4ufe verloren gehen. Doch dazwischen wird es eine Qualifikationsl\u00fccke geben\u201c, prognostiziert Kegel. \u201eIch bin \u00fcberzeugt davon, dass es auch Aufgabe des Arbeitgebers ist, dass wir einen Beitrag leisten, diese Qualifikationsl\u00fccke zu schlie\u00dfen. Nicht nur, dass wir uns moralisch verpflichtet f\u00fchlen, es ist auch betriebswirtschaftlich intelligent, Mitarbeiter, die seit Jahren in unserem Unternehmen arbeiten und ein gro\u00dfes Knowhow aufgebaut haben, dieses Knowhow in neuer Qualifikation und in neuer Herausforderung nutzen k\u00f6nnen. Deshalb haben wir die digitale Lernplattform aufgebaut\u201c, erkl\u00e4rt Kegel.<\/p>\n<\/div><style type=\"text\/css\">.quote {\r\n\tdisplay: flex;\r\n\talign-items: center;\r\n\tmargin-bottom: 24px;\r\n}\r\n.quote-wrapper {\r\n    \/*position: relative;\r\n    display: flex;*\/\r\n}\r\n.quote-text {\r\n\t\theight: 220px;\r\n\t\talign-content: center;\r\n    border-top: 1px solid #00a587;\r\n\t\tborder-bottom: 1px solid #00a587;\r\n\t\tfont-size: 24px;\r\n\t\tfont-style: italic;\r\n\t\tcolor: #00a587;\r\n\t\tline-height: 28px;\r\n }\r\n.quote-person {\r\n\t\tcolor: #373737;\r\n\t\tfont-size: 14px;\r\n\t\t\r\n}\r\n  .quote-image {\r\n    max-height: 220px; \/* Beispielh\u00f6he des Bildes *\/\r\n\t\tmargin-right: 10px;\r\n  }<\/style><div class=\"quote\">\r\n\t<img decoding=\"async\" src=\"https:\/\/amplify-test.pepperl-fuchs.com\/wp-content\/uploads\/2024\/07\/5e7af34120436_dr-kegel-zitat-geste-web.jpg\" alt=\"\" class=\"quote-image\">\r\n\t<div class=\"quote-wrapper\">\t\r\n\t\t<div class=\"quote-text\">Die Digitalisierung wird im Durchschnitt mehr Jobs schaffen, als umgekehrt durch die automatisierten Abl\u00e4ufe verloren gehen. Doch dazwischen wird es eine Qualifikationsl\u00fccke geben.\r\n\t\t\t<div class=\"quote-person\">Dr. Gunther Kegel, CEO<\/div>\r\n\t\t<\/div>\r\n\t<\/div>\r\n<\/div><div class=\"fusion-text fusion-text-11 elt_text\"><p>Vergleichbar mit einem Fernstudium, stehen jedem Unternehmensbereich eigens f\u00fcr sich zugeschnittene Lerninhalte zur Verf\u00fcgung, die sowohl aus Pflichtmodulen als auch weiterf\u00fchrenden Lernmodulen bestehen. Das Besondere daran: das \u201edigitale Curriculum\u201c umfasst circa 42 Stunden Lerninhalte, wovon mehr als die H\u00e4lfte der Inhalte von Pepperl+Fuchs Mitarbeitern selbst unter professioneller Anleitung produziert wurden, unter anderem zu den Themen Industrial Communication und Safety Integrity. \u201eIn der e-Learning-Plattform steckt jede Menge Wissensinhalt. Es zeigt auch, dass bei dem Thema Digitalisierung Technologie und betriebswirtschaftliche Gesch\u00e4ftsmodelle immer mehr Hand in Hand gehen, nehme man nur ein Beispiel, die Pay-per-Use-Modelle. Daher gibt es auch keine klassische Trennung zwischen kaufm\u00e4nnischen und technischen Themen. Jeder kann sich individuell weiterbilden und tiefer mit der Materie rund um die Digitalisierung und Industrie 4.0 auseinander setzen. Die digitale Lernplattform bef\u00e4higt unsere Mitarbeiter auch in Zukunft einen wichtigen Beitrag im Unternehmen zu leisten\u201c, res\u00fcmiert Kegel.<\/p>\n<\/div><\/div><\/div><div class=\"fusion-layout-column fusion_builder_column fusion-builder-column-2 fusion_builder_column_1_4 1_4 fusion-flex-column\" style=\"--awb-bg-size:cover;--awb-width-large:25%;--awb-margin-top-large:0px;--awb-spacing-right-large:7.68%;--awb-margin-bottom-large:20px;--awb-spacing-left-large:7.68%;--awb-width-medium:25%;--awb-order-medium:0;--awb-spacing-right-medium:7.68%;--awb-spacing-left-medium:7.68%;--awb-width-small:100%;--awb-order-small:0;--awb-spacing-right-small:1.92%;--awb-spacing-left-small:1.92%;\"><div class=\"fusion-column-wrapper fusion-column-has-shadow fusion-flex-justify-content-flex-start fusion-content-layout-column\"><div class=\"fusion-separator fusion-full-width-sep\" style=\"align-self: center;margin-left: auto;margin-right: auto;width:100%;\"><div class=\"fusion-separator-border sep-single sep-solid\" style=\"--awb-height:20px;--awb-amount:20px;--awb-sep-color:var(--awb-color8);border-color:var(--awb-color8);border-top-width:1px;\"><\/div><\/div><div class=\"fusion-social-networks sharingbox-shortcode-icon-wrapper sharingbox-shortcode-icon-wrapper-1 boxed-icons sidebar\">\n\t<span class=\"share-linkedin\">\n\t\t<a href=\"https:\/\/www.linkedin.com\/shareArticle?\" target=\"_blank\" rel=\"noopener noreferrer\" title=\"\" aria-label=\"LinkedIn\" data-placement=\"top\" data-toggle=\"tooltip\" data-title=\"LinkedIn\" data-original-title=\"LinkedIn\">\n\t\t<i class=\"fusion-social-network-icon fusion-tooltip fusion-linkedin awb-icon-linkedin\" style=\"color:#ffffff;background-color:#0077b5;border-color:#0077b5;border-radius:0px;\" aria-hidden=\"true\"><\/i>\n\t\t<\/a>\n\t<\/span>\n\t<span class=\"share-mail\">\n\t\t<a href=\/de\/kontakt\/\" target=\"_self\" title=\"\" aria-label=\"Email\" data-placement=\"top\" data-toggle=\"tooltip\" data-title=\"Email\" data-original-title=\"Email\">\n\t\t<i class=\"fusion-social-network-icon fusion-tooltip fusion-mail awb-icon-mail\" style=\"color:#ffffff;background-color:#00a587;border-color:#00a587;border-radius:0px;\" aria-hidden=\"true\"><\/i>\n\t\t<\/a>\n\t<\/span>\n\t<span class=\"share-insta\">\n\t\t<a href=\"https:\/\/www.instagram.com\" target=\"_blank\" rel=\"noreferrer noopener\" title=\"\" aria-label=\"Instagram\" data-placement=\"top\" data-toggle=\"tooltip\" data-title=\"Instagram\" data-original-title=\"Instagram\">\n\t\t<i class=\"fusion-social-network-icon fusion-tooltip fusion-instagram awb-icon-instagram\" style=\"color:#ffffff;background-color:#c13584;border-color:#c13584;border-radius:0px;\" aria-hidden=\"true\"><\/i>\n\t\t<\/a>\n\t<\/span>\t\n\t<span class=\"share-facebook\">\n\t\t<a href=\"https:\/\/www.facebook.com\/sharer.php?\" target=\"_blank\" rel=\"noreferrer noopener\" title=\"\" aria-label=\"Facebook\" data-placement=\"top\" data-toggle=\"tooltip\" data-title=\"Facebook\" data-original-title=\"Facebook\">\n\t\t<i class=\"fusion-social-network-icon fusion-tooltip fusion-facebook awb-icon-facebook\" style=\"color:#ffffff;background-color:#3b5998;border-color:#3b5998;border-radius:0px;\" aria-hidden=\"true\"><\/i>\n\t\t<\/a>\n\t<\/span>\n<\/div>\n<div class=\"fusion-separator fusion-full-width-sep\" style=\"align-self: center;margin-left: auto;margin-right: auto;width:100%;\"><div class=\"fusion-separator-border sep-single sep-solid\" style=\"--awb-height:20px;--awb-amount:20px;--awb-sep-color:var(--awb-color8);border-color:var(--awb-color8);border-top-width:1px;\"><\/div><\/div><div class=\"fusion-text fusion-text-12 sidebar\"><h4>Seien Sie dabei!<\/h4>\n<p><img decoding=\"async\" class=\"alignnone size-full wp-image-228\" src=\"https:\/\/amplify-test.pepperl-fuchs.com\/wp-content\/uploads\/2024\/07\/amplify-enews-bild.jpg\" alt=\"Two hands holding a tablet computer showing Pepperl+Fuchs newsletter.\" width=\"220\" height=\"124\" srcset=\"https:\/\/amplify-test.pepperl-fuchs.com\/wp-content\/uploads\/2024\/07\/amplify-enews-bild-66x37.jpg 66w, https:\/\/amplify-test.pepperl-fuchs.com\/wp-content\/uploads\/2024\/07\/amplify-enews-bild-177x100.jpg 177w, https:\/\/amplify-test.pepperl-fuchs.com\/wp-content\/uploads\/2024\/07\/amplify-enews-bild-200x113.jpg 200w, https:\/\/amplify-test.pepperl-fuchs.com\/wp-content\/uploads\/2024\/07\/amplify-enews-bild.jpg 220w\" sizes=\"(max-width: 220px) 100vw, 220px\" \/><\/p>\n<p><a href=\"https:\/\/www.pepperl-fuchs.com\/de\/news\/stay-in-touch\/pepperl-fuchs-e-news-gp30796\" target=\"_blank\" rel=\"noopener\">Erhalten Sie mit der e-news regelm\u00e4\u00dfig Neuigkeiten rund um die Welt der Automation.<\/a><\/p>\n<\/div>\n<div class=\"fusion-separator fusion-full-width-sep\" style=\"align-self: center;margin-left: auto;margin-right: auto;width:100%;\"><div class=\"fusion-separator-border sep-single sep-solid\" style=\"--awb-height:20px;--awb-amount:20px;--awb-sep-color:var(--awb-color8);border-color:var(--awb-color8);border-top-width:1px;\"><\/div><\/div><div class=\"fusion-title title fusion-title-2 fusion-sep-none fusion-title-text fusion-title-size-four\"><h4 class=\"fusion-title-heading title-heading-left fusion-responsive-typography-calculated\" style=\"margin:0;--fontSize:24;line-height:var(--awb-typography1-line-height);\">Mehr zum Thema<\/h4><\/div><ul style=\"--awb-iconcolor:var(--awb-color3);--awb-line-height:27.2px;--awb-icon-width:27.2px;--awb-icon-height:27.2px;--awb-icon-margin:11.2px;--awb-content-margin:38.4px;\" class=\"fusion-checklist fusion-checklist-1 fusion-checklist-default type-icons\">\n<\/ul><div class=\"fusion-separator fusion-full-width-sep\" style=\"align-self: center;margin-left: auto;margin-right: auto;width:100%;\"><div class=\"fusion-separator-border sep-single sep-solid\" style=\"--awb-height:20px;--awb-amount:20px;--awb-sep-color:var(--awb-color8);border-color:var(--awb-color8);border-top-width:1px;\"><\/div><\/div><div class=\"fusion-modal modal fade modal-1 editorial-use\" tabindex=\"-1\" role=\"dialog\" aria-labelledby=\"modal-heading-1\" aria-hidden=\"true\" style=\"--awb-border-color:var(--awb-color3);--awb-background:var(--awb-color1);\"><div class=\"modal-dialog modal-lg\" role=\"document\"><div class=\"modal-content fusion-modal-content\"><div class=\"modal-header\"><button class=\"close\" type=\"button\" data-dismiss=\"modal\" aria-hidden=\"true\" aria-label=\"Close\">&times;<\/button><h3 class=\"modal-title\" id=\"modal-heading-1\" data-dismiss=\"modal\" aria-hidden=\"true\">Redaktionelle Nutzung<\/h3><\/div><div class=\"modal-body fusion-clearfix\">\n<p>The editorial use of articles from \u201camplify\u201d is only permitted with the prior consent of the publisher Pepperl+Fuchs SE. In addition, the original source <a href=\"https:\/\/amplify-test.pepperl-fuchs.com\/\" target=\"_blank\" rel=\"noopener\">amplify.pepperl-fuchs.com<\/a>\u00a0must be referenced when articles are reused or processed.<\/p>\n<div class=\"fusion-button-wrapper\"><a class=\"fusion-button button-flat fusion-button-default-size button-custom fusion-button-default button-1 fusion-button-default-span fusion-button-default-type\" style=\"--button_accent_color:var(--awb-color1);--button_accent_hover_color:var(--awb-custom_color_2);--button_border_hover_color:var(--awb-custom_color_2);--button_gradient_top_color:var(--awb-color3);--button_gradient_bottom_color:var(--awb-color3);--button_gradient_top_color_hover:var(--awb-color1);--button_gradient_bottom_color_hover:var(--awb-color1);\" target=\"_self\" href=\"mailto:amplify@pepperl-fuchs.com?subject=Request%20Editorial%20Use\"><span class=\"fusion-button-text awb-button__text awb-button__text--default\">Redaktionelle Nutzung anfragen<\/span><\/a><\/div>\n<\/div><\/div><\/div><\/div>\n<div ><a class=\"fusion-button button-flat fusion-button-default-size button-custom fusion-button-default button-2 fusion-button-default-span fusion-button-default-type sidebar\" style=\"--button_accent_color:var(--awb-color1);--button_accent_hover_color:var(--awb-custom_color_2);--button_border_hover_color:var(--awb-custom_color_2);--button_gradient_top_color:var(--awb-color3);--button_gradient_bottom_color:var(--awb-color3);--button_gradient_top_color_hover:var(--awb-color1);--button_gradient_bottom_color_hover:var(--awb-color1);--button_margin-top:12px;--button_margin-right:auto;--button_margin-left:auto;\" target=\"_self\" href=\"#\" data-toggle=\"modal\" data-target=\".fusion-modal.editorial-use\"><i class=\"fa-pen fas awb-button__icon awb-button__icon--default button-icon-left\" aria-hidden=\"true\"><\/i><span class=\"fusion-button-text awb-button__text awb-button__text--default\">Redaktionelle Nutzung<\/span><\/a><\/div>\n<\/div><\/div><\/div><\/div>\n","protected":false},"excerpt":{"rendered":"<p>Der technologische und digitale Wandel hat gro\u00dfen Einfluss auf die Ausrichtung der Unternehmensziele. Die digitale Kompetenz spielt eine entscheidende Rolle.<\/p>\n","protected":false},"author":7,"featured_media":2238,"comment_status":"open","ping_status":"open","sticky":false,"template":"","format":"standard","meta":{"_acf_changed":false,"footnotes":""},"categories":[319],"tags":[102],"class_list":["post-2693","post","type-post","status-publish","format-standard","has-post-thumbnail","hentry","category-unternehmenseinblicke","tag-entscheidend-ist-die-digitale-kompetenz"],"acf":[],"_links":{"self":[{"href":"https:\/\/amplify-test.pepperl-fuchs.com\/de\/wp-json\/wp\/v2\/posts\/2693","targetHints":{"allow":["GET"]}}],"collection":[{"href":"https:\/\/amplify-test.pepperl-fuchs.com\/de\/wp-json\/wp\/v2\/posts"}],"about":[{"href":"https:\/\/amplify-test.pepperl-fuchs.com\/de\/wp-json\/wp\/v2\/types\/post"}],"author":[{"embeddable":true,"href":"https:\/\/amplify-test.pepperl-fuchs.com\/de\/wp-json\/wp\/v2\/users\/7"}],"replies":[{"embeddable":true,"href":"https:\/\/amplify-test.pepperl-fuchs.com\/de\/wp-json\/wp\/v2\/comments?post=2693"}],"version-history":[{"count":9,"href":"https:\/\/amplify-test.pepperl-fuchs.com\/de\/wp-json\/wp\/v2\/posts\/2693\/revisions"}],"predecessor-version":[{"id":5132,"href":"https:\/\/amplify-test.pepperl-fuchs.com\/de\/wp-json\/wp\/v2\/posts\/2693\/revisions\/5132"}],"wp:featuredmedia":[{"embeddable":true,"href":"https:\/\/amplify-test.pepperl-fuchs.com\/de\/wp-json\/wp\/v2\/media\/2238"}],"wp:attachment":[{"href":"https:\/\/amplify-test.pepperl-fuchs.com\/de\/wp-json\/wp\/v2\/media?parent=2693"}],"wp:term":[{"taxonomy":"category","embeddable":true,"href":"https:\/\/amplify-test.pepperl-fuchs.com\/de\/wp-json\/wp\/v2\/categories?post=2693"},{"taxonomy":"post_tag","embeddable":true,"href":"https:\/\/amplify-test.pepperl-fuchs.com\/de\/wp-json\/wp\/v2\/tags?post=2693"}],"curies":[{"name":"wp","href":"https:\/\/api.w.org\/{rel}","templated":true}]}}