{"id":2725,"date":"2019-04-30T00:00:00","date_gmt":"2019-04-30T00:00:00","guid":{"rendered":"https:\/\/amplify.webservices.de\/2019\/04\/30\/klartext-mit-eclss\/"},"modified":"2024-11-04T17:29:08","modified_gmt":"2024-11-04T17:29:08","slug":"klartext-mit-eclss","status":"publish","type":"post","link":"https:\/\/amplify-test.pepperl-fuchs.com\/de\/2019\/klartext-mit-eclss\/","title":{"rendered":"Klartext mit eCl@ss"},"content":{"rendered":"<p><div class=\"fusion-fullwidth fullwidth-box fusion-builder-row-1 fusion-flex-container has-pattern-background has-mask-background nonhundred-percent-fullwidth non-hundred-percent-height-scrolling gradient-container-1\" style=\"--awb-border-radius-top-left:0px;--awb-border-radius-top-right:0px;--awb-border-radius-bottom-right:0px;--awb-border-radius-bottom-left:0px;--awb-flex-wrap:wrap;\" id=\"article\" ><div class=\"fusion-builder-row fusion-row fusion-flex-align-items-flex-start fusion-flex-content-wrap\" style=\"max-width:1248px;margin-left: calc(-4% \/ 2 );margin-right: calc(-4% \/ 2 );\"><div class=\"fusion-layout-column fusion_builder_column fusion-builder-column-0 fusion_builder_column_1_1 1_1 fusion-flex-column\" style=\"--awb-bg-size:cover;--awb-width-large:100%;--awb-margin-top-large:0px;--awb-spacing-right-large:1.92%;--awb-margin-bottom-large:20px;--awb-spacing-left-large:1.92%;--awb-width-medium:100%;--awb-order-medium:0;--awb-spacing-right-medium:1.92%;--awb-spacing-left-medium:1.92%;--awb-width-small:100%;--awb-order-small:0;--awb-spacing-right-small:1.92%;--awb-spacing-left-small:1.92%;\"><div class=\"fusion-column-wrapper fusion-column-has-shadow fusion-flex-justify-content-flex-start fusion-content-layout-column\"><div class=\"fusion-text fusion-text-1\" id=\"publishing_date\"><p>30. April 2019<\/p>\n<\/div><div class=\"fusion-title title fusion-title-1 fusion-sep-none fusion-title-text fusion-title-size-one\" id=\"article_headline\"><h1 class=\"fusion-title-heading title-heading-left fusion-responsive-typography-calculated\" style=\"margin:0;--fontSize:64;line-height:var(--awb-typography1-line-height);\">Klartext mit eCl@ss<\/h1><\/div><div class=\"fusion-text fusion-text-2 intro_text\"><p>eCl@ss gilt als das W\u00f6rterbuch f\u00fcr Industrie 4.0. Erfahren Sie in unserem Artikel mehr \u00fcber diesen Datenstandard und lernen Sie einige der Experten des eCl@ss e.V. kennen.<\/p>\n<\/div><div class=\"fusion-image-element \" style=\"--awb-caption-title-font-family:var(--h2_typography-font-family);--awb-caption-title-font-weight:var(--h2_typography-font-weight);--awb-caption-title-font-style:var(--h2_typography-font-style);--awb-caption-title-size:var(--h2_typography-font-size);--awb-caption-title-transform:var(--h2_typography-text-transform);--awb-caption-title-line-height:var(--h2_typography-line-height);--awb-caption-title-letter-spacing:var(--h2_typography-letter-spacing);\"><span class=\" fusion-imageframe imageframe-none imageframe-1 hover-type-none\"><img decoding=\"async\" width=\"1920\" height=\"1280\" src=\"https:\/\/amplify-test.pepperl-fuchs.com\/wp-content\/uploads\/2024\/07\/5d247aeeb7d6b_slot-machine-background.jpg\" alt class=\"img-responsive wp-image-2184\" srcset=\"https:\/\/amplify-test.pepperl-fuchs.com\/wp-content\/uploads\/2024\/07\/5d247aeeb7d6b_slot-machine-background-200x133.jpg 200w, https:\/\/amplify-test.pepperl-fuchs.com\/wp-content\/uploads\/2024\/07\/5d247aeeb7d6b_slot-machine-background-400x267.jpg 400w, https:\/\/amplify-test.pepperl-fuchs.com\/wp-content\/uploads\/2024\/07\/5d247aeeb7d6b_slot-machine-background-600x400.jpg 600w, https:\/\/amplify-test.pepperl-fuchs.com\/wp-content\/uploads\/2024\/07\/5d247aeeb7d6b_slot-machine-background-800x533.jpg 800w, https:\/\/amplify-test.pepperl-fuchs.com\/wp-content\/uploads\/2024\/07\/5d247aeeb7d6b_slot-machine-background-1200x800.jpg 1200w, https:\/\/amplify-test.pepperl-fuchs.com\/wp-content\/uploads\/2024\/07\/5d247aeeb7d6b_slot-machine-background.jpg 1920w\" sizes=\"(max-width: 640px) 100vw, 1200px\" \/><\/span><\/div><\/div><\/div><div class=\"fusion-layout-column fusion_builder_column fusion-builder-column-1 fusion_builder_column_3_4 3_4 fusion-flex-column\" style=\"--awb-bg-size:cover;--awb-width-large:75%;--awb-margin-top-large:0px;--awb-spacing-right-large:2.56%;--awb-margin-bottom-large:20px;--awb-spacing-left-large:2.56%;--awb-width-medium:75%;--awb-order-medium:0;--awb-spacing-right-medium:2.56%;--awb-spacing-left-medium:2.56%;--awb-width-small:100%;--awb-order-small:0;--awb-spacing-right-small:1.92%;--awb-spacing-left-small:1.92%;\"><div class=\"fusion-column-wrapper fusion-column-has-shadow fusion-flex-justify-content-flex-start fusion-content-layout-column\"><div class=\"fusion-text fusion-text-3 elt_text\"><p>Die menschliche Sprache lebt von Zwischent\u00f6nen und Interpretation, Doppeldeutigkeit und Pointierung, Bildhaftigkeit und Verspieltheit. Darin liegt ihr Charme, das macht ihren Reiz aus. Doch wenn Maschine mit Maschine und Softwaresystem mit Softwaresystem spricht, sind Missverst\u00e4ndnisse und semantische Abweichungen nicht charmant und erheiternd, sondern vielmehr Gesch\u00e4ftshemmnis und Kostentreiber. Mit \u201eeCl@ss\u201c hat sich ein Standard etabliert, der hier Abhilfe schafft\u00a0\u2013und gleichzeitig einen wichtigen Enabler f\u00fcr Industrie 4.0 darstellt.<\/p>\n<p>\u201eDas unterschiedliche Verst\u00e4ndnis von Sprache und Bezeichnung erlebe ich als Baden-W\u00fcrttemberger bei jedem Besuch in K\u00f6ln aufs Neue\u201c, erkl\u00e4rt Artur Bondza in Anspielung auf die sehr verschiedenen deutschen Dialekte. Als Head of Product Information &amp; Content Management bei Pepperl+Fuchs und F\u00fchrungskreismitglied des eCl@ss e.V. weilt Bondza regelm\u00e4\u00dfig in der Domstadt am Hauptsitz des eCl@ss-Vereins. Hier besch\u00e4ftigen er und seine Vereinskollegen sich mit der Aufgabe, einen Standard weiterzuentwickeln, der keinen Raum f\u00fcr Zweideutigkeit l\u00e4sst\u00a0\u2013zumindest dann nicht, wenn es um Sprache und Begrifflichkeiten im industriellen Kontext geht.<\/p>\n<\/div><div class=\"fusion-text fusion-text-4 elt_headline_text\"><h2>Eine globale Initiative<\/h2>\n<p>Dass die Keimzelle dieses Unterfangens ausgerechnet in Deutschland liegt, verwundert dabei kaum: \u201eNormierung und Standardisierung sind nat\u00fcrlich Bereiche, f\u00fcr die man uns Deutschen eine gewisse Affinit\u00e4t zuspricht. eCl@ss ist jedoch von Anfang an durch seine weltweit agierenden Gr\u00fcndungsmitglieder ein l\u00e4nder\u00fcbergreifendes Thema gewesen. Dazu z\u00e4hlen zum Beispiel Gro\u00dfkonzerne wie die BASF, SAP, VW\/AUDI, Renault oder Siemens\u201c, berichtet Thorsten Kroke, Leiter der eCl@ss-Hauptgesch\u00e4ftsstelle in K\u00f6ln. Tats\u00e4chlich wenden heute weltweit \u00fcber 3500 Unternehmen verschiedenster Herkunft, Gr\u00f6\u00dfenordnung und Branchenzugeh\u00f6rigkeit den Datenstandard f\u00fcr die Klassifizierung und eindeutige Beschreibung von Produkten und Dienstleistungen an.<\/p>\n<p>Das Spektrum der Nutzer reicht dabei von Multis und Organisationen der \u00f6ffentlichen Hand \u00fcber marktf\u00fchrende Mittelst\u00e4nder wie Pepperl+Fuchs bis hin zu Online-H\u00e4ndlern. \u201eAlleine die 150 Vollmitglieder erwirtschaften einen j\u00e4hrlichen Umsatz von etwa einer Billion Euro. Das entspricht dem BIP eines Landes wie Mexiko\u201c, beziffert Kroke die wirtschaftliche Kraft hinter dem Verein. Alle 3500 Anwender-Unternehmen, seien es Vollmitglieder oder nur Lizenznehmer, eint dabei ein zentrales Bestreben: Durch das Verwenden des ISO-konformen eCl@ss-Standards f\u00fcr Stammdaten sollen Medienbr\u00fcche vermieden und die Vergleichbarkeit von Daten sichergestellt werden.<\/p>\n<\/div><style type=\"text\/css\">.quote {\r\n\tdisplay: flex;\r\n\talign-items: center;\r\n\tmargin-bottom: 24px;\r\n}\r\n.quote-wrapper {\r\n    \/*position: relative;\r\n    display: flex;*\/\r\n}\r\n.quote-text {\r\n\t\theight: 220px;\r\n\t\talign-content: center;\r\n    border-top: 1px solid #00a587;\r\n\t\tborder-bottom: 1px solid #00a587;\r\n\t\tfont-size: 24px;\r\n\t\tfont-style: italic;\r\n\t\tcolor: #00a587;\r\n\t\tline-height: 28px;\r\n }\r\n.quote-person {\r\n\t\tcolor: #373737;\r\n\t\tfont-size: 14px;\r\n\t\t\r\n}\r\n  .quote-image {\r\n    max-height: 220px; \/* Beispielh\u00f6he des Bildes *\/\r\n\t\tmargin-right: 10px;\r\n  }<\/style><div class=\"quote\">\r\n\t<img decoding=\"async\" src=\"https:\/\/amplify-test.pepperl-fuchs.com\/wp-content\/uploads\/2024\/07\/5d1b6388d6cdd_ecl-at-ss-thorsten-kroke.jpg\" alt=\"\" class=\"quote-image\">\r\n\t<div class=\"quote-wrapper\">\t\r\n\t\t<div class=\"quote-text\">eCl@ss ist von Anfang an durch seine weltweit agierenden Gr\u00fcndungsmitglieder ein l\u00e4nder\u00fcbergreifendes Thema gewesen.\r\n\t\t\t<div class=\"quote-person\">Thorsten Kroke, Leiter der eCl@ss-Hauptgesch\u00e4ftsstelle in K\u00f6ln.<\/div>\r\n\t\t<\/div>\r\n\t<\/div>\r\n<\/div><div class=\"fusion-text fusion-text-5 elt_headline_text\"><h2>Tausende Merkmale f\u00fcr mehr Durchblick<\/h2>\n<p>Die Basis daf\u00fcr bildet das derzeit gr\u00f6\u00dfte auf internationalen Normen basierende Repository an Merkmalen: Insgesamt 18 000 Attribute dienen zur Beschreibung von Entit\u00e4ten in mehr als 40 000 Produktklassen. Diese wiederum sind 44 Sachgebieten vom Kraftfahrzeug bis zur Labortechnik zugeordnet. Am Beispiel seines Herkunftsunternehmens Pepperl+Fuchs schildert Bondza, wie das System in der Praxis funktioniert: \u201eTypische Merkmale f\u00fcr industrielle Sensoren, wie Pepperl+Fuchs sie fertigt und vertreibt, sind Attribute wie Spannung, Schaltabstand oder Temperaturbereich. Diese und andere Eigenschaften sind mitsamt der entsprechenden physikalischen Einheit klar in eCl@ss definiert. Ein Artikel kann also ganz n\u00fcchtern als die Summe seiner Merkmale beschrieben werden.\u201c<\/p>\n<\/div><div class=\"fusion-image-element awb-imageframe-style awb-imageframe-style-below awb-imageframe-style-2\" style=\"--awb-caption-title-font-family:var(--h3_typography-font-family);--awb-caption-title-font-weight:var(--h3_typography-font-weight);--awb-caption-title-font-style:var(--h3_typography-font-style);--awb-caption-title-size:var(--h3_typography-font-size);--awb-caption-title-transform:var(--h3_typography-text-transform);--awb-caption-title-line-height:var(--h3_typography-line-height);--awb-caption-title-letter-spacing:var(--h3_typography-letter-spacing);\"><span class=\" fusion-imageframe imageframe-none imageframe-2 hover-type-none elt_image\"><a href=\"https:\/\/amplify-test.pepperl-fuchs.com\/wp-content\/uploads\/2024\/07\/5d1b6583cb89b_ecl-at-ss-screenshot.jpg\" class=\"fusion-lightbox\" data-rel=\"iLightbox[8972415c6f153a56636]\" data-caption=\"\"><img decoding=\"async\" width=\"1920\" height=\"1104\" alt=\"Screenshot eCl@ss\" src=\"https:\/\/amplify-test.pepperl-fuchs.com\/wp-content\/uploads\/2024\/07\/5d1b6583cb89b_ecl-at-ss-screenshot.jpg\" class=\"img-responsive wp-image-2311\" srcset=\"https:\/\/amplify-test.pepperl-fuchs.com\/wp-content\/uploads\/2024\/07\/5d1b6583cb89b_ecl-at-ss-screenshot-200x115.jpg 200w, https:\/\/amplify-test.pepperl-fuchs.com\/wp-content\/uploads\/2024\/07\/5d1b6583cb89b_ecl-at-ss-screenshot-400x230.jpg 400w, https:\/\/amplify-test.pepperl-fuchs.com\/wp-content\/uploads\/2024\/07\/5d1b6583cb89b_ecl-at-ss-screenshot-600x345.jpg 600w, https:\/\/amplify-test.pepperl-fuchs.com\/wp-content\/uploads\/2024\/07\/5d1b6583cb89b_ecl-at-ss-screenshot-800x460.jpg 800w, https:\/\/amplify-test.pepperl-fuchs.com\/wp-content\/uploads\/2024\/07\/5d1b6583cb89b_ecl-at-ss-screenshot-1200x690.jpg 1200w, https:\/\/amplify-test.pepperl-fuchs.com\/wp-content\/uploads\/2024\/07\/5d1b6583cb89b_ecl-at-ss-screenshot.jpg 1920w\" sizes=\"(max-width: 640px) 100vw, 1200px\" \/><\/a><\/span><div class=\"awb-imageframe-caption-container\"><div class=\"awb-imageframe-caption\"><p class=\"awb-imageframe-caption-text\">Ein Blick in eCl@ss: 18 000 Attribute dienen zur Beschreibung von Entit\u00e4ten in mehr als 40 000 Produktklassen.<\/p><\/div><\/div><\/div><div class=\"fusion-text fusion-text-6 elt_text\"><p>Die dadurch auf Seiten der Kunden von Pepperl+Fuchs und anderen Unternehmen entstehenden Vorteile sind sehr vielf\u00e4ltig. Stellten fr\u00fcher etwa mehrere Lieferanten ein funktional \u00e4hnliches Produkt zur Verf\u00fcgung, so waren aufgrund herstellerspezifischer Produktbezeichnungen und abweichender Terminologien erhebliche Recherchearbeit und wiederkehrende Abstimmung mit der Fachabteilung n\u00f6tig: Entspricht das Produkt tats\u00e4chlich dem gew\u00fcnschten Anforderungsprofil? Gibt es vielleicht doch kaum sichtbare, kritische Unterschiede? Wurde das technische Datenblatt korrekt durch den ausl\u00e4ndischen Zulieferer \u00fcbersetzt? \u201eDieser Aufwand und die damit einhergehende Fehleranf\u00e4lligkeit minimieren sich dank eCl@ss erheblich. Einheitlich beschriebene Produkte innerhalb des Katalogs sind klar miteinander vergleichbar\u00a0\u2013auch \u00fcber verschiedene Sprachvarianten hinweg. Der Eink\u00e4ufer kann sich auf andere kaufrelevante Kriterien wie Preis, Verf\u00fcgbarkeit und Lieferzeit fokussieren\u201c, erkl\u00e4rt Kroke. Bondza erg\u00e4nzt aus Unternehmenssicht: \u201eWir bei Pepperl+Fuchs sp\u00fcren als Zulieferer verschiedenster Industrien, dass der eCl@ss-Standard immer st\u00e4rker nachgefragt wird. Gerade im Einkauf der Gro\u00dfkonzerne wird er zunehmend zur Grundvoraussetzung f\u00fcr eine Gesch\u00e4ftsbeziehung. Unsere Kunden wollen hier Artikel mittels eCl@ss direkt in ihre eigenen ERP-Systeme hinein einkaufen. Die manuelle \u00dcbernahme von Artikelstammdaten geh\u00f6rt zunehmend der Vergangenheit an.\u201c<\/p>\n<\/div><style type=\"text\/css\">.quote {\r\n\tdisplay: flex;\r\n\talign-items: center;\r\n\tmargin-bottom: 24px;\r\n}\r\n.quote-wrapper {\r\n    \/*position: relative;\r\n    display: flex;*\/\r\n}\r\n.quote-text {\r\n\t\theight: 220px;\r\n\t\talign-content: center;\r\n    border-top: 1px solid #00a587;\r\n\t\tborder-bottom: 1px solid #00a587;\r\n\t\tfont-size: 24px;\r\n\t\tfont-style: italic;\r\n\t\tcolor: #00a587;\r\n\t\tline-height: 28px;\r\n }\r\n.quote-person {\r\n\t\tcolor: #373737;\r\n\t\tfont-size: 14px;\r\n\t\t\r\n}\r\n  .quote-image {\r\n    max-height: 220px; \/* Beispielh\u00f6he des Bildes *\/\r\n\t\tmargin-right: 10px;\r\n  }<\/style><div class=\"quote\">\r\n\t<img decoding=\"async\" src=\"https:\/\/amplify-test.pepperl-fuchs.com\/wp-content\/uploads\/2024\/07\/5d1b613286ce5_ecl-at-ss-artur-bondza.jpg\" alt=\"\" class=\"quote-image\">\r\n\t<div class=\"quote-wrapper\">\t\r\n\t\t<div class=\"quote-text\">Unsere Kunden wollen Artikel mittels eCl@ss direkt in ihre eigenen ERP-Systeme hinein einkaufen. Die manuelle \u00dcbernahme von Artikelstammdaten geh\u00f6rt zunehmend der Vergangenheit an.\r\n\t\t\t<div class=\"quote-person\">Artur Bondza, Head of Product Information &amp; Content Management bei Pepperl+Fuchs und F\u00fchrungskreismitglied des eCl@ss e.V.<\/div>\r\n\t\t<\/div>\r\n\t<\/div>\r\n<\/div><div class=\"fusion-text fusion-text-7 elt_text\"><p>Zu den weiteren Unternehmensbereichen, die von eCl@ss profitieren, z\u00e4hlt beispielsweise die Lagerhaltung: Wenn merkmalsbasiert klar definiert ist, was wirklich auf Lager liegt, sind m\u00f6gliche Redundanzen identifizierbar und Best\u00e4nde lassen sich verschlanken. Auch vertriebliche Aktivit\u00e4ten werden gest\u00e4rkt, sobald standardisierte eCl@ss-Daten sprach- und standort\u00fcbergreifend 24 Stunden am Tag \u00fcber BMEcat in elektronische Kataloge und virtuelle Marktpl\u00e4tze ausgeleitet werden. Datenexporte k\u00f6nnen mit bisher ungeahnter Geschwindigkeit ablaufen. Wie unterst\u00fctzt der eCl@ss-Verein interessierte Unternehmer dabei, diese vielf\u00e4ltigen Vorteile absch\u00f6pfen zu k\u00f6nnen? \u201eWir verf\u00fcgen innerhalb des Vereins \u00fcber mehrere hauptamtliche Berater und Business-Analysten, die in der Orientierungsphase eine wichtige Hilfestellung leisten. Erg\u00e4nzend haben wir ein Netzwerk zertifizierter Partner aufgebaut, die auf die ERP-Integration von eCl@ss spezialisiert sind. Zudem k\u00f6nnen wir dank mehreren internationalen Vereinsgesch\u00e4ftsstellen die Interessen und Anliegen unserer Mitglieder und Anwender nicht nur in Deutschland, sondern l\u00e4nder\u00fcbergreifend ad\u00e4quat vertreten\u201c, verspricht Kroke.<\/p>\n<\/div><div class=\"fusion-text fusion-text-8 elt_headline_text\"><h2>Das W\u00f6rterbuch f\u00fcr Industrie 4.0<\/h2>\n<p>Doch nicht nur in Einkauf, Warenwirtschaft oder Vertrieb ist eCl@ss im Begriff, f\u00fcr Ver\u00e4nderungen zu sorgen. Auch auf dem Shop Floor \u00fcbernimmt der Datenstandard eine immer gr\u00f6\u00dfere Rolle. \u201eNat\u00fcrlich wurde eCl@ss in der Vergangenheit schon im Zusammenspiel mit CAE-Tools eingesetzt, um diese mit Informationen zu Komponenten zu best\u00fccken. Die Tragweite des Themas geht aber \u00fcber die Umsetzung einzelner Leuchtturmanwendungen weit hinaus: eCl@ss ist das W\u00f6rterbuch f\u00fcr Industrie 4.0\u201c, kommentiert Dr. Gunther Kegel, Vorstandsvorsitzender von Pepperl+Fuchs und gleichzeitig Vorstandsmitglied des eCl@ss e.V.<\/p>\n<\/div><style type=\"text\/css\">.quote {\r\n\tdisplay: flex;\r\n\talign-items: center;\r\n\tmargin-bottom: 24px;\r\n}\r\n.quote-wrapper {\r\n    \/*position: relative;\r\n    display: flex;*\/\r\n}\r\n.quote-text {\r\n\t\theight: 220px;\r\n\t\talign-content: center;\r\n    border-top: 1px solid #00a587;\r\n\t\tborder-bottom: 1px solid #00a587;\r\n\t\tfont-size: 24px;\r\n\t\tfont-style: italic;\r\n\t\tcolor: #00a587;\r\n\t\tline-height: 28px;\r\n }\r\n.quote-person {\r\n\t\tcolor: #373737;\r\n\t\tfont-size: 14px;\r\n\t\t\r\n}\r\n  .quote-image {\r\n    max-height: 220px; \/* Beispielh\u00f6he des Bildes *\/\r\n\t\tmargin-right: 10px;\r\n  }<\/style><div class=\"quote\">\r\n\t<img decoding=\"async\" src=\"https:\/\/amplify-test.pepperl-fuchs.com\/wp-content\/uploads\/2024\/07\/5d1b624c39489_ecl-at-ss-gunther-kegel.jpg\" alt=\"\" class=\"quote-image\">\r\n\t<div class=\"quote-wrapper\">\t\r\n\t\t<div class=\"quote-text\">Die Tragweite des Themas geht \u00fcber die Umsetzung einzelner Leuchtturmanwendungen weit hinaus: eCl@ss ist das W\u00f6rterbuch f\u00fcr Industrie 4.0.\r\n\t\t\t<div class=\"quote-person\">Dr. Gunther Kegel, Vorstandsvorsitzender der Pepperl+Fuchs AG und Vorstandsmitglied beim eCl@ss e.V.<\/div>\r\n\t\t<\/div>\r\n\t<\/div>\r\n<\/div><div class=\"fusion-text fusion-text-9 elt_text\"><p>Medienbr\u00fcche bei der \u00dcbersetzung zwischen einzelnen Systemebenen seien im klassischen Modell der Automatisierungspyramide eine immer wiederkehrende Herausforderung gewesen. Diese habe man zwar auf Shop-Floor-Ebene durch die \u00dcberf\u00fchrung von einem Kommunikationsprotokoll in das andere l\u00f6sen k\u00f6nnen. Durch die zunehmende Verschmelzung vom Shop Floor mit dem Office Floor sei nun aber ein Paradigmenwechsel angezeigt, wie Kegel ausf\u00fchrt: \u201eFolgt man gedanklich dem RAMI, also dem Referenzarchitekturmodell der Plattform Industrie 4.0, wird umso klarer, welche Relevanz eCl@ss besitzt. Wenn von der Maschine \u00fcber das Werkst\u00fcck bis hin zum Dokument jedes Asset eines Fertigungsprozesses miteinander vernetzbar sein soll, brauchen wir eine einheitliche, maschinenlesbare Semantik, die eine Beschreibung und Identifikation dieser Assets erst erm\u00f6glicht. Andere Klassifikationssysteme neben eCl@ss sind auf bestimmte Branchen und Industrien limitiert und widersprechen damit dem allumfassenden Netzwerkgedanken von Industrie 4.0.\u201c<\/p>\n<\/div><\/div><\/div><div class=\"fusion-layout-column fusion_builder_column fusion-builder-column-2 fusion_builder_column_1_4 1_4 fusion-flex-column\" style=\"--awb-bg-size:cover;--awb-width-large:25%;--awb-margin-top-large:0px;--awb-spacing-right-large:7.68%;--awb-margin-bottom-large:20px;--awb-spacing-left-large:7.68%;--awb-width-medium:25%;--awb-order-medium:0;--awb-spacing-right-medium:7.68%;--awb-spacing-left-medium:7.68%;--awb-width-small:100%;--awb-order-small:0;--awb-spacing-right-small:1.92%;--awb-spacing-left-small:1.92%;\"><div class=\"fusion-column-wrapper fusion-column-has-shadow fusion-flex-justify-content-flex-start fusion-content-layout-column\"><div class=\"fusion-separator fusion-full-width-sep\" style=\"align-self: center;margin-left: auto;margin-right: auto;width:100%;\"><div class=\"fusion-separator-border sep-single sep-solid\" style=\"--awb-height:20px;--awb-amount:20px;--awb-sep-color:var(--awb-color8);border-color:var(--awb-color8);border-top-width:1px;\"><\/div><\/div><div class=\"fusion-social-networks sharingbox-shortcode-icon-wrapper sharingbox-shortcode-icon-wrapper-1 boxed-icons sidebar\">\n\t<span class=\"share-linkedin\">\n\t\t<a href=\"https:\/\/www.linkedin.com\/shareArticle?\" target=\"_blank\" rel=\"noopener noreferrer\" title=\"\" aria-label=\"LinkedIn\" data-placement=\"top\" data-toggle=\"tooltip\" data-title=\"LinkedIn\" data-original-title=\"LinkedIn\">\n\t\t<i class=\"fusion-social-network-icon fusion-tooltip fusion-linkedin awb-icon-linkedin\" style=\"color:#ffffff;background-color:#0077b5;border-color:#0077b5;border-radius:0px;\" aria-hidden=\"true\"><\/i>\n\t\t<\/a>\n\t<\/span>\n\t<span class=\"share-mail\">\n\t\t<a href=\/de\/kontakt\/\" target=\"_self\" title=\"\" aria-label=\"Email\" data-placement=\"top\" data-toggle=\"tooltip\" data-title=\"Email\" data-original-title=\"Email\">\n\t\t<i class=\"fusion-social-network-icon fusion-tooltip fusion-mail awb-icon-mail\" style=\"color:#ffffff;background-color:#00a587;border-color:#00a587;border-radius:0px;\" aria-hidden=\"true\"><\/i>\n\t\t<\/a>\n\t<\/span>\n\t<span class=\"share-insta\">\n\t\t<a href=\"https:\/\/www.instagram.com\" target=\"_blank\" rel=\"noreferrer noopener\" title=\"\" aria-label=\"Instagram\" data-placement=\"top\" data-toggle=\"tooltip\" data-title=\"Instagram\" data-original-title=\"Instagram\">\n\t\t<i class=\"fusion-social-network-icon fusion-tooltip fusion-instagram awb-icon-instagram\" style=\"color:#ffffff;background-color:#c13584;border-color:#c13584;border-radius:0px;\" aria-hidden=\"true\"><\/i>\n\t\t<\/a>\n\t<\/span>\t\n\t<span class=\"share-facebook\">\n\t\t<a href=\"https:\/\/www.facebook.com\/sharer.php?\" target=\"_blank\" rel=\"noreferrer noopener\" title=\"\" aria-label=\"Facebook\" data-placement=\"top\" data-toggle=\"tooltip\" data-title=\"Facebook\" data-original-title=\"Facebook\">\n\t\t<i class=\"fusion-social-network-icon fusion-tooltip fusion-facebook awb-icon-facebook\" style=\"color:#ffffff;background-color:#3b5998;border-color:#3b5998;border-radius:0px;\" aria-hidden=\"true\"><\/i>\n\t\t<\/a>\n\t<\/span>\n<\/div>\n<div class=\"fusion-separator fusion-full-width-sep\" style=\"align-self: center;margin-left: auto;margin-right: auto;width:100%;\"><div class=\"fusion-separator-border sep-single sep-solid\" style=\"--awb-height:20px;--awb-amount:20px;--awb-sep-color:var(--awb-color8);border-color:var(--awb-color8);border-top-width:1px;\"><\/div><\/div><div class=\"fusion-text fusion-text-10 sidebar\"><h4>Seien Sie dabei!<\/h4>\n<p><img decoding=\"async\" class=\"alignnone size-full wp-image-228\" src=\"https:\/\/amplify-test.pepperl-fuchs.com\/wp-content\/uploads\/2024\/07\/amplify-enews-bild.jpg\" alt=\"Two hands holding a tablet computer showing Pepperl+Fuchs newsletter.\" width=\"220\" height=\"124\" srcset=\"https:\/\/amplify-test.pepperl-fuchs.com\/wp-content\/uploads\/2024\/07\/amplify-enews-bild-66x37.jpg 66w, https:\/\/amplify-test.pepperl-fuchs.com\/wp-content\/uploads\/2024\/07\/amplify-enews-bild-177x100.jpg 177w, https:\/\/amplify-test.pepperl-fuchs.com\/wp-content\/uploads\/2024\/07\/amplify-enews-bild-200x113.jpg 200w, https:\/\/amplify-test.pepperl-fuchs.com\/wp-content\/uploads\/2024\/07\/amplify-enews-bild.jpg 220w\" sizes=\"(max-width: 220px) 100vw, 220px\" \/><\/p>\n<p><a href=\"https:\/\/www.pepperl-fuchs.com\/de\/news\/stay-in-touch\/pepperl-fuchs-e-news-gp30796\" target=\"_blank\" rel=\"noopener\">Erhalten Sie mit der e-news regelm\u00e4\u00dfig Neuigkeiten rund um die Welt der Automation.<\/a><\/p>\n<\/div>\n<div class=\"fusion-separator fusion-full-width-sep\" style=\"align-self: center;margin-left: auto;margin-right: auto;width:100%;\"><div class=\"fusion-separator-border sep-single sep-solid\" style=\"--awb-height:20px;--awb-amount:20px;--awb-sep-color:var(--awb-color8);border-color:var(--awb-color8);border-top-width:1px;\"><\/div><\/div><div class=\"fusion-title title fusion-title-2 fusion-sep-none fusion-title-text fusion-title-size-four\"><h4 class=\"fusion-title-heading title-heading-left fusion-responsive-typography-calculated\" style=\"margin:0;--fontSize:24;line-height:var(--awb-typography1-line-height);\">Mehr zum Thema<\/h4><\/div><ul style=\"--awb-iconcolor:var(--awb-color3);--awb-line-height:27.2px;--awb-icon-width:27.2px;--awb-icon-height:27.2px;--awb-icon-margin:11.2px;--awb-content-margin:38.4px;\" class=\"fusion-checklist fusion-checklist-1 fusion-checklist-default type-icons\">\n<li class=\"fusion-li-item\" style=\"\"><span class=\"icon-wrapper circle-no\"><i class=\"fusion-li-icon fa-caret-right fas\" aria-hidden=\"true\"><\/i><\/span><div class=\"fusion-li-item-content\">\n<p><a href=\"https:\/\/www.eclass.eu\" target=\"_blank\" rel=\"noopener\">eCl@ss e.V.<\/a><\/p>\n<\/div><\/li><li class=\"fusion-li-item\" style=\"\"><span class=\"icon-wrapper circle-no\"><i class=\"fusion-li-icon fa-caret-right fas\" aria-hidden=\"true\"><\/i><\/span><div class=\"fusion-li-item-content\">\n<p><a href=\"https:\/\/www.pepperl-fuchs.com\/germany\/de\/classid_6418.htm\">IO-Link von Pepperl+Fuchs<\/a><\/p>\n<\/div><\/li><li class=\"fusion-li-item\" style=\"\"><span class=\"icon-wrapper circle-no\"><i class=\"fusion-li-icon fa-caret-right fas\" aria-hidden=\"true\"><\/i><\/span><div class=\"fusion-li-item-content\">\n<p><a href=\"https:\/\/www.neoception.com\/index.html\" target=\"_blank\" rel=\"noopener\">Neoception GmbH<\/a><\/p>\n<\/div><\/li><li class=\"fusion-li-item\" style=\"\"><span class=\"icon-wrapper circle-no\"><i class=\"fusion-li-icon fa-caret-right fas\" aria-hidden=\"true\"><\/i><\/span><div class=\"fusion-li-item-content\">\n<p><a href=\"https:\/\/www.plattform-i40.de\/PI40\/Navigation\/DE\/Home\/home.html\" target=\"_blank\" rel=\"noopener\">Plattform Industrie 4.0<\/a><\/p>\n<\/div><\/li><\/ul><div class=\"fusion-separator fusion-full-width-sep\" style=\"align-self: center;margin-left: auto;margin-right: auto;width:100%;\"><div class=\"fusion-separator-border sep-single sep-solid\" style=\"--awb-height:20px;--awb-amount:20px;--awb-sep-color:var(--awb-color8);border-color:var(--awb-color8);border-top-width:1px;\"><\/div><\/div><div class=\"fusion-modal modal fade modal-1 editorial-use\" tabindex=\"-1\" role=\"dialog\" aria-labelledby=\"modal-heading-1\" aria-hidden=\"true\" style=\"--awb-border-color:var(--awb-color3);--awb-background:var(--awb-color1);\"><div class=\"modal-dialog modal-lg\" role=\"document\"><div class=\"modal-content fusion-modal-content\"><div class=\"modal-header\"><button class=\"close\" type=\"button\" data-dismiss=\"modal\" aria-hidden=\"true\" aria-label=\"Close\">&times;<\/button><h3 class=\"modal-title\" id=\"modal-heading-1\" data-dismiss=\"modal\" aria-hidden=\"true\">Redaktionelle Nutzung<\/h3><\/div><div class=\"modal-body fusion-clearfix\">\n<p>The editorial use of articles from \u201camplify\u201d is only permitted with the prior consent of the publisher Pepperl+Fuchs SE. In addition, the original source <a href=\"https:\/\/amplify-test.pepperl-fuchs.com\/\" target=\"_blank\" rel=\"noopener\">amplify.pepperl-fuchs.com<\/a>\u00a0must be referenced when articles are reused or processed.<\/p>\n<div class=\"fusion-button-wrapper\"><a class=\"fusion-button button-flat fusion-button-default-size button-custom fusion-button-default button-1 fusion-button-default-span fusion-button-default-type\" style=\"--button_accent_color:var(--awb-color1);--button_accent_hover_color:var(--awb-custom_color_2);--button_border_hover_color:var(--awb-custom_color_2);--button_gradient_top_color:var(--awb-color3);--button_gradient_bottom_color:var(--awb-color3);--button_gradient_top_color_hover:var(--awb-color1);--button_gradient_bottom_color_hover:var(--awb-color1);\" target=\"_self\" href=\"mailto:amplify@pepperl-fuchs.com?subject=Request%20Editorial%20Use\"><span class=\"fusion-button-text awb-button__text awb-button__text--default\">Redaktionelle Nutzung anfragen<\/span><\/a><\/div>\n<\/div><\/div><\/div><\/div>\n<div ><a class=\"fusion-button button-flat fusion-button-default-size button-custom fusion-button-default button-2 fusion-button-default-span fusion-button-default-type sidebar\" style=\"--button_accent_color:var(--awb-color1);--button_accent_hover_color:var(--awb-custom_color_2);--button_border_hover_color:var(--awb-custom_color_2);--button_gradient_top_color:var(--awb-color3);--button_gradient_bottom_color:var(--awb-color3);--button_gradient_top_color_hover:var(--awb-color1);--button_gradient_bottom_color_hover:var(--awb-color1);--button_margin-top:12px;--button_margin-right:auto;--button_margin-left:auto;\" target=\"_self\" href=\"#\" data-toggle=\"modal\" data-target=\".fusion-modal.editorial-use\"><i class=\"fa-pen fas awb-button__icon awb-button__icon--default button-icon-left\" aria-hidden=\"true\"><\/i><span class=\"fusion-button-text awb-button__text awb-button__text--default\">Redaktionelle Nutzung<\/span><\/a><\/div>\n<\/div><\/div><\/div><\/div><div class=\"fusion-fullwidth fullwidth-box fusion-builder-row-2 fusion-flex-container has-pattern-background has-mask-background nonhundred-percent-fullwidth non-hundred-percent-height-scrolling infocontainer gradient-container-2\" style=\"--awb-border-radius-top-left:0px;--awb-border-radius-top-right:0px;--awb-border-radius-bottom-right:0px;--awb-border-radius-bottom-left:0px;--awb-margin-top:36px;--awb-margin-bottom:48px;--awb-min-height:380px;--awb-background-color:var(--awb-color8);--awb-flex-wrap:wrap;\" ><div class=\"fusion-builder-row fusion-row fusion-flex-align-items-flex-start fusion-flex-content-wrap\" style=\"max-width:1248px;margin-left: calc(-4% \/ 2 );margin-right: calc(-4% \/ 2 );\"><div class=\"fusion-layout-column fusion_builder_column fusion-builder-column-3 fusion_builder_column_1_3 1_3 fusion-flex-column infocontainer-left\" style=\"--awb-bg-image:url(&#039;https:\/\/amplify-test.pepperl-fuchs.com\/wp-content\/uploads\/2024\/07\/5d260b25761fb_rami-modell-2019.jpg&#039;);--awb-bg-size:cover;--awb-width-large:33.333333333333%;--awb-margin-top-large:0px;--awb-spacing-right-large:5.76%;--awb-margin-bottom-large:20px;--awb-spacing-left-large:5.76%;--awb-width-medium:33.333333333333%;--awb-order-medium:0;--awb-spacing-right-medium:5.76%;--awb-spacing-left-medium:5.76%;--awb-width-small:100%;--awb-order-small:0;--awb-spacing-right-small:1.92%;--awb-spacing-left-small:1.92%;\" data-scroll-devices=\"small-visibility,medium-visibility,large-visibility\"><div class=\"fusion-column-wrapper fusion-column-has-shadow fusion-flex-justify-content-flex-start fusion-content-layout-column fusion-column-has-bg-image\" data-bg-url=\"https:\/\/amplify-test.pepperl-fuchs.com\/wp-content\/uploads\/2024\/07\/5d260b25761fb_rami-modell-2019.jpg\"><i class=\"fb-icon-element-1 fb-icon-element fontawesome-icon fa-info fas circle-yes fusion-text-flow\" style=\"--awb-circlecolor:var(--awb-color3);--awb-circlebordersize:0px;--awb-font-size:33.44px;--awb-width:66.88px;--awb-height:66.88px;--awb-line-height:66.88px;--awb-border-radius-top-l:0px;--awb-border-radius-top-r:0px;--awb-border-radius-bot-r:0px;--awb-border-radius-bot-l:0px;--awb-margin-right:19px;\"><\/i><\/div><\/div><div class=\"fusion-layout-column fusion_builder_column fusion-builder-column-4 fusion_builder_column_2_3 2_3 fusion-flex-column infocontainer-right\" style=\"--awb-bg-color:var(--awb-color1);--awb-bg-color-hover:var(--awb-color1);--awb-bg-size:cover;--awb-width-large:66.666666666667%;--awb-margin-top-large:42px;--awb-spacing-right-large:2.88%;--awb-margin-bottom-large:20px;--awb-spacing-left-large:2.88%;--awb-width-medium:66.666666666667%;--awb-order-medium:0;--awb-spacing-right-medium:2.88%;--awb-spacing-left-medium:2.88%;--awb-width-small:100%;--awb-order-small:0;--awb-spacing-right-small:1.92%;--awb-spacing-left-small:1.92%;\" data-scroll-devices=\"small-visibility,medium-visibility,large-visibility\"><div class=\"fusion-column-wrapper fusion-column-has-shadow fusion-flex-justify-content-flex-start fusion-content-layout-column\"><div class=\"fusion-text fusion-text-11\"><h2>Das \u201eRAMI\u201c<\/h2>\n<p>eCl@ss l\u00e4sst sich gedanklich in das Referenzarchitekturmodell Industrie 4.0 der Plattform Industrie 4.0 einordnen. Weitere Informationen zum \u201eRAMI\u201c erhalten Sie unter folgendem Link. (Bildquelle: Plattform Industrie 4.0)<\/p>\n<p><a href=\"http:\/\/www.zvei.org\/presse-medien\/mediathek\/zvei-erklaert-rami-40\/\" target=\"_blank\" rel=\"noopener\">Mehr Informationen<\/a><\/p>\n<\/div><\/div><\/div><\/div><\/div><div class=\"fusion-fullwidth fullwidth-box fusion-builder-row-3 fusion-flex-container has-pattern-background has-mask-background nonhundred-percent-fullwidth non-hundred-percent-height-scrolling gradient-container-3\" style=\"--awb-border-radius-top-left:0px;--awb-border-radius-top-right:0px;--awb-border-radius-bottom-right:0px;--awb-border-radius-bottom-left:0px;--awb-flex-wrap:wrap;\" ><div class=\"fusion-builder-row fusion-row fusion-flex-align-items-flex-start fusion-flex-content-wrap\" style=\"max-width:1248px;margin-left: calc(-4% \/ 2 );margin-right: calc(-4% \/ 2 );\"><div class=\"fusion-layout-column fusion_builder_column fusion-builder-column-5 fusion_builder_column_1_1 1_1 fusion-flex-column\" style=\"--awb-bg-size:cover;--awb-width-large:100%;--awb-margin-top-large:0px;--awb-spacing-right-large:1.92%;--awb-margin-bottom-large:20px;--awb-spacing-left-large:1.92%;--awb-width-medium:100%;--awb-order-medium:0;--awb-spacing-right-medium:1.92%;--awb-spacing-left-medium:1.92%;--awb-width-small:100%;--awb-order-small:0;--awb-spacing-right-small:1.92%;--awb-spacing-left-small:1.92%;\"><div class=\"fusion-column-wrapper fusion-column-has-shadow fusion-flex-justify-content-flex-start fusion-content-layout-column\"><div class=\"fusion-text fusion-text-12 elt_text\"><p>Eine entscheidende Rolle f\u00fcr das Gelingen dieses Vorhabens spielen die in eCl@ss hinterlegten International Registration Data Identifier, oder kurz \u201eIRDI\u201c genannt. In Konformit\u00e4t mit verschiedenen ISO-Normen entwickelt, erh\u00e4lt jedes in eCl@ss hinterlegte Element \u00fcber seine IRDI eine f\u00fcr Industrie 4.0 n\u00f6tige eineindeutige kodierte Bezeichnung und somit eine Software-Repr\u00e4sentanz. Aus einer zun\u00e4chst kryptisch erscheinenden Zeichenfolge wie \u201e0173-1#02-BAD856#005\u201c l\u00e4sst sich mit etwas Kenntnis des IRDI-Aufbaus schnell eine Menge an Informationen ablesen, wie Bondza darstellt: \u201eDie \u201a0173\u2018 repr\u00e4sentiert das Ursprungssystem, in dem die Bezeichnung entstanden ist, in diesem Falle eCl@ass. \u201a#02\u2018 weist dieses Merkmal als eine Objekteigenschaft aus, \u201aBAD856\u2018 bezeichnet das konkrete Item und \u201a005\u2018 die eCl@ss-interne Version dieses Items. Im diesem Fall versteckt sich hinter dieser IRDI das Merkmal \u201aL\u00e4nge eines induktiven Sensors\u2018.\u201c<\/p>\n<\/div><div class=\"fusion-image-element awb-imageframe-style awb-imageframe-style-below awb-imageframe-style-3\" style=\"--awb-caption-title-font-family:var(--h3_typography-font-family);--awb-caption-title-font-weight:var(--h3_typography-font-weight);--awb-caption-title-font-style:var(--h3_typography-font-style);--awb-caption-title-size:var(--h3_typography-font-size);--awb-caption-title-transform:var(--h3_typography-text-transform);--awb-caption-title-line-height:var(--h3_typography-line-height);--awb-caption-title-letter-spacing:var(--h3_typography-letter-spacing);\"><span class=\" fusion-imageframe imageframe-none imageframe-3 hover-type-none elt_image\"><a href=\"https:\/\/amplify-test.pepperl-fuchs.com\/wp-content\/uploads\/2024\/07\/5d260b2578231_irdi-explanation-2019.jpg\" class=\"fusion-lightbox\" data-rel=\"iLightbox[66e7aaa69ebd62da60b]\" data-caption=\"\"><img decoding=\"async\" width=\"1290\" height=\"653\" alt=\"IRDI-Erkl\u00e4rung\" src=\"https:\/\/amplify-test.pepperl-fuchs.com\/wp-content\/uploads\/2024\/07\/5d260b2578231_irdi-explanation-2019.jpg\" class=\"img-responsive wp-image-2188\" srcset=\"https:\/\/amplify-test.pepperl-fuchs.com\/wp-content\/uploads\/2024\/07\/5d260b2578231_irdi-explanation-2019-200x101.jpg 200w, https:\/\/amplify-test.pepperl-fuchs.com\/wp-content\/uploads\/2024\/07\/5d260b2578231_irdi-explanation-2019-400x202.jpg 400w, https:\/\/amplify-test.pepperl-fuchs.com\/wp-content\/uploads\/2024\/07\/5d260b2578231_irdi-explanation-2019-600x304.jpg 600w, https:\/\/amplify-test.pepperl-fuchs.com\/wp-content\/uploads\/2024\/07\/5d260b2578231_irdi-explanation-2019-800x405.jpg 800w, https:\/\/amplify-test.pepperl-fuchs.com\/wp-content\/uploads\/2024\/07\/5d260b2578231_irdi-explanation-2019-1200x607.jpg 1200w, https:\/\/amplify-test.pepperl-fuchs.com\/wp-content\/uploads\/2024\/07\/5d260b2578231_irdi-explanation-2019.jpg 1290w\" sizes=\"(max-width: 640px) 100vw, 1200px\" \/><\/a><\/span><div class=\"awb-imageframe-caption-container\"><div class=\"awb-imageframe-caption\"><p class=\"awb-imageframe-caption-text\">Der Aufbau der International Registration Data Identifier (IRDI) in der \u00dcbersicht.<\/p><\/div><\/div><\/div><div class=\"fusion-text fusion-text-13 elt_headline_text\"><h2>Sensordaten als Produkt<\/h2>\n<p>Dass sich \u00fcber dieses merkmalsbasierte Prinzip der IRDIs nicht nur Ger\u00e4tebeschreibungen, sondern auch Sensorfunktionen abbilden lassen, birgt das Potenzial f\u00fcr ganz neue Anwendungsfelder. Denn ob auftragsgesteuerte Produktion, wandlungsf\u00e4hige Fabrik oder digitaler Mehrwert-Service \u2014 sie alle ben\u00f6tigen zus\u00e4tzliche Dynamik und Interaktion zwischen einzelnen Automatisierungskomponenten. Diese Dynamik l\u00e4sst sich paradoxerweise durch eine st\u00e4rkere Systematisierung unterst\u00fctzen, wie Bondza anhand eines Beispiels erkl\u00e4rt: \u201eGemeinsam mit der Pepperl+Fuchs Tochter Neoception, die auf die Implementierung von IoT-L\u00f6sungen spezialisiert ist, haben wir einen Proof of Concept gezeigt, der ein dank eCl@ss ver\u00e4ndertes Verst\u00e4ndnis von Sensordaten vorstellt.\u201c<\/p>\n<p>Tats\u00e4chlich treten in dieser technischen Demonstration die physikalischen Wirkprinzipien von Sensoren in den Hintergrund\u00a0\u2013relevant ist hier aus Anwendersicht nur das Ergebnis, n\u00e4mlich die Erfassung der Objektanwesenheit bzw. Ereignisz\u00e4hlung, die in eine Cloud-Plattform \u00fcbermittelt werden. \u201eIch kann die Aufgabe der Objekterfassung sowohl mit einer IO-Link-Lichtschranke als auch einem IO-Link-RFID-Lesekopf l\u00f6sen. Durch das Mapping der Information \u201aObjektanwesenheit\u2018 auf dasselbe eCl@ss-Merkmal funktionieren die Algorithmen der Cloud-Anwendung unabh\u00e4ngig vom physikalischen Wirkprinzip der verwendeten Sensoren reibungslos weiter\u201c, erl\u00e4utert Bondza. Neue Anwendungen k\u00f6nnten also losgel\u00f6st von der Art der Informationserzeugung implementiert werden, Sensoren bei sich ver\u00e4ndernden Umgebungsbedingungen \u201eon the fly\u201c ausgetauscht werden\u00a0\u2013ohne zus\u00e4tzlichen Programmieraufwand in der Cloud-Plattform.<\/p>\n<\/div><div class=\"fusion-image-element awb-imageframe-style awb-imageframe-style-below awb-imageframe-style-4\" style=\"--awb-caption-title-font-family:var(--h3_typography-font-family);--awb-caption-title-font-weight:var(--h3_typography-font-weight);--awb-caption-title-font-style:var(--h3_typography-font-style);--awb-caption-title-size:var(--h3_typography-font-size);--awb-caption-title-transform:var(--h3_typography-text-transform);--awb-caption-title-line-height:var(--h3_typography-line-height);--awb-caption-title-letter-spacing:var(--h3_typography-letter-spacing);\"><span class=\" fusion-imageframe imageframe-none imageframe-4 hover-type-none elt_image\"><a href=\"https:\/\/amplify-test.pepperl-fuchs.com\/wp-content\/uploads\/2024\/07\/5d4ad678cf3fa_verwaltungsschale-de.png\" class=\"fusion-lightbox\" data-rel=\"iLightbox[fa8dc4e87596c4dfd15]\" data-caption=\"\"><img decoding=\"async\" width=\"400\" height=\"400\" alt=\"Industrie-4.0-Komponente am Beispiel eines Sensors erkl\u00e4rt.\" src=\"https:\/\/amplify-test.pepperl-fuchs.com\/wp-content\/uploads\/2024\/07\/5d4ad678cf3fa_verwaltungsschale-de.png\" class=\"img-responsive wp-image-2329\" srcset=\"https:\/\/amplify-test.pepperl-fuchs.com\/wp-content\/uploads\/2024\/07\/5d4ad678cf3fa_verwaltungsschale-de-200x200.png 200w, https:\/\/amplify-test.pepperl-fuchs.com\/wp-content\/uploads\/2024\/07\/5d4ad678cf3fa_verwaltungsschale-de.png 400w\" sizes=\"(max-width: 640px) 100vw, 400px\" \/><\/a><\/span><div class=\"awb-imageframe-caption-container\"><div class=\"awb-imageframe-caption\"><p class=\"awb-imageframe-caption-text\">Um zur vernetzbaren, kommunikationsf\u00e4higen Industrie-4.0-Komponente zu werden, ben\u00f6tigt jeder Gegenstand eine klar definierte Beschreibung innerhalb seiner digitalen Verwaltungsschale. Die Semantik hierf\u00fcr stellt eCl@ss zur Verf\u00fcgung.<\/p><\/div><\/div><\/div><div class=\"fusion-text fusion-text-14 elt_headline_text\"><h2>Ein hochdynamischer Standard<\/h2>\n<p>A hnlich dynamisch bewegt sich aktuell der gesamte eCl@ss-Verein weiter, denn ein derart umfassender Standard ist kein in sich abgeschlossenes Gebilde, sondern konstanter Ver\u00e4nderung ausgesetzt: St\u00e4ndig flie\u00dfen Vorschl\u00e4ge f\u00fcr weitere Klassen und Merkmale in eCl@ss ein, wof\u00fcr den Vereinsmitgliedern eine eigene, offene Content-Development-Plattform zur Verf\u00fcgung gestellt wird. Die hier eingebrachten Erweiterungen werden auf ihre Sinnhaftigkeit \u00fcberpr\u00fcft, bewertet und dienen der Entwicklung neuer IRDIs f\u00fcr neue Entit\u00e4ten. Durch Industrie 4.0 wollen dabei zudem immer komplexere Produkte, Produktvarianten und Services merkmalsbasiert abgebildet werden. Gleichzeitig treibt man die Kooperation mit anderen Konsortien und m\u00f6glichen Content-Providern weiter voran, w\u00e4hrend die Ergebnisse der Arbeit an der konsensualen eCl@ss-Semantik in die ISO- und IEC-Normierung eingebracht werden.<\/p>\n<p>\u201eNat\u00fcrlich ist eCl@ss eine Herkulesaufgabe\u201c, schlie\u00dft Bondza ab. Der Verein sei jedoch bestens vorbereitet, um sich dieser Herausforderung zu stellen: \u201eMit st\u00e4ndig wachsendem Anwenderkreis wird eCl@ss immer umfassender. Neues Branchenwissen flie\u00dft ein, neue Expertengruppen innerhalb des Vereins bilden sich, neue Merkmale und Klassifizierungen werden gemeinsam herausgearbeitet. Dieses offene System, indem sich die Mitglieder aktiv gestaltend einbringen, und die klaren Vorteile einer einheitlichen Semantik haben eCl@ss bereits zum weltweit f\u00fchrenden Standard seiner Art gemacht und werden ihn weiter vorantreiben.\u201c<\/p>\n<\/div><\/div><\/div><\/div><\/div><\/p>\n","protected":false},"excerpt":{"rendered":"<p>Der Datenstandard eCl@ss gilt als das W\u00f6rterbuch f\u00fcr Industrie 4. Erfahren Sie mehr \u00fcber seine Anwendung und lernen Sie einige Experten kennen.<\/p>\n","protected":false},"author":2,"featured_media":2184,"comment_status":"open","ping_status":"open","sticky":false,"template":"","format":"standard","meta":{"_acf_changed":false,"footnotes":""},"categories":[22,24,19,21],"tags":[118,247],"class_list":["post-2725","post","type-post","status-publish","format-standard","has-post-thumbnail","hentry","category-explosionsschutz","category-iiot-anwendungen","category-industrielle-sensoren","category-maerkte-trends","tag-klartext-mit-eclss","tag-klartext-mit-eclss-de"],"acf":[],"_links":{"self":[{"href":"https:\/\/amplify-test.pepperl-fuchs.com\/de\/wp-json\/wp\/v2\/posts\/2725","targetHints":{"allow":["GET"]}}],"collection":[{"href":"https:\/\/amplify-test.pepperl-fuchs.com\/de\/wp-json\/wp\/v2\/posts"}],"about":[{"href":"https:\/\/amplify-test.pepperl-fuchs.com\/de\/wp-json\/wp\/v2\/types\/post"}],"author":[{"embeddable":true,"href":"https:\/\/amplify-test.pepperl-fuchs.com\/de\/wp-json\/wp\/v2\/users\/2"}],"replies":[{"embeddable":true,"href":"https:\/\/amplify-test.pepperl-fuchs.com\/de\/wp-json\/wp\/v2\/comments?post=2725"}],"version-history":[{"count":9,"href":"https:\/\/amplify-test.pepperl-fuchs.com\/de\/wp-json\/wp\/v2\/posts\/2725\/revisions"}],"predecessor-version":[{"id":4502,"href":"https:\/\/amplify-test.pepperl-fuchs.com\/de\/wp-json\/wp\/v2\/posts\/2725\/revisions\/4502"}],"wp:featuredmedia":[{"embeddable":true,"href":"https:\/\/amplify-test.pepperl-fuchs.com\/de\/wp-json\/wp\/v2\/media\/2184"}],"wp:attachment":[{"href":"https:\/\/amplify-test.pepperl-fuchs.com\/de\/wp-json\/wp\/v2\/media?parent=2725"}],"wp:term":[{"taxonomy":"category","embeddable":true,"href":"https:\/\/amplify-test.pepperl-fuchs.com\/de\/wp-json\/wp\/v2\/categories?post=2725"},{"taxonomy":"post_tag","embeddable":true,"href":"https:\/\/amplify-test.pepperl-fuchs.com\/de\/wp-json\/wp\/v2\/tags?post=2725"}],"curies":[{"name":"wp","href":"https:\/\/api.w.org\/{rel}","templated":true}]}}