{"id":2737,"date":"2019-01-21T00:00:00","date_gmt":"2019-01-21T00:00:00","guid":{"rendered":"https:\/\/amplify.webservices.de\/2019\/01\/21\/auf-wachstum-eingestellt\/"},"modified":"2025-01-13T12:26:41","modified_gmt":"2025-01-13T12:26:41","slug":"auf-wachstum-eingestellt","status":"publish","type":"post","link":"https:\/\/amplify-test.pepperl-fuchs.com\/de\/2019\/auf-wachstum-eingestellt\/","title":{"rendered":"Auf Wachstum eingestellt"},"content":{"rendered":"<p><div class=\"fusion-fullwidth fullwidth-box fusion-builder-row-1 fusion-flex-container has-pattern-background has-mask-background nonhundred-percent-fullwidth non-hundred-percent-height-scrolling gradient-container-1\" style=\"--awb-border-radius-top-left:0px;--awb-border-radius-top-right:0px;--awb-border-radius-bottom-right:0px;--awb-border-radius-bottom-left:0px;--awb-flex-wrap:wrap;\" id=\"article\" ><div class=\"fusion-builder-row fusion-row fusion-flex-align-items-flex-start fusion-flex-content-wrap\" style=\"max-width:1248px;margin-left: calc(-4% \/ 2 );margin-right: calc(-4% \/ 2 );\"><div class=\"fusion-layout-column fusion_builder_column fusion-builder-column-0 fusion_builder_column_1_1 1_1 fusion-flex-column\" style=\"--awb-bg-size:cover;--awb-width-large:100%;--awb-margin-top-large:0px;--awb-spacing-right-large:1.92%;--awb-margin-bottom-large:20px;--awb-spacing-left-large:1.92%;--awb-width-medium:100%;--awb-order-medium:0;--awb-spacing-right-medium:1.92%;--awb-spacing-left-medium:1.92%;--awb-width-small:100%;--awb-order-small:0;--awb-spacing-right-small:1.92%;--awb-spacing-left-small:1.92%;\"><div class=\"fusion-column-wrapper fusion-column-has-shadow fusion-flex-justify-content-flex-start fusion-content-layout-column\"><div class=\"fusion-text fusion-text-1\" id=\"publishing_date\"><p>21. Januar 2019<\/p>\n<\/div><div class=\"fusion-title title fusion-title-1 fusion-sep-none fusion-title-text fusion-title-size-one\" id=\"article_headline\"><h1 class=\"fusion-title-heading title-heading-left fusion-responsive-typography-calculated\" style=\"margin:0;--fontSize:64;line-height:var(--awb-typography1-line-height);\">Auf Wachstum eingestellt<\/h1><\/div><div class=\"fusion-text fusion-text-2 intro_text\"><p>Asiens Wirtschaft w\u00e4chst, allen voran China, S\u00fcdostasien und Indien erleben ein dynamisches Wachstum. Heute geh\u00f6ren diese L\u00e4nder zu den weltweit wichtigsten Wirtschaftszentren. Aus diesem Grund ist auch Pepperl+Fuchs sehr pr\u00e4sent in Asien. Ein Interview \u00fcber die asiatische Wirtschaftswelt, ihr Wachstum und die Gesch\u00e4fte von Pepperl+Fuchs vor Ort.<\/p>\n<\/div><div class=\"fusion-image-element \" style=\"--awb-caption-title-font-family:var(--h2_typography-font-family);--awb-caption-title-font-weight:var(--h2_typography-font-weight);--awb-caption-title-font-style:var(--h2_typography-font-style);--awb-caption-title-size:var(--h2_typography-font-size);--awb-caption-title-transform:var(--h2_typography-text-transform);--awb-caption-title-line-height:var(--h2_typography-line-height);--awb-caption-title-letter-spacing:var(--h2_typography-letter-spacing);\"><span class=\" fusion-imageframe imageframe-none imageframe-1 hover-type-none\"><img decoding=\"async\" width=\"1920\" height=\"1115\" src=\"https:\/\/amplify-test.pepperl-fuchs.com\/wp-content\/uploads\/2024\/07\/5c59599fe828d_art18-asien-header-image.jpg\" alt class=\"img-responsive wp-image-2300\" srcset=\"https:\/\/amplify-test.pepperl-fuchs.com\/wp-content\/uploads\/2024\/07\/5c59599fe828d_art18-asien-header-image-200x116.jpg 200w, https:\/\/amplify-test.pepperl-fuchs.com\/wp-content\/uploads\/2024\/07\/5c59599fe828d_art18-asien-header-image-400x232.jpg 400w, https:\/\/amplify-test.pepperl-fuchs.com\/wp-content\/uploads\/2024\/07\/5c59599fe828d_art18-asien-header-image-600x348.jpg 600w, https:\/\/amplify-test.pepperl-fuchs.com\/wp-content\/uploads\/2024\/07\/5c59599fe828d_art18-asien-header-image-800x465.jpg 800w, https:\/\/amplify-test.pepperl-fuchs.com\/wp-content\/uploads\/2024\/07\/5c59599fe828d_art18-asien-header-image-1200x697.jpg 1200w, https:\/\/amplify-test.pepperl-fuchs.com\/wp-content\/uploads\/2024\/07\/5c59599fe828d_art18-asien-header-image.jpg 1920w\" sizes=\"(max-width: 640px) 100vw, 1200px\" \/><\/span><\/div><\/div><\/div><div class=\"fusion-layout-column fusion_builder_column fusion-builder-column-1 fusion_builder_column_3_4 3_4 fusion-flex-column\" style=\"--awb-bg-size:cover;--awb-width-large:75%;--awb-margin-top-large:0px;--awb-spacing-right-large:2.56%;--awb-margin-bottom-large:20px;--awb-spacing-left-large:2.56%;--awb-width-medium:75%;--awb-order-medium:0;--awb-spacing-right-medium:2.56%;--awb-spacing-left-medium:2.56%;--awb-width-small:100%;--awb-order-small:0;--awb-spacing-right-small:1.92%;--awb-spacing-left-small:1.92%;\"><div class=\"fusion-column-wrapper fusion-column-has-shadow fusion-flex-justify-content-flex-start fusion-content-layout-column\"><div class=\"fusion-text fusion-text-3 elt_text\"><p>Shanghai oder Singapur, Seoul oder Tokio \u2014 in welcher Metropole Asiens Sie sich auch befinden, \u00fcberall sp\u00fcren Sie Trubel und gesch\u00e4ftiges Treiben in den Stra\u00dfen. Es sind nicht nur die gro\u00dfen Einwohnerzahlen, ihre beeindruckenden Fl\u00e4chen oder die gigantischen U-Bahn-Systeme, die diese St\u00e4dte zu pulsierenden Zentren machen. In den letzten Jahren und Jahrzehnten hat sich Asiens Wirtschaft rapide gewandelt. Regionen wie China, S\u00fcdostasien und Indien geh\u00f6ren heute zu den wichtigsten Wirtschaftszentren der Welt.<\/p>\n<p>Shane Parr, Executive Vice President Asia Pacific f\u00fcr den Gesch\u00e4ftsbereich Prozessautomation, lebt seit 2002 in Singapur. Im Interview gibt er uns Einblick in die asiatische Wirtschaftswelt, ihr Wachstum und die Gesch\u00e4fte von Pepperl+Fuchs vor Ort.<\/p>\n<\/div><script type=\"text\/javascript\">if( typeof window.iv_elt_count === 'undefined' || window.iv_elt_count === null ){\r\n\t\t\t\twindow.iv_elt_count = 0;\r\n} else {\r\n\t\t\t\twindow.iv_elt_count++;\r\n}\r\nif(\"{{interview_headline}}\" === \"\") {\r\n\t\t\t\tjQuery( document ).ready(function() {\r\n\t\t\t\t\t\t\t\tjQuery('.iv_headline').eq(window.iv_elt_count).css('display','none');\r\n\t\t\t\t});\r\n}\r\nif(\"Im Jahr 1979 gr\u00fcndete Pepperl+Fuchs in Singapur die erste au\u00dfereurop\u00e4ische Niederlassung mit eigener Fertigung. Diese Gr\u00fcndung war damals der erste Schritt, um Zugang zum asiatischen Markt zu erhalten. Singapur wird h\u00e4ufig auch als \u201eTor zu Asien\u201c bezeichnet \u2014 nicht nur wegen seiner geographischen Lage. Der Stadtstaat bietet internationalen Unternehmen, die in Asien Fu\u00df fassen m\u00f6chten, exzellente Bedingungen. Dazu geh\u00f6ren zum Beispiel politische Stabilit\u00e4t, Ma\u00dfnahmen gegen Korruption und der Schutz geistigen Eigentums.\" === \"\") {\r\n\t\t\t\tjQuery( document ).ready(function() {\r\n\t\t\t\t\t\t\t\tjQuery('.iv_a11914907786').css('display','none');\r\n\t\t\t\t});\r\n}\r\nif(\"\" === \"\") {\r\n\t\t\t\tjQuery( document ).ready(function() {\r\n\t\t\t\t\t\t\t\tjQuery('.iv_a21914907786').css('display','none');\r\n\t\t\t\t});\r\n}\r\nif(\"\" === \"\") {\r\n\t\t\t\tjQuery( document ).ready(function() {\r\n\t\t\t\t\t\t\t\tjQuery('.iv_a31914907786').css('display','none');\r\n\t\t\t\t});\r\n}\r\nif(\"\" === \"\") {\r\n\t\t\t\tjQuery( document ).ready(function() {\r\n\t\t\t\t\t\t\t\t\/\/ jQuery('.iv_answer4').eq(window.iv_elt_count).css('display','none');\r\n\t\t\t\t\t\t\t\tjQuery('.iv_a41914907786').css('display','none');\r\n\t\t\t\t});\r\n}<\/script><style type=\"text\/css\">.iv_headline {\r\n\t\tfont-weight: 700;\r\n\t\tfont-style: italic;\r\n\t\tfont-size: 20px;\r\n}\r\n.iv_person {\r\n\t\tcolor: #00a587;\r\n\t\tfont-style: italic;\r\n\t\tfont-weight: 400;\r\n}\r\n.iv_person::after {\r\n\t\tcontent: \": \";\r\n}<\/style><div class=\"custom-interview\" id=\"iv_1914907786\"><div class=\"iv_headline\">Pepperl+Fuchs hat seine Wurzeln in Deutschland. Wann begannen die Aktivit\u00e4ten in Asien?<\/div>\r\n<p class=\"iv_answer1 iv_a11914907786\"><span class=\"iv_person\">Shane Parr<\/span>Im Jahr 1979 gr\u00fcndete Pepperl+Fuchs in Singapur die erste au\u00dfereurop\u00e4ische Niederlassung mit eigener Fertigung. Diese Gr\u00fcndung war damals der erste Schritt, um Zugang zum asiatischen Markt zu erhalten. Singapur wird h\u00e4ufig auch als \u201eTor zu Asien\u201c bezeichnet \u2014 nicht nur wegen seiner geographischen Lage. Der Stadtstaat bietet internationalen Unternehmen, die in Asien Fu\u00df fassen m\u00f6chten, exzellente Bedingungen. Dazu geh\u00f6ren zum Beispiel politische Stabilit\u00e4t, Ma\u00dfnahmen gegen Korruption und der Schutz geistigen Eigentums.<\/p>\r\n<p class=\"iv_answer2 iv_a21914907786\"><span class=\"iv_person\"><\/span><\/p>\r\n<p class=\"iv_answer3 iv_a31914907786\"><span class=\"iv_person\"><\/span><\/p>\r\n<p class=\"iv_answer4 iv_a41914907786\"><span class=\"iv_person\"><\/span><\/p>\r\n<\/div><script type=\"text\/javascript\">if( typeof window.iv_elt_count === 'undefined' || window.iv_elt_count === null ){\r\n\t\t\t\twindow.iv_elt_count = 0;\r\n} else {\r\n\t\t\t\twindow.iv_elt_count++;\r\n}\r\nif(\"{{interview_headline}}\" === \"\") {\r\n\t\t\t\tjQuery( document ).ready(function() {\r\n\t\t\t\t\t\t\t\tjQuery('.iv_headline').eq(window.iv_elt_count).css('display','none');\r\n\t\t\t\t});\r\n}\r\nif(\"Pepperl+Fuchs hat sein Gesch\u00e4ft in Asien seither auf viele weitere L\u00e4nder ausgeweitet. Manche L\u00e4nder sind signifikant gewachsen und tun es auch weiterhin. Seit meiner Ankunft in 2002 habe ich einen Wandel in L\u00e4ndern wie China beobachtet, die so rapide gewachsen sind, dass Pepperl+Fuchs das eigene Wachstum sogar \u00fcber die Erwartungen hinaus ausbauen konnte. Mittlerweile haben wir unter anderem eine starke Pr\u00e4senz in China und Indien, Fertigungsst\u00e4tten in Singapur, Vietnam und Indonesien und au\u00dferdem ein umfangreiches Vertriebsnetz in ganz Asien. Unser asiatischer Hauptsitz bleibt dabei weiterhin in Singapur. 2016 haben wir hier unser Global Distribution Center er\u00f6ffnet, das als Logistik-Hub f\u00fcr Direktlieferungen an Kunden in Asien dient. Mit dieser Investition k\u00f6nnen wir unseren Kunden mehr aus unserer Produktpalette anbieten und gleichzeitig termingerecht liefern. An unseren beiden Standorten arbeiten mittlerweile mehr als 1.100 Mitarbeiter.\" === \"\") {\r\n\t\t\t\tjQuery( document ).ready(function() {\r\n\t\t\t\t\t\t\t\tjQuery('.iv_a12043425769').css('display','none');\r\n\t\t\t\t});\r\n}\r\nif(\"\" === \"\") {\r\n\t\t\t\tjQuery( document ).ready(function() {\r\n\t\t\t\t\t\t\t\tjQuery('.iv_a22043425769').css('display','none');\r\n\t\t\t\t});\r\n}\r\nif(\"\" === \"\") {\r\n\t\t\t\tjQuery( document ).ready(function() {\r\n\t\t\t\t\t\t\t\tjQuery('.iv_a32043425769').css('display','none');\r\n\t\t\t\t});\r\n}\r\nif(\"\" === \"\") {\r\n\t\t\t\tjQuery( document ).ready(function() {\r\n\t\t\t\t\t\t\t\t\/\/ jQuery('.iv_answer4').eq(window.iv_elt_count).css('display','none');\r\n\t\t\t\t\t\t\t\tjQuery('.iv_a42043425769').css('display','none');\r\n\t\t\t\t});\r\n}<\/script><style type=\"text\/css\">.iv_headline {\r\n\t\tfont-weight: 700;\r\n\t\tfont-style: italic;\r\n\t\tfont-size: 20px;\r\n}\r\n.iv_person {\r\n\t\tcolor: #00a587;\r\n\t\tfont-style: italic;\r\n\t\tfont-weight: 400;\r\n}\r\n.iv_person::after {\r\n\t\tcontent: \": \";\r\n}<\/style><div class=\"custom-interview\" id=\"iv_2043425769\"><div class=\"iv_headline\">Was hat sich bei Pepperl+Fuchs in Asien seit 1979 ver\u00e4ndert?<\/div>\r\n<p class=\"iv_answer1 iv_a12043425769\"><span class=\"iv_person\">Shane Parr<\/span>Pepperl+Fuchs hat sein Gesch\u00e4ft in Asien seither auf viele weitere L\u00e4nder ausgeweitet. Manche L\u00e4nder sind signifikant gewachsen und tun es auch weiterhin. Seit meiner Ankunft in 2002 habe ich einen Wandel in L\u00e4ndern wie China beobachtet, die so rapide gewachsen sind, dass Pepperl+Fuchs das eigene Wachstum sogar \u00fcber die Erwartungen hinaus ausbauen konnte. Mittlerweile haben wir unter anderem eine starke Pr\u00e4senz in China und Indien, Fertigungsst\u00e4tten in Singapur, Vietnam und Indonesien und au\u00dferdem ein umfangreiches Vertriebsnetz in ganz Asien. Unser asiatischer Hauptsitz bleibt dabei weiterhin in Singapur. 2016 haben wir hier unser Global Distribution Center er\u00f6ffnet, das als Logistik-Hub f\u00fcr Direktlieferungen an Kunden in Asien dient. Mit dieser Investition k\u00f6nnen wir unseren Kunden mehr aus unserer Produktpalette anbieten und gleichzeitig termingerecht liefern. An unseren beiden Standorten arbeiten mittlerweile mehr als 1.100 Mitarbeiter.<\/p>\r\n<p class=\"iv_answer2 iv_a22043425769\"><span class=\"iv_person\"><\/span><\/p>\r\n<p class=\"iv_answer3 iv_a32043425769\"><span class=\"iv_person\"><\/span><\/p>\r\n<p class=\"iv_answer4 iv_a42043425769\"><span class=\"iv_person\"><\/span><\/p>\r\n<\/div><script type=\"text\/javascript\">if( typeof window.iv_elt_count === 'undefined' || window.iv_elt_count === null ){\r\n\t\t\t\twindow.iv_elt_count = 0;\r\n} else {\r\n\t\t\t\twindow.iv_elt_count++;\r\n}\r\nif(\"{{interview_headline}}\" === \"\") {\r\n\t\t\t\tjQuery( document ).ready(function() {\r\n\t\t\t\t\t\t\t\tjQuery('.iv_headline').eq(window.iv_elt_count).css('display','none');\r\n\t\t\t\t});\r\n}\r\nif(\"Die M\u00e4rkte mit dem gr\u00f6\u00dften Wachstumspotenzial befinden sich derzeit in Asien, allen voran China und Indien. Diese M\u00e4rkte zu unterst\u00fctzen und unsere Gesch\u00e4fte vor Ort mit unserem gro\u00dfen Portfolio und unseren Technologien weiter auszubauen, gelingt uns nur mit unserem eigenen, hochspezialisierten Personal. Aus diesem Grund haben wir zus\u00e4tzlich zu unseren bestehenden Standorten drei neue Vertriebsb\u00fcros gegr\u00fcndet: Kuala Lumpur in Malaysia, Jakarta, Indonesien, und schlie\u00dflich Taipei in Taiwan. Mit den neuen Standorten sind wir in der Lage, unsere Kunden, aber auch die wachsenden Gesch\u00e4ftsm\u00f6glichkeiten in jedem dieser L\u00e4nder besser zu unterst\u00fctzen.\" === \"\") {\r\n\t\t\t\tjQuery( document ).ready(function() {\r\n\t\t\t\t\t\t\t\tjQuery('.iv_a11001868659').css('display','none');\r\n\t\t\t\t});\r\n}\r\nif(\"\" === \"\") {\r\n\t\t\t\tjQuery( document ).ready(function() {\r\n\t\t\t\t\t\t\t\tjQuery('.iv_a21001868659').css('display','none');\r\n\t\t\t\t});\r\n}\r\nif(\"\" === \"\") {\r\n\t\t\t\tjQuery( document ).ready(function() {\r\n\t\t\t\t\t\t\t\tjQuery('.iv_a31001868659').css('display','none');\r\n\t\t\t\t});\r\n}\r\nif(\"\" === \"\") {\r\n\t\t\t\tjQuery( document ).ready(function() {\r\n\t\t\t\t\t\t\t\t\/\/ jQuery('.iv_answer4').eq(window.iv_elt_count).css('display','none');\r\n\t\t\t\t\t\t\t\tjQuery('.iv_a41001868659').css('display','none');\r\n\t\t\t\t});\r\n}<\/script><style type=\"text\/css\">.iv_headline {\r\n\t\tfont-weight: 700;\r\n\t\tfont-style: italic;\r\n\t\tfont-size: 20px;\r\n}\r\n.iv_person {\r\n\t\tcolor: #00a587;\r\n\t\tfont-style: italic;\r\n\t\tfont-weight: 400;\r\n}\r\n.iv_person::after {\r\n\t\tcontent: \": \";\r\n}<\/style><div class=\"custom-interview\" id=\"iv_1001868659\"><div class=\"iv_headline\">Allein in 2017 hat Pepperl+Fuchs drei neue Standorte in Asien er\u00f6ffnet. Warum setzt Pepperl+Fuchs weiterhin auf den Ausbau seines asiatischen Netzwerks?<\/div>\r\n<p class=\"iv_answer1 iv_a11001868659\"><span class=\"iv_person\">Shane Parr<\/span>Die M\u00e4rkte mit dem gr\u00f6\u00dften Wachstumspotenzial befinden sich derzeit in Asien, allen voran China und Indien. Diese M\u00e4rkte zu unterst\u00fctzen und unsere Gesch\u00e4fte vor Ort mit unserem gro\u00dfen Portfolio und unseren Technologien weiter auszubauen, gelingt uns nur mit unserem eigenen, hochspezialisierten Personal. Aus diesem Grund haben wir zus\u00e4tzlich zu unseren bestehenden Standorten drei neue Vertriebsb\u00fcros gegr\u00fcndet: Kuala Lumpur in Malaysia, Jakarta, Indonesien, und schlie\u00dflich Taipei in Taiwan. Mit den neuen Standorten sind wir in der Lage, unsere Kunden, aber auch die wachsenden Gesch\u00e4ftsm\u00f6glichkeiten in jedem dieser L\u00e4nder besser zu unterst\u00fctzen.<\/p>\r\n<p class=\"iv_answer2 iv_a21001868659\"><span class=\"iv_person\"><\/span><\/p>\r\n<p class=\"iv_answer3 iv_a31001868659\"><span class=\"iv_person\"><\/span><\/p>\r\n<p class=\"iv_answer4 iv_a41001868659\"><span class=\"iv_person\"><\/span><\/p>\r\n<\/div><style type=\"text\/css\">.quote {\r\n\tdisplay: flex;\r\n\talign-items: center;\r\n\tmargin-bottom: 24px;\r\n}\r\n.quote-wrapper {\r\n    \/*position: relative;\r\n    display: flex;*\/\r\n}\r\n.quote-text {\r\n\t\theight: 220px;\r\n\t\talign-content: center;\r\n    border-top: 1px solid #00a587;\r\n\t\tborder-bottom: 1px solid #00a587;\r\n\t\tfont-size: 24px;\r\n\t\tfont-style: italic;\r\n\t\tcolor: #00a587;\r\n\t\tline-height: 28px;\r\n }\r\n.quote-person {\r\n\t\tcolor: #373737;\r\n\t\tfont-size: 14px;\r\n\t\t\r\n}\r\n  .quote-image {\r\n    max-height: 220px; \/* Beispielh\u00f6he des Bildes *\/\r\n\t\tmargin-right: 10px;\r\n  }<\/style><div class=\"quote\">\r\n\t<img decoding=\"async\" src=\"https:\/\/amplify-test.pepperl-fuchs.com\/wp-content\/uploads\/2024\/07\/5c585982ad69b_art18-asien-shaneparr-zitat.jpg\" alt=\"\" class=\"quote-image\">\r\n\t<div class=\"quote-wrapper\">\t\r\n\t\t<div class=\"quote-text\">Die M\u00e4rkte mit dem gr\u00f6\u00dften Wachstumspotenzial befinden sich derzeit in Asien, allen voran China und Indien.\r\n\t\t\t<div class=\"quote-person\">Shane Parr, Executive Vice President Asia Pacific f\u00fcr den Gesch\u00e4ftsbereich Prozessautomation<\/div>\r\n\t\t<\/div>\r\n\t<\/div>\r\n<\/div><script type=\"text\/javascript\">if( typeof window.iv_elt_count === 'undefined' || window.iv_elt_count === null ){\r\n\t\t\t\twindow.iv_elt_count = 0;\r\n} else {\r\n\t\t\t\twindow.iv_elt_count++;\r\n}\r\nif(\"{{interview_headline}}\" === \"\") {\r\n\t\t\t\tjQuery( document ).ready(function() {\r\n\t\t\t\t\t\t\t\tjQuery('.iv_headline').eq(window.iv_elt_count).css('display','none');\r\n\t\t\t\t});\r\n}\r\nif(\"W\u00e4hrend unsere Produkte immer komplexer werden, k\u00f6nnen wir unseren Kunden mit der lokalen Pr\u00e4senz mehr fundiertes technisches Wissen zu unserem gesamten Produktportfolio an die Hand geben \u2014 entweder unseren Endkunden auf direktem Weg oder \u00fcber unser Netz an Distributoren. Noch wichtiger ist aber, dass wir spezifische Kundenbed\u00fcrfnisse nun effizienter in unsere Gesch\u00e4ftsbereiche einflie\u00dfen lassen k\u00f6nnen, um als Unternehmen so in der Lage zu sein, unser Produktportfolio weiterzuentwickeln und den lokalen Marktanforderungen anzupassen. Mit den vielf\u00e4ltigen Kulturen und Sprachen \u00fcber ganz Asien hinweg hilft es unheimlich, einheimische Mitarbeiter zu haben, die sich innerhalb ihrer eigenen kulturellen Umfelder bewegen. Unsere Teams k\u00f6nnen unseren Kunden den Pepperl+Fuchs Qualit\u00e4tsservice so direkt vor Ort anbieten, was uns von unseren Marktbegleitern unterscheidet.\" === \"\") {\r\n\t\t\t\tjQuery( document ).ready(function() {\r\n\t\t\t\t\t\t\t\tjQuery('.iv_a13277481903').css('display','none');\r\n\t\t\t\t});\r\n}\r\nif(\"\" === \"\") {\r\n\t\t\t\tjQuery( document ).ready(function() {\r\n\t\t\t\t\t\t\t\tjQuery('.iv_a23277481903').css('display','none');\r\n\t\t\t\t});\r\n}\r\nif(\"\" === \"\") {\r\n\t\t\t\tjQuery( document ).ready(function() {\r\n\t\t\t\t\t\t\t\tjQuery('.iv_a33277481903').css('display','none');\r\n\t\t\t\t});\r\n}\r\nif(\"\" === \"\") {\r\n\t\t\t\tjQuery( document ).ready(function() {\r\n\t\t\t\t\t\t\t\t\/\/ jQuery('.iv_answer4').eq(window.iv_elt_count).css('display','none');\r\n\t\t\t\t\t\t\t\tjQuery('.iv_a43277481903').css('display','none');\r\n\t\t\t\t});\r\n}<\/script><style type=\"text\/css\">.iv_headline {\r\n\t\tfont-weight: 700;\r\n\t\tfont-style: italic;\r\n\t\tfont-size: 20px;\r\n}\r\n.iv_person {\r\n\t\tcolor: #00a587;\r\n\t\tfont-style: italic;\r\n\t\tfont-weight: 400;\r\n}\r\n.iv_person::after {\r\n\t\tcontent: \": \";\r\n}<\/style><div class=\"custom-interview\" id=\"iv_3277481903\"><div class=\"iv_headline\">Wie profitieren unsere asiatischen Kunden von dieser lokalen Pr\u00e4senz?<\/div>\r\n<p class=\"iv_answer1 iv_a13277481903\"><span class=\"iv_person\">Shane Parr<\/span>W\u00e4hrend unsere Produkte immer komplexer werden, k\u00f6nnen wir unseren Kunden mit der lokalen Pr\u00e4senz mehr fundiertes technisches Wissen zu unserem gesamten Produktportfolio an die Hand geben \u2014 entweder unseren Endkunden auf direktem Weg oder \u00fcber unser Netz an Distributoren. Noch wichtiger ist aber, dass wir spezifische Kundenbed\u00fcrfnisse nun effizienter in unsere Gesch\u00e4ftsbereiche einflie\u00dfen lassen k\u00f6nnen, um als Unternehmen so in der Lage zu sein, unser Produktportfolio weiterzuentwickeln und den lokalen Marktanforderungen anzupassen. Mit den vielf\u00e4ltigen Kulturen und Sprachen \u00fcber ganz Asien hinweg hilft es unheimlich, einheimische Mitarbeiter zu haben, die sich innerhalb ihrer eigenen kulturellen Umfelder bewegen. Unsere Teams k\u00f6nnen unseren Kunden den Pepperl+Fuchs Qualit\u00e4tsservice so direkt vor Ort anbieten, was uns von unseren Marktbegleitern unterscheidet.<\/p>\r\n<p class=\"iv_answer2 iv_a23277481903\"><span class=\"iv_person\"><\/span><\/p>\r\n<p class=\"iv_answer3 iv_a33277481903\"><span class=\"iv_person\"><\/span><\/p>\r\n<p class=\"iv_answer4 iv_a43277481903\"><span class=\"iv_person\"><\/span><\/p>\r\n<\/div><script type=\"text\/javascript\">if( typeof window.iv_elt_count === 'undefined' || window.iv_elt_count === null ){\r\n\t\t\t\twindow.iv_elt_count = 0;\r\n} else {\r\n\t\t\t\twindow.iv_elt_count++;\r\n}\r\nif(\"{{interview_headline}}\" === \"\") {\r\n\t\t\t\tjQuery( document ).ready(function() {\r\n\t\t\t\t\t\t\t\tjQuery('.iv_headline').eq(window.iv_elt_count).css('display','none');\r\n\t\t\t\t});\r\n}\r\nif(\"Wir denken, dass die gr\u00f6\u00dferen M\u00e4rkte wie China und Indien weiter wachsen werden. Es gibt ein gro\u00dfes Innovationspotenzial in Asien, das sicherlich zu einer positiven Entwicklung beitragen wird. Japan und S\u00fcdkorea blicken bereits auf eine innovative Vergangenheit und sind auch weiterhin die Innovationsf\u00fchrer in Asien. Daneben gibt es L\u00e4nder wie Singapur, deren Regierungen in Bildung und die F\u00f6rderung innovativer Projekte investieren. Die S\u00fcdostasiatischen M\u00e4rkte haben ein signifikantes Potenzial, stehen aber vor mehr strukturellen und politischen Reformen, die notwendig sind, um internationale Investitionen in diesen L\u00e4ndern anzutreiben.\" === \"\") {\r\n\t\t\t\tjQuery( document ).ready(function() {\r\n\t\t\t\t\t\t\t\tjQuery('.iv_a12735704121').css('display','none');\r\n\t\t\t\t});\r\n}\r\nif(\"\" === \"\") {\r\n\t\t\t\tjQuery( document ).ready(function() {\r\n\t\t\t\t\t\t\t\tjQuery('.iv_a22735704121').css('display','none');\r\n\t\t\t\t});\r\n}\r\nif(\"\" === \"\") {\r\n\t\t\t\tjQuery( document ).ready(function() {\r\n\t\t\t\t\t\t\t\tjQuery('.iv_a32735704121').css('display','none');\r\n\t\t\t\t});\r\n}\r\nif(\"\" === \"\") {\r\n\t\t\t\tjQuery( document ).ready(function() {\r\n\t\t\t\t\t\t\t\t\/\/ jQuery('.iv_answer4').eq(window.iv_elt_count).css('display','none');\r\n\t\t\t\t\t\t\t\tjQuery('.iv_a42735704121').css('display','none');\r\n\t\t\t\t});\r\n}<\/script><style type=\"text\/css\">.iv_headline {\r\n\t\tfont-weight: 700;\r\n\t\tfont-style: italic;\r\n\t\tfont-size: 20px;\r\n}\r\n.iv_person {\r\n\t\tcolor: #00a587;\r\n\t\tfont-style: italic;\r\n\t\tfont-weight: 400;\r\n}\r\n.iv_person::after {\r\n\t\tcontent: \": \";\r\n}<\/style><div class=\"custom-interview\" id=\"iv_2735704121\"><div class=\"iv_headline\">Was erwarten Sie f\u00fcr Asiens Wirtschaft in den n\u00e4chsten Jahren?<\/div>\r\n<p class=\"iv_answer1 iv_a12735704121\"><span class=\"iv_person\">Shane Parr<\/span>Wir denken, dass die gr\u00f6\u00dferen M\u00e4rkte wie China und Indien weiter wachsen werden. Es gibt ein gro\u00dfes Innovationspotenzial in Asien, das sicherlich zu einer positiven Entwicklung beitragen wird. Japan und S\u00fcdkorea blicken bereits auf eine innovative Vergangenheit und sind auch weiterhin die Innovationsf\u00fchrer in Asien. Daneben gibt es L\u00e4nder wie Singapur, deren Regierungen in Bildung und die F\u00f6rderung innovativer Projekte investieren. Die S\u00fcdostasiatischen M\u00e4rkte haben ein signifikantes Potenzial, stehen aber vor mehr strukturellen und politischen Reformen, die notwendig sind, um internationale Investitionen in diesen L\u00e4ndern anzutreiben.<\/p>\r\n<p class=\"iv_answer2 iv_a22735704121\"><span class=\"iv_person\"><\/span><\/p>\r\n<p class=\"iv_answer3 iv_a32735704121\"><span class=\"iv_person\"><\/span><\/p>\r\n<p class=\"iv_answer4 iv_a42735704121\"><span class=\"iv_person\"><\/span><\/p>\r\n<\/div><script type=\"text\/javascript\">if( typeof window.iv_elt_count === 'undefined' || window.iv_elt_count === null ){\r\n\t\t\t\twindow.iv_elt_count = 0;\r\n} else {\r\n\t\t\t\twindow.iv_elt_count++;\r\n}\r\nif(\"{{interview_headline}}\" === \"\") {\r\n\t\t\t\tjQuery( document ).ready(function() {\r\n\t\t\t\t\t\t\t\tjQuery('.iv_headline').eq(window.iv_elt_count).css('display','none');\r\n\t\t\t\t});\r\n}\r\nif(\"Tats\u00e4chlich gibt es eine gro\u00dfe Aufregung rund um IoT und Sie werden vielleicht schon die eine oder andere Entwicklung in Richtung Industrie 4.0 sehen, die gerade in Arbeit ist. Die Prozessautomation ist traditionell konservativer, weshalb wir denken, dass die finale Umstellung auf eine IoT-Plattform zum Steuern einer Prozessanlage noch etwas auf sich warten lassen wird. Es gibt jedoch schon erste Ans\u00e4tze. Was wir sehen werden, sind Cloud-basierte Anwendungen zur Datenerfassung, um Prozesse zu optimieren. Au\u00dferdem glauben wir, dass die Mobile-Computing- und Kommunikationsger\u00e4te unserer Marke ecom eine grundlegende Plattform f\u00fcr alle Formen der IoT-Implementierung sein k\u00f6nnen.\" === \"\") {\r\n\t\t\t\tjQuery( document ).ready(function() {\r\n\t\t\t\t\t\t\t\tjQuery('.iv_a1202124525').css('display','none');\r\n\t\t\t\t});\r\n}\r\nif(\"\" === \"\") {\r\n\t\t\t\tjQuery( document ).ready(function() {\r\n\t\t\t\t\t\t\t\tjQuery('.iv_a2202124525').css('display','none');\r\n\t\t\t\t});\r\n}\r\nif(\"\" === \"\") {\r\n\t\t\t\tjQuery( document ).ready(function() {\r\n\t\t\t\t\t\t\t\tjQuery('.iv_a3202124525').css('display','none');\r\n\t\t\t\t});\r\n}\r\nif(\"\" === \"\") {\r\n\t\t\t\tjQuery( document ).ready(function() {\r\n\t\t\t\t\t\t\t\t\/\/ jQuery('.iv_answer4').eq(window.iv_elt_count).css('display','none');\r\n\t\t\t\t\t\t\t\tjQuery('.iv_a4202124525').css('display','none');\r\n\t\t\t\t});\r\n}<\/script><style type=\"text\/css\">.iv_headline {\r\n\t\tfont-weight: 700;\r\n\t\tfont-style: italic;\r\n\t\tfont-size: 20px;\r\n}\r\n.iv_person {\r\n\t\tcolor: #00a587;\r\n\t\tfont-style: italic;\r\n\t\tfont-weight: 400;\r\n}\r\n.iv_person::after {\r\n\t\tcontent: \": \";\r\n}<\/style><div class=\"custom-interview\" id=\"iv_202124525\"><div class=\"iv_headline\">Was ist mit \u201cIndustrie 4.0\u201d und dem \u201cInternet of Things\u201d (IoT) \u2014 wie sehen die Entwicklungen in Asien aus?<\/div>\r\n<p class=\"iv_answer1 iv_a1202124525\"><span class=\"iv_person\">Shane Parr<\/span>Tats\u00e4chlich gibt es eine gro\u00dfe Aufregung rund um IoT und Sie werden vielleicht schon die eine oder andere Entwicklung in Richtung Industrie 4.0 sehen, die gerade in Arbeit ist. Die Prozessautomation ist traditionell konservativer, weshalb wir denken, dass die finale Umstellung auf eine IoT-Plattform zum Steuern einer Prozessanlage noch etwas auf sich warten lassen wird. Es gibt jedoch schon erste Ans\u00e4tze. Was wir sehen werden, sind Cloud-basierte Anwendungen zur Datenerfassung, um Prozesse zu optimieren. Au\u00dferdem glauben wir, dass die Mobile-Computing- und Kommunikationsger\u00e4te unserer Marke ecom eine grundlegende Plattform f\u00fcr alle Formen der IoT-Implementierung sein k\u00f6nnen.<\/p>\r\n<p class=\"iv_answer2 iv_a2202124525\"><span class=\"iv_person\"><\/span><\/p>\r\n<p class=\"iv_answer3 iv_a3202124525\"><span class=\"iv_person\"><\/span><\/p>\r\n<p class=\"iv_answer4 iv_a4202124525\"><span class=\"iv_person\"><\/span><\/p>\r\n<\/div><script type=\"text\/javascript\">if( typeof window.iv_elt_count === 'undefined' || window.iv_elt_count === null ){\r\n\t\t\t\twindow.iv_elt_count = 0;\r\n} else {\r\n\t\t\t\twindow.iv_elt_count++;\r\n}\r\nif(\"{{interview_headline}}\" === \"\") {\r\n\t\t\t\tjQuery( document ).ready(function() {\r\n\t\t\t\t\t\t\t\tjQuery('.iv_headline').eq(window.iv_elt_count).css('display','none');\r\n\t\t\t\t});\r\n}\r\nif(\"Ich bin sicher, dass die Zukunft in Asien sehr positiv ist. Wir freuen uns auf weitere Investitionen unserer Stammkunden. Nat\u00fcrlich werden wir auch weiterhin auf die Bed\u00fcrfnisse am Markt h\u00f6ren und Produkte, die spezifisch von unseren Kunden in ganz Asien gebraucht werden, weiterentwickeln oder anpassen. Unser Unternehmen steht f\u00fcr Technologie, Qualit\u00e4t, termingerechte Lieferung und Unterst\u00fctzung. Mit Industrie 4.0 und IoT wird Pepperl+Fuchs bei der n\u00e4chsten industriellen Revolution vorne dabei sein, was uns in eine gute Position f\u00fcr die Zukunft bringt \u2014 nicht nur in Asien.\" === \"\") {\r\n\t\t\t\tjQuery( document ).ready(function() {\r\n\t\t\t\t\t\t\t\tjQuery('.iv_a11492412605').css('display','none');\r\n\t\t\t\t});\r\n}\r\nif(\"\" === \"\") {\r\n\t\t\t\tjQuery( document ).ready(function() {\r\n\t\t\t\t\t\t\t\tjQuery('.iv_a21492412605').css('display','none');\r\n\t\t\t\t});\r\n}\r\nif(\"\" === \"\") {\r\n\t\t\t\tjQuery( document ).ready(function() {\r\n\t\t\t\t\t\t\t\tjQuery('.iv_a31492412605').css('display','none');\r\n\t\t\t\t});\r\n}\r\nif(\"\" === \"\") {\r\n\t\t\t\tjQuery( document ).ready(function() {\r\n\t\t\t\t\t\t\t\t\/\/ jQuery('.iv_answer4').eq(window.iv_elt_count).css('display','none');\r\n\t\t\t\t\t\t\t\tjQuery('.iv_a41492412605').css('display','none');\r\n\t\t\t\t});\r\n}<\/script><style type=\"text\/css\">.iv_headline {\r\n\t\tfont-weight: 700;\r\n\t\tfont-style: italic;\r\n\t\tfont-size: 20px;\r\n}\r\n.iv_person {\r\n\t\tcolor: #00a587;\r\n\t\tfont-style: italic;\r\n\t\tfont-weight: 400;\r\n}\r\n.iv_person::after {\r\n\t\tcontent: \": \";\r\n}<\/style><div class=\"custom-interview\" id=\"iv_1492412605\"><div class=\"iv_headline\">Also blickt der Gesch\u00e4ftsbereich der Prozessautomation bei Pepperl+Fuchs in Asien in eine positive Zukunft?<\/div>\r\n<p class=\"iv_answer1 iv_a11492412605\"><span class=\"iv_person\">Shane Parr<\/span>Ich bin sicher, dass die Zukunft in Asien sehr positiv ist. Wir freuen uns auf weitere Investitionen unserer Stammkunden. Nat\u00fcrlich werden wir auch weiterhin auf die Bed\u00fcrfnisse am Markt h\u00f6ren und Produkte, die spezifisch von unseren Kunden in ganz Asien gebraucht werden, weiterentwickeln oder anpassen. Unser Unternehmen steht f\u00fcr Technologie, Qualit\u00e4t, termingerechte Lieferung und Unterst\u00fctzung. Mit Industrie 4.0 und IoT wird Pepperl+Fuchs bei der n\u00e4chsten industriellen Revolution vorne dabei sein, was uns in eine gute Position f\u00fcr die Zukunft bringt \u2014 nicht nur in Asien.<\/p>\r\n<p class=\"iv_answer2 iv_a21492412605\"><span class=\"iv_person\"><\/span><\/p>\r\n<p class=\"iv_answer3 iv_a31492412605\"><span class=\"iv_person\"><\/span><\/p>\r\n<p class=\"iv_answer4 iv_a41492412605\"><span class=\"iv_person\"><\/span><\/p>\r\n<\/div><\/div><\/div><div class=\"fusion-layout-column fusion_builder_column fusion-builder-column-2 fusion_builder_column_1_4 1_4 fusion-flex-column\" style=\"--awb-bg-size:cover;--awb-width-large:25%;--awb-margin-top-large:0px;--awb-spacing-right-large:7.68%;--awb-margin-bottom-large:20px;--awb-spacing-left-large:7.68%;--awb-width-medium:25%;--awb-order-medium:0;--awb-spacing-right-medium:7.68%;--awb-spacing-left-medium:7.68%;--awb-width-small:100%;--awb-order-small:0;--awb-spacing-right-small:1.92%;--awb-spacing-left-small:1.92%;\"><div class=\"fusion-column-wrapper fusion-column-has-shadow fusion-flex-justify-content-flex-start fusion-content-layout-column\"><div class=\"fusion-separator fusion-full-width-sep\" style=\"align-self: center;margin-left: auto;margin-right: auto;width:100%;\"><div class=\"fusion-separator-border sep-single sep-solid\" style=\"--awb-height:20px;--awb-amount:20px;--awb-sep-color:var(--awb-color8);border-color:var(--awb-color8);border-top-width:1px;\"><\/div><\/div><div class=\"fusion-social-networks sharingbox-shortcode-icon-wrapper sharingbox-shortcode-icon-wrapper-1 boxed-icons sidebar\">\n\t<span class=\"share-linkedin\">\n\t\t<a href=\"https:\/\/www.linkedin.com\/shareArticle?\" target=\"_blank\" rel=\"noopener noreferrer\" title=\"\" aria-label=\"LinkedIn\" data-placement=\"top\" data-toggle=\"tooltip\" data-title=\"LinkedIn\" data-original-title=\"LinkedIn\">\n\t\t<i class=\"fusion-social-network-icon fusion-tooltip fusion-linkedin awb-icon-linkedin\" style=\"color:#ffffff;background-color:#0077b5;border-color:#0077b5;border-radius:0px;\" aria-hidden=\"true\"><\/i>\n\t\t<\/a>\n\t<\/span>\n\t<span class=\"share-mail\">\n\t\t<a href=\/de\/kontakt\/\" target=\"_self\" title=\"\" aria-label=\"Email\" data-placement=\"top\" data-toggle=\"tooltip\" data-title=\"Email\" data-original-title=\"Email\">\n\t\t<i class=\"fusion-social-network-icon fusion-tooltip fusion-mail awb-icon-mail\" style=\"color:#ffffff;background-color:#00a587;border-color:#00a587;border-radius:0px;\" aria-hidden=\"true\"><\/i>\n\t\t<\/a>\n\t<\/span>\n\t<span class=\"share-insta\">\n\t\t<a href=\"https:\/\/www.instagram.com\" target=\"_blank\" rel=\"noreferrer noopener\" title=\"\" aria-label=\"Instagram\" data-placement=\"top\" data-toggle=\"tooltip\" data-title=\"Instagram\" data-original-title=\"Instagram\">\n\t\t<i class=\"fusion-social-network-icon fusion-tooltip fusion-instagram awb-icon-instagram\" style=\"color:#ffffff;background-color:#c13584;border-color:#c13584;border-radius:0px;\" aria-hidden=\"true\"><\/i>\n\t\t<\/a>\n\t<\/span>\t\n\t<span class=\"share-facebook\">\n\t\t<a href=\"https:\/\/www.facebook.com\/sharer.php?\" target=\"_blank\" rel=\"noreferrer noopener\" title=\"\" aria-label=\"Facebook\" data-placement=\"top\" data-toggle=\"tooltip\" data-title=\"Facebook\" data-original-title=\"Facebook\">\n\t\t<i class=\"fusion-social-network-icon fusion-tooltip fusion-facebook awb-icon-facebook\" style=\"color:#ffffff;background-color:#3b5998;border-color:#3b5998;border-radius:0px;\" aria-hidden=\"true\"><\/i>\n\t\t<\/a>\n\t<\/span>\n<\/div>\n<div class=\"fusion-separator fusion-full-width-sep\" style=\"align-self: center;margin-left: auto;margin-right: auto;width:100%;\"><div class=\"fusion-separator-border sep-single sep-solid\" style=\"--awb-height:20px;--awb-amount:20px;--awb-sep-color:var(--awb-color8);border-color:var(--awb-color8);border-top-width:1px;\"><\/div><\/div><div class=\"fusion-text fusion-text-4 sidebar\"><h4>Seien Sie dabei!<\/h4>\n<p><img decoding=\"async\" class=\"alignnone size-full wp-image-228\" src=\"https:\/\/amplify-test.pepperl-fuchs.com\/wp-content\/uploads\/2024\/07\/amplify-enews-bild.jpg\" alt=\"Two hands holding a tablet computer showing Pepperl+Fuchs newsletter.\" width=\"220\" height=\"124\" srcset=\"https:\/\/amplify-test.pepperl-fuchs.com\/wp-content\/uploads\/2024\/07\/amplify-enews-bild-66x37.jpg 66w, https:\/\/amplify-test.pepperl-fuchs.com\/wp-content\/uploads\/2024\/07\/amplify-enews-bild-177x100.jpg 177w, https:\/\/amplify-test.pepperl-fuchs.com\/wp-content\/uploads\/2024\/07\/amplify-enews-bild-200x113.jpg 200w, https:\/\/amplify-test.pepperl-fuchs.com\/wp-content\/uploads\/2024\/07\/amplify-enews-bild.jpg 220w\" sizes=\"(max-width: 220px) 100vw, 220px\" \/><\/p>\n<p><a href=\"https:\/\/www.pepperl-fuchs.com\/de\/news\/stay-in-touch\/pepperl-fuchs-e-news-gp30796\" target=\"_blank\" rel=\"noopener\">Erhalten Sie mit der e-news regelm\u00e4\u00dfig Neuigkeiten rund um die Welt der Automation.<\/a><\/p>\n<\/div>\n<div class=\"fusion-separator fusion-full-width-sep\" style=\"align-self: center;margin-left: auto;margin-right: auto;width:100%;\"><div class=\"fusion-separator-border sep-single sep-solid\" style=\"--awb-height:20px;--awb-amount:20px;--awb-sep-color:var(--awb-color8);border-color:var(--awb-color8);border-top-width:1px;\"><\/div><\/div><div class=\"fusion-modal modal fade modal-1 editorial-use\" tabindex=\"-1\" role=\"dialog\" aria-labelledby=\"modal-heading-1\" aria-hidden=\"true\" style=\"--awb-border-color:var(--awb-color3);--awb-background:var(--awb-color1);\"><div class=\"modal-dialog modal-lg\" role=\"document\"><div class=\"modal-content fusion-modal-content\"><div class=\"modal-header\"><button class=\"close\" type=\"button\" data-dismiss=\"modal\" aria-hidden=\"true\" aria-label=\"Close\">&times;<\/button><h3 class=\"modal-title\" id=\"modal-heading-1\" data-dismiss=\"modal\" aria-hidden=\"true\">Redaktionelle Nutzung<\/h3><\/div><div class=\"modal-body fusion-clearfix\">\n<p>The editorial use of articles from \u201camplify\u201d is only permitted with the prior consent of the publisher Pepperl+Fuchs SE. In addition, the original source <a href=\"https:\/\/amplify-test.pepperl-fuchs.com\/\" target=\"_blank\" rel=\"noopener\">amplify.pepperl-fuchs.com<\/a>\u00a0must be referenced when articles are reused or processed.<\/p>\n<div class=\"fusion-button-wrapper\"><a class=\"fusion-button button-flat fusion-button-default-size button-custom fusion-button-default button-1 fusion-button-default-span fusion-button-default-type\" style=\"--button_accent_color:var(--awb-color1);--button_accent_hover_color:var(--awb-custom_color_2);--button_border_hover_color:var(--awb-custom_color_2);--button_gradient_top_color:var(--awb-color3);--button_gradient_bottom_color:var(--awb-color3);--button_gradient_top_color_hover:var(--awb-color1);--button_gradient_bottom_color_hover:var(--awb-color1);\" target=\"_self\" href=\"mailto:amplify@pepperl-fuchs.com?subject=Request%20Editorial%20Use\"><span class=\"fusion-button-text awb-button__text awb-button__text--default\">Redaktionelle Nutzung anfragen<\/span><\/a><\/div>\n<\/div><\/div><\/div><\/div>\n<div ><a class=\"fusion-button button-flat fusion-button-default-size button-custom fusion-button-default button-2 fusion-button-default-span fusion-button-default-type sidebar\" style=\"--button_accent_color:var(--awb-color1);--button_accent_hover_color:var(--awb-custom_color_2);--button_border_hover_color:var(--awb-custom_color_2);--button_gradient_top_color:var(--awb-color3);--button_gradient_bottom_color:var(--awb-color3);--button_gradient_top_color_hover:var(--awb-color1);--button_gradient_bottom_color_hover:var(--awb-color1);--button_margin-top:12px;--button_margin-right:auto;--button_margin-left:auto;\" target=\"_self\" href=\"#\" data-toggle=\"modal\" data-target=\".fusion-modal.editorial-use\"><i class=\"fa-pen fas awb-button__icon awb-button__icon--default button-icon-left\" aria-hidden=\"true\"><\/i><span class=\"fusion-button-text awb-button__text awb-button__text--default\">Redaktionelle Nutzung<\/span><\/a><\/div>\n<\/div><\/div><\/div><\/div><div class=\"fusion-fullwidth fullwidth-box fusion-builder-row-2 fusion-flex-container has-pattern-background has-mask-background nonhundred-percent-fullwidth non-hundred-percent-height-scrolling infocontainer gradient-container-2\" style=\"--awb-border-radius-top-left:0px;--awb-border-radius-top-right:0px;--awb-border-radius-bottom-right:0px;--awb-border-radius-bottom-left:0px;--awb-margin-top:36px;--awb-min-height:380px;--awb-background-color:var(--awb-color8);--awb-flex-wrap:wrap;\" ><div class=\"fusion-builder-row fusion-row fusion-flex-align-items-center fusion-flex-align-content-center fusion-flex-content-wrap\" style=\"max-width:1248px;margin-left: calc(-4% \/ 2 );margin-right: calc(-4% \/ 2 );\"><div class=\"fusion-layout-column fusion_builder_column fusion-builder-column-3 fusion_builder_column_1_3 1_3 fusion-flex-column fusion-flex-align-self-stretch infocontainer-left\" style=\"--awb-bg-image:url(&#039;https:\/\/amplify-test.pepperl-fuchs.com\/wp-content\/uploads\/2024\/07\/5c4ee15954dfa_asias-economy.jpg&#039;);--awb-bg-size:cover;--awb-width-large:33.333333333333%;--awb-margin-top-large:0px;--awb-spacing-right-large:5.76%;--awb-margin-bottom-large:20px;--awb-spacing-left-large:5.76%;--awb-width-medium:33.333333333333%;--awb-order-medium:0;--awb-spacing-right-medium:5.76%;--awb-spacing-left-medium:5.76%;--awb-width-small:100%;--awb-order-small:0;--awb-spacing-right-small:1.92%;--awb-spacing-left-small:1.92%;\" data-scroll-devices=\"small-visibility,medium-visibility,large-visibility\"><div class=\"fusion-column-wrapper fusion-column-has-shadow fusion-flex-justify-content-flex-start fusion-content-layout-column fusion-column-has-bg-image\" data-bg-url=\"https:\/\/amplify-test.pepperl-fuchs.com\/wp-content\/uploads\/2024\/07\/5c4ee15954dfa_asias-economy.jpg\"><i class=\"fb-icon-element-1 fb-icon-element fontawesome-icon fa-info fas circle-yes fusion-text-flow\" style=\"--awb-circlecolor:var(--awb-color3);--awb-circlebordersize:0px;--awb-font-size:33.44px;--awb-width:66.88px;--awb-height:66.88px;--awb-line-height:66.88px;--awb-border-radius-top-l:0px;--awb-border-radius-top-r:0px;--awb-border-radius-bot-r:0px;--awb-border-radius-bot-l:0px;--awb-margin-right:19px;\"><\/i><\/div><\/div><div class=\"fusion-layout-column fusion_builder_column fusion-builder-column-4 fusion_builder_column_2_3 2_3 fusion-flex-column fusion-flex-align-self-stretch infocontainer-right\" style=\"--awb-padding-top:20px;--awb-padding-right:20px;--awb-bg-color:var(--awb-color1);--awb-bg-color-hover:var(--awb-color1);--awb-bg-size:cover;--awb-width-large:66.666666666667%;--awb-margin-top-large:42px;--awb-spacing-right-large:2.88%;--awb-margin-bottom-large:20px;--awb-spacing-left-large:2.88%;--awb-width-medium:66.666666666667%;--awb-order-medium:0;--awb-spacing-right-medium:2.88%;--awb-spacing-left-medium:2.88%;--awb-width-small:100%;--awb-order-small:0;--awb-spacing-right-small:1.92%;--awb-spacing-left-small:1.92%;\" data-scroll-devices=\"small-visibility,medium-visibility,large-visibility\"><div class=\"fusion-column-wrapper fusion-column-has-shadow fusion-flex-justify-content-flex-start fusion-content-layout-column\"><div class=\"fusion-text fusion-text-5\"><h2>Wirtschaft in Asien<\/h2>\n<p>Asien ist die am schnellsten wachsende Wirtschaftsregion der Welt, wobei China, Japan, Indien, S\u00fcdkorea und Indonesien die Top F\u00fcnf in Asien bilden. Aufgrund ihrer rasanten wirtschaftlichen Entwicklung werden die Regionen S\u00fcdkorea, Taiwan (China), Singapur sowie die Sonderverwaltungszone Hongkong (China) Tigerstaaten oder auch \u201evier kleine Drachen\u201c genannt. Hong Kong und Singapur sind unter den gr\u00f6\u00dften Finanzzentren der Welt, S\u00fcdkorea und Taiwan hingegen gelten als bedeutende Zentren, wenn es um die Herstellung von Komponenten f\u00fcr die Automobil- und Elektroindustrie als auch um den IT-Bereich geht. Insgesamt unterscheidet sich die wirtschaftliche Entwicklung in Asien jedoch sehr von Land zu Land.<\/p>\n<\/div><\/div><\/div><\/div><\/div><\/p>\n","protected":false},"excerpt":{"rendered":"<p>Executive Vice President Asia-Pacific gibt Einblicke in die asiatische Wirtschaftswelt, ihr Wachstum und die Gesch\u00e4fte von Pepperl+Fuchs vor Ort.<\/p>\n","protected":false},"author":2,"featured_media":2300,"comment_status":"open","ping_status":"open","sticky":false,"template":"","format":"standard","meta":{"_acf_changed":false,"footnotes":""},"categories":[22,21],"tags":[124,243],"class_list":["post-2737","post","type-post","status-publish","format-standard","has-post-thumbnail","hentry","category-explosionsschutz","category-maerkte-trends","tag-auf-wachstum-eingestellt","tag-auf-wachstum-eingestellt-de"],"acf":[],"_links":{"self":[{"href":"https:\/\/amplify-test.pepperl-fuchs.com\/de\/wp-json\/wp\/v2\/posts\/2737","targetHints":{"allow":["GET"]}}],"collection":[{"href":"https:\/\/amplify-test.pepperl-fuchs.com\/de\/wp-json\/wp\/v2\/posts"}],"about":[{"href":"https:\/\/amplify-test.pepperl-fuchs.com\/de\/wp-json\/wp\/v2\/types\/post"}],"author":[{"embeddable":true,"href":"https:\/\/amplify-test.pepperl-fuchs.com\/de\/wp-json\/wp\/v2\/users\/2"}],"replies":[{"embeddable":true,"href":"https:\/\/amplify-test.pepperl-fuchs.com\/de\/wp-json\/wp\/v2\/comments?post=2737"}],"version-history":[{"count":16,"href":"https:\/\/amplify-test.pepperl-fuchs.com\/de\/wp-json\/wp\/v2\/posts\/2737\/revisions"}],"predecessor-version":[{"id":4914,"href":"https:\/\/amplify-test.pepperl-fuchs.com\/de\/wp-json\/wp\/v2\/posts\/2737\/revisions\/4914"}],"wp:featuredmedia":[{"embeddable":true,"href":"https:\/\/amplify-test.pepperl-fuchs.com\/de\/wp-json\/wp\/v2\/media\/2300"}],"wp:attachment":[{"href":"https:\/\/amplify-test.pepperl-fuchs.com\/de\/wp-json\/wp\/v2\/media?parent=2737"}],"wp:term":[{"taxonomy":"category","embeddable":true,"href":"https:\/\/amplify-test.pepperl-fuchs.com\/de\/wp-json\/wp\/v2\/categories?post=2737"},{"taxonomy":"post_tag","embeddable":true,"href":"https:\/\/amplify-test.pepperl-fuchs.com\/de\/wp-json\/wp\/v2\/tags?post=2737"}],"curies":[{"name":"wp","href":"https:\/\/api.w.org\/{rel}","templated":true}]}}