{"id":2745,"date":"2018-12-04T00:00:00","date_gmt":"2018-12-04T00:00:00","guid":{"rendered":"https:\/\/amplify.webservices.de\/2018\/12\/04\/die-smarte-schoenheit\/"},"modified":"2025-06-03T08:50:05","modified_gmt":"2025-06-03T08:50:05","slug":"die-smarte-schoenheit","status":"publish","type":"post","link":"https:\/\/amplify-test.pepperl-fuchs.com\/de\/2018\/die-smarte-schoenheit\/","title":{"rendered":"Die smarte Sch\u00f6nheit"},"content":{"rendered":"<div class=\"fusion-fullwidth fullwidth-box fusion-builder-row-1 fusion-flex-container has-pattern-background has-mask-background nonhundred-percent-fullwidth non-hundred-percent-height-scrolling gradient-container-1\" style=\"--awb-border-radius-top-left:0px;--awb-border-radius-top-right:0px;--awb-border-radius-bottom-right:0px;--awb-border-radius-bottom-left:0px;--awb-flex-wrap:wrap;\" id=\"article\" ><div class=\"fusion-builder-row fusion-row fusion-flex-align-items-flex-start fusion-flex-content-wrap\" style=\"max-width:1248px;margin-left: calc(-4% \/ 2 );margin-right: calc(-4% \/ 2 );\"><div class=\"fusion-layout-column fusion_builder_column fusion-builder-column-0 fusion_builder_column_1_1 1_1 fusion-flex-column\" style=\"--awb-bg-size:cover;--awb-width-large:100%;--awb-margin-top-large:0px;--awb-spacing-right-large:1.92%;--awb-margin-bottom-large:20px;--awb-spacing-left-large:1.92%;--awb-width-medium:100%;--awb-order-medium:0;--awb-spacing-right-medium:1.92%;--awb-spacing-left-medium:1.92%;--awb-width-small:100%;--awb-order-small:0;--awb-spacing-right-small:1.92%;--awb-spacing-left-small:1.92%;\"><div class=\"fusion-column-wrapper fusion-column-has-shadow fusion-flex-justify-content-flex-start fusion-content-layout-column\"><div class=\"fusion-text fusion-text-1\" id=\"publishing_date\"><p>4. Dezember 2018<\/p>\n<\/div><div class=\"fusion-title title fusion-title-1 fusion-sep-none fusion-title-text fusion-title-size-one\" id=\"article_headline\"><h1 class=\"fusion-title-heading title-heading-left fusion-responsive-typography-calculated\" style=\"margin:0;--fontSize:64;line-height:var(--awb-typography1-line-height);\">Die smarte Sch\u00f6nheit<\/h1><\/div><div class=\"fusion-text fusion-text-2 intro_text\"><p>Heidelberg befindet sich auf dem Weg zur \u201eSmart City\u201c und setzt dabei auf spezielle Ultraschallsensorik von Pepperl+Fuchs.<\/p>\n<\/div><div class=\"fusion-image-element \" style=\"--awb-caption-title-font-family:var(--h2_typography-font-family);--awb-caption-title-font-weight:var(--h2_typography-font-weight);--awb-caption-title-font-style:var(--h2_typography-font-style);--awb-caption-title-size:var(--h2_typography-font-size);--awb-caption-title-transform:var(--h2_typography-text-transform);--awb-caption-title-line-height:var(--h2_typography-line-height);--awb-caption-title-letter-spacing:var(--h2_typography-letter-spacing);\"><span class=\" fusion-imageframe imageframe-none imageframe-1 hover-type-none\"><img decoding=\"async\" width=\"1502\" height=\"845\" alt=\"smart city of Heidelberg\" title=\"amplify-beauty-and-brains-visual\" src=\"https:\/\/amplify-test.pepperl-fuchs.com\/wp-content\/uploads\/2018\/12\/amplify-beauty-and-brains-visual.png\" class=\"img-responsive wp-image-5012\" srcset=\"https:\/\/amplify-test.pepperl-fuchs.com\/wp-content\/uploads\/2018\/12\/amplify-beauty-and-brains-visual-200x113.png 200w, https:\/\/amplify-test.pepperl-fuchs.com\/wp-content\/uploads\/2018\/12\/amplify-beauty-and-brains-visual-400x225.png 400w, https:\/\/amplify-test.pepperl-fuchs.com\/wp-content\/uploads\/2018\/12\/amplify-beauty-and-brains-visual-600x338.png 600w, https:\/\/amplify-test.pepperl-fuchs.com\/wp-content\/uploads\/2018\/12\/amplify-beauty-and-brains-visual-800x450.png 800w, https:\/\/amplify-test.pepperl-fuchs.com\/wp-content\/uploads\/2018\/12\/amplify-beauty-and-brains-visual-1200x675.png 1200w, https:\/\/amplify-test.pepperl-fuchs.com\/wp-content\/uploads\/2018\/12\/amplify-beauty-and-brains-visual.png 1502w\" sizes=\"(max-width: 640px) 100vw, 1200px\" \/><\/span><\/div><\/div><\/div><div class=\"fusion-layout-column fusion_builder_column fusion-builder-column-1 fusion_builder_column_3_4 3_4 fusion-flex-column\" style=\"--awb-bg-size:cover;--awb-width-large:75%;--awb-margin-top-large:0px;--awb-spacing-right-large:2.56%;--awb-margin-bottom-large:20px;--awb-spacing-left-large:2.56%;--awb-width-medium:75%;--awb-order-medium:0;--awb-spacing-right-medium:2.56%;--awb-spacing-left-medium:2.56%;--awb-width-small:100%;--awb-order-small:0;--awb-spacing-right-small:1.92%;--awb-spacing-left-small:1.92%;\"><div class=\"fusion-column-wrapper fusion-column-has-shadow fusion-flex-justify-content-flex-start fusion-content-layout-column\"><div class=\"fusion-text fusion-text-3 elt_text\"><p>Historisch, malerisch, weltoffen, vertr\u00e4umt oder auch einfach nur romantisch\u00a0\u2014 so wird sie oft beschrieben: Heidelberg, die Sch\u00f6nheit am Neckar. Nun schickt sich ein weiteres Wort an, Einzug in die Liste dieser Attribute zu halten: \u201esmart\u201c! Denn trotz seiner so pittoresken Kulisse ist Heidelberg doch eine Gro\u00dfstadt \u2014 mit allen zugeh\u00f6rigen infrastrukturellen und administrativen Aufgaben. Diese sollen im Interesse von 160 000 B\u00fcrgern und fast zw\u00f6lf Millionen Besuchern pro Jahr zuk\u00fcnftig m\u00f6glichst smart, also st\u00e4rker digitalisiert und vernetzt, gel\u00f6st werden.<\/p>\n<p>\u201eWir m\u00fcssen dahin kommen, dass die digitale Infrastruktur ein Bestandteil der kommunalen Daseinsvorsorge wird \u2014 genau wie bei Strom, Gas oder Wasser\u201c, formuliert Heidelbergs Oberb\u00fcrgermeister Prof. Dr. Eckart W\u00fcrzner die Zielsetzung. Um die Entwicklung zu dieser, vom Konzept eines \u201eInternet of Things\u201c inspirierten, \u201eSmart City\u201c zu forcieren, schuf die Stadt Heidelberg 2017 mit der Digital-Agentur Heidelberg GmbH sogar eine eigene Institution. Sie treibt im aktiven Austausch mit Partnern aus Forschung und Wirtschaft nun diverse Projekte im Heidelberger Stadtgebiet voran.<\/p>\n<\/div><div class=\"fusion-image-element awb-imageframe-style awb-imageframe-style-below awb-imageframe-style-2\" style=\"--awb-caption-title-font-family:var(--h3_typography-font-family);--awb-caption-title-font-weight:var(--h3_typography-font-weight);--awb-caption-title-font-style:var(--h3_typography-font-style);--awb-caption-title-size:var(--h3_typography-font-size);--awb-caption-title-transform:var(--h3_typography-text-transform);--awb-caption-title-line-height:var(--h3_typography-line-height);--awb-caption-title-letter-spacing:var(--h3_typography-letter-spacing);\"><span class=\" fusion-imageframe imageframe-none imageframe-2 hover-type-none elt_image\"><a href=\"https:\/\/amplify-test.pepperl-fuchs.com\/wp-content\/uploads\/2024\/07\/5bb2124d85be4_sap-apphaus-heidelberg.png\" class=\"fusion-lightbox\" data-rel=\"iLightbox[a840e917b76793b50a6]\" data-caption=\"\"><img decoding=\"async\" width=\"1200\" height=\"800\" alt=\"SAP AppHaus Heidelberg\" src=\"https:\/\/amplify-test.pepperl-fuchs.com\/wp-content\/uploads\/2024\/07\/5bb2124d85be4_sap-apphaus-heidelberg.png\" class=\"img-responsive wp-image-2271\" srcset=\"https:\/\/amplify-test.pepperl-fuchs.com\/wp-content\/uploads\/2024\/07\/5bb2124d85be4_sap-apphaus-heidelberg-200x133.png 200w, https:\/\/amplify-test.pepperl-fuchs.com\/wp-content\/uploads\/2024\/07\/5bb2124d85be4_sap-apphaus-heidelberg-400x267.png 400w, https:\/\/amplify-test.pepperl-fuchs.com\/wp-content\/uploads\/2024\/07\/5bb2124d85be4_sap-apphaus-heidelberg-600x400.png 600w, https:\/\/amplify-test.pepperl-fuchs.com\/wp-content\/uploads\/2024\/07\/5bb2124d85be4_sap-apphaus-heidelberg-800x533.png 800w, https:\/\/amplify-test.pepperl-fuchs.com\/wp-content\/uploads\/2024\/07\/5bb2124d85be4_sap-apphaus-heidelberg.png 1200w\" sizes=\"(max-width: 640px) 100vw, 1200px\" \/><\/a><\/span><div class=\"awb-imageframe-caption-container\"><div class=\"awb-imageframe-caption\"><p class=\"awb-imageframe-caption-text\">In der kreativen Arbeitsumgebung des SAP AppHaus in Heidelberg wurden erste Smart-City-Szenarien diskutiert. (Bildquelle: SAP)<\/p><\/div><\/div><\/div><div class=\"fusion-text fusion-text-4 elt_headline_text\"><h2>F\u00fcr noch mehr Lebensqualit\u00e4t<\/h2>\n<p>Zur Identifizierung, Analyse und Bewertung erster konkreter Anwendungen arbeitete die Digital-Agentur eng mit den Experten der SAP Digital Business Services zusammen. In der kreativen Arbeitsumgebung des SAP AppHauses fand in Heidelberg ein Design-Thinking-Workshop statt, bei dem verschiedene Szenarien diskutiert und auf Komplexit\u00e4t und Machbarkeit hin analysiert wurden.<\/p>\n<p>Im Ergebnis entschied sich die junge Agentur f\u00fcr ein Pilotprojekt zur Digitalisierung eines Bereichs der Abfallentsorgung. \u201eMit den Entsorgern REMONDIS und AVR Kommunal GmbH stehen uns zwei sehr zukunftsorientierte Dienstleister zur Seite, die das Gedankenspiel direkt mitgegangen sind. Wenn es uns gelingen w\u00fcrde, Daten wie den F\u00fcllstand aus dem Inneren von Entsorgungsbeh\u00e4ltern zu gewinnen und zu interpretieren, k\u00f6nnten die Fahrtrouten von Entsorgungsfahrzeugen im Heidelberger Stadtgebiet wesentlich effizienter geplant werden. Das k\u00e4me B\u00fcrger, Stadt und Entsorger zugute\u201c, berichtet Sebastian Warkentin, Gesch\u00e4ftsf\u00fchrer der Digital-Agentur von den anf\u00e4nglichen \u00dcberlegungen.<\/p>\n<p>Sein Kollege Ruben Roque, zust\u00e4ndig f\u00fcr das Strategic Business Development der Agentur, f\u00fchrt die Vorteile eines Smart-Waste-Managements weiter aus: \u201eEffizientere Fahrtrouten bedeuten eingesparte Fahrzeiten bei unseren Entsorgern und weniger Verschlei\u00df an deren Fahrzeugen. Der gesamte Prozess kann wesentlich exakter vorausgeplant werden. Die Stadt Heidelberg und ihre B\u00fcrger profitieren von bedarfsorientierter Leerung, reduziertem L\u00e4rm, geringeren Abgasemissionen und weniger \u00fcberf\u00fcllten Recyclingbeh\u00e4ltern.'<\/p>\n<\/div><div class=\"fusion-text fusion-text-5 elt_headline_text\"><h2>Geb\u00fcndeltes Know-how aus Baden-W\u00fcrttemberg<\/h2>\n<p>Die gemeinsame Projektleitung der Digital-Agentur und der SAP Digital Business Services entschied sich bei der Umsetzung dieses ambitionierten Vorhabens f\u00fcr einen in Innovationsprojekten typischen agilen Ansatz. \u201eKennzeichnend f\u00fcr diese Projektmethode sind Iterationszyklen rund um das Prinzip \u201afail early and fail often\u2018, erkl\u00e4rt Pascal Matt, Solution Architect der SAP Digital Business Services. Auf der Suche nach weiteren f\u00fcr das Projekt ben\u00f6tigten Partnern wurden die umtriebigen Netzwerker der Digital-Agentur direkt in der Heidelberger Nachbarschaft f\u00fcndig: \u201eF\u00fcr die Gewinnung von Zustandsdaten aus dem Inneren der Entsorgungsbeh\u00e4lter brauchten wir einen ausgewiesenen Spezialisten f\u00fcr Sensorik und sind mit Pepperl+Fuchs in Mannheim in Kontakt getreten. Diese Sensordaten werden \u00fcber ein spezielles, neues Sensor-Funknetzwerk der Stadt Heidelberg transferiert. Die Smart City Solutions GmbH aus Karlsruhe hat ihre Praxiserfahrung bei der Integration solch versorgerspezifischer Anwendungsf\u00e4lle in das Projekt eingebracht\u201c, schildert Warkentin. Nach der Ausleitung \u00fcber diesen Kanal werden die Daten schlie\u00dflich in Softwarel\u00f6sungen der Walldorfer SAP SE verarbeitet, interpretiert und den Anwendern aller beteiligten Partner zur Verf\u00fcgung gestellt. \u201eDiese Kooperation untermauert eindrucksvoll, welche hohe technische L\u00f6sungskompetenz beim Thema Internet of Things am Wirtschaftsstandort Baden-W\u00fcrttemberg beheimatet ist und wie unternehmens\u00fcbergreifend im Interesse der Stadt zusammengearbeitet wird\u201c, erl\u00e4utert der Gesch\u00e4ftsf\u00fchrer der Digital-Agentur.<\/p>\n<\/div><div class=\"fusion-image-element awb-imageframe-style awb-imageframe-style-below awb-imageframe-style-3\" style=\"--awb-caption-title-font-family:var(--h3_typography-font-family);--awb-caption-title-font-weight:var(--h3_typography-font-weight);--awb-caption-title-font-style:var(--h3_typography-font-style);--awb-caption-title-size:var(--h3_typography-font-size);--awb-caption-title-transform:var(--h3_typography-text-transform);--awb-caption-title-line-height:var(--h3_typography-line-height);--awb-caption-title-letter-spacing:var(--h3_typography-letter-spacing);\"><span class=\" fusion-imageframe imageframe-none imageframe-3 hover-type-none elt_image\"><a href=\"https:\/\/amplify-test.pepperl-fuchs.com\/wp-content\/uploads\/2024\/07\/5bc9f961b94b3_wolfgang-weber-till-hoffmeyer-pepperlfuchs.jpg\" class=\"fusion-lightbox\" data-rel=\"iLightbox[f818d8e76f18af1942c]\" data-caption=\"\"><img decoding=\"async\" width=\"740\" height=\"550\" alt=\"Wolfgang Weber und Till Hoffmeyer von Pepperl+Fuchs\" src=\"https:\/\/amplify-test.pepperl-fuchs.com\/wp-content\/uploads\/2024\/07\/5bc9f961b94b3_wolfgang-weber-till-hoffmeyer-pepperlfuchs.jpg\" class=\"img-responsive wp-image-2274\" srcset=\"https:\/\/amplify-test.pepperl-fuchs.com\/wp-content\/uploads\/2024\/07\/5bc9f961b94b3_wolfgang-weber-till-hoffmeyer-pepperlfuchs-200x149.jpg 200w, https:\/\/amplify-test.pepperl-fuchs.com\/wp-content\/uploads\/2024\/07\/5bc9f961b94b3_wolfgang-weber-till-hoffmeyer-pepperlfuchs-400x297.jpg 400w, https:\/\/amplify-test.pepperl-fuchs.com\/wp-content\/uploads\/2024\/07\/5bc9f961b94b3_wolfgang-weber-till-hoffmeyer-pepperlfuchs-600x446.jpg 600w, https:\/\/amplify-test.pepperl-fuchs.com\/wp-content\/uploads\/2024\/07\/5bc9f961b94b3_wolfgang-weber-till-hoffmeyer-pepperlfuchs.jpg 740w\" sizes=\"(max-width: 640px) 100vw, 740px\" \/><\/a><\/span><div class=\"awb-imageframe-caption-container\"><div class=\"awb-imageframe-caption\"><p class=\"awb-imageframe-caption-text\">Global Industry Manager Wolfgang Weber und Produktmanager Till Hoffmeyer von Pepperl+Fuchs erarbeiteten im Zusammenspiel mit den Projektpartnern das Anforderungsprofil f\u00fcr die Sensorikl\u00f6sung.<\/p><\/div><\/div><\/div><div class=\"fusion-text fusion-text-6 elt_headline_text\"><h2>Leichte Integration dank flexibler Sensorik<\/h2>\n<p>Als \u201eTestgel\u00e4nde\u201c dienen diesem interdisziplin\u00e4ren Team nun verschiedene Standorte sowohl im innerst\u00e4dtischen Bereich als auch in den Au\u00dfenbezirken der Stadt Heidelberg. Viele der dort ans\u00e4ssigen B\u00fcrger ahnen noch nicht, dass sie beim routinem\u00e4\u00dfigen Gang zum Altglasbeh\u00e4lter indirekt bei der Gestaltung des zuk\u00fcnftigen digitalen Heidelberg mitarbeiten. \u201eDie in zehn Altglasbeh\u00e4ltern eingesetzte Sensorikl\u00f6sung bleibt dem Auge von au\u00dfen v\u00f6llig verborgen. Und wer nun neugierig wird und auf die Idee kommt, dort mal nach Verkabelung zu schauen, den muss ich leider entt\u00e4uschen: Sie arbeitet batteriebetrieben und somit v\u00f6llig kabellos\u201c, gibt Wolfgang Weber von Pepperl+Fuchs schmunzelnd zu Protokoll. Der erfahrene Global Industry Manager versteht sich darauf, die Anforderungen bestimmter Branchen und Anwendungen zu erfassen und sie dann gemeinsam mit seinen Kollegen aus Entwicklung und Produktmanagement bei Pepperl+Fuchs in spezifische L\u00f6sungen umzusetzen.<\/p>\n<p>Im Falle der Altglascontainer ist deren Herzst\u00fcck der UCC*-50GK. \u201eDieser modulare, auf extrem flexible und einfache Integration ausgerichtete Ultraschallsensor wird durch weitere Komponenten flankiert, die passgenau f\u00fcr die Smart-Waste-Management-Anwendung ausgew\u00e4hlt wurden\u201c, erl\u00e4utert Till Hoffmeyer, Produktmanager im Bereich Ultraschallsensorik bei Pepperl+Fuchs. So erg\u00e4nzen den UCC*-50GK unter anderem eine Batterieeinheit, ein energiesparsames Funkmodul und ein robustes Geh\u00e4use. Diese Komplettl\u00f6sung bezeichnet Pepperl+Fuchs als \u201eIoT-Sensor\u201c. \u201eDer UCC*-50GK ist, im Gegensatz zu \u00fcblichen industriellen Sensoren, f\u00fcr den Einsatz im IT-Umfeld optimiert. Die Kollegen von Smart City Solutions aus Karlsruhe bewegen sich bei der Integration des Sensors in die Anwendung innerhalb der ihnen vertrauten Konfigurationsumgebung und k\u00f6nnen ihre St\u00e4rken voll ausspielen, ohne sich zus\u00e4tzlich mit aufw\u00e4ndiger SPS-Programmierung auseinandersetzen zu m\u00fcssen\u201c, umrei\u00dft Weber den Vorteil f\u00fcr den Kooperationspartner. \u201eEinmal parametrierte Sensoren k\u00f6nnen anschlie\u00dfend direkt ihre Daten \u00fcber das Funkmodul in die IoT-Cloud senden\u201c, erg\u00e4nzt Hoffmeyer. Mit LIN Bus, UART und PWM stellten die Entwickler von Pepperl+Fuchs den Kollegen bei Smart City Solutions drei applikationsspezifische Schnittstellen f\u00fcr die Integration der Ultraschallsensoren bereit.<\/p>\n<\/div><div class=\"fusion-image-carousel fusion-image-carousel-auto fusion-image-carousel-1 fusion-carousel-border awb-image-carousel-top-below-caption elt_gallery\"><div class=\"awb-carousel awb-swiper awb-swiper-carousel awb-carousel--carousel awb-swiper-dots-position-bottom awb-imageframe-style awb-imageframe-style-above awb-imageframe-style-1\" data-layout=\"carousel\" data-autoplay=\"no\" data-autoplayspeed=\"2500\" data-autoplaypause=\"no\" data-columns=\"1\" data-columnsmedium=\"1\" data-columnssmall=\"1\" data-itemmargin=\"13\" data-itemwidth=\"180\" data-touchscroll=\"no\" data-freemode=\"no\" data-imagesize=\"auto\" data-scrollitems=\"0\" data-centeredslides=\"no\" data-rotationangle=\"50\" data-depth=\"100\" data-speed=\"500\" data-shadow=\"no\" data-pagination=\"bullets\" style=\"--awb-columns:1;--awb-border-width:1px;--awb-border-color:#e9eaee;\"><div class=\"swiper-wrapper awb-image-carousel-wrapper fusion-flex-align-items-center\"><div class=\"swiper-slide\"><div class=\"fusion-carousel-item-wrapper\"><div class=\"awb-imageframe-caption-container\"><div class=\"awb-imageframe-caption\"><p class=\"awb-imageframe-caption-text\">Das Herzst\u00fcck der L\u00f6sung von Pepperl+Fuchs ist der Ultraschallsensor UCC*-50GK, der f\u00fcr den Einsatz im IT-Umfeld optimiert wurde.<\/p><\/div><\/div><div class=\"fusion-image-wrapper hover-type-none\"><img decoding=\"async\" width=\"850\" height=\"567\" src=\"https:\/\/amplify-test.pepperl-fuchs.com\/wp-content\/uploads\/2024\/07\/5bb2141ecd174_embedded-ultrasonic-sensor.jpg\" class=\"attachment-full size-full\" alt=\"\" srcset=\"https:\/\/amplify-test.pepperl-fuchs.com\/wp-content\/uploads\/2024\/07\/5bb2141ecd174_embedded-ultrasonic-sensor-200x133.jpg 200w, https:\/\/amplify-test.pepperl-fuchs.com\/wp-content\/uploads\/2024\/07\/5bb2141ecd174_embedded-ultrasonic-sensor-300x200.jpg 300w, https:\/\/amplify-test.pepperl-fuchs.com\/wp-content\/uploads\/2024\/07\/5bb2141ecd174_embedded-ultrasonic-sensor-400x267.jpg 400w, https:\/\/amplify-test.pepperl-fuchs.com\/wp-content\/uploads\/2024\/07\/5bb2141ecd174_embedded-ultrasonic-sensor-600x400.jpg 600w, https:\/\/amplify-test.pepperl-fuchs.com\/wp-content\/uploads\/2024\/07\/5bb2141ecd174_embedded-ultrasonic-sensor-768x512.jpg 768w, https:\/\/amplify-test.pepperl-fuchs.com\/wp-content\/uploads\/2024\/07\/5bb2141ecd174_embedded-ultrasonic-sensor-800x534.jpg 800w, https:\/\/amplify-test.pepperl-fuchs.com\/wp-content\/uploads\/2024\/07\/5bb2141ecd174_embedded-ultrasonic-sensor.jpg 850w\" sizes=\"(max-width: 850px) 100vw, 850px\" \/><\/div><\/div><\/div><div class=\"swiper-slide\"><div class=\"fusion-carousel-item-wrapper\"><div class=\"awb-imageframe-caption-container\"><div class=\"awb-imageframe-caption\"><p class=\"awb-imageframe-caption-text\">Die Kombination aus UCC*-50GK und weiteren Modulen wird zum \u201eIoT-Sensor\u201c, der insgesamt acht Funktionen bietet.<\/p><\/div><\/div><div class=\"fusion-image-wrapper hover-type-none\"><img decoding=\"async\" width=\"850\" height=\"567\" src=\"https:\/\/amplify-test.pepperl-fuchs.com\/wp-content\/uploads\/2024\/07\/5bc9f961bc52f_iot-sensor.jpg\" class=\"attachment-full size-full\" alt=\"\" srcset=\"https:\/\/amplify-test.pepperl-fuchs.com\/wp-content\/uploads\/2024\/07\/5bc9f961bc52f_iot-sensor-200x133.jpg 200w, https:\/\/amplify-test.pepperl-fuchs.com\/wp-content\/uploads\/2024\/07\/5bc9f961bc52f_iot-sensor-300x200.jpg 300w, https:\/\/amplify-test.pepperl-fuchs.com\/wp-content\/uploads\/2024\/07\/5bc9f961bc52f_iot-sensor-400x267.jpg 400w, https:\/\/amplify-test.pepperl-fuchs.com\/wp-content\/uploads\/2024\/07\/5bc9f961bc52f_iot-sensor-600x400.jpg 600w, https:\/\/amplify-test.pepperl-fuchs.com\/wp-content\/uploads\/2024\/07\/5bc9f961bc52f_iot-sensor-768x512.jpg 768w, https:\/\/amplify-test.pepperl-fuchs.com\/wp-content\/uploads\/2024\/07\/5bc9f961bc52f_iot-sensor-800x534.jpg 800w, https:\/\/amplify-test.pepperl-fuchs.com\/wp-content\/uploads\/2024\/07\/5bc9f961bc52f_iot-sensor.jpg 850w\" sizes=\"(max-width: 850px) 100vw, 850px\" \/><\/div><\/div><\/div><\/div><div class=\"awb-swiper-button awb-swiper-button-prev\"><i class=\"awb-icon-angle-left\" aria-hidden=\"true\"><\/i><\/div><div class=\"awb-swiper-button awb-swiper-button-next\"><i class=\"awb-icon-angle-right\" aria-hidden=\"true\"><\/i><\/div><\/div><\/div><div class=\"fusion-text fusion-text-7 elt_headline_text\"><h2>In-House-Entwicklung f\u00fcr Smart-City-Anwendung<\/h2>\n<p>Neben der Sensorintegration kamen weitere Faktoren zum Tragen, die den Marktf\u00fchrer f\u00fcr Ultraschallsensorik bei der Entwicklung besch\u00e4ftigten. Schlie\u00dflich ist das Innere eines Entsorgungsbeh\u00e4lters eine spezielle Umgebung. \u201eDass unsere L\u00f6sung f\u00fcr einen wirklich zuverl\u00e4ssigen Betrieb in dieser Anwendung Schutzart IP66\/67 gen\u00fcgen muss, war uns schnell klar. Zus\u00e4tzlich haben wir den Wandler des UCC*-50GK mit einer PTFE-Schutzfolie \u00fcberzogen, wodurch er gegen chemisch aggressive Stoffe resistent ist, die in einem Entsorgungsbeh\u00e4lter entstehen k\u00f6nnen. Er l\u00e4sst sich im Umgebungstemperaturbereich von -25 \u00b0C bis +70 \u00b0C einsetzen und eine eingebaute Temperaturkompensation verhindert eine Beeinflussung des Sensors durch Temperaturschwankungen. Zudem verlangt die undefinierbare Messumgebung in einem Entsorgungsbeh\u00e4lter dem Sensor eine hohe Flexibilit\u00e4t ab. Diese Herausforderung hat unser Projektleiter Ernst Luber mit seinem Team erfolgreich gemeistert. Der Sensor passt sich durch adaptive Messprofile an die Randbedingungen an, um innerhalb von wenigen Messzyklen einen stabilen F\u00fcllstandwert zu gewinnen\u201c, berichtet Hoffmeyer \u00fcber die neue L\u00f6sung aus dem in Amberg angesiedelten Ultraschall-Kompetenzzentrum von Pepperl+Fuchs.<\/p>\n<\/div><div class=\"fusion-image-element awb-imageframe-style awb-imageframe-style-below awb-imageframe-style-4\" style=\"--awb-caption-title-font-family:var(--h3_typography-font-family);--awb-caption-title-font-weight:var(--h3_typography-font-weight);--awb-caption-title-font-style:var(--h3_typography-font-style);--awb-caption-title-size:var(--h3_typography-font-size);--awb-caption-title-transform:var(--h3_typography-text-transform);--awb-caption-title-line-height:var(--h3_typography-line-height);--awb-caption-title-letter-spacing:var(--h3_typography-letter-spacing);\"><span class=\" fusion-imageframe imageframe-none imageframe-4 hover-type-none elt_image\"><a href=\"https:\/\/amplify-test.pepperl-fuchs.com\/wp-content\/uploads\/2024\/07\/5bb2106b2875a_lora-logo.png\" class=\"fusion-lightbox\" data-rel=\"iLightbox[4857e691e5cc8ec7f69]\" data-caption=\"\"><img decoding=\"async\" width=\"1170\" height=\"721\" alt=\"LoRa-Logo\" src=\"https:\/\/amplify-test.pepperl-fuchs.com\/wp-content\/uploads\/2024\/07\/5bb2106b2875a_lora-logo.png\" class=\"img-responsive wp-image-2270\" srcset=\"https:\/\/amplify-test.pepperl-fuchs.com\/wp-content\/uploads\/2024\/07\/5bb2106b2875a_lora-logo-200x123.png 200w, https:\/\/amplify-test.pepperl-fuchs.com\/wp-content\/uploads\/2024\/07\/5bb2106b2875a_lora-logo-400x246.png 400w, https:\/\/amplify-test.pepperl-fuchs.com\/wp-content\/uploads\/2024\/07\/5bb2106b2875a_lora-logo-600x370.png 600w, https:\/\/amplify-test.pepperl-fuchs.com\/wp-content\/uploads\/2024\/07\/5bb2106b2875a_lora-logo-800x493.png 800w, https:\/\/amplify-test.pepperl-fuchs.com\/wp-content\/uploads\/2024\/07\/5bb2106b2875a_lora-logo.png 1170w\" sizes=\"(max-width: 640px) 100vw, 1170px\" \/><\/a><\/span><div class=\"awb-imageframe-caption-container\"><div class=\"awb-imageframe-caption\"><p class=\"awb-imageframe-caption-text\">Zur \u00dcbermittlung der Sensordaten setzt man in Heidelberg auf ein Long Range Wide Area Network (LorRaWAN). (Bildquelle: LoRa Alliance)<\/p><\/div><\/div><\/div><div class=\"fusion-text fusion-text-8 elt_headline_text\"><h2>LoRa vernetzt Heidelberg<\/h2>\n<p>Doch die von den Ultraschallsensoren erfassten F\u00fcllst\u00e4nde sind nicht die einzigen Informationen, die der IoT-Sensor zur Verf\u00fcgung stellt. Insgesamt acht Funktionen k\u00f6nnen genutzt werden, darunter zum Beispiel GPS-Daten und Temperaturwerte. Wie all diese Daten zur weiteren Analyse in die Software-L\u00f6sungen der SAP gelangen, erkl\u00e4rt Robert Koning, Gesch\u00e4ftsf\u00fchrer der Smart City Solutions GmbH: \u201eWir sind in Heidelberg dabei, ein Long Range Wide Area Network (LoRaWAN) zu erproben, \u00fcber das der Datentransfer digitalisierter kommunaler Dienste, wie hier im Pilotprojekt bei der Altglasentsorgung, abgewickelt werden kann.\u201c Der gro\u00dfe Vorteil daran: LoRa-WAN-Netzwerke sind \u00e4u\u00dferst energieeffizient und g\u00fcnstig in Einrichtung und Betrieb, wie Koning ausf\u00fchrt: \u201eMit einem einzigen Gateway oder einer Basisstation k\u00f6nnen Sie einen enormen Bereich der Stadt abdecken. Das ist gar kein Vergleich zu konventioneller WiFi-Technologie. Damit ist LoRa bestens geeignet f\u00fcr solche IoT-Applikationen im \u00f6ffentlichen Raum. Die gesendeten Datenmengen sind gering und der Energieaufwand auf Seiten des verbundenen Endger\u00e4ts f\u00e4llt entsprechend niedrig aus.\u201c Tats\u00e4chlich kann ein IoT-Sensor von Pepperl+Fuchs dank der LoRa-WAN-Technologie und des intelligenten Energiemanagements des UCC*-50GK, bestehend aus Energiesparmodus, Bootloader und Sleep-Mode, jahrelang ohne einen einzigen Batteriewechsel und Wartungstechniker selbstst\u00e4ndig auskommen.<\/p>\n<\/div><div class=\"fusion-image-element awb-imageframe-style awb-imageframe-style-below awb-imageframe-style-5\" style=\"--awb-caption-title-font-family:var(--h3_typography-font-family);--awb-caption-title-font-weight:var(--h3_typography-font-weight);--awb-caption-title-font-style:var(--h3_typography-font-style);--awb-caption-title-size:var(--h3_typography-font-size);--awb-caption-title-transform:var(--h3_typography-text-transform);--awb-caption-title-line-height:var(--h3_typography-line-height);--awb-caption-title-letter-spacing:var(--h3_typography-letter-spacing);\"><span class=\" fusion-imageframe imageframe-none imageframe-5 hover-type-none elt_image\"><a href=\"https:\/\/amplify-test.pepperl-fuchs.com\/wp-content\/uploads\/2024\/07\/5bb70b69be8e4_sap-connected-goods-smart-waste-management.jpg\" class=\"fusion-lightbox\" data-rel=\"iLightbox[55a88badf4823cf88dd]\" data-caption=\"\"><img decoding=\"async\" width=\"1024\" height=\"718\" alt=\"SAP Connected Goods f\u00fcr Smart-Waste-Management\" src=\"https:\/\/amplify-test.pepperl-fuchs.com\/wp-content\/uploads\/2024\/07\/5bb70b69be8e4_sap-connected-goods-smart-waste-management.jpg\" class=\"img-responsive wp-image-2268\" srcset=\"https:\/\/amplify-test.pepperl-fuchs.com\/wp-content\/uploads\/2024\/07\/5bb70b69be8e4_sap-connected-goods-smart-waste-management-200x140.jpg 200w, https:\/\/amplify-test.pepperl-fuchs.com\/wp-content\/uploads\/2024\/07\/5bb70b69be8e4_sap-connected-goods-smart-waste-management-400x280.jpg 400w, https:\/\/amplify-test.pepperl-fuchs.com\/wp-content\/uploads\/2024\/07\/5bb70b69be8e4_sap-connected-goods-smart-waste-management-600x421.jpg 600w, https:\/\/amplify-test.pepperl-fuchs.com\/wp-content\/uploads\/2024\/07\/5bb70b69be8e4_sap-connected-goods-smart-waste-management-800x561.jpg 800w, https:\/\/amplify-test.pepperl-fuchs.com\/wp-content\/uploads\/2024\/07\/5bb70b69be8e4_sap-connected-goods-smart-waste-management.jpg 1024w\" sizes=\"(max-width: 640px) 100vw, 1024px\" \/><\/a><\/span><div class=\"awb-imageframe-caption-container\"><div class=\"awb-imageframe-caption\"><p class=\"awb-imageframe-caption-text\">In SAP Connected Goods werden die F\u00fcllst\u00e4nde aus Altglasbeh\u00e4ltern sichtbar gemacht.<\/p><\/div><\/div><\/div><div class=\"fusion-text fusion-text-9 elt_headline_text\"><h2>Intelligente Altglasabholung mit Cloud-Technologie<\/h2>\n<p>Als Empf\u00e4nger der Daten aus dem LoRa-WAN-Netzwerk kommt die Cloud-basierte IoT-Standardl\u00f6sung \u201eSAP Connected Goods\u201c zum Einsatz, die hier genau f\u00fcr die Verwendung durch die Entsorgungsdisponenten der AVR Kommunal GmbH eingerichtet wird. \u201eDie AVR ist ein langj\u00e4hriger Kunde von SAP und nutzt bereits \u201aSAP Waste and Recycling\u2018, unsere Branchenl\u00f6sung f\u00fcr die Entsorgungswirtschaft. Das uns entgegengebrachte Vertrauen und die gemeinsame Neugier auf die Zukunft bilden eine ausgezeichnete Basis, um ein solches IoT-Projekt konsequent zu implementieren\u201c, kommentiert Dr. Frank Rambo, Produktmanager f\u00fcr IoT-L\u00f6sungen bei der SAP, die Zusammenarbeit mit dem Entsorger.<\/p>\n<p>Der Blick auf den Bildschirm zeigt dem Anwender eine klar aufbereitete Dashboard-Oberfl\u00e4che, deren diverse Funktionalit\u00e4ten Rambo gerne erkl\u00e4rt: \u201eNach dem Onboarding des Containers sehen wir in SAP Connected Goods den F\u00fcllstand der Beh\u00e4lter als Prozentwert dargestellt und \u00fcber die GPS-Daten die genaue Lokation einzelner Container auf der Karte. Wir k\u00f6nnen Regeln definieren, nach denen Altglasbeh\u00e4lter als voll erkannt werden und durch Integration in unsere Branchenl\u00f6sung SAP Waste and Recycling eine zeitnahe Entleerung durch den Entsorgungsdienstleister automatisiert veranlassen. So lassen sich die Fahrtrouten der Entsorgungsfahrzeuge dynamisch nach Bedarf festlegen.\u201c<\/p>\n<p>Des Weiteren erlaubt SAP Connected Goods, Trends und Spitzenphasen in der Container-Auslastung zu erkennen und zu bewerten, denn einzelne Messungen werden mit Zeitstempeln versehen dargestellt. \u201eWenn beispielsweise ein bestimmter Altglascontainer aufgrund eines regelm\u00e4\u00dfigen Sportereignisses immer an Samstagen \u00fcberm\u00e4\u00dfig bef\u00fcllt wird, bleibt das in SAP Connected Goods nicht verborgen. Die Entsorger sind dann in der Lage, entsprechende Ma\u00dfnahmen zu ergreifen\u201c, f\u00fchrt Rambo an und geht auch auf das Thema der Zuverl\u00e4ssigkeit eines solchen Systems ein. \u201eWir haben hier mit den Partnern ein \u00e4u\u00dferst belastbares Konstrukt geschaffen. Der IoT-Sensor von Pepperl+Fuchs ist robust ausgelegt und sorgt mit seinen erweiterten Features f\u00fcr mehr Sicherheit im Versorgungsablauf. Ein Brand in einem Container l\u00e4sst sich zum Beispiel fr\u00fchzeitig detektieren. Daf\u00fcr sorgt der integrierte Temperaturf\u00fchler. In SAP Connected Goods k\u00f6nnen wir dementsprechend Grenzwerte f\u00fcr Temperaturen definieren und automatisierte Alarmmeldungen an hinterlegbare Ansprechpartner absetzen. Zudem stellen wir auch Batterieladezust\u00e4nde dar und zeigen m\u00f6gliche, durch Verdeckungen des Ultraschallsensors bedingte Abweichungen an.\u201c<\/p>\n<\/div><style type=\"text\/css\">.quote {\r\n\tdisplay: flex;\r\n\talign-items: center;\r\n\tmargin-bottom: 24px;\r\n}\r\n.quote-wrapper {\r\n    \/*position: relative;\r\n    display: flex;*\/\r\n}\r\n.quote-text {\r\n\t\theight: 220px;\r\n\t\talign-content: center;\r\n    border-top: 1px solid #00a587;\r\n\t\tborder-bottom: 1px solid #00a587;\r\n\t\tfont-size: 24px;\r\n\t\tfont-style: italic;\r\n\t\tcolor: #00a587;\r\n\t\tline-height: 28px;\r\n }\r\n.quote-person {\r\n\t\tcolor: #373737;\r\n\t\tfont-size: 14px;\r\n\t\t\r\n}\r\n  .quote-image {\r\n    max-height: 220px; \/* Beispielh\u00f6he des Bildes *\/\r\n\t\tmargin-right: 10px;\r\n  }<\/style><div class=\"quote\">\r\n\t<img decoding=\"async\" src=\"https:\/\/amplify-test.pepperl-fuchs.com\/wp-content\/uploads\/2024\/07\/5bb20d978fc0e_eckart-wuerzner-oberbuergermeister-heidelberg.jpg\" alt=\"\" class=\"quote-image\">\r\n\t<div class=\"quote-wrapper\">\t\r\n\t\t<div class=\"quote-text\">Smart Waste ist eines unserer diversen Leuchtturmprojekte, mit denen wir das digitale Heidelberg sukzessive formen und weiterentwickeln werden.\r\n\t\t\t<div class=\"quote-person\">Dr. Eckart W\u00fcrzner, Oberb\u00fcrgermeister Heidelberg<\/div>\r\n\t\t<\/div>\r\n\t<\/div>\r\n<\/div><div class=\"fusion-text fusion-text-10 elt_headline_text\"><h2>Gr\u00fcnes Licht in Sicht<\/h2>\n<p>Innerhalb von drei Monaten gelang es dem Projektteam, unter SAP-seitiger Leitung von Matt, den ersten Prototypen der Anwendung ins Leben zu rufen. Die Voraussetzungen f\u00fcr eine digitale und noch gr\u00fcnere Zukunft in Heidelberg sind also in vielerlei Hinsicht gut \u2014 nun arbeitet man mit Hochdruck an den n\u00e4chsten Schritten. Digital-Agentur-Gesch\u00e4ftsf\u00fchrer Warkentin gibt einen Ausblick: \u201eNach Abschluss der Testphase evaluieren wir im Projektteam die Endergebnisse und Ableitungen und werden diese den diversen Stakeholdern aus Stadtverwaltung und B\u00fcrgerschaft pr\u00e4sentieren. Bereits jetzt l\u00e4sst sich attestieren, dass wir hier die richtigen Mitspieler aus der Wirtschaft ins Boot geholt haben, um das Projekt Smart-Waste-Management in gr\u00f6\u00dferem Umfang auszurollen.\u201c<\/p>\n<p>Matt skizziert die zus\u00e4tzlichen Einsatzm\u00f6glichkeiten: \u201eSolche IoT-L\u00f6sungen zeigen, wie k\u00fcnftig auch weitere Beh\u00e4lter, wie zum Beispiel Presscontainer, \u00fcber funk- und kabelgebundene Sensoren vernetzt und IoT-f\u00e4hig gemacht werden k\u00f6nnen. Diese Daten lassen sich dann den verschiedenen Bereichen der digitalen Stadt und Dienstleistungspartnern zur Verf\u00fcgung stellen.\u201c Bei Pepperl+Fuchs erwartet auch Weber mit Spannung die n\u00e4chsten Schritte: \u201eAls der Sensorik-Partner freuen wir uns, hier einen wichtigen Baustein f\u00fcr das Gelingen dieser smarten IoT-L\u00f6sung beigetragen zu haben und werden den Fortgang des Projekts weiterhin mit unserem Technologie-Know-how begleiten.\u201c<\/p>\n<p>Heidelbergs Oberb\u00fcrgermeister W\u00fcrzner zeigt sich jedenfalls angetan von den ersten Resultaten aus der Testphase: \u201eSmart Waste ist eines unserer diversen Leuchtturmprojekte, mit denen wir das digitale Heidelberg sukzessive formen und weiterentwickeln werden. Dank der bisherigen, hervorragenden Zusammenarbeit aller Beteiligten machen wir bei der F\u00fcllstand\u00fcberwachung z\u00fcgig Fortschritte.\u201c<\/p>\n<p>(Projektstatus: Dezember 2018)<\/p>\n<\/div><\/div><\/div><div class=\"fusion-layout-column fusion_builder_column fusion-builder-column-2 fusion_builder_column_1_4 1_4 fusion-flex-column\" style=\"--awb-bg-size:cover;--awb-width-large:25%;--awb-margin-top-large:0px;--awb-spacing-right-large:7.68%;--awb-margin-bottom-large:20px;--awb-spacing-left-large:7.68%;--awb-width-medium:25%;--awb-order-medium:0;--awb-spacing-right-medium:7.68%;--awb-spacing-left-medium:7.68%;--awb-width-small:100%;--awb-order-small:0;--awb-spacing-right-small:1.92%;--awb-spacing-left-small:1.92%;\"><div class=\"fusion-column-wrapper fusion-column-has-shadow fusion-flex-justify-content-flex-start fusion-content-layout-column\"><div class=\"fusion-separator fusion-full-width-sep\" style=\"align-self: center;margin-left: auto;margin-right: auto;width:100%;\"><div class=\"fusion-separator-border sep-single sep-solid\" style=\"--awb-height:20px;--awb-amount:20px;--awb-sep-color:var(--awb-color8);border-color:var(--awb-color8);border-top-width:1px;\"><\/div><\/div><div class=\"fusion-social-networks sharingbox-shortcode-icon-wrapper sharingbox-shortcode-icon-wrapper-1 boxed-icons sidebar\">\n\t<span class=\"share-linkedin\">\n\t\t<a href=\"https:\/\/www.linkedin.com\/shareArticle?\" target=\"_blank\" rel=\"noopener noreferrer\" title=\"\" aria-label=\"LinkedIn\" data-placement=\"top\" data-toggle=\"tooltip\" data-title=\"LinkedIn\" data-original-title=\"LinkedIn\">\n\t\t<i class=\"fusion-social-network-icon fusion-tooltip fusion-linkedin awb-icon-linkedin\" style=\"color:#ffffff;background-color:#0077b5;border-color:#0077b5;border-radius:0px;\" aria-hidden=\"true\"><\/i>\n\t\t<\/a>\n\t<\/span>\n\t<span class=\"share-mail\">\n\t\t<a href=\/de\/kontakt\/\" target=\"_self\" title=\"\" aria-label=\"Email\" data-placement=\"top\" data-toggle=\"tooltip\" data-title=\"Email\" data-original-title=\"Email\">\n\t\t<i class=\"fusion-social-network-icon fusion-tooltip fusion-mail awb-icon-mail\" style=\"color:#ffffff;background-color:#00a587;border-color:#00a587;border-radius:0px;\" aria-hidden=\"true\"><\/i>\n\t\t<\/a>\n\t<\/span>\n\t<span class=\"share-insta\">\n\t\t<a href=\"https:\/\/www.instagram.com\" target=\"_blank\" rel=\"noreferrer noopener\" title=\"\" aria-label=\"Instagram\" data-placement=\"top\" data-toggle=\"tooltip\" data-title=\"Instagram\" data-original-title=\"Instagram\">\n\t\t<i class=\"fusion-social-network-icon fusion-tooltip fusion-instagram awb-icon-instagram\" style=\"color:#ffffff;background-color:#c13584;border-color:#c13584;border-radius:0px;\" aria-hidden=\"true\"><\/i>\n\t\t<\/a>\n\t<\/span>\t\n\t<span class=\"share-facebook\">\n\t\t<a href=\"https:\/\/www.facebook.com\/sharer.php?\" target=\"_blank\" rel=\"noreferrer noopener\" title=\"\" aria-label=\"Facebook\" data-placement=\"top\" data-toggle=\"tooltip\" data-title=\"Facebook\" data-original-title=\"Facebook\">\n\t\t<i class=\"fusion-social-network-icon fusion-tooltip fusion-facebook awb-icon-facebook\" style=\"color:#ffffff;background-color:#3b5998;border-color:#3b5998;border-radius:0px;\" aria-hidden=\"true\"><\/i>\n\t\t<\/a>\n\t<\/span>\n<\/div>\n<div class=\"fusion-separator fusion-full-width-sep\" style=\"align-self: center;margin-left: auto;margin-right: auto;width:100%;\"><div class=\"fusion-separator-border sep-single sep-solid\" style=\"--awb-height:20px;--awb-amount:20px;--awb-sep-color:var(--awb-color8);border-color:var(--awb-color8);border-top-width:1px;\"><\/div><\/div><div class=\"fusion-text fusion-text-11 sidebar\"><h4>Seien Sie dabei!<\/h4>\n<p><img decoding=\"async\" class=\"alignnone size-full wp-image-228\" src=\"https:\/\/amplify-test.pepperl-fuchs.com\/wp-content\/uploads\/2024\/07\/amplify-enews-bild.jpg\" alt=\"Two hands holding a tablet computer showing Pepperl+Fuchs newsletter.\" width=\"220\" height=\"124\" srcset=\"https:\/\/amplify-test.pepperl-fuchs.com\/wp-content\/uploads\/2024\/07\/amplify-enews-bild-66x37.jpg 66w, https:\/\/amplify-test.pepperl-fuchs.com\/wp-content\/uploads\/2024\/07\/amplify-enews-bild-177x100.jpg 177w, https:\/\/amplify-test.pepperl-fuchs.com\/wp-content\/uploads\/2024\/07\/amplify-enews-bild-200x113.jpg 200w, https:\/\/amplify-test.pepperl-fuchs.com\/wp-content\/uploads\/2024\/07\/amplify-enews-bild.jpg 220w\" sizes=\"(max-width: 220px) 100vw, 220px\" \/><\/p>\n<p><a href=\"https:\/\/www.pepperl-fuchs.com\/de\/news\/stay-in-touch\/pepperl-fuchs-e-news-gp30796\" target=\"_blank\" rel=\"noopener\">Erhalten Sie mit der e-news regelm\u00e4\u00dfig Neuigkeiten rund um die Welt der Automation.<\/a><\/p>\n<\/div>\n<div class=\"fusion-title title fusion-title-2 fusion-sep-none fusion-title-text fusion-title-size-four\"><h4 class=\"fusion-title-heading title-heading-left fusion-responsive-typography-calculated\" style=\"margin:0;--fontSize:24;line-height:var(--awb-typography1-line-height);\">Video ansehen<\/h4><\/div><div class=\"fusion-text fusion-text-12\"><p><a href=\"#\" data-toggle=\"modal\" data-target=\".fusion-modal.modal-video0\"><img decoding=\"async\" class=\"alignnone wp-image-3431 size-full\" src=\"https:\/\/amplify-test.pepperl-fuchs.com\/wp-content\/uploads\/2018\/12\/5c3c407c66b14_smart-waste-sensor-heidelberg.jpg\" alt=\"\" width=\"220\" height=\"124\" \/><\/a><\/p>\n<p>Erhalten Sie im Video einen Einblick in das Projekt!<\/p>\n<\/div><div class=\"fusion-modal modal fade modal-1 modal-video0\" tabindex=\"-1\" role=\"dialog\" aria-labelledby=\"modal-heading-1\" aria-hidden=\"true\" style=\"--awb-border-color:var(--awb-color3);--awb-background:var(--awb-color1);\"><div class=\"modal-dialog modal-lg\" role=\"document\"><div class=\"modal-content fusion-modal-content\"><div class=\"modal-header\"><button class=\"close\" type=\"button\" data-dismiss=\"modal\" aria-hidden=\"true\" aria-label=\"Close\">&times;<\/button><h3 class=\"modal-title\" id=\"modal-heading-1\" data-dismiss=\"modal\" aria-hidden=\"true\"><\/h3><\/div><div class=\"modal-body fusion-clearfix\"><div class=\"fusion-video fusion-youtube\" style=\"--awb-max-width:1140px;--awb-max-height:640px;\"><div class=\"video-shortcode\"><div class=\"fluid-width-video-wrapper\" style=\"padding-top:56.14%;\" ><iframe title=\"YouTube video player 1\" src=\"https:\/\/www.youtube.com\/embed\/oGneZFMJh_Q?wmode=transparent&autoplay=0\" width=\"1140\" height=\"640\" allowfullscreen allow=\"autoplay; clipboard-write; encrypted-media; gyroscope; picture-in-picture;\"><\/iframe><\/div><\/div><\/div><\/div><div class=\"modal-footer\"><button class=\"fusion-button button-default button-medium button default medium\" type=\"button\" data-dismiss=\"modal\">Close<\/button><\/div><\/div><\/div><\/div><div class=\"fusion-separator fusion-full-width-sep\" style=\"align-self: center;margin-left: auto;margin-right: auto;width:100%;\"><div class=\"fusion-separator-border sep-single sep-solid\" style=\"--awb-height:20px;--awb-amount:20px;--awb-sep-color:var(--awb-color8);border-color:var(--awb-color8);border-top-width:1px;\"><\/div><\/div><div class=\"fusion-title title fusion-title-3 fusion-sep-none fusion-title-text fusion-title-size-four\"><h4 class=\"fusion-title-heading title-heading-left fusion-responsive-typography-calculated\" style=\"margin:0;--fontSize:24;line-height:var(--awb-typography1-line-height);\">Mehr zum Thema<\/h4><\/div><ul style=\"--awb-iconcolor:var(--awb-color3);--awb-line-height:27.2px;--awb-icon-width:27.2px;--awb-icon-height:27.2px;--awb-icon-margin:11.2px;--awb-content-margin:38.4px;\" class=\"fusion-checklist fusion-checklist-1 fusion-checklist-default type-icons\"><li class=\"fusion-li-item\" style=\"\"><span class=\"icon-wrapper circle-no\"><i class=\"fusion-li-icon fa-caret-right fas\" aria-hidden=\"true\"><\/i><\/span><div class=\"fusion-li-item-content\">\n<p><a href=\"https:\/\/www.pepperl-fuchs.com\/de\/products\/industrielle-sensoren\/wireless-sensors\/wireless-ultrasonic-sensors-gp65414\">LoraWAN-basierte Ultraschallsensoren von Pepperl+Fuchs<\/a><\/p>\n<\/div><\/li><li class=\"fusion-li-item\" style=\"\"><span class=\"icon-wrapper circle-no\"><i class=\"fusion-li-icon fa-caret-right fas\" aria-hidden=\"true\"><\/i><\/span><div class=\"fusion-li-item-content\">\n<p><a href=\"https:\/\/www.heidelberg.de\/hd,Lde\/872066.html\" target=\"_blank\" rel=\"noopener\">Digital City Heidelberg<\/a><\/p>\n<\/div><\/li><li class=\"fusion-li-item\" style=\"\"><span class=\"icon-wrapper circle-no\"><i class=\"fusion-li-icon fa-caret-right fas\" aria-hidden=\"true\"><\/i><\/span><div class=\"fusion-li-item-content\">\n<p><a href=\"https:\/\/www.sap.com\/germany\/index.html\" target=\"_blank\" rel=\"noopener\">SAP<\/a><\/p>\n<\/div><\/li><li class=\"fusion-li-item\" style=\"\"><span class=\"icon-wrapper circle-no\"><i class=\"fusion-li-icon fa-caret-right fas\" aria-hidden=\"true\"><\/i><\/span><div class=\"fusion-li-item-content\">\n<p><a href=\"https:\/\/www.smart-city-solutions.de\/\" target=\"_blank\" rel=\"noopener\">Smart City Solutions<\/a><\/p>\n<\/div><\/li><\/ul><div class=\"fusion-separator fusion-full-width-sep\" style=\"align-self: center;margin-left: auto;margin-right: auto;width:100%;\"><div class=\"fusion-separator-border sep-single sep-solid\" style=\"--awb-height:20px;--awb-amount:20px;--awb-sep-color:var(--awb-color8);border-color:var(--awb-color8);border-top-width:1px;\"><\/div><\/div><div class=\"fusion-modal modal fade modal-2 editorial-use\" tabindex=\"-1\" role=\"dialog\" aria-labelledby=\"modal-heading-2\" aria-hidden=\"true\" style=\"--awb-border-color:var(--awb-color3);--awb-background:var(--awb-color1);\"><div class=\"modal-dialog modal-lg\" role=\"document\"><div class=\"modal-content fusion-modal-content\"><div class=\"modal-header\"><button class=\"close\" type=\"button\" data-dismiss=\"modal\" aria-hidden=\"true\" aria-label=\"Close\">&times;<\/button><h3 class=\"modal-title\" id=\"modal-heading-2\" data-dismiss=\"modal\" aria-hidden=\"true\">Redaktionelle Nutzung<\/h3><\/div><div class=\"modal-body fusion-clearfix\">\n<p>The editorial use of articles from \u201camplify\u201d is only permitted with the prior consent of the publisher Pepperl+Fuchs SE. In addition, the original source <a href=\"https:\/\/amplify-test.pepperl-fuchs.com\/\" target=\"_blank\" rel=\"noopener\">amplify.pepperl-fuchs.com<\/a>\u00a0must be referenced when articles are reused or processed.<\/p>\n<div class=\"fusion-button-wrapper\"><a class=\"fusion-button button-flat fusion-button-default-size button-custom fusion-button-default button-1 fusion-button-default-span fusion-button-default-type\" style=\"--button_accent_color:var(--awb-color1);--button_accent_hover_color:var(--awb-custom_color_2);--button_border_hover_color:var(--awb-custom_color_2);--button_gradient_top_color:var(--awb-color3);--button_gradient_bottom_color:var(--awb-color3);--button_gradient_top_color_hover:var(--awb-color1);--button_gradient_bottom_color_hover:var(--awb-color1);\" target=\"_self\" href=\"mailto:amplify@pepperl-fuchs.com?subject=Request%20Editorial%20Use\"><span class=\"fusion-button-text awb-button__text awb-button__text--default\">Redaktionelle Nutzung anfragen<\/span><\/a><\/div>\n<\/div><\/div><\/div><\/div>\n<div ><a class=\"fusion-button button-flat fusion-button-default-size button-custom fusion-button-default button-2 fusion-button-default-span fusion-button-default-type sidebar\" style=\"--button_accent_color:var(--awb-color1);--button_accent_hover_color:var(--awb-custom_color_2);--button_border_hover_color:var(--awb-custom_color_2);--button_gradient_top_color:var(--awb-color3);--button_gradient_bottom_color:var(--awb-color3);--button_gradient_top_color_hover:var(--awb-color1);--button_gradient_bottom_color_hover:var(--awb-color1);--button_margin-top:12px;--button_margin-right:auto;--button_margin-left:auto;\" target=\"_self\" href=\"#\" data-toggle=\"modal\" data-target=\".fusion-modal.editorial-use\"><i class=\"fa-pen fas awb-button__icon awb-button__icon--default button-icon-left\" aria-hidden=\"true\"><\/i><span class=\"fusion-button-text awb-button__text awb-button__text--default\">Redaktionelle Nutzung<\/span><\/a><\/div>\n<\/div><\/div><\/div><\/div>\n","protected":false},"excerpt":{"rendered":"<p>Heidelberg befindet sich auf dem Weg zur \u201eSmart City\u201c und setzt dabei auf spezielle Ultraschallsensorik von Pepperl+Fuchs.<\/p>\n","protected":false},"author":7,"featured_media":5012,"comment_status":"open","ping_status":"open","sticky":false,"template":"","format":"standard","meta":{"_acf_changed":false,"footnotes":""},"categories":[20,24,19,21],"tags":[],"class_list":["post-2745","post","type-post","status-publish","format-standard","has-post-thumbnail","hentry","category-anwendungen-wissen","category-iiot-anwendungen","category-industrielle-sensoren","category-maerkte-trends"],"acf":[],"_links":{"self":[{"href":"https:\/\/amplify-test.pepperl-fuchs.com\/de\/wp-json\/wp\/v2\/posts\/2745","targetHints":{"allow":["GET"]}}],"collection":[{"href":"https:\/\/amplify-test.pepperl-fuchs.com\/de\/wp-json\/wp\/v2\/posts"}],"about":[{"href":"https:\/\/amplify-test.pepperl-fuchs.com\/de\/wp-json\/wp\/v2\/types\/post"}],"author":[{"embeddable":true,"href":"https:\/\/amplify-test.pepperl-fuchs.com\/de\/wp-json\/wp\/v2\/users\/7"}],"replies":[{"embeddable":true,"href":"https:\/\/amplify-test.pepperl-fuchs.com\/de\/wp-json\/wp\/v2\/comments?post=2745"}],"version-history":[{"count":10,"href":"https:\/\/amplify-test.pepperl-fuchs.com\/de\/wp-json\/wp\/v2\/posts\/2745\/revisions"}],"predecessor-version":[{"id":5662,"href":"https:\/\/amplify-test.pepperl-fuchs.com\/de\/wp-json\/wp\/v2\/posts\/2745\/revisions\/5662"}],"wp:featuredmedia":[{"embeddable":true,"href":"https:\/\/amplify-test.pepperl-fuchs.com\/de\/wp-json\/wp\/v2\/media\/5012"}],"wp:attachment":[{"href":"https:\/\/amplify-test.pepperl-fuchs.com\/de\/wp-json\/wp\/v2\/media?parent=2745"}],"wp:term":[{"taxonomy":"category","embeddable":true,"href":"https:\/\/amplify-test.pepperl-fuchs.com\/de\/wp-json\/wp\/v2\/categories?post=2745"},{"taxonomy":"post_tag","embeddable":true,"href":"https:\/\/amplify-test.pepperl-fuchs.com\/de\/wp-json\/wp\/v2\/tags?post=2745"}],"curies":[{"name":"wp","href":"https:\/\/api.w.org\/{rel}","templated":true}]}}