{"id":2749,"date":"2018-10-29T00:00:00","date_gmt":"2018-10-29T00:00:00","guid":{"rendered":"https:\/\/amplify.webservices.de\/2018\/10\/29\/im-auftrag-der-sicherheit\/"},"modified":"2024-11-04T17:29:08","modified_gmt":"2024-11-04T17:29:08","slug":"im-auftrag-der-sicherheit","status":"publish","type":"post","link":"https:\/\/amplify-test.pepperl-fuchs.com\/de\/2018\/im-auftrag-der-sicherheit\/","title":{"rendered":"Im Auftrag der Sicherheit"},"content":{"rendered":"<div class=\"fusion-fullwidth fullwidth-box fusion-builder-row-1 fusion-flex-container has-pattern-background has-mask-background nonhundred-percent-fullwidth non-hundred-percent-height-scrolling gradient-container-1\" style=\"--awb-border-radius-top-left:0px;--awb-border-radius-top-right:0px;--awb-border-radius-bottom-right:0px;--awb-border-radius-bottom-left:0px;--awb-flex-wrap:wrap;\" id=\"article\" ><div class=\"fusion-builder-row fusion-row fusion-flex-align-items-flex-start fusion-flex-content-wrap\" style=\"max-width:1248px;margin-left: calc(-4% \/ 2 );margin-right: calc(-4% \/ 2 );\"><div class=\"fusion-layout-column fusion_builder_column fusion-builder-column-0 fusion_builder_column_1_1 1_1 fusion-flex-column\" style=\"--awb-bg-size:cover;--awb-width-large:100%;--awb-margin-top-large:0px;--awb-spacing-right-large:1.92%;--awb-margin-bottom-large:20px;--awb-spacing-left-large:1.92%;--awb-width-medium:100%;--awb-order-medium:0;--awb-spacing-right-medium:1.92%;--awb-spacing-left-medium:1.92%;--awb-width-small:100%;--awb-order-small:0;--awb-spacing-right-small:1.92%;--awb-spacing-left-small:1.92%;\"><div class=\"fusion-column-wrapper fusion-column-has-shadow fusion-flex-justify-content-flex-start fusion-content-layout-column\"><div class=\"fusion-text fusion-text-1\" id=\"publishing_date\"><p>29. Oktober 2018<\/p>\n<\/div><div class=\"fusion-title title fusion-title-1 fusion-sep-none fusion-title-text fusion-title-size-one\" id=\"article_headline\"><h1 class=\"fusion-title-heading title-heading-left fusion-responsive-typography-calculated\" style=\"margin:0;--fontSize:64;line-height:var(--awb-typography1-line-height);\">Im Auftrag der Sicherheit<\/h1><\/div><div class=\"fusion-text fusion-text-2 intro_text\"><p>Als Marktf\u00fchrer im Bereich der funktionalen Sicherheit verf\u00fcgt Pepperl+Fuchs \u00fcber das breiteste Portfolio an Komponenten mit einer SIL-\/PL-Bewertung. In diesem Interview geben Pepperl+Fuchs Experten aus dem Bereich funktionale Sicherheit Einblicke in Ihre t\u00e4gliche Arbeit, die Normenlage und Methoden des Wissenstransfers.<\/p>\n<\/div><div class=\"fusion-image-element \" style=\"--awb-caption-title-font-family:var(--h2_typography-font-family);--awb-caption-title-font-weight:var(--h2_typography-font-weight);--awb-caption-title-font-style:var(--h2_typography-font-style);--awb-caption-title-size:var(--h2_typography-font-size);--awb-caption-title-transform:var(--h2_typography-text-transform);--awb-caption-title-line-height:var(--h2_typography-line-height);--awb-caption-title-letter-spacing:var(--h2_typography-letter-spacing);\"><span class=\" fusion-imageframe imageframe-none imageframe-1 hover-type-none\"><img decoding=\"async\" width=\"1920\" height=\"1203\" src=\"https:\/\/amplify-test.pepperl-fuchs.com\/wp-content\/uploads\/2024\/07\/5bd027c5b655a_functional-safety-interview-teaser.jpg\" alt class=\"img-responsive wp-image-2279\" srcset=\"https:\/\/amplify-test.pepperl-fuchs.com\/wp-content\/uploads\/2024\/07\/5bd027c5b655a_functional-safety-interview-teaser-200x125.jpg 200w, https:\/\/amplify-test.pepperl-fuchs.com\/wp-content\/uploads\/2024\/07\/5bd027c5b655a_functional-safety-interview-teaser-400x251.jpg 400w, https:\/\/amplify-test.pepperl-fuchs.com\/wp-content\/uploads\/2024\/07\/5bd027c5b655a_functional-safety-interview-teaser-600x376.jpg 600w, https:\/\/amplify-test.pepperl-fuchs.com\/wp-content\/uploads\/2024\/07\/5bd027c5b655a_functional-safety-interview-teaser-800x501.jpg 800w, https:\/\/amplify-test.pepperl-fuchs.com\/wp-content\/uploads\/2024\/07\/5bd027c5b655a_functional-safety-interview-teaser-1200x752.jpg 1200w, https:\/\/amplify-test.pepperl-fuchs.com\/wp-content\/uploads\/2024\/07\/5bd027c5b655a_functional-safety-interview-teaser.jpg 1920w\" sizes=\"(max-width: 640px) 100vw, 1200px\" \/><\/span><\/div><\/div><\/div><div class=\"fusion-layout-column fusion_builder_column fusion-builder-column-1 fusion_builder_column_3_4 3_4 fusion-flex-column\" style=\"--awb-bg-size:cover;--awb-width-large:75%;--awb-margin-top-large:0px;--awb-spacing-right-large:2.56%;--awb-margin-bottom-large:20px;--awb-spacing-left-large:2.56%;--awb-width-medium:75%;--awb-order-medium:0;--awb-spacing-right-medium:2.56%;--awb-spacing-left-medium:2.56%;--awb-width-small:100%;--awb-order-small:0;--awb-spacing-right-small:1.92%;--awb-spacing-left-small:1.92%;\"><div class=\"fusion-column-wrapper fusion-column-has-shadow fusion-flex-justify-content-flex-start fusion-content-layout-column\"><div class=\"fusion-text fusion-text-3 elt_text\"><p>Mit mehr als zehn Millionen verkaufter Ger\u00e4te mit einer SIL-\/PL-Bewertung geh\u00f6rt Pepperl+Fuchs zu den Marktf\u00fchren in diesem Bereich. Grundvoraussetzung f\u00fcr diesen Erfolg ist eine hohe In-House-Kompetenz. Ein Interview mit Michael Kindermann (Head of Functional Safety), Hasan S\u00fcl\u00fck (Functional Safety Manager) und Dr. Andreas Hildebrandt (Leiter Schulung und Gremienarbeit) \u00fcber ihren Arbeitsalltag, die Normenlage und Methoden zur Wissensvermittlung.<\/p>\n<\/div><script type=\"text\/javascript\">if( typeof window.iv_elt_count === 'undefined' || window.iv_elt_count === null ){\r\n\t\t\t\twindow.iv_elt_count = 0;\r\n} else {\r\n\t\t\t\twindow.iv_elt_count++;\r\n}\r\nif(\"{{interview_headline}}\" === \"\") {\r\n\t\t\t\tjQuery( document ).ready(function() {\r\n\t\t\t\t\t\t\t\tjQuery('.iv_headline').eq(window.iv_elt_count).css('display','none');\r\n\t\t\t\t});\r\n}\r\nif(\"Als Head of Functional Safety bin ich in einer Art Schnittstellenfunktion t\u00e4tig. Ich agiere als Mittler zwischen den Pr\u00fcfstellen, die Ger\u00e4te von Pepperl+Fuchs auf Einhaltung der diversen Normen f\u00fcr funktionale Sicherheit \u00fcberpr\u00fcfen und unseren Entwicklern. Ich unterst\u00fctze w\u00e4hrend der Entwicklung neuer Produkte beim Verst\u00e4ndnis normativer Anforderungen, kommuniziere A nderungen von Normen und die einhergehenden Implikationen. Zudem sorge ich daf\u00fcr, dass die Mitarbeiter, die mit funktionaler Sicherheit zu tun haben, die n\u00f6tige Kompetenz f\u00fcr diese Aufgabe besitzen. Dies wird von einigen der betreffenden Normen auch explizit gefordert. Hauptaufgabe ist aber sicherlich das interne \u201eFunctional Safety Management\u201c, also die Anpassung und \u00dcberwachung interner Firmenprozesse, sodass wir weltweit Ger\u00e4te produzieren, die tats\u00e4chlich den Forderungen der Normen entsprechen. Unser unternehmensinternes Functional-Safety-Management-System ist durch eine externe Pr\u00fcfstelle entsprechend zertifiziert.\" === \"\") {\r\n\t\t\t\tjQuery( document ).ready(function() {\r\n\t\t\t\t\t\t\t\tjQuery('.iv_a11901276351').css('display','none');\r\n\t\t\t\t});\r\n}\r\nif(\"Meine T\u00e4tigkeit findet auf einer etwas spezifischeren Ebene statt. Ich fokussiere als Functional Safety Manager stark die f\u00fcr Maschinen- und Anlagenbauer bzw. deren Zulieferer relevanten EN IEC 62061 und EN ISO 13849-1 und -2, im EU-Raum nat\u00fcrlich mit Hinblick auf Konformit\u00e4t zur Maschinenrichtlinie MD 2006\/42\/EC. Insbesondere f\u00fcr unsere Sicherheitsger\u00e4te im Bereich Fabrikautomation, wie zum Beispiel AS-Interface Safety at Work, bin ich Ansprechpartner f\u00fcr die Kollegen aus Produktentwicklung und Support.\" === \"\") {\r\n\t\t\t\tjQuery( document ).ready(function() {\r\n\t\t\t\t\t\t\t\tjQuery('.iv_a21901276351').css('display','none');\r\n\t\t\t\t});\r\n}\r\nif(\"Als Leiter der Schulungs- und Gremienarbeit sorge ich daf\u00fcr, dass Pepperl+Fuchs sein umfangreiches Wissen auch erfolgreich zu den Anwendern transferiert. Da wir als Unternehmen den elektrischen Explosionsschutz ma\u00dfgeblich mitgestalten, ist der inhaltliche Weg zur Thematik der funktionalen Sicherheit und der damit verbundenen stochastischen Zuverl\u00e4ssigkeitstechnik nicht weit. Gerade in diesen beiden Bereichen bin ich pers\u00f6nlich seit Jahrzehnten stark involviert. Mein Team und ich sind also ganzj\u00e4hrig als Referenten auf Seminaren, Konferenzen, Symposien und Tagungen im Einsatz, sowohl im In- als auch im Ausland.\" === \"\") {\r\n\t\t\t\tjQuery( document ).ready(function() {\r\n\t\t\t\t\t\t\t\tjQuery('.iv_a31901276351').css('display','none');\r\n\t\t\t\t});\r\n}\r\nif(\"\" === \"\") {\r\n\t\t\t\tjQuery( document ).ready(function() {\r\n\t\t\t\t\t\t\t\t\/\/ jQuery('.iv_answer4').eq(window.iv_elt_count).css('display','none');\r\n\t\t\t\t\t\t\t\tjQuery('.iv_a41901276351').css('display','none');\r\n\t\t\t\t});\r\n}<\/script><style type=\"text\/css\">.iv_headline {\r\n\t\tfont-weight: 700;\r\n\t\tfont-style: italic;\r\n\t\tfont-size: 20px;\r\n}\r\n.iv_person {\r\n\t\tcolor: #00a587;\r\n\t\tfont-style: italic;\r\n\t\tfont-weight: 400;\r\n}\r\n.iv_person::after {\r\n\t\tcontent: \": \";\r\n}<\/style><div class=\"custom-interview\" id=\"iv_1901276351\"><div class=\"iv_headline\">Drei K\u00f6pfe aus der Firma Pepperl+Fuchs, alle in Sachen funktionale Sicherheit t\u00e4tig. Bitte stellen Sie sich und Ihren T\u00e4tigkeitsbereich doch kurz unseren Lesern vor:<\/div>\r\n<p class=\"iv_answer1 iv_a11901276351\"><span class=\"iv_person\">Michael Kindermann<\/span>Als Head of Functional Safety bin ich in einer Art Schnittstellenfunktion t\u00e4tig. Ich agiere als Mittler zwischen den Pr\u00fcfstellen, die Ger\u00e4te von Pepperl+Fuchs auf Einhaltung der diversen Normen f\u00fcr funktionale Sicherheit \u00fcberpr\u00fcfen und unseren Entwicklern. Ich unterst\u00fctze w\u00e4hrend der Entwicklung neuer Produkte beim Verst\u00e4ndnis normativer Anforderungen, kommuniziere A nderungen von Normen und die einhergehenden Implikationen. Zudem sorge ich daf\u00fcr, dass die Mitarbeiter, die mit funktionaler Sicherheit zu tun haben, die n\u00f6tige Kompetenz f\u00fcr diese Aufgabe besitzen. Dies wird von einigen der betreffenden Normen auch explizit gefordert. Hauptaufgabe ist aber sicherlich das interne \u201eFunctional Safety Management\u201c, also die Anpassung und \u00dcberwachung interner Firmenprozesse, sodass wir weltweit Ger\u00e4te produzieren, die tats\u00e4chlich den Forderungen der Normen entsprechen. Unser unternehmensinternes Functional-Safety-Management-System ist durch eine externe Pr\u00fcfstelle entsprechend zertifiziert.<\/p>\r\n<p class=\"iv_answer2 iv_a21901276351\"><span class=\"iv_person\">Hasan S\u00fcl\u00fck<\/span>Meine T\u00e4tigkeit findet auf einer etwas spezifischeren Ebene statt. Ich fokussiere als Functional Safety Manager stark die f\u00fcr Maschinen- und Anlagenbauer bzw. deren Zulieferer relevanten EN IEC 62061 und EN ISO 13849-1 und -2, im EU-Raum nat\u00fcrlich mit Hinblick auf Konformit\u00e4t zur Maschinenrichtlinie MD 2006\/42\/EC. Insbesondere f\u00fcr unsere Sicherheitsger\u00e4te im Bereich Fabrikautomation, wie zum Beispiel AS-Interface Safety at Work, bin ich Ansprechpartner f\u00fcr die Kollegen aus Produktentwicklung und Support.<\/p>\r\n<p class=\"iv_answer3 iv_a31901276351\"><span class=\"iv_person\">Dr. Andreas Hildebrandt<\/span>Als Leiter der Schulungs- und Gremienarbeit sorge ich daf\u00fcr, dass Pepperl+Fuchs sein umfangreiches Wissen auch erfolgreich zu den Anwendern transferiert. Da wir als Unternehmen den elektrischen Explosionsschutz ma\u00dfgeblich mitgestalten, ist der inhaltliche Weg zur Thematik der funktionalen Sicherheit und der damit verbundenen stochastischen Zuverl\u00e4ssigkeitstechnik nicht weit. Gerade in diesen beiden Bereichen bin ich pers\u00f6nlich seit Jahrzehnten stark involviert. Mein Team und ich sind also ganzj\u00e4hrig als Referenten auf Seminaren, Konferenzen, Symposien und Tagungen im Einsatz, sowohl im In- als auch im Ausland.<\/p>\r\n<p class=\"iv_answer4 iv_a41901276351\"><span class=\"iv_person\"><\/span><\/p>\r\n<\/div><style type=\"text\/css\">.quote {\r\n\tdisplay: flex;\r\n\talign-items: center;\r\n\tmargin-bottom: 24px;\r\n}\r\n.quote-wrapper {\r\n    \/*position: relative;\r\n    display: flex;*\/\r\n}\r\n.quote-text {\r\n\t\theight: 220px;\r\n\t\talign-content: center;\r\n    border-top: 1px solid #00a587;\r\n\t\tborder-bottom: 1px solid #00a587;\r\n\t\tfont-size: 24px;\r\n\t\tfont-style: italic;\r\n\t\tcolor: #00a587;\r\n\t\tline-height: 28px;\r\n }\r\n.quote-person {\r\n\t\tcolor: #373737;\r\n\t\tfont-size: 14px;\r\n\t\t\r\n}\r\n  .quote-image {\r\n    max-height: 220px; \/* Beispielh\u00f6he des Bildes *\/\r\n\t\tmargin-right: 10px;\r\n  }<\/style><div class=\"quote\">\r\n\t<img decoding=\"async\" src=\"https:\/\/amplify-test.pepperl-fuchs.com\/wp-content\/uploads\/2024\/07\/5bd0290250081_functional-safety-expert-hasan-sueluek.jpg\" alt=\"\" class=\"quote-image\">\r\n\t<div class=\"quote-wrapper\">\t\r\n\t\t<div class=\"quote-text\">Sicherheitsnachweise zu f\u00fchren, ist eine h\u00f6chst verantwortungsvolle Aufgabe, die von den damit betrauten Mitarbeitern eines Unternehmens entsprechend ernst genommen wird.\r\n\t\t\t<div class=\"quote-person\">Hasan S\u00fcl\u00fck, Functional Safety Manager<\/div>\r\n\t\t<\/div>\r\n\t<\/div>\r\n<\/div><script type=\"text\/javascript\">if( typeof window.iv_elt_count === 'undefined' || window.iv_elt_count === null ){\r\n\t\t\t\twindow.iv_elt_count = 0;\r\n} else {\r\n\t\t\t\twindow.iv_elt_count++;\r\n}\r\nif(\"{{interview_headline}}\" === \"\") {\r\n\t\t\t\tjQuery( document ).ready(function() {\r\n\t\t\t\t\t\t\t\tjQuery('.iv_headline').eq(window.iv_elt_count).css('display','none');\r\n\t\t\t\t});\r\n}\r\nif(\"Das Thema funktionale Sicherheit ist sehr vielschichtig. Wir haben als \u201eUmbrella Standard\u201c f\u00fcr funktionale Sicherheit die IEC 61508, eine siebenteilige Normenreihe, die \u00fcbrigens in diesem Jahr ihren 20. Geburtstag feiert. Sie hat sich im Laufe dieser doch beachtlichen Zeitspanne als Basisnorm etabliert und ihren Weg in viele nationale Normenwerke, wie zum Beispiel die in der deutschen Prozessindustrie g\u00e4ngige DIN EN 61511 gefunden. Mit der zweiten Edition dieser Grundlagennorm, die 2010 ver\u00f6ffentlicht wurde, sind aber Ver\u00e4nderungen einhergegangen, die auch langj\u00e4hrige Hersteller von Sicherheitsequipment und erfahrene Anwender noch immer besch\u00e4ftigen.\" === \"\") {\r\n\t\t\t\tjQuery( document ).ready(function() {\r\n\t\t\t\t\t\t\t\tjQuery('.iv_a12364310186').css('display','none');\r\n\t\t\t\t});\r\n}\r\nif(\"Sicherheitsnachweise zu f\u00fchren, ist eine h\u00f6chst verantwortungsvolle Aufgabe, die von den damit betrauten Mitarbeitern eines Unternehmens entsprechend ernst genommen wird. Wir stehen, wie von Michael Kindermann erw\u00e4hnt, in Kontakt mit sehr erfahrenen Herstellern und Anwendern, die sich mit kleinsten normativen Nuancen und ganz spezifischen Detailfragen ihrer Safety-Applikationen auseinandersetzen. Auf der anderen Seite gibt es \u2014 oftmals kleinere \u2014 Unternehmen, in denen die Funktion eines Sicherheitsbeauftragten gerade erst geschaffen wurde oder in denen ein bestehender Mitarbeiter zus\u00e4tzlich zu seinem Tagegesch\u00e4ft diese Aufgabe \u00fcbernimmt.\" === \"\") {\r\n\t\t\t\tjQuery( document ).ready(function() {\r\n\t\t\t\t\t\t\t\tjQuery('.iv_a22364310186').css('display','none');\r\n\t\t\t\t});\r\n}\r\nif(\"\" === \"\") {\r\n\t\t\t\tjQuery( document ).ready(function() {\r\n\t\t\t\t\t\t\t\tjQuery('.iv_a32364310186').css('display','none');\r\n\t\t\t\t});\r\n}\r\nif(\"\" === \"\") {\r\n\t\t\t\tjQuery( document ).ready(function() {\r\n\t\t\t\t\t\t\t\t\/\/ jQuery('.iv_answer4').eq(window.iv_elt_count).css('display','none');\r\n\t\t\t\t\t\t\t\tjQuery('.iv_a42364310186').css('display','none');\r\n\t\t\t\t});\r\n}<\/script><style type=\"text\/css\">.iv_headline {\r\n\t\tfont-weight: 700;\r\n\t\tfont-style: italic;\r\n\t\tfont-size: 20px;\r\n}\r\n.iv_person {\r\n\t\tcolor: #00a587;\r\n\t\tfont-style: italic;\r\n\t\tfont-weight: 400;\r\n}\r\n.iv_person::after {\r\n\t\tcontent: \": \";\r\n}<\/style><div class=\"custom-interview\" id=\"iv_2364310186\"><div class=\"iv_headline\">Der Wissensdurst im Bereich der funktionalen Sicherheit scheint gro\u00df zu sein. Was besch\u00e4ftigt die Teilnehmer solcher Veranstaltungen oder auch die Kollegen und Kunden, die sich mit Ihnen in Verbindung setzen?<\/div>\r\n<p class=\"iv_answer1 iv_a12364310186\"><span class=\"iv_person\">Michael Kindermann<\/span>Das Thema funktionale Sicherheit ist sehr vielschichtig. Wir haben als \u201eUmbrella Standard\u201c f\u00fcr funktionale Sicherheit die IEC 61508, eine siebenteilige Normenreihe, die \u00fcbrigens in diesem Jahr ihren 20. Geburtstag feiert. Sie hat sich im Laufe dieser doch beachtlichen Zeitspanne als Basisnorm etabliert und ihren Weg in viele nationale Normenwerke, wie zum Beispiel die in der deutschen Prozessindustrie g\u00e4ngige DIN EN 61511 gefunden. Mit der zweiten Edition dieser Grundlagennorm, die 2010 ver\u00f6ffentlicht wurde, sind aber Ver\u00e4nderungen einhergegangen, die auch langj\u00e4hrige Hersteller von Sicherheitsequipment und erfahrene Anwender noch immer besch\u00e4ftigen.<\/p>\r\n<p class=\"iv_answer2 iv_a22364310186\"><span class=\"iv_person\">Hasan S\u00fcl\u00fck<\/span>Sicherheitsnachweise zu f\u00fchren, ist eine h\u00f6chst verantwortungsvolle Aufgabe, die von den damit betrauten Mitarbeitern eines Unternehmens entsprechend ernst genommen wird. Wir stehen, wie von Michael Kindermann erw\u00e4hnt, in Kontakt mit sehr erfahrenen Herstellern und Anwendern, die sich mit kleinsten normativen Nuancen und ganz spezifischen Detailfragen ihrer Safety-Applikationen auseinandersetzen. Auf der anderen Seite gibt es \u2014 oftmals kleinere \u2014 Unternehmen, in denen die Funktion eines Sicherheitsbeauftragten gerade erst geschaffen wurde oder in denen ein bestehender Mitarbeiter zus\u00e4tzlich zu seinem Tagegesch\u00e4ft diese Aufgabe \u00fcbernimmt.<\/p>\r\n<p class=\"iv_answer3 iv_a32364310186\"><span class=\"iv_person\"><\/span><\/p>\r\n<p class=\"iv_answer4 iv_a42364310186\"><span class=\"iv_person\"><\/span><\/p>\r\n<\/div><style type=\"text\/css\">.quote {\r\n\tdisplay: flex;\r\n\talign-items: center;\r\n\tmargin-bottom: 24px;\r\n}\r\n.quote-wrapper {\r\n    \/*position: relative;\r\n    display: flex;*\/\r\n}\r\n.quote-text {\r\n\t\theight: 220px;\r\n\t\talign-content: center;\r\n    border-top: 1px solid #00a587;\r\n\t\tborder-bottom: 1px solid #00a587;\r\n\t\tfont-size: 24px;\r\n\t\tfont-style: italic;\r\n\t\tcolor: #00a587;\r\n\t\tline-height: 28px;\r\n }\r\n.quote-person {\r\n\t\tcolor: #373737;\r\n\t\tfont-size: 14px;\r\n\t\t\r\n}\r\n  .quote-image {\r\n    max-height: 220px; \/* Beispielh\u00f6he des Bildes *\/\r\n\t\tmargin-right: 10px;\r\n  }<\/style><div class=\"quote\">\r\n\t<img decoding=\"async\" src=\"https:\/\/amplify-test.pepperl-fuchs.com\/wp-content\/uploads\/2024\/07\/5bd0290251fc8_functional-safety-expert-andreas-hildebrandt.jpg\" alt=\"\" class=\"quote-image\">\r\n\t<div class=\"quote-wrapper\">\t\r\n\t\t<div class=\"quote-text\">Unser erkl\u00e4rtes Ziel ist es, die Einsteiger effektiv in die zugegebenerma\u00dfen komplexe Thematik einzuf\u00fchren und existierende Missverst\u00e4ndnisse z\u00fcgig abzubauen.\r\n\t\t\t<div class=\"quote-person\">Dr. Andreas Hildebrandt, Leiter Schulung und Gremienarbeit<\/div>\r\n\t\t<\/div>\r\n\t<\/div>\r\n<\/div><script type=\"text\/javascript\">if( typeof window.iv_elt_count === 'undefined' || window.iv_elt_count === null ){\r\n\t\t\t\twindow.iv_elt_count = 0;\r\n} else {\r\n\t\t\t\twindow.iv_elt_count++;\r\n}\r\nif(\"{{interview_headline}}\" === \"\") {\r\n\t\t\t\tjQuery( document ).ready(function() {\r\n\t\t\t\t\t\t\t\tjQuery('.iv_headline').eq(window.iv_elt_count).css('display','none');\r\n\t\t\t\t});\r\n}\r\nif(\"Richtig, unser erkl\u00e4rtes Ziel ist es jedoch, die Einsteiger effektiv in die zugegebenerma\u00dfen komplexe Thematik einzuf\u00fchren und existierende Missverst\u00e4ndnisse z\u00fcgig abzubauen. Ein \u201eKlassiker\u201c ist hier zum Beispiel die weit verbreitete Annahme, der Sicherheitsintegrit\u00e4tslevel (SIL), wie er auch von Pepperl+Fuchs f\u00fcr zahlreiche Komponenten angegeben wird, sei eine Ger\u00e4teeigenschaft, also eine Angabe, die sich auf das Ger\u00e4t als Ganzes bezieht. Das ist aber so nicht der Fall. Die Angabe einer SIL-Eignung bezieht sich immer auf die risikomindernde Funktion eines Ger\u00e4ts, also auf die sogenannte Element-Sicherheitsfunktion innerhalb eines gesamten Sicherheitskreises.\" === \"\") {\r\n\t\t\t\tjQuery( document ).ready(function() {\r\n\t\t\t\t\t\t\t\tjQuery('.iv_a12062973324').css('display','none');\r\n\t\t\t\t});\r\n}\r\nif(\"\" === \"\") {\r\n\t\t\t\tjQuery( document ).ready(function() {\r\n\t\t\t\t\t\t\t\tjQuery('.iv_a22062973324').css('display','none');\r\n\t\t\t\t});\r\n}\r\nif(\"\" === \"\") {\r\n\t\t\t\tjQuery( document ).ready(function() {\r\n\t\t\t\t\t\t\t\tjQuery('.iv_a32062973324').css('display','none');\r\n\t\t\t\t});\r\n}\r\nif(\"\" === \"\") {\r\n\t\t\t\tjQuery( document ).ready(function() {\r\n\t\t\t\t\t\t\t\t\/\/ jQuery('.iv_answer4').eq(window.iv_elt_count).css('display','none');\r\n\t\t\t\t\t\t\t\tjQuery('.iv_a42062973324').css('display','none');\r\n\t\t\t\t});\r\n}<\/script><style type=\"text\/css\">.iv_headline {\r\n\t\tfont-weight: 700;\r\n\t\tfont-style: italic;\r\n\t\tfont-size: 20px;\r\n}\r\n.iv_person {\r\n\t\tcolor: #00a587;\r\n\t\tfont-style: italic;\r\n\t\tfont-weight: 400;\r\n}\r\n.iv_person::after {\r\n\t\tcontent: \": \";\r\n}<\/style><div class=\"custom-interview\" id=\"iv_2062973324\"><div class=\"iv_headline\">Da kann man also ein anderes Vorwissen vermuten, korrekt?<\/div>\r\n<p class=\"iv_answer1 iv_a12062973324\"><span class=\"iv_person\">Dr. Andreas Hildebrandt<\/span>Richtig, unser erkl\u00e4rtes Ziel ist es jedoch, die Einsteiger effektiv in die zugegebenerma\u00dfen komplexe Thematik einzuf\u00fchren und existierende Missverst\u00e4ndnisse z\u00fcgig abzubauen. Ein \u201eKlassiker\u201c ist hier zum Beispiel die weit verbreitete Annahme, der Sicherheitsintegrit\u00e4tslevel (SIL), wie er auch von Pepperl+Fuchs f\u00fcr zahlreiche Komponenten angegeben wird, sei eine Ger\u00e4teeigenschaft, also eine Angabe, die sich auf das Ger\u00e4t als Ganzes bezieht. Das ist aber so nicht der Fall. Die Angabe einer SIL-Eignung bezieht sich immer auf die risikomindernde Funktion eines Ger\u00e4ts, also auf die sogenannte Element-Sicherheitsfunktion innerhalb eines gesamten Sicherheitskreises.<\/p>\r\n<p class=\"iv_answer2 iv_a22062973324\"><span class=\"iv_person\"><\/span><\/p>\r\n<p class=\"iv_answer3 iv_a32062973324\"><span class=\"iv_person\"><\/span><\/p>\r\n<p class=\"iv_answer4 iv_a42062973324\"><span class=\"iv_person\"><\/span><\/p>\r\n<\/div><script type=\"text\/javascript\">if( typeof window.iv_elt_count === 'undefined' || window.iv_elt_count === null ){\r\n\t\t\t\twindow.iv_elt_count = 0;\r\n} else {\r\n\t\t\t\twindow.iv_elt_count++;\r\n}\r\nif(\"{{interview_headline}}\" === \"\") {\r\n\t\t\t\tjQuery( document ).ready(function() {\r\n\t\t\t\t\t\t\t\tjQuery('.iv_headline').eq(window.iv_elt_count).css('display','none');\r\n\t\t\t\t});\r\n}\r\nif(\"An dieser Stelle empfehle ich gerne unser \u201eKompendium Funktionale Sicherheit\u201c, das sich \u00fcbrigens nicht nur an Einsteiger richtet. Andreas Hildebrandt und ich haben jede Menge Know-how in diesem kostenlosen PDF-Nachschlagewerk geb\u00fcndelt. Neben dem theoretischen Wissen und einem \u00dcberblick \u00fcber die Normenlage zeigen wir auch den Nachweis der SIL-Erreichung exemplarisch anhand einer \u00dcberf\u00fcllsicherung. Nicht zu vergessen sind das enthaltene Glossar und die umfangreiche Quellensammlung.\" === \"\") {\r\n\t\t\t\tjQuery( document ).ready(function() {\r\n\t\t\t\t\t\t\t\tjQuery('.iv_a11385121001').css('display','none');\r\n\t\t\t\t});\r\n}\r\nif(\"Wir haben dieses Kompendium inhaltlich an Fragestellungen ausgerichtet, die im Rahmen unserer Veranstaltungen zur funktionalen Sicherheit immer wieder auftauchten. Damit ist der gr\u00f6\u00dftm\u00f6gliche Bezug zu ganz konkreten Problemen aus der Praxis gegeben.\" === \"\") {\r\n\t\t\t\tjQuery( document ).ready(function() {\r\n\t\t\t\t\t\t\t\tjQuery('.iv_a21385121001').css('display','none');\r\n\t\t\t\t});\r\n}\r\nif(\"\" === \"\") {\r\n\t\t\t\tjQuery( document ).ready(function() {\r\n\t\t\t\t\t\t\t\tjQuery('.iv_a31385121001').css('display','none');\r\n\t\t\t\t});\r\n}\r\nif(\"\" === \"\") {\r\n\t\t\t\tjQuery( document ).ready(function() {\r\n\t\t\t\t\t\t\t\t\/\/ jQuery('.iv_answer4').eq(window.iv_elt_count).css('display','none');\r\n\t\t\t\t\t\t\t\tjQuery('.iv_a41385121001').css('display','none');\r\n\t\t\t\t});\r\n}<\/script><style type=\"text\/css\">.iv_headline {\r\n\t\tfont-weight: 700;\r\n\t\tfont-style: italic;\r\n\t\tfont-size: 20px;\r\n}\r\n.iv_person {\r\n\t\tcolor: #00a587;\r\n\t\tfont-style: italic;\r\n\t\tfont-weight: 400;\r\n}\r\n.iv_person::after {\r\n\t\tcontent: \": \";\r\n}<\/style><div class=\"custom-interview\" id=\"iv_1385121001\"><div class=\"iv_headline\">Welche Orientierungshilfe w\u00fcrden Sie denn Einsteigern ans Herz legen?<\/div>\r\n<p class=\"iv_answer1 iv_a11385121001\"><span class=\"iv_person\">Michael Kindermann<\/span>An dieser Stelle empfehle ich gerne unser \u201eKompendium Funktionale Sicherheit\u201c, das sich \u00fcbrigens nicht nur an Einsteiger richtet. Andreas Hildebrandt und ich haben jede Menge Know-how in diesem kostenlosen PDF-Nachschlagewerk geb\u00fcndelt. Neben dem theoretischen Wissen und einem \u00dcberblick \u00fcber die Normenlage zeigen wir auch den Nachweis der SIL-Erreichung exemplarisch anhand einer \u00dcberf\u00fcllsicherung. Nicht zu vergessen sind das enthaltene Glossar und die umfangreiche Quellensammlung.<\/p>\r\n<p class=\"iv_answer2 iv_a21385121001\"><span class=\"iv_person\">Dr. Andreas Hildebrandt<\/span>Wir haben dieses Kompendium inhaltlich an Fragestellungen ausgerichtet, die im Rahmen unserer Veranstaltungen zur funktionalen Sicherheit immer wieder auftauchten. Damit ist der gr\u00f6\u00dftm\u00f6gliche Bezug zu ganz konkreten Problemen aus der Praxis gegeben.<\/p>\r\n<p class=\"iv_answer3 iv_a31385121001\"><span class=\"iv_person\"><\/span><\/p>\r\n<p class=\"iv_answer4 iv_a41385121001\"><span class=\"iv_person\"><\/span><\/p>\r\n<\/div><script type=\"text\/javascript\">if( typeof window.iv_elt_count === 'undefined' || window.iv_elt_count === null ){\r\n\t\t\t\twindow.iv_elt_count = 0;\r\n} else {\r\n\t\t\t\twindow.iv_elt_count++;\r\n}\r\nif(\"{{interview_headline}}\" === \"\") {\r\n\t\t\t\tjQuery( document ).ready(function() {\r\n\t\t\t\t\t\t\t\tjQuery('.iv_headline').eq(window.iv_elt_count).css('display','none');\r\n\t\t\t\t});\r\n}\r\nif(\"Was die SIL-Sprechstunde besonders macht, ist die Tatsache, dass das Programm voll auf die Bed\u00fcrfnisse der Teilnehmer eingeht. Konkret hei\u00dft das, dass die Veranstaltung nicht nur \u201eFrontalunterricht\u201c beinhaltet, sondern im Vorfeld auf einer eigens eingerichteten Website anonym konkrete Fragen eingereicht werden k\u00f6nnen. Diese beantworten die Referenten dann am zweiten Tag der Veranstaltung.\" === \"\") {\r\n\t\t\t\tjQuery( document ).ready(function() {\r\n\t\t\t\t\t\t\t\tjQuery('.iv_a1500031156').css('display','none');\r\n\t\t\t\t});\r\n}\r\nif(\"Die nun schon zehnte SIL-Sprechstunde ist ein sch\u00f6ner Beleg daf\u00fcr, wie eng wir bei Pepperl+Fuchs die Entwicklung der IEC 61508 \u00fcber die Zeit begleitet haben. In Zusammenarbeit mit unseren Medienpartnern bieten wir den Teilnehmern eine j\u00e4hrlich stattfindende Veranstaltung, bei der sie sich direkt vor Ort mit den Experten austauschen k\u00f6nnen.\" === \"\") {\r\n\t\t\t\tjQuery( document ).ready(function() {\r\n\t\t\t\t\t\t\t\tjQuery('.iv_a2500031156').css('display','none');\r\n\t\t\t\t});\r\n}\r\nif(\"Experten hei\u00dft in diesem Falle nicht nur Experten von Pepperl+Fuchs, sondern auch Mitarbeiter von Pr\u00fcforganisationen, Sicherheitsfachleute aus der Industrie, Functional Safety Manager von Ger\u00e4teherstellern, Dienstleister auf dem Gebiet der funktionalen Sicherheit, Wissenschaftler oder Beh\u00f6rdenvertreter. Bei der diesj\u00e4hrigen Veranstaltung war zum Beispiel das Landesamt f\u00fcr Natur, Umwelt und Verbraucherschutz NRW vertreten. So bieten die Sprechstunden einen breiten Querschnitt an Wissen und Perspektiven zur funktionalen Sicherheit. Dabei fokussieren wir dann schwerpunktm\u00e4\u00dfig aktuelle Trends und Themen. Zuletzt haben wir uns der \u00fcbergeordneten Frage gewidmet, wie sich die zunehmende Digitalisierung in der Industrie auf die Sicherheitstechnik auswirkt. Die durchweg positiven R\u00fcckmeldungen unserer Teilnehmer zeigen, dass dieses Format wirklich nachhaltig Fr\u00fcchte tr\u00e4gt.\" === \"\") {\r\n\t\t\t\tjQuery( document ).ready(function() {\r\n\t\t\t\t\t\t\t\tjQuery('.iv_a3500031156').css('display','none');\r\n\t\t\t\t});\r\n}\r\nif(\"\" === \"\") {\r\n\t\t\t\tjQuery( document ).ready(function() {\r\n\t\t\t\t\t\t\t\t\/\/ jQuery('.iv_answer4').eq(window.iv_elt_count).css('display','none');\r\n\t\t\t\t\t\t\t\tjQuery('.iv_a4500031156').css('display','none');\r\n\t\t\t\t});\r\n}<\/script><style type=\"text\/css\">.iv_headline {\r\n\t\tfont-weight: 700;\r\n\t\tfont-style: italic;\r\n\t\tfont-size: 20px;\r\n}\r\n.iv_person {\r\n\t\tcolor: #00a587;\r\n\t\tfont-style: italic;\r\n\t\tfont-weight: 400;\r\n}\r\n.iv_person::after {\r\n\t\tcontent: \": \";\r\n}<\/style><div class=\"custom-interview\" id=\"iv_500031156\"><div class=\"iv_headline\">Stichwort Veranstaltung \u2014 au\u00dfer dem 20. Geburtstag der IEC 61508 gab es dieses Jahr noch ein weiteres Jubil\u00e4um. Der Vulkan Verlag und Pepperl+Fuchs richteten gemeinsam die zehnte \u201eSIL-Sprechstunde\u201c aus. Wie kann man sich diese Veranstaltungen vorstellen?<\/div>\r\n<p class=\"iv_answer1 iv_a1500031156\"><span class=\"iv_person\">Michael Kindermann<\/span>Was die SIL-Sprechstunde besonders macht, ist die Tatsache, dass das Programm voll auf die Bed\u00fcrfnisse der Teilnehmer eingeht. Konkret hei\u00dft das, dass die Veranstaltung nicht nur \u201eFrontalunterricht\u201c beinhaltet, sondern im Vorfeld auf einer eigens eingerichteten Website anonym konkrete Fragen eingereicht werden k\u00f6nnen. Diese beantworten die Referenten dann am zweiten Tag der Veranstaltung.<\/p>\r\n<p class=\"iv_answer2 iv_a2500031156\"><span class=\"iv_person\">Dr. Andreas Hildebrandt<\/span>Die nun schon zehnte SIL-Sprechstunde ist ein sch\u00f6ner Beleg daf\u00fcr, wie eng wir bei Pepperl+Fuchs die Entwicklung der IEC 61508 \u00fcber die Zeit begleitet haben. In Zusammenarbeit mit unseren Medienpartnern bieten wir den Teilnehmern eine j\u00e4hrlich stattfindende Veranstaltung, bei der sie sich direkt vor Ort mit den Experten austauschen k\u00f6nnen.<\/p>\r\n<p class=\"iv_answer3 iv_a3500031156\"><span class=\"iv_person\">Hasan S\u00fcl\u00fck<\/span>Experten hei\u00dft in diesem Falle nicht nur Experten von Pepperl+Fuchs, sondern auch Mitarbeiter von Pr\u00fcforganisationen, Sicherheitsfachleute aus der Industrie, Functional Safety Manager von Ger\u00e4teherstellern, Dienstleister auf dem Gebiet der funktionalen Sicherheit, Wissenschaftler oder Beh\u00f6rdenvertreter. Bei der diesj\u00e4hrigen Veranstaltung war zum Beispiel das Landesamt f\u00fcr Natur, Umwelt und Verbraucherschutz NRW vertreten. So bieten die Sprechstunden einen breiten Querschnitt an Wissen und Perspektiven zur funktionalen Sicherheit. Dabei fokussieren wir dann schwerpunktm\u00e4\u00dfig aktuelle Trends und Themen. Zuletzt haben wir uns der \u00fcbergeordneten Frage gewidmet, wie sich die zunehmende Digitalisierung in der Industrie auf die Sicherheitstechnik auswirkt. Die durchweg positiven R\u00fcckmeldungen unserer Teilnehmer zeigen, dass dieses Format wirklich nachhaltig Fr\u00fcchte tr\u00e4gt.<\/p>\r\n<p class=\"iv_answer4 iv_a4500031156\"><span class=\"iv_person\"><\/span><\/p>\r\n<\/div><style type=\"text\/css\">.quote {\r\n\tdisplay: flex;\r\n\talign-items: center;\r\n\tmargin-bottom: 24px;\r\n}\r\n.quote-wrapper {\r\n    \/*position: relative;\r\n    display: flex;*\/\r\n}\r\n.quote-text {\r\n\t\theight: 220px;\r\n\t\talign-content: center;\r\n    border-top: 1px solid #00a587;\r\n\t\tborder-bottom: 1px solid #00a587;\r\n\t\tfont-size: 24px;\r\n\t\tfont-style: italic;\r\n\t\tcolor: #00a587;\r\n\t\tline-height: 28px;\r\n }\r\n.quote-person {\r\n\t\tcolor: #373737;\r\n\t\tfont-size: 14px;\r\n\t\t\r\n}\r\n  .quote-image {\r\n    max-height: 220px; \/* Beispielh\u00f6he des Bildes *\/\r\n\t\tmargin-right: 10px;\r\n  }<\/style><div class=\"quote\">\r\n\t<img decoding=\"async\" src=\"https:\/\/amplify-test.pepperl-fuchs.com\/wp-content\/uploads\/2024\/07\/5bd0290254f75_functional-safety-expert-michael-kindermann.jpg\" alt=\"\" class=\"quote-image\">\r\n\t<div class=\"quote-wrapper\">\t\r\n\t\t<div class=\"quote-text\">Pepperl+Fuchs hat mittlerweile \u00fcber 700 Produkte mit einer SIL-\/PL-Bewertung im Portfolio \u2014 und weitere werden folgen.\r\n\t\t\t<div class=\"quote-person\">Michael Kindermann, Head of Functional Safety<\/div>\r\n\t\t<\/div>\r\n\t<\/div>\r\n<\/div><script type=\"text\/javascript\">if( typeof window.iv_elt_count === 'undefined' || window.iv_elt_count === null ){\r\n\t\t\t\twindow.iv_elt_count = 0;\r\n} else {\r\n\t\t\t\twindow.iv_elt_count++;\r\n}\r\nif(\"{{interview_headline}}\" === \"\") {\r\n\t\t\t\tjQuery( document ).ready(function() {\r\n\t\t\t\t\t\t\t\tjQuery('.iv_headline').eq(window.iv_elt_count).css('display','none');\r\n\t\t\t\t});\r\n}\r\nif(\"Nun, um nachhaltige Formate wie die SIL-Sprechstunde zu schaffen, muss man erst einmal bereit sein, einen zun\u00e4chst unkonventionell erscheinenden Weg zu beschreiten und sich an Neuem zu versuchen. Das haben wir 2009 mit der ersten SIL-Sprechstunde getan und das tun wir auch heute noch. Schlie\u00dflich gibt es, au\u00dfer dem klassischen \u201ePr\u00e4senzseminar\u201c, didaktisch sehr spannende M\u00f6glichkeiten, technisches Fachwissen zu vermitteln. Wir arbeiten aktuell mit University4Industry zusammen, einem M\u00fcnchner Start-up, das sich auf die Fahnen geschrieben hat, Know-how aus deutschen Industrieunternehmen standortunabh\u00e4ngig und webbasiert verf\u00fcgbar zu machen. Als Ergebnis kann man auf unserem Channel dort etwa vier Stunden Schulungsinhalte zur funktionalen Sicherheit erhalten und sein neu gewonnenes Wissen direkt online in \u00dcbungsaufgaben erproben.\" === \"\") {\r\n\t\t\t\tjQuery( document ).ready(function() {\r\n\t\t\t\t\t\t\t\tjQuery('.iv_a12966039376').css('display','none');\r\n\t\t\t\t});\r\n}\r\nif(\"Generell versuchen wir, den Anwendern die erfolgreiche Realisierung ihrer Sicherheitsanwendungen so leicht wie m\u00f6glich zu machen. Das ist unser Anspruch an uns selbst als kompetenter Partner. Dazu z\u00e4hlen, neben einem Nachschlagewerk wie unserem Kompendium, auch SISTEMA-Bibliotheken f\u00fcr die Safety-geeigneten Produkte von Pepperl+Fuchs. Diese sind, nach Produktbereichen gegliedert, kostenlos bei uns auf der Homepage in der Sektion \u201eSoftware\u201c verf\u00fcgbar. Au\u00dferdem haben wir vor Kurzem ein neues, vollst\u00e4ndig in unsere Website integriertes Tool ver\u00f6ffentlicht, mit dem Anwender die PFD nach IEC 61508\/VDI\/VDE 2180 und die PFH nach 61508 errechnen lassen k\u00f6nnen. Sie geben die Parameter ein und das Tool \u00fcbernimmt die eigentliche Rechenarbeit f\u00fcr Sie. Die Ergebnisse inklusive Rechenweg kann man anschlie\u00dfend in Form einer PDF-Datei erhalten und sie der eigenen Anlagendokumentation hinzuf\u00fcgen.\" === \"\") {\r\n\t\t\t\tjQuery( document ).ready(function() {\r\n\t\t\t\t\t\t\t\tjQuery('.iv_a22966039376').css('display','none');\r\n\t\t\t\t});\r\n}\r\nif(\"F\u00fcr mich zeigt sich die Nachhaltigkeit unserer Arbeit auf zweierlei Art. Zum einen sind es die diversen Veranstaltungen und vielf\u00e4ltigen digitalen Hilfestellungen, die wir anbieten. Zum anderen ist es das breiteste Angebot am Markt, wenn es um Komponenten f\u00fcr den Einsatz in Sicherheitsanwendungen geht. Pepperl+Fuchs hat mittlerweile \u00fcber 700 Produkte mit einer SIL-\/PL-Bewertung im Portfolio \u2014 und weitere werden folgen. J\u00fcngste Beispiele daf\u00fcr sind die gerade mit dem German Innovation Award pr\u00e4mierten Positioniersysteme safePXV und safePGV. Sie erreichen SIL 3\/PL e mit nur einem einzigen Sensor. Das normative Fachwissen, das wir nach au\u00dfen vermitteln, und solche bei uns im Unternehmen entstehenden ausgekl\u00fcgelten Produktl\u00f6sungen sind also zwei Seiten derselben Medaille.\" === \"\") {\r\n\t\t\t\tjQuery( document ).ready(function() {\r\n\t\t\t\t\t\t\t\tjQuery('.iv_a32966039376').css('display','none');\r\n\t\t\t\t});\r\n}\r\nif(\"\" === \"\") {\r\n\t\t\t\tjQuery( document ).ready(function() {\r\n\t\t\t\t\t\t\t\t\/\/ jQuery('.iv_answer4').eq(window.iv_elt_count).css('display','none');\r\n\t\t\t\t\t\t\t\tjQuery('.iv_a42966039376').css('display','none');\r\n\t\t\t\t});\r\n}<\/script><style type=\"text\/css\">.iv_headline {\r\n\t\tfont-weight: 700;\r\n\t\tfont-style: italic;\r\n\t\tfont-size: 20px;\r\n}\r\n.iv_person {\r\n\t\tcolor: #00a587;\r\n\t\tfont-style: italic;\r\n\t\tfont-weight: 400;\r\n}\r\n.iv_person::after {\r\n\t\tcontent: \": \";\r\n}<\/style><div class=\"custom-interview\" id=\"iv_2966039376\"><div class=\"iv_headline\">Was zeichnet nachhaltige Arbeit f\u00fcr Sie noch aus?<\/div>\r\n<p class=\"iv_answer1 iv_a12966039376\"><span class=\"iv_person\">Dr. Andreas Hildebrandt<\/span>Nun, um nachhaltige Formate wie die SIL-Sprechstunde zu schaffen, muss man erst einmal bereit sein, einen zun\u00e4chst unkonventionell erscheinenden Weg zu beschreiten und sich an Neuem zu versuchen. Das haben wir 2009 mit der ersten SIL-Sprechstunde getan und das tun wir auch heute noch. Schlie\u00dflich gibt es, au\u00dfer dem klassischen \u201ePr\u00e4senzseminar\u201c, didaktisch sehr spannende M\u00f6glichkeiten, technisches Fachwissen zu vermitteln. Wir arbeiten aktuell mit University4Industry zusammen, einem M\u00fcnchner Start-up, das sich auf die Fahnen geschrieben hat, Know-how aus deutschen Industrieunternehmen standortunabh\u00e4ngig und webbasiert verf\u00fcgbar zu machen. Als Ergebnis kann man auf unserem Channel dort etwa vier Stunden Schulungsinhalte zur funktionalen Sicherheit erhalten und sein neu gewonnenes Wissen direkt online in \u00dcbungsaufgaben erproben.<\/p>\r\n<p class=\"iv_answer2 iv_a22966039376\"><span class=\"iv_person\">Hasan S\u00fcl\u00fck<\/span>Generell versuchen wir, den Anwendern die erfolgreiche Realisierung ihrer Sicherheitsanwendungen so leicht wie m\u00f6glich zu machen. Das ist unser Anspruch an uns selbst als kompetenter Partner. Dazu z\u00e4hlen, neben einem Nachschlagewerk wie unserem Kompendium, auch SISTEMA-Bibliotheken f\u00fcr die Safety-geeigneten Produkte von Pepperl+Fuchs. Diese sind, nach Produktbereichen gegliedert, kostenlos bei uns auf der Homepage in der Sektion \u201eSoftware\u201c verf\u00fcgbar. Au\u00dferdem haben wir vor Kurzem ein neues, vollst\u00e4ndig in unsere Website integriertes Tool ver\u00f6ffentlicht, mit dem Anwender die PFD nach IEC 61508\/VDI\/VDE 2180 und die PFH nach 61508 errechnen lassen k\u00f6nnen. Sie geben die Parameter ein und das Tool \u00fcbernimmt die eigentliche Rechenarbeit f\u00fcr Sie. Die Ergebnisse inklusive Rechenweg kann man anschlie\u00dfend in Form einer PDF-Datei erhalten und sie der eigenen Anlagendokumentation hinzuf\u00fcgen.<\/p>\r\n<p class=\"iv_answer3 iv_a32966039376\"><span class=\"iv_person\">Michael Kindermann<\/span>F\u00fcr mich zeigt sich die Nachhaltigkeit unserer Arbeit auf zweierlei Art. Zum einen sind es die diversen Veranstaltungen und vielf\u00e4ltigen digitalen Hilfestellungen, die wir anbieten. Zum anderen ist es das breiteste Angebot am Markt, wenn es um Komponenten f\u00fcr den Einsatz in Sicherheitsanwendungen geht. Pepperl+Fuchs hat mittlerweile \u00fcber 700 Produkte mit einer SIL-\/PL-Bewertung im Portfolio \u2014 und weitere werden folgen. J\u00fcngste Beispiele daf\u00fcr sind die gerade mit dem German Innovation Award pr\u00e4mierten Positioniersysteme safePXV und safePGV. Sie erreichen SIL 3\/PL e mit nur einem einzigen Sensor. Das normative Fachwissen, das wir nach au\u00dfen vermitteln, und solche bei uns im Unternehmen entstehenden ausgekl\u00fcgelten Produktl\u00f6sungen sind also zwei Seiten derselben Medaille.<\/p>\r\n<p class=\"iv_answer4 iv_a42966039376\"><span class=\"iv_person\"><\/span><\/p>\r\n<\/div><div class=\"fusion-image-element awb-imageframe-style awb-imageframe-style-below awb-imageframe-style-2\" style=\"--awb-caption-title-font-family:var(--h3_typography-font-family);--awb-caption-title-font-weight:var(--h3_typography-font-weight);--awb-caption-title-font-style:var(--h3_typography-font-style);--awb-caption-title-size:var(--h3_typography-font-size);--awb-caption-title-transform:var(--h3_typography-text-transform);--awb-caption-title-line-height:var(--h3_typography-line-height);--awb-caption-title-letter-spacing:var(--h3_typography-letter-spacing);\"><span class=\" fusion-imageframe imageframe-none imageframe-2 hover-type-none elt_image\"><a href=\"https:\/\/amplify-test.pepperl-fuchs.com\/wp-content\/uploads\/2024\/07\/5bb7134eca211_safepositioningsystem-germaninnovationaward.jpg\" class=\"fusion-lightbox\" data-rel=\"iLightbox[f4ac01fb2defe87394f]\" data-caption=\"\"><img decoding=\"async\" width=\"1024\" height=\"479\" alt=\"safePXV- und safePGV-Absolutpositioniersysteme von Pepperl+Fuchs\" src=\"https:\/\/amplify-test.pepperl-fuchs.com\/wp-content\/uploads\/2024\/07\/5bb7134eca211_safepositioningsystem-germaninnovationaward.jpg\" class=\"img-responsive wp-image-2273\" srcset=\"https:\/\/amplify-test.pepperl-fuchs.com\/wp-content\/uploads\/2024\/07\/5bb7134eca211_safepositioningsystem-germaninnovationaward-200x94.jpg 200w, https:\/\/amplify-test.pepperl-fuchs.com\/wp-content\/uploads\/2024\/07\/5bb7134eca211_safepositioningsystem-germaninnovationaward-400x187.jpg 400w, https:\/\/amplify-test.pepperl-fuchs.com\/wp-content\/uploads\/2024\/07\/5bb7134eca211_safepositioningsystem-germaninnovationaward-600x281.jpg 600w, https:\/\/amplify-test.pepperl-fuchs.com\/wp-content\/uploads\/2024\/07\/5bb7134eca211_safepositioningsystem-germaninnovationaward-800x374.jpg 800w, https:\/\/amplify-test.pepperl-fuchs.com\/wp-content\/uploads\/2024\/07\/5bb7134eca211_safepositioningsystem-germaninnovationaward.jpg 1024w\" sizes=\"(max-width: 640px) 100vw, 1024px\" \/><\/a><\/span><div class=\"awb-imageframe-caption-container\"><div class=\"awb-imageframe-caption\"><p class=\"awb-imageframe-caption-text\">Preisgekr\u00f6nte Safety von Pepperl+Fuchs: Die safePXV\/safePGV-Absolutpositioniersysteme erreichen SIL 3\/PL e mit nur einem einzigen Sensor.<\/p><\/div><\/div><\/div><\/div><\/div><div class=\"fusion-layout-column fusion_builder_column fusion-builder-column-2 fusion_builder_column_1_4 1_4 fusion-flex-column\" style=\"--awb-bg-size:cover;--awb-width-large:25%;--awb-margin-top-large:0px;--awb-spacing-right-large:7.68%;--awb-margin-bottom-large:20px;--awb-spacing-left-large:7.68%;--awb-width-medium:25%;--awb-order-medium:0;--awb-spacing-right-medium:7.68%;--awb-spacing-left-medium:7.68%;--awb-width-small:100%;--awb-order-small:0;--awb-spacing-right-small:1.92%;--awb-spacing-left-small:1.92%;\"><div class=\"fusion-column-wrapper fusion-column-has-shadow fusion-flex-justify-content-flex-start fusion-content-layout-column\"><div class=\"fusion-separator fusion-full-width-sep\" style=\"align-self: center;margin-left: auto;margin-right: auto;width:100%;\"><div class=\"fusion-separator-border sep-single sep-solid\" style=\"--awb-height:20px;--awb-amount:20px;--awb-sep-color:var(--awb-color8);border-color:var(--awb-color8);border-top-width:1px;\"><\/div><\/div><div class=\"fusion-social-networks sharingbox-shortcode-icon-wrapper sharingbox-shortcode-icon-wrapper-1 boxed-icons sidebar\">\n\t<span class=\"share-linkedin\">\n\t\t<a href=\"https:\/\/www.linkedin.com\/shareArticle?\" target=\"_blank\" rel=\"noopener noreferrer\" title=\"\" aria-label=\"LinkedIn\" data-placement=\"top\" data-toggle=\"tooltip\" data-title=\"LinkedIn\" data-original-title=\"LinkedIn\">\n\t\t<i class=\"fusion-social-network-icon fusion-tooltip fusion-linkedin awb-icon-linkedin\" style=\"color:#ffffff;background-color:#0077b5;border-color:#0077b5;border-radius:0px;\" aria-hidden=\"true\"><\/i>\n\t\t<\/a>\n\t<\/span>\n\t<span class=\"share-mail\">\n\t\t<a href=\/de\/kontakt\/\" target=\"_self\" title=\"\" aria-label=\"Email\" data-placement=\"top\" data-toggle=\"tooltip\" data-title=\"Email\" data-original-title=\"Email\">\n\t\t<i class=\"fusion-social-network-icon fusion-tooltip fusion-mail awb-icon-mail\" style=\"color:#ffffff;background-color:#00a587;border-color:#00a587;border-radius:0px;\" aria-hidden=\"true\"><\/i>\n\t\t<\/a>\n\t<\/span>\n\t<span class=\"share-insta\">\n\t\t<a href=\"https:\/\/www.instagram.com\" target=\"_blank\" rel=\"noreferrer noopener\" title=\"\" aria-label=\"Instagram\" data-placement=\"top\" data-toggle=\"tooltip\" data-title=\"Instagram\" data-original-title=\"Instagram\">\n\t\t<i class=\"fusion-social-network-icon fusion-tooltip fusion-instagram awb-icon-instagram\" style=\"color:#ffffff;background-color:#c13584;border-color:#c13584;border-radius:0px;\" aria-hidden=\"true\"><\/i>\n\t\t<\/a>\n\t<\/span>\t\n\t<span class=\"share-facebook\">\n\t\t<a href=\"https:\/\/www.facebook.com\/sharer.php?\" target=\"_blank\" rel=\"noreferrer noopener\" title=\"\" aria-label=\"Facebook\" data-placement=\"top\" data-toggle=\"tooltip\" data-title=\"Facebook\" data-original-title=\"Facebook\">\n\t\t<i class=\"fusion-social-network-icon fusion-tooltip fusion-facebook awb-icon-facebook\" style=\"color:#ffffff;background-color:#3b5998;border-color:#3b5998;border-radius:0px;\" aria-hidden=\"true\"><\/i>\n\t\t<\/a>\n\t<\/span>\n<\/div>\n<div class=\"fusion-separator fusion-full-width-sep\" style=\"align-self: center;margin-left: auto;margin-right: auto;width:100%;\"><div class=\"fusion-separator-border sep-single sep-solid\" style=\"--awb-height:20px;--awb-amount:20px;--awb-sep-color:var(--awb-color8);border-color:var(--awb-color8);border-top-width:1px;\"><\/div><\/div><div class=\"fusion-text fusion-text-4 sidebar\"><h4>Seien Sie dabei!<\/h4>\n<p><img decoding=\"async\" class=\"alignnone size-full wp-image-228\" src=\"https:\/\/amplify-test.pepperl-fuchs.com\/wp-content\/uploads\/2024\/07\/amplify-enews-bild.jpg\" alt=\"Two hands holding a tablet computer showing Pepperl+Fuchs newsletter.\" width=\"220\" height=\"124\" srcset=\"https:\/\/amplify-test.pepperl-fuchs.com\/wp-content\/uploads\/2024\/07\/amplify-enews-bild-66x37.jpg 66w, https:\/\/amplify-test.pepperl-fuchs.com\/wp-content\/uploads\/2024\/07\/amplify-enews-bild-177x100.jpg 177w, https:\/\/amplify-test.pepperl-fuchs.com\/wp-content\/uploads\/2024\/07\/amplify-enews-bild-200x113.jpg 200w, https:\/\/amplify-test.pepperl-fuchs.com\/wp-content\/uploads\/2024\/07\/amplify-enews-bild.jpg 220w\" sizes=\"(max-width: 220px) 100vw, 220px\" \/><\/p>\n<p><a href=\"https:\/\/www.pepperl-fuchs.com\/de\/news\/stay-in-touch\/pepperl-fuchs-e-news-gp30796\" target=\"_blank\" rel=\"noopener\">Erhalten Sie mit der e-news regelm\u00e4\u00dfig Neuigkeiten rund um die Welt der Automation.<\/a><\/p>\n<\/div>\n<div class=\"fusion-title title fusion-title-2 fusion-sep-none fusion-title-text fusion-title-size-four\"><h4 class=\"fusion-title-heading title-heading-left fusion-responsive-typography-calculated\" style=\"margin:0;--fontSize:24;line-height:var(--awb-typography1-line-height);\">Video ansehen<\/h4><\/div><div class=\"fusion-text fusion-text-5\"><p><a href=\"#\" data-toggle=\"modal\" data-target=\".fusion-modal.modal-video0\"><img decoding=\"async\" class=\"alignnone wp-image-3431 size-full\" src=\"https:\/\/amplify-test.pepperl-fuchs.com\/wp-content\/uploads\/2018\/09\/5bc5d67fcdf20_sil-sprechstunde-thumbnail-e1724426659818.jpg\" alt=\"\" width=\"220\" height=\"124\" \/><\/a><\/p>\n<p>Mit der j\u00e4hrlichen SIL-Sprechstunde richtet Pepperl+Fuchs eine Veranstaltung aus, die von Referenten und Teilnehmern gleicherma\u00dfen gesch\u00e4tzt wird. Erhalten Sie einen Einblick in die zehnte Ausgabe des Events und erfahren Sie, was die SIL-Sprechstunde so besonders macht.<\/p>\n<\/div><div class=\"fusion-modal modal fade modal-1 modal-video0\" tabindex=\"-1\" role=\"dialog\" aria-labelledby=\"modal-heading-1\" aria-hidden=\"true\" style=\"--awb-border-color:var(--awb-color3);--awb-background:var(--awb-color1);\"><div class=\"modal-dialog modal-lg\" role=\"document\"><div class=\"modal-content fusion-modal-content\"><div class=\"modal-header\"><button class=\"close\" type=\"button\" data-dismiss=\"modal\" aria-hidden=\"true\" aria-label=\"Close\">&times;<\/button><h3 class=\"modal-title\" id=\"modal-heading-1\" data-dismiss=\"modal\" aria-hidden=\"true\"><\/h3><\/div><div class=\"modal-body fusion-clearfix\">\n<div class=\"fusion-video fusion-youtube\" style=\"--awb-max-width:1140px;--awb-max-height:640px;\"><div class=\"video-shortcode\"><div class=\"fluid-width-video-wrapper\" style=\"padding-top:56.14%;\" ><iframe title=\"YouTube video player 1\" src=\"https:\/\/www.youtube.com\/embed\/R_6RV7VrgII?wmode=transparent&autoplay=0\" width=\"1140\" height=\"640\" allowfullscreen allow=\"autoplay; clipboard-write; encrypted-media; gyroscope; picture-in-picture;\"><\/iframe><\/div><\/div><\/div>\n<\/div><div class=\"modal-footer\"><button class=\"fusion-button button-default button-medium button default medium\" type=\"button\" data-dismiss=\"modal\">Close<\/button><\/div><\/div><\/div><\/div><div class=\"fusion-separator fusion-full-width-sep\" style=\"align-self: center;margin-left: auto;margin-right: auto;width:100%;\"><div class=\"fusion-separator-border sep-single sep-solid\" style=\"--awb-height:20px;--awb-amount:20px;--awb-sep-color:var(--awb-color8);border-color:var(--awb-color8);border-top-width:1px;\"><\/div><\/div><div class=\"fusion-title title fusion-title-3 fusion-sep-none fusion-title-text fusion-title-size-four\"><h4 class=\"fusion-title-heading title-heading-left fusion-responsive-typography-calculated\" style=\"margin:0;--fontSize:24;line-height:var(--awb-typography1-line-height);\">Mehr zum Thema<\/h4><\/div><ul style=\"--awb-iconcolor:var(--awb-color3);--awb-line-height:27.2px;--awb-icon-width:27.2px;--awb-icon-height:27.2px;--awb-icon-margin:11.2px;--awb-content-margin:38.4px;\" class=\"fusion-checklist fusion-checklist-1 fusion-checklist-default type-icons\">\n<li class=\"fusion-li-item\" style=\"\"><span class=\"icon-wrapper circle-no\"><i class=\"fusion-li-icon fa-caret-right fas\" aria-hidden=\"true\"><\/i><\/span><div class=\"fusion-li-item-content\">\n<p><a href=\"https:\/\/www.pepperl-fuchs.com\/safety-products\">Produkte f\u00fcr Sicherheitsanwendungen<\/a><\/p>\n<\/div><\/li><li class=\"fusion-li-item\" style=\"\"><span class=\"icon-wrapper circle-no\"><i class=\"fusion-li-icon fa-caret-right fas\" aria-hidden=\"true\"><\/i><\/span><div class=\"fusion-li-item-content\">\n<p><a href=\"https:\/\/www.pepperl-fuchs.com\/germany\/de\/30582.htm\">Gratis-Download: Kompendium Funktionale Sicherheit<\/a><\/p>\n<\/div><\/li><li class=\"fusion-li-item\" style=\"\"><span class=\"icon-wrapper circle-no\"><i class=\"fusion-li-icon fa-caret-right fas\" aria-hidden=\"true\"><\/i><\/span><div class=\"fusion-li-item-content\">\n<p><a href=\"https:\/\/www.pepperl-fuchs.com\/germany\/de\/classid_4114.htm?view=productlist\">SISTEMA-Bibliotheken<\/a><\/p>\n<\/div><\/li><li class=\"fusion-li-item\" style=\"\"><span class=\"icon-wrapper circle-no\"><i class=\"fusion-li-icon fa-caret-right fas\" aria-hidden=\"true\"><\/i><\/span><div class=\"fusion-li-item-content\">\n<p><a href=\"https:\/\/www.pepperl-fuchs.com\/germany\/de\/32909.htm\">PFD-\/PFH-Berechnungstool<\/a><\/p>\n<\/div><\/li><li class=\"fusion-li-item\" style=\"\"><span class=\"icon-wrapper circle-no\"><i class=\"fusion-li-icon fa-caret-right fas\" aria-hidden=\"true\"><\/i><\/span><div class=\"fusion-li-item-content\">\n<p><a href=\"https:\/\/www.university4industry.com\/Pepperl-Fuchs\" target=\"_blank\" rel=\"noopener\">Pepperl+Fuchs bei University4Industry<\/a><\/p>\n<\/div><\/li><\/ul><div class=\"fusion-separator fusion-full-width-sep\" style=\"align-self: center;margin-left: auto;margin-right: auto;width:100%;\"><div class=\"fusion-separator-border sep-single sep-solid\" style=\"--awb-height:20px;--awb-amount:20px;--awb-sep-color:var(--awb-color8);border-color:var(--awb-color8);border-top-width:1px;\"><\/div><\/div><div class=\"fusion-modal modal fade modal-2 editorial-use\" tabindex=\"-1\" role=\"dialog\" aria-labelledby=\"modal-heading-2\" aria-hidden=\"true\" style=\"--awb-border-color:var(--awb-color3);--awb-background:var(--awb-color1);\"><div class=\"modal-dialog modal-lg\" role=\"document\"><div class=\"modal-content fusion-modal-content\"><div class=\"modal-header\"><button class=\"close\" type=\"button\" data-dismiss=\"modal\" aria-hidden=\"true\" aria-label=\"Close\">&times;<\/button><h3 class=\"modal-title\" id=\"modal-heading-2\" data-dismiss=\"modal\" aria-hidden=\"true\">Redaktionelle Nutzung<\/h3><\/div><div class=\"modal-body fusion-clearfix\">\n<p>The editorial use of articles from \u201camplify\u201d is only permitted with the prior consent of the publisher Pepperl+Fuchs SE. In addition, the original source <a href=\"https:\/\/amplify-test.pepperl-fuchs.com\/\" target=\"_blank\" rel=\"noopener\">amplify.pepperl-fuchs.com<\/a>\u00a0must be referenced when articles are reused or processed.<\/p>\n<div class=\"fusion-button-wrapper\"><a class=\"fusion-button button-flat fusion-button-default-size button-custom fusion-button-default button-1 fusion-button-default-span fusion-button-default-type\" style=\"--button_accent_color:var(--awb-color1);--button_accent_hover_color:var(--awb-custom_color_2);--button_border_hover_color:var(--awb-custom_color_2);--button_gradient_top_color:var(--awb-color3);--button_gradient_bottom_color:var(--awb-color3);--button_gradient_top_color_hover:var(--awb-color1);--button_gradient_bottom_color_hover:var(--awb-color1);\" target=\"_self\" href=\"mailto:amplify@pepperl-fuchs.com?subject=Request%20Editorial%20Use\"><span class=\"fusion-button-text awb-button__text awb-button__text--default\">Redaktionelle Nutzung anfragen<\/span><\/a><\/div>\n<\/div><\/div><\/div><\/div>\n<div ><a class=\"fusion-button button-flat fusion-button-default-size button-custom fusion-button-default button-2 fusion-button-default-span fusion-button-default-type sidebar\" style=\"--button_accent_color:var(--awb-color1);--button_accent_hover_color:var(--awb-custom_color_2);--button_border_hover_color:var(--awb-custom_color_2);--button_gradient_top_color:var(--awb-color3);--button_gradient_bottom_color:var(--awb-color3);--button_gradient_top_color_hover:var(--awb-color1);--button_gradient_bottom_color_hover:var(--awb-color1);--button_margin-top:12px;--button_margin-right:auto;--button_margin-left:auto;\" target=\"_self\" href=\"#\" data-toggle=\"modal\" data-target=\".fusion-modal.editorial-use\"><i class=\"fa-pen fas awb-button__icon awb-button__icon--default button-icon-left\" aria-hidden=\"true\"><\/i><span class=\"fusion-button-text awb-button__text awb-button__text--default\">Redaktionelle Nutzung<\/span><\/a><\/div>\n<\/div><\/div><\/div><\/div>\n","protected":false},"excerpt":{"rendered":"<p>Experten aus dem Bereich funktionale Sicherheit geben Einblicke in ihre t\u00e4gliche Arbeit, die Normenlage und Methoden der Wissensvermittlung.<\/p>\n","protected":false},"author":2,"featured_media":2279,"comment_status":"open","ping_status":"open","sticky":false,"template":"","format":"standard","meta":{"_acf_changed":false,"footnotes":""},"categories":[22,19,21],"tags":[240,130],"class_list":["post-2749","post","type-post","status-publish","format-standard","has-post-thumbnail","hentry","category-explosionsschutz","category-industrielle-sensoren","category-maerkte-trends","tag-im-auftrag-der-sicherheit-de","tag-im-auftrag-der-sicherheit"],"acf":[],"_links":{"self":[{"href":"https:\/\/amplify-test.pepperl-fuchs.com\/de\/wp-json\/wp\/v2\/posts\/2749","targetHints":{"allow":["GET"]}}],"collection":[{"href":"https:\/\/amplify-test.pepperl-fuchs.com\/de\/wp-json\/wp\/v2\/posts"}],"about":[{"href":"https:\/\/amplify-test.pepperl-fuchs.com\/de\/wp-json\/wp\/v2\/types\/post"}],"author":[{"embeddable":true,"href":"https:\/\/amplify-test.pepperl-fuchs.com\/de\/wp-json\/wp\/v2\/users\/2"}],"replies":[{"embeddable":true,"href":"https:\/\/amplify-test.pepperl-fuchs.com\/de\/wp-json\/wp\/v2\/comments?post=2749"}],"version-history":[{"count":9,"href":"https:\/\/amplify-test.pepperl-fuchs.com\/de\/wp-json\/wp\/v2\/posts\/2749\/revisions"}],"predecessor-version":[{"id":4504,"href":"https:\/\/amplify-test.pepperl-fuchs.com\/de\/wp-json\/wp\/v2\/posts\/2749\/revisions\/4504"}],"wp:featuredmedia":[{"embeddable":true,"href":"https:\/\/amplify-test.pepperl-fuchs.com\/de\/wp-json\/wp\/v2\/media\/2279"}],"wp:attachment":[{"href":"https:\/\/amplify-test.pepperl-fuchs.com\/de\/wp-json\/wp\/v2\/media?parent=2749"}],"wp:term":[{"taxonomy":"category","embeddable":true,"href":"https:\/\/amplify-test.pepperl-fuchs.com\/de\/wp-json\/wp\/v2\/categories?post=2749"},{"taxonomy":"post_tag","embeddable":true,"href":"https:\/\/amplify-test.pepperl-fuchs.com\/de\/wp-json\/wp\/v2\/tags?post=2749"}],"curies":[{"name":"wp","href":"https:\/\/api.w.org\/{rel}","templated":true}]}}