{"id":2761,"date":"2018-08-02T00:00:00","date_gmt":"2018-08-02T00:00:00","guid":{"rendered":"https:\/\/amplify.webservices.de\/2018\/08\/02\/eine-erfindung-die-die-automatisierungswelt-veraenderte\/"},"modified":"2025-01-20T17:28:09","modified_gmt":"2025-01-20T17:28:09","slug":"eine-erfindung-die-die-automatisierungswelt-veraenderte","status":"publish","type":"post","link":"https:\/\/amplify-test.pepperl-fuchs.com\/de\/2018\/eine-erfindung-die-die-automatisierungswelt-veraenderte\/","title":{"rendered":"Eine Erfindung, die die Automatisierungswelt ver\u00e4nderte"},"content":{"rendered":"<div class=\"fusion-fullwidth fullwidth-box fusion-builder-row-1 fusion-flex-container has-pattern-background has-mask-background nonhundred-percent-fullwidth non-hundred-percent-height-scrolling gradient-container-1\" style=\"--awb-border-radius-top-left:0px;--awb-border-radius-top-right:0px;--awb-border-radius-bottom-right:0px;--awb-border-radius-bottom-left:0px;--awb-flex-wrap:wrap;\" id=\"article\" ><div class=\"fusion-builder-row fusion-row fusion-flex-align-items-flex-start fusion-flex-content-wrap\" style=\"max-width:1248px;margin-left: calc(-4% \/ 2 );margin-right: calc(-4% \/ 2 );\"><div class=\"fusion-layout-column fusion_builder_column fusion-builder-column-0 fusion_builder_column_1_1 1_1 fusion-flex-column\" style=\"--awb-bg-size:cover;--awb-width-large:100%;--awb-margin-top-large:0px;--awb-spacing-right-large:1.92%;--awb-margin-bottom-large:20px;--awb-spacing-left-large:1.92%;--awb-width-medium:100%;--awb-order-medium:0;--awb-spacing-right-medium:1.92%;--awb-spacing-left-medium:1.92%;--awb-width-small:100%;--awb-order-small:0;--awb-spacing-right-small:1.92%;--awb-spacing-left-small:1.92%;\"><div class=\"fusion-column-wrapper fusion-column-has-shadow fusion-flex-justify-content-flex-start fusion-content-layout-column\"><div class=\"fusion-text fusion-text-1\" id=\"publishing_date\"><p>2. August 2018<\/p>\n<\/div><div class=\"fusion-title title fusion-title-1 fusion-sep-none fusion-title-text fusion-title-size-one\" id=\"article_headline\"><h1 class=\"fusion-title-heading title-heading-left fusion-responsive-typography-calculated\" style=\"margin:0;--fontSize:64;line-height:var(--awb-typography1-line-height);\">Eine Erfindung, die die Automatisierungswelt ver\u00e4nderte<\/h1><\/div><div class=\"fusion-text fusion-text-2 intro_text\"><p>1958 erblickte eine f\u00fcr die Automatisierungswelt bahnbrechende Erfindung das Licht der Welt: der induktive N\u00e4herungsschalter. Erfahren Sie, wie Pepperl+Fuchs ein St\u00fcck deutscher Ingenieursgeschichte schrieb.<\/p>\n<\/div><div class=\"fusion-image-element \" style=\"--awb-caption-title-font-family:var(--h2_typography-font-family);--awb-caption-title-font-weight:var(--h2_typography-font-weight);--awb-caption-title-font-style:var(--h2_typography-font-style);--awb-caption-title-size:var(--h2_typography-font-size);--awb-caption-title-transform:var(--h2_typography-text-transform);--awb-caption-title-line-height:var(--h2_typography-line-height);--awb-caption-title-letter-spacing:var(--h2_typography-letter-spacing);\"><span class=\" fusion-imageframe imageframe-none imageframe-1 hover-type-none\"><img decoding=\"async\" width=\"1600\" height=\"1067\" src=\"https:\/\/amplify-test.pepperl-fuchs.com\/wp-content\/uploads\/2024\/07\/5b6416f731eb4_kurpfaelzer-meile-der-innovationen-2.jpg\" alt class=\"img-responsive wp-image-2254\" srcset=\"https:\/\/amplify-test.pepperl-fuchs.com\/wp-content\/uploads\/2024\/07\/5b6416f731eb4_kurpfaelzer-meile-der-innovationen-2-200x133.jpg 200w, https:\/\/amplify-test.pepperl-fuchs.com\/wp-content\/uploads\/2024\/07\/5b6416f731eb4_kurpfaelzer-meile-der-innovationen-2-400x267.jpg 400w, https:\/\/amplify-test.pepperl-fuchs.com\/wp-content\/uploads\/2024\/07\/5b6416f731eb4_kurpfaelzer-meile-der-innovationen-2-600x400.jpg 600w, https:\/\/amplify-test.pepperl-fuchs.com\/wp-content\/uploads\/2024\/07\/5b6416f731eb4_kurpfaelzer-meile-der-innovationen-2-800x534.jpg 800w, https:\/\/amplify-test.pepperl-fuchs.com\/wp-content\/uploads\/2024\/07\/5b6416f731eb4_kurpfaelzer-meile-der-innovationen-2-1200x800.jpg 1200w, https:\/\/amplify-test.pepperl-fuchs.com\/wp-content\/uploads\/2024\/07\/5b6416f731eb4_kurpfaelzer-meile-der-innovationen-2.jpg 1600w\" sizes=\"(max-width: 640px) 100vw, 1200px\" \/><\/span><\/div><\/div><\/div><div class=\"fusion-layout-column fusion_builder_column fusion-builder-column-1 fusion_builder_column_3_4 3_4 fusion-flex-column\" style=\"--awb-bg-size:cover;--awb-width-large:75%;--awb-margin-top-large:0px;--awb-spacing-right-large:2.56%;--awb-margin-bottom-large:20px;--awb-spacing-left-large:2.56%;--awb-width-medium:75%;--awb-order-medium:0;--awb-spacing-right-medium:2.56%;--awb-spacing-left-medium:2.56%;--awb-width-small:100%;--awb-order-small:0;--awb-spacing-right-small:1.92%;--awb-spacing-left-small:1.92%;\"><div class=\"fusion-column-wrapper fusion-column-has-shadow fusion-flex-justify-content-flex-start fusion-content-layout-column\"><div class=\"fusion-text fusion-text-3 elt_text\"><p>Los Angeles hat den Hollywood Walk of Fame, Mannheim die Kurpf\u00e4lzer Meile der Innovationen. Unmittelbar vor dem Barockschloss der Quadratestadt zieren nunmehr 42 Bronzeplatten die Gehwege entlang der Bismarckstra\u00dfe. Aus einer B\u00fcrgerinitiative heraus entstanden, ehrt der Verein seit Sommer 2017 Erfinder und kluge K\u00f6pfe der Metropolregion Rhein-Neckar auf ganz besondere Weise: Ihr Andenken wird in Form einer Bronzetafel auf der Kurpf\u00e4lzer Meile der Innovationen, dem \u201eWalk of Fame\u201c Mannheims, verewigt. Damit soll an die bedeutenden Leistungen der Region erinnert sowie auf deren wirtschaftliche, technische und kulturelle Vielfalt aufmerksam gemacht werden.<\/p>\n<p>1958 \u2014 das Jahr, in dem nicht nur das Modem, Kontaktlinsen oder der Hula-Hoop-Reifen erfunden wurden. Auch in Mannheim erblickte vor genau 60 Jahren eine f\u00fcr die Automatisierungswelt bahnbrechende Erfindung das Licht der Welt: der induktive N\u00e4herungsschalter. Als eine der \u00e4ltesten elektronischen Komponenten, die aus der Automatisierungsindustrie nicht mehr wegzudenken ist, setzte er neue Ma\u00dfst\u00e4be f\u00fcr die zuverl\u00e4ssige, ber\u00fchrungslose und verschlei\u00dffreie Erfassung metallischer Objekte. Blicken Sie mit uns zur\u00fcck auf die Geschichte des induktiven N\u00e4herungsschalters.<\/p>\n<\/div><div class=\"fusion-image-element awb-imageframe-style awb-imageframe-style-below awb-imageframe-style-2\" style=\"--awb-caption-title-font-family:var(--h3_typography-font-family);--awb-caption-title-font-weight:var(--h3_typography-font-weight);--awb-caption-title-font-style:var(--h3_typography-font-style);--awb-caption-title-size:var(--h3_typography-font-size);--awb-caption-title-transform:var(--h3_typography-text-transform);--awb-caption-title-line-height:var(--h3_typography-line-height);--awb-caption-title-letter-spacing:var(--h3_typography-letter-spacing);\"><span class=\" fusion-imageframe imageframe-none imageframe-2 hover-type-none elt_image\"><a href=\"https:\/\/amplify-test.pepperl-fuchs.com\/wp-content\/uploads\/2024\/07\/5b6857db61d1d_bronzetafel-pepperlfuchs-1500px.jpg\" class=\"fusion-lightbox\" data-rel=\"iLightbox[15c4cbc255efa1204fc]\" data-caption=\"\"><img decoding=\"async\" width=\"1500\" height=\"1164\" alt=\"Bronzetafel von Pepperl+Fuchs auf der Kurpf\u00e4lzer Meile der Innovationen in Mannheim\" src=\"https:\/\/amplify-test.pepperl-fuchs.com\/wp-content\/uploads\/2024\/07\/5b6857db61d1d_bronzetafel-pepperlfuchs-1500px.jpg\" class=\"img-responsive wp-image-2258\" srcset=\"https:\/\/amplify-test.pepperl-fuchs.com\/wp-content\/uploads\/2024\/07\/5b6857db61d1d_bronzetafel-pepperlfuchs-1500px-200x155.jpg 200w, https:\/\/amplify-test.pepperl-fuchs.com\/wp-content\/uploads\/2024\/07\/5b6857db61d1d_bronzetafel-pepperlfuchs-1500px-400x310.jpg 400w, https:\/\/amplify-test.pepperl-fuchs.com\/wp-content\/uploads\/2024\/07\/5b6857db61d1d_bronzetafel-pepperlfuchs-1500px-600x466.jpg 600w, https:\/\/amplify-test.pepperl-fuchs.com\/wp-content\/uploads\/2024\/07\/5b6857db61d1d_bronzetafel-pepperlfuchs-1500px-800x621.jpg 800w, https:\/\/amplify-test.pepperl-fuchs.com\/wp-content\/uploads\/2024\/07\/5b6857db61d1d_bronzetafel-pepperlfuchs-1500px-1200x931.jpg 1200w, https:\/\/amplify-test.pepperl-fuchs.com\/wp-content\/uploads\/2024\/07\/5b6857db61d1d_bronzetafel-pepperlfuchs-1500px.jpg 1500w\" sizes=\"(max-width: 640px) 100vw, 1200px\" \/><\/a><\/span><div class=\"awb-imageframe-caption-container\"><div class=\"awb-imageframe-caption\"><p class=\"awb-imageframe-caption-text\">Bronzetafel von Pepperl+Fuchs auf der Kurpf\u00e4lzer Meile der Innovationen in Mannheim<\/p><\/div><\/div><\/div><div class=\"fusion-text fusion-text-4 elt_text\"><p>Eine dieser Bronzetafeln ist auch Wilfried Gehl, Walter Pepperl und Ludwig Fuchs gewidmet \u2014 den Erfindern des ersten induktiv arbeitenden N\u00e4herungsschalters der Welt. \u201eAls in Mannheim verwurzeltes Unternehmen macht es uns sehr stolz, den Erfindern des induktiven N\u00e4herungsschalters auf diese Art und Weise ein w\u00fcrdiges Denkmal zu setzen\u201c, betont Dr. Gunther Kegel, CEO von Pepperl+Fuchs, bei der Feier anl\u00e4sslich der Plattenverlegung am 17. Juli 2018. \u201eSeit der Firmengr\u00fcndung haben Walter Pepperl und Ludwig Fuchs gezeigt, dass sie ein gutes Gesp\u00fcr und stets Mut zu Neuem haben \u2014 das haben sie immer wieder bewiesen\u201c, f\u00fcgt Kegel hinzu.<\/p>\n<\/div><style type=\"text\/css\">.quote {\r\n\tdisplay: flex;\r\n\talign-items: center;\r\n\tmargin-bottom: 24px;\r\n}\r\n.quote-wrapper {\r\n    \/*position: relative;\r\n    display: flex;*\/\r\n}\r\n.quote-text {\r\n\t\theight: 220px;\r\n\t\talign-content: center;\r\n    border-top: 1px solid #00a587;\r\n\t\tborder-bottom: 1px solid #00a587;\r\n\t\tfont-size: 24px;\r\n\t\tfont-style: italic;\r\n\t\tcolor: #00a587;\r\n\t\tline-height: 28px;\r\n }\r\n.quote-person {\r\n\t\tcolor: #373737;\r\n\t\tfont-size: 14px;\r\n\t\t\r\n}\r\n  .quote-image {\r\n    max-height: 220px; \/* Beispielh\u00f6he des Bildes *\/\r\n\t\tmargin-right: 10px;\r\n  }<\/style><div class=\"quote\">\r\n\t<img decoding=\"async\" src=\"https:\/\/amplify-test.pepperl-fuchs.com\/wp-content\/uploads\/2024\/07\/5b6843c1cef1c_dr-kegel-ceo-pepperlfuchs-1.jpg\" alt=\"\" class=\"quote-image\">\r\n\t<div class=\"quote-wrapper\">\t\r\n\t\t<div class=\"quote-text\">Als in Mannheim verwurzeltes Unternehmen macht es uns sehr stolz, den Erfindern des induktiven N\u00e4herungsschalters auf diese Art und Weise ein w\u00fcrdiges Denkmal zu setzen.\r\n\t\t\t<div class=\"quote-person\">Dr. Gunther Kegel, CEO von Pepperl+Fuchs<\/div>\r\n\t\t<\/div>\r\n\t<\/div>\r\n<\/div><div class=\"fusion-text fusion-text-5 elt_headline_text\"><h2>Der Beginn einer Erfolgsgeschichte<\/h2>\n<p>Ihre Anf\u00e4nge nahm die Geschichte von Pepperl+Fuchs allerdings nicht in Mannheim, sondern im bayrischen Freising. Dort lernten sich der damalige Bankkaufmann Ludwig Fuchs und der gelernte Radiotechniker Walter Pepperl durch dessen Frau Anny kennen. Schnell kam die Idee auf, beruflich gemeinsame Wege zu gehen. So entschlossen sich die beiden, im Jahr 1945 nach Mannheim, der Heimatstadt von Ludwig Fuchs\u2018 Frau Amalie, zu ziehen, wo sie am 15. November eine gemeinsame \u201eRundfunkinstandsetzungswerkst\u00e4tte\u201c im Elternhaus von Amalie Fuchs er\u00f6ffneten. Da der Betrieb sehr gut anlief, bezogen sie bereits kurze Zeit sp\u00e4ter ihr eigenes Ladengesch\u00e4ft in Sandhofen, in dem neben Radios auch Waffeleisen und Gl\u00fchbirnen verkauft wurden.<\/p>\n<\/div><div class=\"fusion-text fusion-text-6 elt_headline_text\"><h2>Mut zu Neuem und ein gutes Gesp\u00fcr<\/h2>\n<p>Die Radios der Nachkriegszeit teilten jedoch alle dieselbe Schw\u00e4che: Der darin verbaute Netz-Transformator enthielt eine Papierzwischenlage, die ihn anf\u00e4llig f\u00fcr Feuchtigkeit machte. Da neue Transformatoren allerdings nur schwer zu beschaffen waren, kam Walter Pepperl die Idee, diese mithilfe von Kupferdraht selbst zu wickeln. Mit dem Kurbelantrieb eines alten Telefons, dem Windungsz\u00e4hler eines Fahrrad-Tachometers samt Gest\u00e4nge, Halterung, Drahtf\u00fchrung und Wickeldorn erbaute er die erste Wickelmaschine f\u00fcr Transformatoren, die er fortan verkaufte.<\/p>\n<p>Nach und nach konnten die ersten \u201erichtigen\u201c Wickelmaschinen bestellt und damit auch die Produktion vergr\u00f6\u00dfert werden. Bereits 1950 baute Pepperl+Fuchs Vorschaltger\u00e4te f\u00fcr die Stromversorgungsnetze im Raum Ludwigshafen, die in der Lage waren, die Spannung von 110\u00a0V in 220\u00a0V umzuwandeln; nur kurze Zeit sp\u00e4ter entwickelte das Unternehmen Steuertransformatoren f\u00fcr Industriezwecke.<\/p>\n<p>Die Entwicklung automatischer F\u00f6rderb\u00e4nder zur Mitte des Jahrhunderts sowie der Beginn der industriellen Massenproduktion brachten ein rasantes Wachstum der Automatisierungstechnik mit sich. Zu dieser Zeit baute Ludwig Fuchs eine enge Beziehung zur nahegelegenen BASF auf, die damals Probleme mit dem vielfach eingesetzten mechanischen Kontaktschalter hatten. Auf der Suche nach einer geeigneten Alternative, die idealerweise ber\u00fchrungslos arbeiten und noch dazu abrieb- und korrosionsbest\u00e4ndig sein sollte, wandte sich die BASF an die beiden Firmeninhaber, um an einer solchen L\u00f6sung zu t\u00fcfteln. So begannen Walter Pepperl und Ludwig Fuchs, einen Magnetverst\u00e4rker \u2014 damals noch Transduktor genannt \u2014 zu entwickeln und befassten sich vermehrt mit dem Thema der \u201eeigensicheren Z\u00fcndschutzarten\u201c.<\/p>\n<\/div><div class=\"fusion-image-element awb-imageframe-style awb-imageframe-style-below awb-imageframe-style-3\" style=\"--awb-caption-title-font-family:var(--h3_typography-font-family);--awb-caption-title-font-weight:var(--h3_typography-font-weight);--awb-caption-title-font-style:var(--h3_typography-font-style);--awb-caption-title-size:var(--h3_typography-font-size);--awb-caption-title-transform:var(--h3_typography-text-transform);--awb-caption-title-line-height:var(--h3_typography-line-height);--awb-caption-title-letter-spacing:var(--h3_typography-letter-spacing);\"><span class=\" fusion-imageframe imageframe-none imageframe-3 hover-type-none elt_image\"><img decoding=\"async\" width=\"800\" height=\"516\" alt=\"Radiowerkstatt von Pepperl+Fuchs in Mannheim-Sandhofen\" src=\"https:\/\/amplify-test.pepperl-fuchs.com\/wp-content\/uploads\/2024\/07\/5b68588762425_pepperlfuchs-radiowerkstatt-800px.jpg\" class=\"img-responsive wp-image-2266\" srcset=\"https:\/\/amplify-test.pepperl-fuchs.com\/wp-content\/uploads\/2024\/07\/5b68588762425_pepperlfuchs-radiowerkstatt-800px-200x129.jpg 200w, https:\/\/amplify-test.pepperl-fuchs.com\/wp-content\/uploads\/2024\/07\/5b68588762425_pepperlfuchs-radiowerkstatt-800px-400x258.jpg 400w, https:\/\/amplify-test.pepperl-fuchs.com\/wp-content\/uploads\/2024\/07\/5b68588762425_pepperlfuchs-radiowerkstatt-800px-600x387.jpg 600w, https:\/\/amplify-test.pepperl-fuchs.com\/wp-content\/uploads\/2024\/07\/5b68588762425_pepperlfuchs-radiowerkstatt-800px.jpg 800w\" sizes=\"(max-width: 640px) 100vw, 800px\" \/><\/span><div class=\"awb-imageframe-caption-container\"><div class=\"awb-imageframe-caption\"><\/div><\/div><\/div><div class=\"fusion-text fusion-text-7 elt_headline_text\"><h2>\u201eGeht nicht, gibt\u00b4s nicht\u201c<\/h2>\n<p>Mit dem Ziel, ein robustes Bauteil zu entwickeln, das auch nach tausenden Schaltspielen noch zuverl\u00e4ssig funktioniert und einen so geringen Leistungsbedarf aufweist, dass es ohne Probleme in explosionsgef\u00e4hrdeten Bereichen eingesetzt werden kann, entstand nur ein Jahr sp\u00e4ter, im Jahr 1958, der erste induktive N\u00e4herungsschalter der Welt \u2014 eine Erfindung, bei der der Ingenieur Wilfried Gehl eine entscheidende Rolle spielte. Der junge Diplom-Ingenieur war im Jahr 1956 f\u00fcr eine Stelle bei BBC \u2014 heute bekannt als ABB \u2014 mit seiner Familie in ein Mehrfamilienhaus nach Mannheim-Sandhofen gezogen, das im Besitz von Pepperl+Fuchs war. Schnell wurden die beiden Firmeninhaber auf dessen Talent aufmerksam und es entstand eine langj\u00e4hrige, erfolgreiche Zusammenarbeit, die bis zu Gehls Ruhestand andauerte.<\/p>\n<p>Gehl, der im April 1957 als freier Mitarbeiter im Unternehmen zu arbeiten begann, unterst\u00fctzte Walter Pepperl bei der Entwicklung des ersten Transistor-Schaltverst\u00e4rkers mit eigensicherem Steuerstromkreis. Die beiden hatten die z\u00fcndende Idee, ein Schaltelement zu entwickeln, das induktiv arbeiten, durch die Ann\u00e4herung an ein metallisches Objekt zu bet\u00e4tigen und schlie\u00dflich in ein Schaltsignal umwandelbar sein sollte. Eine weitere Anforderung, die sie an das Produkt stellten, bestand darin, sowohl die Stromversorgung als auch den Schaltvorgang \u00fcber nur zwei Adern zu realisieren.<\/p>\n<p>\u201eGeht nicht, gibt\u00b4s nicht\u201c: So lautete die allseits bekannte Devise Gehls. Getreu diesem Motto gelang es dem ambitionierten Ingenieur, gemeinsam mit Walter Pepperl die Bed\u00e4mpfung eines Schwingkreises mithilfe eines Bipolar-Transistors auszuwerten und in ein Schaltsignal umzuwandeln. Mit diesem sogenannten KONTEX-System f\u00fcr ber\u00fchrungsloses Schalten in explosionsgef\u00e4hrdeten Bereichen war der Grundstein f\u00fcr den induktiven N\u00e4herungsschalter, wie er heute vielfach in der Industrie eingesetzt wird, gelegt.<\/p>\n<\/div><div class=\"fusion-image-element awb-imageframe-style awb-imageframe-style-below awb-imageframe-style-4\" style=\"--awb-caption-title-font-family:var(--h3_typography-font-family);--awb-caption-title-font-weight:var(--h3_typography-font-weight);--awb-caption-title-font-style:var(--h3_typography-font-style);--awb-caption-title-size:var(--h3_typography-font-size);--awb-caption-title-transform:var(--h3_typography-text-transform);--awb-caption-title-line-height:var(--h3_typography-line-height);--awb-caption-title-letter-spacing:var(--h3_typography-letter-spacing);\"><span class=\" fusion-imageframe imageframe-none imageframe-4 hover-type-none elt_image\"><a href=\"https:\/\/amplify-test.pepperl-fuchs.com\/wp-content\/uploads\/2024\/07\/5b643441b42f6_kontex-system.jpg\" class=\"fusion-lightbox\" data-rel=\"iLightbox[82ec9f35098a45d8915]\" data-caption=\"\"><img decoding=\"async\" width=\"1500\" height=\"1449\" alt=\"KONTEX-System\" src=\"https:\/\/amplify-test.pepperl-fuchs.com\/wp-content\/uploads\/2024\/07\/5b643441b42f6_kontex-system.jpg\" class=\"img-responsive wp-image-2264\" srcset=\"https:\/\/amplify-test.pepperl-fuchs.com\/wp-content\/uploads\/2024\/07\/5b643441b42f6_kontex-system-200x193.jpg 200w, https:\/\/amplify-test.pepperl-fuchs.com\/wp-content\/uploads\/2024\/07\/5b643441b42f6_kontex-system-400x386.jpg 400w, https:\/\/amplify-test.pepperl-fuchs.com\/wp-content\/uploads\/2024\/07\/5b643441b42f6_kontex-system-600x580.jpg 600w, https:\/\/amplify-test.pepperl-fuchs.com\/wp-content\/uploads\/2024\/07\/5b643441b42f6_kontex-system-800x773.jpg 800w, https:\/\/amplify-test.pepperl-fuchs.com\/wp-content\/uploads\/2024\/07\/5b643441b42f6_kontex-system-1200x1159.jpg 1200w, https:\/\/amplify-test.pepperl-fuchs.com\/wp-content\/uploads\/2024\/07\/5b643441b42f6_kontex-system.jpg 1500w\" sizes=\"(max-width: 640px) 100vw, 1200px\" \/><\/a><\/span><div class=\"awb-imageframe-caption-container\"><div class=\"awb-imageframe-caption\"><p class=\"awb-imageframe-caption-text\">Der Vorg\u00e4nger des induktiven N\u00e4herungsschalters \u2014 das KONTEX-System von Pepperl+Fuchs<\/p><\/div><\/div><\/div><div class=\"fusion-text fusion-text-8 elt_headline_text\"><h2>Sinnesorgane der Maschinen im Wandel der Zeit<\/h2>\n<p>Nachdem induktive N\u00e4herungsschalter anf\u00e4nglich in der Chemie-Industrie Einsatz fanden, wurde der Sensor mit nahezu unbegrenzter Lebensdauer ab 1960 auch in anderen Branchen zu einer gesch\u00e4tzten Komponente. So war es keine \u00dcberraschung, dass Ende der 80er Jahre allein in Deutschland knapp vier Millionen N\u00e4herungsschalter verkauft wurden.<\/p>\n<p>In den darauf folgenden Jahrzehnten wurde der N\u00e4herungsschalter stetig weiterentwickelt \u2014 doch das von Gehl und Pepperl entwickelte Grundprinzip blieb immer gleich. Da Sensoren \u00fcberall dort in der Maschine montiert sind, wo Bewegung stattfindet und widrige Umwelteinfl\u00fcsse \u2014 in Form von besonders hohen oder niedrigen Temperaturen, Feuchtigkeit oder mechanischen Belastungen \u2014 vorherrschen, sind \u00fcber die Jahre hinweg unterschiedliche Modelle zur Familie der N\u00e4herungsschalter hinzugekommen. So etwa auch Magnetfeldsensoren zur Positionserfassung von Kolben in Stahlzylindern oder kapazitive Sensoren, die neben metallischen Objekten nahezu alle anderen Materialien detektieren k\u00f6nnen und unter anderem der F\u00fcllstands- oder Durchflussmessung dienen. In der Automobilindustrie beispielweise sind bis heute sogenannte Reduktionsfaktor-1-Sensoren im Einsatz. Diese bieten den entscheidenden Vorteil, dass sie \u00fcber genormte Schaltabst\u00e4nde f\u00fcr alle Metalle verf\u00fcgen und sich f\u00fcr die vielf\u00e4ltigsten Anwendungen eignen.<\/p>\n<p>Das Portfolio an induktiven N\u00e4herungsschaltern umfasst mittlerweile rund 2600 Varianten in unterschiedlichsten Bauformen und -gr\u00f6\u00dfen, die auf die variierenden Einbauverh\u00e4ltnisse an der Maschine zugeschnitten sind. In Anbetracht der zunehmenden Automatisierung und den sich \u00e4ndernden Herausforderungen, die mit Industrie-4.0-Szenarien einhergehen, ist ein Ende noch lange nicht in Sicht: Auch in Zukunft wird der induktive N\u00e4herungsschalter weiterentwickelt und auf die individuellen Bed\u00fcrfnisse der Kunden angepasst werden.<\/p>\n<\/div><\/div><\/div><div class=\"fusion-layout-column fusion_builder_column fusion-builder-column-2 fusion_builder_column_1_4 1_4 fusion-flex-column\" style=\"--awb-bg-size:cover;--awb-width-large:25%;--awb-margin-top-large:0px;--awb-spacing-right-large:7.68%;--awb-margin-bottom-large:20px;--awb-spacing-left-large:7.68%;--awb-width-medium:25%;--awb-order-medium:0;--awb-spacing-right-medium:7.68%;--awb-spacing-left-medium:7.68%;--awb-width-small:100%;--awb-order-small:0;--awb-spacing-right-small:1.92%;--awb-spacing-left-small:1.92%;\"><div class=\"fusion-column-wrapper fusion-column-has-shadow fusion-flex-justify-content-flex-start fusion-content-layout-column\"><div class=\"fusion-separator fusion-full-width-sep\" style=\"align-self: center;margin-left: auto;margin-right: auto;width:100%;\"><div class=\"fusion-separator-border sep-single sep-solid\" style=\"--awb-height:20px;--awb-amount:20px;--awb-sep-color:var(--awb-color8);border-color:var(--awb-color8);border-top-width:1px;\"><\/div><\/div><div class=\"fusion-social-networks sharingbox-shortcode-icon-wrapper sharingbox-shortcode-icon-wrapper-1 boxed-icons sidebar\">\n\t<span class=\"share-linkedin\">\n\t\t<a href=\"https:\/\/www.linkedin.com\/shareArticle?\" target=\"_blank\" rel=\"noopener noreferrer\" title=\"\" aria-label=\"LinkedIn\" data-placement=\"top\" data-toggle=\"tooltip\" data-title=\"LinkedIn\" data-original-title=\"LinkedIn\">\n\t\t<i class=\"fusion-social-network-icon fusion-tooltip fusion-linkedin awb-icon-linkedin\" style=\"color:#ffffff;background-color:#0077b5;border-color:#0077b5;border-radius:0px;\" aria-hidden=\"true\"><\/i>\n\t\t<\/a>\n\t<\/span>\n\t<span class=\"share-mail\">\n\t\t<a href=\/de\/kontakt\/\" target=\"_self\" title=\"\" aria-label=\"Email\" data-placement=\"top\" data-toggle=\"tooltip\" data-title=\"Email\" data-original-title=\"Email\">\n\t\t<i class=\"fusion-social-network-icon fusion-tooltip fusion-mail awb-icon-mail\" style=\"color:#ffffff;background-color:#00a587;border-color:#00a587;border-radius:0px;\" aria-hidden=\"true\"><\/i>\n\t\t<\/a>\n\t<\/span>\n\t<span class=\"share-insta\">\n\t\t<a href=\"https:\/\/www.instagram.com\" target=\"_blank\" rel=\"noreferrer noopener\" title=\"\" aria-label=\"Instagram\" data-placement=\"top\" data-toggle=\"tooltip\" data-title=\"Instagram\" data-original-title=\"Instagram\">\n\t\t<i class=\"fusion-social-network-icon fusion-tooltip fusion-instagram awb-icon-instagram\" style=\"color:#ffffff;background-color:#c13584;border-color:#c13584;border-radius:0px;\" aria-hidden=\"true\"><\/i>\n\t\t<\/a>\n\t<\/span>\t\n\t<span class=\"share-facebook\">\n\t\t<a href=\"https:\/\/www.facebook.com\/sharer.php?\" target=\"_blank\" rel=\"noreferrer noopener\" title=\"\" aria-label=\"Facebook\" data-placement=\"top\" data-toggle=\"tooltip\" data-title=\"Facebook\" data-original-title=\"Facebook\">\n\t\t<i class=\"fusion-social-network-icon fusion-tooltip fusion-facebook awb-icon-facebook\" style=\"color:#ffffff;background-color:#3b5998;border-color:#3b5998;border-radius:0px;\" aria-hidden=\"true\"><\/i>\n\t\t<\/a>\n\t<\/span>\n<\/div>\n<div class=\"fusion-separator fusion-full-width-sep\" style=\"align-self: center;margin-left: auto;margin-right: auto;width:100%;\"><div class=\"fusion-separator-border sep-single sep-solid\" style=\"--awb-height:20px;--awb-amount:20px;--awb-sep-color:var(--awb-color8);border-color:var(--awb-color8);border-top-width:1px;\"><\/div><\/div><div class=\"fusion-text fusion-text-9 sidebar\"><h4>Seien Sie dabei!<\/h4>\n<p><img decoding=\"async\" class=\"alignnone size-full wp-image-228\" src=\"https:\/\/amplify-test.pepperl-fuchs.com\/wp-content\/uploads\/2024\/07\/amplify-enews-bild.jpg\" alt=\"Two hands holding a tablet computer showing Pepperl+Fuchs newsletter.\" width=\"220\" height=\"124\" srcset=\"https:\/\/amplify-test.pepperl-fuchs.com\/wp-content\/uploads\/2024\/07\/amplify-enews-bild-66x37.jpg 66w, https:\/\/amplify-test.pepperl-fuchs.com\/wp-content\/uploads\/2024\/07\/amplify-enews-bild-177x100.jpg 177w, https:\/\/amplify-test.pepperl-fuchs.com\/wp-content\/uploads\/2024\/07\/amplify-enews-bild-200x113.jpg 200w, https:\/\/amplify-test.pepperl-fuchs.com\/wp-content\/uploads\/2024\/07\/amplify-enews-bild.jpg 220w\" sizes=\"(max-width: 220px) 100vw, 220px\" \/><\/p>\n<p><a href=\"https:\/\/www.pepperl-fuchs.com\/de\/news\/stay-in-touch\/pepperl-fuchs-e-news-gp30796\" target=\"_blank\" rel=\"noopener\">Erhalten Sie mit der e-news regelm\u00e4\u00dfig Neuigkeiten rund um die Welt der Automation.<\/a><\/p>\n<\/div>\n<div class=\"fusion-separator fusion-full-width-sep\" style=\"align-self: center;margin-left: auto;margin-right: auto;width:100%;\"><div class=\"fusion-separator-border sep-single sep-solid\" style=\"--awb-height:20px;--awb-amount:20px;--awb-sep-color:var(--awb-color8);border-color:var(--awb-color8);border-top-width:1px;\"><\/div><\/div><div class=\"fusion-title title fusion-title-2 fusion-sep-none fusion-title-text fusion-title-size-four\"><h4 class=\"fusion-title-heading title-heading-left fusion-responsive-typography-calculated\" style=\"margin:0;--fontSize:24;line-height:var(--awb-typography1-line-height);\">Mehr zum Thema<\/h4><\/div><ul style=\"--awb-iconcolor:var(--awb-color3);--awb-line-height:27.2px;--awb-icon-width:27.2px;--awb-icon-height:27.2px;--awb-icon-margin:11.2px;--awb-content-margin:38.4px;\" class=\"fusion-checklist fusion-checklist-1 fusion-checklist-default type-icons\"><li class=\"fusion-li-item\" style=\"\"><span class=\"icon-wrapper circle-no\"><i class=\"fusion-li-icon fa-caret-right fas\" aria-hidden=\"true\"><\/i><\/span><div class=\"fusion-li-item-content\">\n<p><a href=\"https:\/\/www.pepperl-fuchs.com\/global\/de\/classid_142.htm\">Entdecken Sie das gesamte Portfolio an N\u00e4herungsschaltern<\/a><\/p>\n<\/div><\/li><li class=\"fusion-li-item\" style=\"\"><span class=\"icon-wrapper circle-no\"><i class=\"fusion-li-icon fa-caret-right fas\" aria-hidden=\"true\"><\/i><\/span><div class=\"fusion-li-item-content\"><a href=\"https:\/\/www.meile-der-innovationen.de\/innovationen\/naeherungsschalter-1958\" target=\"_blank\" rel=\"noopener\">Erfahren Sie mehr \u00fcber die Bronzetafel von Pepperl+Fuchs auf der Kurpf\u00e4lzer Meile der Innovationen<\/a><\/div><\/li><\/ul><div class=\"fusion-separator fusion-full-width-sep\" style=\"align-self: center;margin-left: auto;margin-right: auto;width:100%;\"><div class=\"fusion-separator-border sep-single sep-solid\" style=\"--awb-height:20px;--awb-amount:20px;--awb-sep-color:var(--awb-color8);border-color:var(--awb-color8);border-top-width:1px;\"><\/div><\/div><div class=\"fusion-modal modal fade modal-1 editorial-use\" tabindex=\"-1\" role=\"dialog\" aria-labelledby=\"modal-heading-1\" aria-hidden=\"true\" style=\"--awb-border-color:var(--awb-color3);--awb-background:var(--awb-color1);\"><div class=\"modal-dialog modal-lg\" role=\"document\"><div class=\"modal-content fusion-modal-content\"><div class=\"modal-header\"><button class=\"close\" type=\"button\" data-dismiss=\"modal\" aria-hidden=\"true\" aria-label=\"Close\">&times;<\/button><h3 class=\"modal-title\" id=\"modal-heading-1\" data-dismiss=\"modal\" aria-hidden=\"true\">Redaktionelle Nutzung<\/h3><\/div><div class=\"modal-body fusion-clearfix\">\n<p>The editorial use of articles from \u201camplify\u201d is only permitted with the prior consent of the publisher Pepperl+Fuchs SE. In addition, the original source <a href=\"https:\/\/amplify-test.pepperl-fuchs.com\/\" target=\"_blank\" rel=\"noopener\">amplify.pepperl-fuchs.com<\/a>\u00a0must be referenced when articles are reused or processed.<\/p>\n<div class=\"fusion-button-wrapper\"><a class=\"fusion-button button-flat fusion-button-default-size button-custom fusion-button-default button-1 fusion-button-default-span fusion-button-default-type\" style=\"--button_accent_color:var(--awb-color1);--button_accent_hover_color:var(--awb-custom_color_2);--button_border_hover_color:var(--awb-custom_color_2);--button_gradient_top_color:var(--awb-color3);--button_gradient_bottom_color:var(--awb-color3);--button_gradient_top_color_hover:var(--awb-color1);--button_gradient_bottom_color_hover:var(--awb-color1);\" target=\"_self\" href=\"mailto:amplify@pepperl-fuchs.com?subject=Request%20Editorial%20Use\"><span class=\"fusion-button-text awb-button__text awb-button__text--default\">Redaktionelle Nutzung anfragen<\/span><\/a><\/div>\n<\/div><\/div><\/div><\/div>\n<div ><a class=\"fusion-button button-flat fusion-button-default-size button-custom fusion-button-default button-2 fusion-button-default-span fusion-button-default-type sidebar\" style=\"--button_accent_color:var(--awb-color1);--button_accent_hover_color:var(--awb-custom_color_2);--button_border_hover_color:var(--awb-custom_color_2);--button_gradient_top_color:var(--awb-color3);--button_gradient_bottom_color:var(--awb-color3);--button_gradient_top_color_hover:var(--awb-color1);--button_gradient_bottom_color_hover:var(--awb-color1);--button_margin-top:12px;--button_margin-right:auto;--button_margin-left:auto;\" target=\"_self\" href=\"#\" data-toggle=\"modal\" data-target=\".fusion-modal.editorial-use\"><i class=\"fa-pen fas awb-button__icon awb-button__icon--default button-icon-left\" aria-hidden=\"true\"><\/i><span class=\"fusion-button-text awb-button__text awb-button__text--default\">Redaktionelle Nutzung<\/span><\/a><\/div>\n<\/div><\/div><\/div><\/div>\n","protected":false},"excerpt":{"rendered":"<p>Wie Wilfried Gehl, Walter Pepperl und Ludwig Fuchs gemeinsam ein St\u00fcck deutscher Ingenieursgeschichte schrieben.<\/p>\n","protected":false},"author":2,"featured_media":2254,"comment_status":"open","ping_status":"open","sticky":false,"template":"","format":"standard","meta":{"_acf_changed":false,"footnotes":""},"categories":[23],"tags":[236],"class_list":["post-2761","post","type-post","status-publish","format-standard","has-post-thumbnail","hentry","category-technologien-innovationen","tag-eine-erfindung-die-die-automatisierungswelt-veraenderte-de"],"acf":[],"_links":{"self":[{"href":"https:\/\/amplify-test.pepperl-fuchs.com\/de\/wp-json\/wp\/v2\/posts\/2761","targetHints":{"allow":["GET"]}}],"collection":[{"href":"https:\/\/amplify-test.pepperl-fuchs.com\/de\/wp-json\/wp\/v2\/posts"}],"about":[{"href":"https:\/\/amplify-test.pepperl-fuchs.com\/de\/wp-json\/wp\/v2\/types\/post"}],"author":[{"embeddable":true,"href":"https:\/\/amplify-test.pepperl-fuchs.com\/de\/wp-json\/wp\/v2\/users\/2"}],"replies":[{"embeddable":true,"href":"https:\/\/amplify-test.pepperl-fuchs.com\/de\/wp-json\/wp\/v2\/comments?post=2761"}],"version-history":[{"count":9,"href":"https:\/\/amplify-test.pepperl-fuchs.com\/de\/wp-json\/wp\/v2\/posts\/2761\/revisions"}],"predecessor-version":[{"id":4999,"href":"https:\/\/amplify-test.pepperl-fuchs.com\/de\/wp-json\/wp\/v2\/posts\/2761\/revisions\/4999"}],"wp:featuredmedia":[{"embeddable":true,"href":"https:\/\/amplify-test.pepperl-fuchs.com\/de\/wp-json\/wp\/v2\/media\/2254"}],"wp:attachment":[{"href":"https:\/\/amplify-test.pepperl-fuchs.com\/de\/wp-json\/wp\/v2\/media?parent=2761"}],"wp:term":[{"taxonomy":"category","embeddable":true,"href":"https:\/\/amplify-test.pepperl-fuchs.com\/de\/wp-json\/wp\/v2\/categories?post=2761"},{"taxonomy":"post_tag","embeddable":true,"href":"https:\/\/amplify-test.pepperl-fuchs.com\/de\/wp-json\/wp\/v2\/tags?post=2761"}],"curies":[{"name":"wp","href":"https:\/\/api.w.org\/{rel}","templated":true}]}}