{"id":2773,"date":"2018-05-08T00:00:00","date_gmt":"2018-05-08T00:00:00","guid":{"rendered":"https:\/\/amplify.webservices.de\/2018\/05\/08\/offen-fuer-innovation\/"},"modified":"2025-06-18T08:25:52","modified_gmt":"2025-06-18T08:25:52","slug":"offen-fuer-innovation","status":"publish","type":"post","link":"https:\/\/amplify-test.pepperl-fuchs.com\/de\/2018\/offen-fuer-innovation\/","title":{"rendered":"Offen f\u00fcr Innovation"},"content":{"rendered":"<p><div class=\"fusion-fullwidth fullwidth-box fusion-builder-row-1 fusion-flex-container has-pattern-background has-mask-background nonhundred-percent-fullwidth non-hundred-percent-height-scrolling gradient-container-1\" style=\"--awb-border-radius-top-left:0px;--awb-border-radius-top-right:0px;--awb-border-radius-bottom-right:0px;--awb-border-radius-bottom-left:0px;--awb-flex-wrap:wrap;\" id=\"article\" ><div class=\"fusion-builder-row fusion-row fusion-flex-align-items-flex-start fusion-flex-content-wrap\" style=\"max-width:1248px;margin-left: calc(-4% \/ 2 );margin-right: calc(-4% \/ 2 );\"><div class=\"fusion-layout-column fusion_builder_column fusion-builder-column-0 fusion_builder_column_1_1 1_1 fusion-flex-column\" style=\"--awb-bg-size:cover;--awb-width-large:100%;--awb-margin-top-large:0px;--awb-spacing-right-large:1.92%;--awb-margin-bottom-large:20px;--awb-spacing-left-large:1.92%;--awb-width-medium:100%;--awb-order-medium:0;--awb-spacing-right-medium:1.92%;--awb-spacing-left-medium:1.92%;--awb-width-small:100%;--awb-order-small:0;--awb-spacing-right-small:1.92%;--awb-spacing-left-small:1.92%;\"><div class=\"fusion-column-wrapper fusion-column-has-shadow fusion-flex-justify-content-flex-start fusion-content-layout-column\"><div class=\"fusion-text fusion-text-1\" id=\"publishing_date\"><p>8. Mai 2018<\/p>\n<\/div><div class=\"fusion-title title fusion-title-1 fusion-sep-none fusion-title-text fusion-title-size-one\" id=\"article_headline\"><h1 class=\"fusion-title-heading title-heading-left fusion-responsive-typography-calculated\" style=\"margin:0;--fontSize:64;line-height:var(--awb-typography1-line-height);\">Offen f\u00fcr Innovation<\/h1><\/div><div class=\"fusion-text fusion-text-2 intro_text\"><p>Was haben Audi, BMW und Mercedes-Benz gemeinsam? Alle drei Firmen investieren in Mexiko. Vom Automobilbau \u00fcber die Luft- und Raumfahrtindustrie bis hin zu erneuerbaren Energien \u2013 Mexiko ist ein Top-Ziel f\u00fcr globale Investitionen und Industrie-4.0-Technologie. Begleiten Sie Pepperl+Fuchs auf eine Tour durch dieses dynamische Land und sehen Sie, warum Mexiko l\u00e4ngst zu einem Zentrum der Innovation geworden ist.<\/p>\n<\/div><div class=\"fusion-image-element \" style=\"--awb-caption-title-font-family:var(--h2_typography-font-family);--awb-caption-title-font-weight:var(--h2_typography-font-weight);--awb-caption-title-font-style:var(--h2_typography-font-style);--awb-caption-title-size:var(--h2_typography-font-size);--awb-caption-title-transform:var(--h2_typography-text-transform);--awb-caption-title-line-height:var(--h2_typography-line-height);--awb-caption-title-letter-spacing:var(--h2_typography-letter-spacing);\"><span class=\" fusion-imageframe imageframe-none imageframe-1 hover-type-none\"><img decoding=\"async\" width=\"1500\" height=\"1000\" alt=\"Mexican pyramides\" src=\"https:\/\/amplify-test.pepperl-fuchs.com\/wp-content\/uploads\/2024\/07\/5af31ce896294_artikelbild-mexiko-pyramiden.jpg\" class=\"img-responsive wp-image-2488\" srcset=\"https:\/\/amplify-test.pepperl-fuchs.com\/wp-content\/uploads\/2024\/07\/5af31ce896294_artikelbild-mexiko-pyramiden-200x133.jpg 200w, https:\/\/amplify-test.pepperl-fuchs.com\/wp-content\/uploads\/2024\/07\/5af31ce896294_artikelbild-mexiko-pyramiden-400x267.jpg 400w, https:\/\/amplify-test.pepperl-fuchs.com\/wp-content\/uploads\/2024\/07\/5af31ce896294_artikelbild-mexiko-pyramiden-600x400.jpg 600w, https:\/\/amplify-test.pepperl-fuchs.com\/wp-content\/uploads\/2024\/07\/5af31ce896294_artikelbild-mexiko-pyramiden-800x533.jpg 800w, https:\/\/amplify-test.pepperl-fuchs.com\/wp-content\/uploads\/2024\/07\/5af31ce896294_artikelbild-mexiko-pyramiden-1200x800.jpg 1200w, https:\/\/amplify-test.pepperl-fuchs.com\/wp-content\/uploads\/2024\/07\/5af31ce896294_artikelbild-mexiko-pyramiden.jpg 1500w\" sizes=\"(max-width: 640px) 100vw, 1200px\" \/><\/span><\/div><\/div><\/div><div class=\"fusion-layout-column fusion_builder_column fusion-builder-column-1 fusion_builder_column_3_4 3_4 fusion-flex-column\" style=\"--awb-bg-size:cover;--awb-width-large:75%;--awb-margin-top-large:0px;--awb-spacing-right-large:2.56%;--awb-margin-bottom-large:20px;--awb-spacing-left-large:2.56%;--awb-width-medium:75%;--awb-order-medium:0;--awb-spacing-right-medium:2.56%;--awb-spacing-left-medium:2.56%;--awb-width-small:100%;--awb-order-small:0;--awb-spacing-right-small:1.92%;--awb-spacing-left-small:1.92%;\"><div class=\"fusion-column-wrapper fusion-column-has-shadow fusion-flex-justify-content-flex-start fusion-content-layout-column\"><div class=\"fusion-text fusion-text-3 elt_text\"><p>Als Partnerland der Hannover Messe 2018 stand Mexiko im besonderen Fokus und durfte seine St\u00e4rken als\u00a0Dreh- und Angelpunkt der Industrie zeigen. Als f\u00fcnfzehntgr\u00f6\u00dfte Volkswirtschaft der Welt, dreizehntgr\u00f6\u00dftes Exportland und\u00a0wichtiger globaler Produktionsstandort ist es Mexiko jedoch gewohnt, im Rampenlicht zu stehen. Ausl\u00e4ndische Direktinvestitionen nehmen zu und viele OEMs er\u00f6ffnen Produktionsst\u00e4tten vor Ort\u00a0\u2014 darunter fast alle gro\u00dfen Automobilhersteller der Welt. Neben der Automobilindustrie investieren aber auch Unternehmen aus den verschiedensten anderen Branchen in diesem Land.<\/p>\n<\/div><div class=\"fusion-image-element awb-imageframe-style awb-imageframe-style-below awb-imageframe-style-2\" style=\"--awb-caption-title-font-family:var(--body_typography-font-family);--awb-caption-title-font-weight:var(--body_typography-font-weight);--awb-caption-title-font-style:var(--body_typography-font-style);--awb-caption-title-size:var(--body_typography-font-size);--awb-caption-title-transform:var(--body_typography-text-transform);--awb-caption-title-line-height:var(--body_typography-line-height);--awb-caption-title-letter-spacing:var(--body_typography-letter-spacing);\"><span class=\" fusion-imageframe imageframe-none imageframe-2 hover-type-none elt_image\"><a href=\"https:\/\/amplify-test.pepperl-fuchs.com\/wp-content\/uploads\/2024\/07\/5af08c7076415_zlx-6170-bearbeitet2-reduced2.jpg\" class=\"fusion-lightbox\" data-rel=\"iLightbox[ab06f9cd615c1b36418]\" data-caption=\"\"><img decoding=\"async\" width=\"1500\" height=\"1012\" alt=\"Personal von Pepperl+Fuchs Nordamerika bei Hannover Messe 2018\" src=\"https:\/\/amplify-test.pepperl-fuchs.com\/wp-content\/uploads\/2024\/07\/5af08c7076415_zlx-6170-bearbeitet2-reduced2.jpg\" class=\"img-responsive wp-image-2487\" srcset=\"https:\/\/amplify-test.pepperl-fuchs.com\/wp-content\/uploads\/2024\/07\/5af08c7076415_zlx-6170-bearbeitet2-reduced2-200x135.jpg 200w, https:\/\/amplify-test.pepperl-fuchs.com\/wp-content\/uploads\/2024\/07\/5af08c7076415_zlx-6170-bearbeitet2-reduced2-400x270.jpg 400w, https:\/\/amplify-test.pepperl-fuchs.com\/wp-content\/uploads\/2024\/07\/5af08c7076415_zlx-6170-bearbeitet2-reduced2-600x405.jpg 600w, https:\/\/amplify-test.pepperl-fuchs.com\/wp-content\/uploads\/2024\/07\/5af08c7076415_zlx-6170-bearbeitet2-reduced2-800x540.jpg 800w, https:\/\/amplify-test.pepperl-fuchs.com\/wp-content\/uploads\/2024\/07\/5af08c7076415_zlx-6170-bearbeitet2-reduced2-1200x810.jpg 1200w, https:\/\/amplify-test.pepperl-fuchs.com\/wp-content\/uploads\/2024\/07\/5af08c7076415_zlx-6170-bearbeitet2-reduced2.jpg 1500w\" sizes=\"(max-width: 640px) 100vw, 1200px\" \/><\/a><\/span><div class=\"awb-imageframe-caption-container\"><div class=\"awb-imageframe-caption\"><p class=\"awb-imageframe-caption-text\">Rene Morales (rechts), Leiter Fabrikautomation bei Pepperl+Fuchs Mexiko und Lateinamerika, mit seinen Kollegen Victor Chalico, Javier Cabello und Bob Smith (links nach rechts) auf der Hannover Messe 2018.<\/p><\/div><\/div><\/div><div class=\"fusion-text fusion-text-4 elt_text\"><p>\u201eAber nicht nur die mexikanische Wirtschaft ist attraktiv\u201c, sagt jemand der es wissen muss. Ed Myers, Vertriebsspezialist bei Pepperl+Fuchs Nordamerika, f\u00e4hrt seit Jahren mit dem firmeneigenen Demo-Bus durch Mexiko. Bereits nach seiner ersten Rundreise in dem riesigen \u201eAusstellungsraum auf R\u00e4dern\u201c im Jahr 1997 verliebte er sich in das Land. \u201eMein Lieblingsort ist wahrscheinlich Guanajuato. Aber \u00fcberall, wo ich hinfahre, f\u00e4llt mir die Freundlichkeit der Menschen, die ich treffe und mit denen ich zusammenarbeite, auf. Und das Essen ist einfach hervorragend!\u201d, sagt Myers l\u00e4chelnd. Von Tacos in Mexiko-Stadt \u00fcber Machaca im Norden bis hin zu Cochinita Pibil in Yuc\u00c3\u00a1tan spiegelt sich die Vielfalt des Landes auch in der K\u00fcche wider.<\/p>\n<p>Myers bringt den Demo-Bus zu Kunden aus verschiedenen Branchen der Fabrikautomation, mit Schwerpunkt auf die Automobilindustrie. \u201eDa die Industrie boomt, gibt es viele Gelegenheiten mit Ingenieuren zusammenzuarbeiten \u2014 beispielsweise wenn sie neue Anlagen planen oder bestehende erweitern\u201c, sagt Myers. Ein Besuch im Demo-Bus gibt den Kunden einen Einblick in die Bandbreite der Technologien von Pepperl+Fuchs. Es bietet unserem lokalen Vertriebspersonal zudem die M\u00f6glichkeit, neue Produkte vorzustellen und Kunden direkt vor Ort zu unterst\u00fctzen. Myers erz\u00e4hlt weiter: \u201eOftmals verbringen wir einen ganzen Tag mit unseren Kunden: Beginnend mit einem Rundgang durch den Demo-Bus, was dann oft zu einer Betriebsbesichtigung f\u00fchrt, und mit Gespr\u00e4chen dar\u00fcber, wie die Kunden ihren Betrieb intelligenter und effizienter gestalten k\u00f6nnen, abschlie\u00dft.\u201c<\/p>\n<\/div><div class=\"fusion-image-element awb-imageframe-style awb-imageframe-style-below awb-imageframe-style-3\" style=\"--awb-caption-title-font-family:var(--body_typography-font-family);--awb-caption-title-font-weight:var(--body_typography-font-weight);--awb-caption-title-font-style:var(--body_typography-font-style);--awb-caption-title-size:var(--body_typography-font-size);--awb-caption-title-transform:var(--body_typography-text-transform);--awb-caption-title-line-height:var(--body_typography-line-height);--awb-caption-title-letter-spacing:var(--body_typography-letter-spacing);\"><span class=\" fusion-imageframe imageframe-none imageframe-3 hover-type-none elt_image\"><a href=\"https:\/\/amplify-test.pepperl-fuchs.com\/wp-content\/uploads\/2024\/07\/5af3508bda466_mobile-exhibit-pepperlfuchs-north-america.jpg\" class=\"fusion-lightbox\" data-rel=\"iLightbox[7b92cc989915691808c]\" data-caption=\"\"><img decoding=\"async\" width=\"1500\" height=\"620\" alt=\"Der Demo-Bus von Pepperl+Fuchs Nordamerika\" src=\"https:\/\/amplify-test.pepperl-fuchs.com\/wp-content\/uploads\/2024\/07\/5af3508bda466_mobile-exhibit-pepperlfuchs-north-america.jpg\" class=\"img-responsive wp-image-2493\" srcset=\"https:\/\/amplify-test.pepperl-fuchs.com\/wp-content\/uploads\/2024\/07\/5af3508bda466_mobile-exhibit-pepperlfuchs-north-america-200x83.jpg 200w, https:\/\/amplify-test.pepperl-fuchs.com\/wp-content\/uploads\/2024\/07\/5af3508bda466_mobile-exhibit-pepperlfuchs-north-america-400x165.jpg 400w, https:\/\/amplify-test.pepperl-fuchs.com\/wp-content\/uploads\/2024\/07\/5af3508bda466_mobile-exhibit-pepperlfuchs-north-america-600x248.jpg 600w, https:\/\/amplify-test.pepperl-fuchs.com\/wp-content\/uploads\/2024\/07\/5af3508bda466_mobile-exhibit-pepperlfuchs-north-america-800x331.jpg 800w, https:\/\/amplify-test.pepperl-fuchs.com\/wp-content\/uploads\/2024\/07\/5af3508bda466_mobile-exhibit-pepperlfuchs-north-america-1200x496.jpg 1200w, https:\/\/amplify-test.pepperl-fuchs.com\/wp-content\/uploads\/2024\/07\/5af3508bda466_mobile-exhibit-pepperlfuchs-north-america.jpg 1500w\" sizes=\"(max-width: 640px) 100vw, 1200px\" \/><\/a><\/span><div class=\"awb-imageframe-caption-container\"><div class=\"awb-imageframe-caption\"><p class=\"awb-imageframe-caption-text\">Der Demo-Bus von Pepperl+Fuchs Nordamerika<\/p><\/div><\/div><\/div><div class=\"fusion-text fusion-text-5 elt_headline_text\"><h2>Die Automobilindustrie und dar\u00fcber hinaus<\/h2>\n<p>Die Automobilindustrie ist eine gro\u00dfe St\u00e4rke der mexikanischen Wirtschaft und gleichzeitig der gr\u00f6\u00dfte Markt f\u00fcr industrielle Sensoren von Pepperl+Fuchs in Mexiko. Die mexikanische Autoindustrie hebt sich besonders dadurch hervor, dass die gesamte Supply Chain im Land vertreten ist. Neben den Automobilherstellern selbst, finden sich\u00a0auch zahlreiche Tier-1-Zulieferer, die von Reifen bis hin zu Sicherheitsgurten alles herstellen. \u201eWenn man alles Notwendige hat, um ein Auto direkt vor Ort zu bauen, ist es viel einfacher, im Automobilgesch\u00e4ft erfolgreich zu sein\u201c, erkl\u00e4rt Rene Morales, Leiter Fabrikautomation bei Pepperl+Fuchs Mexiko und Lateinamerika. Dieses Jahr feiert die Niederlassung Pepperl+Fuchs M\u00e9xico S.A. de C.V., im Herzen von Mexiko-Stadt, ihr 25-j\u00e4hriges Bestehen. Mit einem Team von mittlerweile \u00fcber 30 Mitarbeitern w\u00e4chst Pepperl+Fuchs hier wie das Land und die Industrie selbst.<\/p>\n<p>Morales schreibt die wachsende Wirtschaft der neuen Regierungsreform und einer handelsfreundlichen Politik zu \u2014 und es ist l\u00e4ngst nicht nur die Automobilindustrie auf dem Vormarsch. Weitere Wachstumsbranchen sind die Luft- und Raumfahrtindustrie, die Elektronik sowie\u00a0die Medizintechnik. Mit Spitzenplatzierungen in globalen Indizes f\u00fcr erneuerbare Energien und digitale Transformation gilt Mexiko als Innovationszentrum. Mit diesen Voraussetzungen kann das Land die Vorteile der vierten industriellen Revolution in vollen Z\u00fcgen nutzen.<\/p>\n<p>Auch im Bereich der Prozessautomation blickt Mexiko optimistisch in die Zukunft. Steigende \u00d6lpreise erwecken die \u00d6l- und Gasindustrie wieder zu neuem Leben und auch in Bereichen wie unter anderem den Life Sciences und der Stahlindustrie zeigt sich gro\u00dfes Wachstumspotenzial. \u201eNach und nach kommen seit langem geplante \u00d6l- und Gasprojekte endlich wieder in Gang\u201c, berichtet Daniel Gutierrez, Leiter Prozessautomation bei Pepperl+Fuchs Mexiko. \u201eIn der Zwischenzeit freuen wir uns \u00fcber das Wachstum in anderen Branchen, wie zum Beispiel der Pharmaindustrie, die ein perfekter Partner f\u00fcr Pepperl+Fuchs ist\u201c. Zu den aktuellen Projekten, in denen unsere Produkte f\u00fcr die Prozessautomation Anwendung finden, geh\u00f6rt eine neue Kokerei in einer gro\u00dfen Raffinerie nahe Mexiko-Stadt.<\/p>\n<\/div><div class=\"fusion-text fusion-text-6 elt_headline_text\"><h2>Der Weg nach vorn<\/h2>\n<p>Daniel Gutierrez und Rene Morales sind sich einig: Mexikos Wirtschaft hat eine rosige Zukunft vor sich. \u201ePepperl+Fuchs hat in seinen 25 Jahren in Mexiko unz\u00e4hlige Partnerschaften aufgebaut und auch f\u00fcr die Zukunft\u00a0haben wir gro\u00dfe Pl\u00e4ne\u201c, verspricht Gutierrez. \u201eMit der Teilnahme an der diesj\u00e4hrigen Hannover Messe haben wir viele Ideen f\u00fcr die kommenden Jahre gewonnen\u201c, erg\u00e4nzt Morales. Und Ed Myers hofft, dass er bald wieder einmal eine Tour nach Mexiko machen kann: \u201eEs gibt ein neues Restaurant in Monterrey, das ich unbedingt ausprobieren m\u00f6chte!\u201c<\/p>\n<\/div><\/div><\/div><div class=\"fusion-layout-column fusion_builder_column fusion-builder-column-2 fusion_builder_column_1_4 1_4 fusion-flex-column\" style=\"--awb-bg-size:cover;--awb-width-large:25%;--awb-margin-top-large:0px;--awb-spacing-right-large:7.68%;--awb-margin-bottom-large:20px;--awb-spacing-left-large:7.68%;--awb-width-medium:25%;--awb-order-medium:0;--awb-spacing-right-medium:7.68%;--awb-spacing-left-medium:7.68%;--awb-width-small:100%;--awb-order-small:0;--awb-spacing-right-small:1.92%;--awb-spacing-left-small:1.92%;\"><div class=\"fusion-column-wrapper fusion-column-has-shadow fusion-flex-justify-content-flex-start fusion-content-layout-column\"><div class=\"fusion-separator fusion-full-width-sep\" style=\"align-self: center;margin-left: auto;margin-right: auto;width:100%;\"><div class=\"fusion-separator-border sep-single sep-solid\" style=\"--awb-height:20px;--awb-amount:20px;--awb-sep-color:var(--awb-color8);border-color:var(--awb-color8);border-top-width:1px;\"><\/div><\/div><div class=\"fusion-social-networks sharingbox-shortcode-icon-wrapper sharingbox-shortcode-icon-wrapper-1 boxed-icons sidebar\">\n\t<span class=\"share-linkedin\">\n\t\t<a href=\"https:\/\/www.linkedin.com\/shareArticle?\" target=\"_blank\" rel=\"noopener noreferrer\" title=\"\" aria-label=\"LinkedIn\" data-placement=\"top\" data-toggle=\"tooltip\" data-title=\"LinkedIn\" data-original-title=\"LinkedIn\">\n\t\t<i class=\"fusion-social-network-icon fusion-tooltip fusion-linkedin awb-icon-linkedin\" style=\"color:#ffffff;background-color:#0077b5;border-color:#0077b5;border-radius:0px;\" aria-hidden=\"true\"><\/i>\n\t\t<\/a>\n\t<\/span>\n\t<span class=\"share-mail\">\n\t\t<a href=\/de\/kontakt\/\" target=\"_self\" title=\"\" aria-label=\"Email\" data-placement=\"top\" data-toggle=\"tooltip\" data-title=\"Email\" data-original-title=\"Email\">\n\t\t<i class=\"fusion-social-network-icon fusion-tooltip fusion-mail awb-icon-mail\" style=\"color:#ffffff;background-color:#00a587;border-color:#00a587;border-radius:0px;\" aria-hidden=\"true\"><\/i>\n\t\t<\/a>\n\t<\/span>\n\t<span class=\"share-insta\">\n\t\t<a href=\"https:\/\/www.instagram.com\" target=\"_blank\" rel=\"noreferrer noopener\" title=\"\" aria-label=\"Instagram\" data-placement=\"top\" data-toggle=\"tooltip\" data-title=\"Instagram\" data-original-title=\"Instagram\">\n\t\t<i class=\"fusion-social-network-icon fusion-tooltip fusion-instagram awb-icon-instagram\" style=\"color:#ffffff;background-color:#c13584;border-color:#c13584;border-radius:0px;\" aria-hidden=\"true\"><\/i>\n\t\t<\/a>\n\t<\/span>\t\n\t<span class=\"share-facebook\">\n\t\t<a href=\"https:\/\/www.facebook.com\/sharer.php?\" target=\"_blank\" rel=\"noreferrer noopener\" title=\"\" aria-label=\"Facebook\" data-placement=\"top\" data-toggle=\"tooltip\" data-title=\"Facebook\" data-original-title=\"Facebook\">\n\t\t<i class=\"fusion-social-network-icon fusion-tooltip fusion-facebook awb-icon-facebook\" style=\"color:#ffffff;background-color:#3b5998;border-color:#3b5998;border-radius:0px;\" aria-hidden=\"true\"><\/i>\n\t\t<\/a>\n\t<\/span>\n<\/div>\n<div class=\"fusion-separator fusion-full-width-sep\" style=\"align-self: center;margin-left: auto;margin-right: auto;width:100%;\"><div class=\"fusion-separator-border sep-single sep-solid\" style=\"--awb-height:20px;--awb-amount:20px;--awb-sep-color:var(--awb-color8);border-color:var(--awb-color8);border-top-width:1px;\"><\/div><\/div><div class=\"fusion-text fusion-text-7 sidebar\"><h4>Seien Sie dabei!<\/h4>\n<p><img decoding=\"async\" class=\"alignnone size-full wp-image-228\" src=\"https:\/\/amplify-test.pepperl-fuchs.com\/wp-content\/uploads\/2024\/07\/amplify-enews-bild.jpg\" alt=\"Two hands holding a tablet computer showing Pepperl+Fuchs newsletter.\" width=\"220\" height=\"124\" srcset=\"https:\/\/amplify-test.pepperl-fuchs.com\/wp-content\/uploads\/2024\/07\/amplify-enews-bild-66x37.jpg 66w, https:\/\/amplify-test.pepperl-fuchs.com\/wp-content\/uploads\/2024\/07\/amplify-enews-bild-177x100.jpg 177w, https:\/\/amplify-test.pepperl-fuchs.com\/wp-content\/uploads\/2024\/07\/amplify-enews-bild-200x113.jpg 200w, https:\/\/amplify-test.pepperl-fuchs.com\/wp-content\/uploads\/2024\/07\/amplify-enews-bild.jpg 220w\" sizes=\"(max-width: 220px) 100vw, 220px\" \/><\/p>\n<p><a href=\"https:\/\/www.pepperl-fuchs.com\/de\/news\/stay-in-touch\/pepperl-fuchs-e-news-gp30796\" target=\"_blank\" rel=\"noopener\">Erhalten Sie mit der e-news regelm\u00e4\u00dfig Neuigkeiten rund um die Welt der Automation.<\/a><\/p>\n<\/div>\n<div class=\"fusion-separator fusion-full-width-sep\" style=\"align-self: center;margin-left: auto;margin-right: auto;width:100%;\"><div class=\"fusion-separator-border sep-single sep-solid\" style=\"--awb-height:20px;--awb-amount:20px;--awb-sep-color:var(--awb-color8);border-color:var(--awb-color8);border-top-width:1px;\"><\/div><\/div><div class=\"fusion-modal modal fade modal-1 editorial-use\" tabindex=\"-1\" role=\"dialog\" aria-labelledby=\"modal-heading-1\" aria-hidden=\"true\" style=\"--awb-border-color:var(--awb-color3);--awb-background:var(--awb-color1);\"><div class=\"modal-dialog modal-lg\" role=\"document\"><div class=\"modal-content fusion-modal-content\"><div class=\"modal-header\"><button class=\"close\" type=\"button\" data-dismiss=\"modal\" aria-hidden=\"true\" aria-label=\"Close\">&times;<\/button><h3 class=\"modal-title\" id=\"modal-heading-1\" data-dismiss=\"modal\" aria-hidden=\"true\">Redaktionelle Nutzung<\/h3><\/div><div class=\"modal-body fusion-clearfix\">\n<p>The editorial use of articles from \u201camplify\u201d is only permitted with the prior consent of the publisher Pepperl+Fuchs SE. In addition, the original source <a href=\"https:\/\/amplify-test.pepperl-fuchs.com\/\" target=\"_blank\" rel=\"noopener\">amplify.pepperl-fuchs.com<\/a>\u00a0must be referenced when articles are reused or processed.<\/p>\n<div class=\"fusion-button-wrapper\"><a class=\"fusion-button button-flat fusion-button-default-size button-custom fusion-button-default button-1 fusion-button-default-span fusion-button-default-type\" style=\"--button_accent_color:var(--awb-color1);--button_accent_hover_color:var(--awb-custom_color_2);--button_border_hover_color:var(--awb-custom_color_2);--button_gradient_top_color:var(--awb-color3);--button_gradient_bottom_color:var(--awb-color3);--button_gradient_top_color_hover:var(--awb-color1);--button_gradient_bottom_color_hover:var(--awb-color1);\" target=\"_self\" href=\"mailto:amplify@pepperl-fuchs.com?subject=Request%20Editorial%20Use\"><span class=\"fusion-button-text awb-button__text awb-button__text--default\">Redaktionelle Nutzung anfragen<\/span><\/a><\/div>\n<\/div><\/div><\/div><\/div>\n<div ><a class=\"fusion-button button-flat fusion-button-default-size button-custom fusion-button-default button-2 fusion-button-default-span fusion-button-default-type sidebar\" style=\"--button_accent_color:var(--awb-color1);--button_accent_hover_color:var(--awb-custom_color_2);--button_border_hover_color:var(--awb-custom_color_2);--button_gradient_top_color:var(--awb-color3);--button_gradient_bottom_color:var(--awb-color3);--button_gradient_top_color_hover:var(--awb-color1);--button_gradient_bottom_color_hover:var(--awb-color1);--button_margin-top:12px;--button_margin-right:auto;--button_margin-left:auto;\" target=\"_self\" href=\"#\" data-toggle=\"modal\" data-target=\".fusion-modal.editorial-use\"><i class=\"fa-pen fas awb-button__icon awb-button__icon--default button-icon-left\" aria-hidden=\"true\"><\/i><span class=\"fusion-button-text awb-button__text awb-button__text--default\">Redaktionelle Nutzung<\/span><\/a><\/div>\n<\/div><\/div><\/div><\/div><div class=\"fusion-fullwidth fullwidth-box fusion-builder-row-2 fusion-flex-container has-pattern-background has-mask-background nonhundred-percent-fullwidth non-hundred-percent-height-scrolling infocontainer gradient-container-2\" style=\"--awb-border-radius-top-left:0px;--awb-border-radius-top-right:0px;--awb-border-radius-bottom-right:0px;--awb-border-radius-bottom-left:0px;--awb-margin-top:36px;--awb-min-height:380px;--awb-background-color:var(--awb-color8);--awb-flex-wrap:wrap;\" ><div class=\"fusion-builder-row fusion-row fusion-flex-align-items-flex-start fusion-flex-content-wrap\" style=\"max-width:1248px;margin-left: calc(-4% \/ 2 );margin-right: calc(-4% \/ 2 );\"><div class=\"fusion-layout-column fusion_builder_column fusion-builder-column-3 fusion_builder_column_1_3 1_3 fusion-flex-column infocontainer-left\" style=\"--awb-bg-image:url(&#039;https:\/\/amplify-test.pepperl-fuchs.com\/wp-content\/uploads\/2024\/07\/5af321a6285b4_bild-infobox-mexiko-hannover-messe.jpg&#039;);--awb-bg-size:cover;--awb-width-large:33.333333333333%;--awb-margin-top-large:0px;--awb-spacing-right-large:5.76%;--awb-margin-bottom-large:20px;--awb-spacing-left-large:5.76%;--awb-width-medium:33.333333333333%;--awb-order-medium:0;--awb-spacing-right-medium:5.76%;--awb-spacing-left-medium:5.76%;--awb-width-small:100%;--awb-order-small:0;--awb-spacing-right-small:1.92%;--awb-spacing-left-small:1.92%;\" data-scroll-devices=\"small-visibility,medium-visibility,large-visibility\"><div class=\"fusion-column-wrapper fusion-column-has-shadow fusion-flex-justify-content-flex-start fusion-content-layout-column fusion-column-has-bg-image\" data-bg-url=\"https:\/\/amplify-test.pepperl-fuchs.com\/wp-content\/uploads\/2024\/07\/5af321a6285b4_bild-infobox-mexiko-hannover-messe.jpg\"><i class=\"fb-icon-element-1 fb-icon-element fontawesome-icon fa-info fas circle-yes fusion-text-flow\" style=\"--awb-circlecolor:var(--awb-color3);--awb-circlebordersize:0px;--awb-font-size:33.44px;--awb-width:66.88px;--awb-height:66.88px;--awb-line-height:66.88px;--awb-border-radius-top-l:0px;--awb-border-radius-top-r:0px;--awb-border-radius-bot-r:0px;--awb-border-radius-bot-l:0px;--awb-margin-right:19px;\"><\/i><\/div><\/div><div class=\"fusion-layout-column fusion_builder_column fusion-builder-column-4 fusion_builder_column_2_3 2_3 fusion-flex-column infocontainer-right\" style=\"--awb-bg-color:var(--awb-color1);--awb-bg-color-hover:var(--awb-color1);--awb-bg-size:cover;--awb-width-large:66.666666666667%;--awb-margin-top-large:42px;--awb-spacing-right-large:2.88%;--awb-margin-bottom-large:20px;--awb-spacing-left-large:2.88%;--awb-width-medium:66.666666666667%;--awb-order-medium:0;--awb-spacing-right-medium:2.88%;--awb-spacing-left-medium:2.88%;--awb-width-small:100%;--awb-order-small:0;--awb-spacing-right-small:1.92%;--awb-spacing-left-small:1.92%;\" data-scroll-devices=\"small-visibility,medium-visibility,large-visibility\"><div class=\"fusion-column-wrapper fusion-column-has-shadow fusion-flex-justify-content-flex-start fusion-content-layout-column\"><div class=\"fusion-text fusion-text-8\"><h2>Mexiko bei Hannover Messe 2018<\/h2>\n<p>Die j\u00e4hrliche Hannover Messe hat jedes Jahr ein Partnerland, das auf der Messe seine neuesten Technologien und Investitionsm\u00f6glichkeiten f\u00fcr globale Entscheidungstr\u00e4ger aus Politik und Wirtschaft pr\u00e4sentieren kann. Dieses Jahr stand Mexiko im Rampenlicht und zeigte sich bunt und vielf\u00e4ltig.<\/p>\n<\/div><\/div><\/div><\/div><\/div><\/p>\n","protected":false},"excerpt":{"rendered":"<p>Mexiko ist Lateinamerikas Hotspot f\u00fcr die Industrie und ein Top-Ziel f\u00fcr globale Investitionen und Industrie-4-Technologie. Kommen Sie mit uns auf Tour!<\/p>\n","protected":false},"author":7,"featured_media":2488,"comment_status":"open","ping_status":"open","sticky":false,"template":"","format":"standard","meta":{"_acf_changed":false,"footnotes":""},"categories":[21,319],"tags":[],"class_list":["post-2773","post","type-post","status-publish","format-standard","has-post-thumbnail","hentry","category-maerkte-trends","category-unternehmenseinblicke"],"acf":[],"_links":{"self":[{"href":"https:\/\/amplify-test.pepperl-fuchs.com\/de\/wp-json\/wp\/v2\/posts\/2773","targetHints":{"allow":["GET"]}}],"collection":[{"href":"https:\/\/amplify-test.pepperl-fuchs.com\/de\/wp-json\/wp\/v2\/posts"}],"about":[{"href":"https:\/\/amplify-test.pepperl-fuchs.com\/de\/wp-json\/wp\/v2\/types\/post"}],"author":[{"embeddable":true,"href":"https:\/\/amplify-test.pepperl-fuchs.com\/de\/wp-json\/wp\/v2\/users\/7"}],"replies":[{"embeddable":true,"href":"https:\/\/amplify-test.pepperl-fuchs.com\/de\/wp-json\/wp\/v2\/comments?post=2773"}],"version-history":[{"count":10,"href":"https:\/\/amplify-test.pepperl-fuchs.com\/de\/wp-json\/wp\/v2\/posts\/2773\/revisions"}],"predecessor-version":[{"id":5726,"href":"https:\/\/amplify-test.pepperl-fuchs.com\/de\/wp-json\/wp\/v2\/posts\/2773\/revisions\/5726"}],"wp:featuredmedia":[{"embeddable":true,"href":"https:\/\/amplify-test.pepperl-fuchs.com\/de\/wp-json\/wp\/v2\/media\/2488"}],"wp:attachment":[{"href":"https:\/\/amplify-test.pepperl-fuchs.com\/de\/wp-json\/wp\/v2\/media?parent=2773"}],"wp:term":[{"taxonomy":"category","embeddable":true,"href":"https:\/\/amplify-test.pepperl-fuchs.com\/de\/wp-json\/wp\/v2\/categories?post=2773"},{"taxonomy":"post_tag","embeddable":true,"href":"https:\/\/amplify-test.pepperl-fuchs.com\/de\/wp-json\/wp\/v2\/tags?post=2773"}],"curies":[{"name":"wp","href":"https:\/\/api.w.org\/{rel}","templated":true}]}}