{"id":5379,"date":"2025-03-20T12:59:22","date_gmt":"2025-03-20T12:59:22","guid":{"rendered":"https:\/\/amplify.pepperl-fuchs.com\/?p=5379"},"modified":"2025-03-27T13:58:30","modified_gmt":"2025-03-27T13:58:30","slug":"reich-an-ressourcen-reich-an-ideen","status":"publish","type":"post","link":"https:\/\/amplify-test.pepperl-fuchs.com\/de\/2025\/reich-an-ressourcen-reich-an-ideen\/","title":{"rendered":"Reich an Ressourcen, reich an Ideen"},"content":{"rendered":"<p><div class=\"fusion-fullwidth fullwidth-box fusion-builder-row-1 fusion-flex-container has-pattern-background has-mask-background nonhundred-percent-fullwidth non-hundred-percent-height-scrolling gradient-container-1\" style=\"--awb-border-radius-top-left:0px;--awb-border-radius-top-right:0px;--awb-border-radius-bottom-right:0px;--awb-border-radius-bottom-left:0px;--awb-flex-wrap:wrap;\" id=\"article\" ><div class=\"fusion-builder-row fusion-row fusion-flex-align-items-flex-start fusion-flex-content-wrap\" style=\"max-width:1248px;margin-left: calc(-4% \/ 2 );margin-right: calc(-4% \/ 2 );\"><div class=\"fusion-layout-column fusion_builder_column fusion-builder-column-0 fusion_builder_column_1_1 1_1 fusion-flex-column\" style=\"--awb-bg-size:cover;--awb-width-large:100%;--awb-margin-top-large:0px;--awb-spacing-right-large:1.92%;--awb-margin-bottom-large:20px;--awb-spacing-left-large:1.92%;--awb-width-medium:100%;--awb-order-medium:0;--awb-spacing-right-medium:1.92%;--awb-spacing-left-medium:1.92%;--awb-width-small:100%;--awb-order-small:0;--awb-spacing-right-small:1.92%;--awb-spacing-left-small:1.92%;\"><div class=\"fusion-column-wrapper fusion-column-has-shadow fusion-flex-justify-content-flex-start fusion-content-layout-column\"><div class=\"fusion-text fusion-text-1\" id=\"publishing_date\"><p>M\u00e4rz 20, 2025<\/p>\n<\/div><div class=\"fusion-title title fusion-title-1 fusion-sep-none fusion-title-text fusion-title-size-one\" id=\"article_headline\"><h1 class=\"fusion-title-heading title-heading-left fusion-responsive-typography-calculated\" style=\"margin:0;--fontSize:64;line-height:var(--awb-typography1-line-height);\">Reich an Ressourcen, reich an Ideen<\/h1><\/div><div class=\"fusion-text fusion-text-2 intro_text\"><p>The Future\u2019s Here: Unter diesem Motto pr\u00e4sentiert sich Kanada als Partnerland auf der Hannover Messe 2025. Das Land ist Vorreiter bei erneuerbaren Energien und nachwachsenden Rohstoffen, aber auch in Sachen k\u00fcnstlicher Intelligenz. Pepperl+Fuchs ist bereits seit \u00fcber 30 Jahren dort aktiv.<\/p>\n<\/div><div class=\"fusion-image-element \" style=\"--awb-caption-title-font-family:var(--h2_typography-font-family);--awb-caption-title-font-weight:var(--h2_typography-font-weight);--awb-caption-title-font-style:var(--h2_typography-font-style);--awb-caption-title-size:var(--h2_typography-font-size);--awb-caption-title-transform:var(--h2_typography-text-transform);--awb-caption-title-line-height:var(--h2_typography-line-height);--awb-caption-title-letter-spacing:var(--h2_typography-letter-spacing);\"><span class=\" fusion-imageframe imageframe-none imageframe-1 hover-type-none\"><img decoding=\"async\" width=\"2560\" height=\"1306\" alt=\"a calm Canadian lake with Toronto mirroring on the water\" title=\"amplify_Art-Kanada_Header_4K\" src=\"https:\/\/amplify-test.pepperl-fuchs.com\/wp-content\/uploads\/2025\/03\/amplify_Art-Kanada_Header_4K-scaled.jpg\" class=\"img-responsive wp-image-5331\" srcset=\"https:\/\/amplify-test.pepperl-fuchs.com\/wp-content\/uploads\/2025\/03\/amplify_Art-Kanada_Header_4K-200x102.jpg 200w, https:\/\/amplify-test.pepperl-fuchs.com\/wp-content\/uploads\/2025\/03\/amplify_Art-Kanada_Header_4K-400x204.jpg 400w, https:\/\/amplify-test.pepperl-fuchs.com\/wp-content\/uploads\/2025\/03\/amplify_Art-Kanada_Header_4K-600x306.jpg 600w, https:\/\/amplify-test.pepperl-fuchs.com\/wp-content\/uploads\/2025\/03\/amplify_Art-Kanada_Header_4K-800x408.jpg 800w, https:\/\/amplify-test.pepperl-fuchs.com\/wp-content\/uploads\/2025\/03\/amplify_Art-Kanada_Header_4K-1200x612.jpg 1200w, https:\/\/amplify-test.pepperl-fuchs.com\/wp-content\/uploads\/2025\/03\/amplify_Art-Kanada_Header_4K-scaled.jpg 2560w\" sizes=\"(max-width: 640px) 100vw, 1200px\" \/><\/span><\/div><\/div><\/div><div class=\"fusion-layout-column fusion_builder_column fusion-builder-column-1 fusion_builder_column_3_4 3_4 fusion-flex-column\" style=\"--awb-bg-size:cover;--awb-width-large:75%;--awb-margin-top-large:0px;--awb-spacing-right-large:2.56%;--awb-margin-bottom-large:20px;--awb-spacing-left-large:2.56%;--awb-width-medium:75%;--awb-order-medium:0;--awb-spacing-right-medium:2.56%;--awb-spacing-left-medium:2.56%;--awb-width-small:100%;--awb-order-small:0;--awb-spacing-right-small:1.92%;--awb-spacing-left-small:1.92%;\"><div class=\"fusion-column-wrapper fusion-column-has-shadow fusion-flex-justify-content-flex-start fusion-content-layout-column\"><div class=\"fusion-text fusion-text-3 elt_text\"><p>Ost und West, Berge und Pr\u00e4rie, Natur und Industrie: Kanada ist ein Land, das vielf\u00e4ltiger kaum sein k\u00f6nnte. Felsig-karge Bergmassive erheben sich neben fruchtbaren T\u00e4lern mit ertragreichem Obst- und Weinbau in den Himmel. An den weltgr\u00f6\u00dften Wasserf\u00e4llen st\u00fcrzen riesige Wassermengen tosend in die Tiefe, w\u00e4hrend mancher t\u00fcrkisblaue See so ruhig da liegt, dass sich die Welt darum herum darin spiegelt. Man kann Hunderte Kilometer mit dem Auto fahren, ohne einem Menschen zu begegnen, daf\u00fcr spazieren B\u00e4ren, Elche und Rentiere gem\u00fctlich \u00fcber die Stra\u00dfen. Und im Gegensatz zur schier endlosen Natur, Wildnis und Ruhe tauchen aufregende Metropolen wie Toronto, Vancouver und Montreal nahezu pl\u00f6tzlich aus dem Nichts auf und scheinen auch in der Nacht keine Ruhe zu finden.<\/p>\n<p>So divers wie die Landschaft ist auch die Bev\u00f6lkerung des nordamerikanischen Landes mit dem roten Ahornblatt auf der Flagge, das in diesem Jahr Partnerland der Hannover Messe ist. \u00dcber 20 % der Einwohner haben nicht-kanadische Wurzeln und machen Kanada zu einer multikulturellen Gesellschaft mit einer beeindruckenden Vielfalt an Sprachen, Traditionen und K\u00fcchen.<\/p>\n<\/div><div class=\"fusion-image-carousel fusion-image-carousel-auto fusion-image-carousel-1 fusion-carousel-border awb-image-carousel-top-below-caption elt_gallery\"><div class=\"awb-carousel awb-swiper awb-swiper-carousel awb-carousel--carousel awb-swiper-dots-position-bottom awb-imageframe-style awb-imageframe-style-above awb-imageframe-style-1\" data-layout=\"carousel\" data-autoplay=\"no\" data-autoplayspeed=\"2500\" data-autoplaypause=\"no\" data-columns=\"1\" data-columnsmedium=\"1\" data-columnssmall=\"1\" data-itemmargin=\"13\" data-itemwidth=\"180\" data-touchscroll=\"no\" data-freemode=\"no\" data-imagesize=\"auto\" data-scrollitems=\"0\" data-centeredslides=\"no\" data-rotationangle=\"50\" data-depth=\"100\" data-speed=\"500\" data-shadow=\"no\" data-pagination=\"bullets\" style=\"--awb-columns:1;--awb-border-width:1px;--awb-border-color:#e9eaee;\"><div class=\"swiper-wrapper awb-image-carousel-wrapper fusion-flex-align-items-center\"><div class=\"swiper-slide\"><div class=\"fusion-carousel-item-wrapper\"><div class=\"awb-imageframe-caption-container\"><div class=\"awb-imageframe-caption\"><div class=\"awb-imageframe-caption-title\">amplify-2-L\u00e4ngste-K\u00fcstenlinie<\/div><p class=\"awb-imageframe-caption-text\">L\u00e4ngste K\u00fcstenlinie der Welt: \u00dcber 202.000 km kanadisches Land grenzen an Pazifik, Atlantik und arktischen Ozean.<\/p><\/div><\/div><div class=\"fusion-image-wrapper hover-type-none\"><img decoding=\"async\" width=\"565\" height=\"478\" src=\"https:\/\/amplify-test.pepperl-fuchs.com\/wp-content\/uploads\/2025\/03\/amplify-2-Langste-Kustenlinie.jpg\" class=\"attachment-full size-full\" alt=\"Kanadische K\u00fcstenlinie\" srcset=\"https:\/\/amplify-test.pepperl-fuchs.com\/wp-content\/uploads\/2025\/03\/amplify-2-Langste-Kustenlinie-200x169.jpg 200w, https:\/\/amplify-test.pepperl-fuchs.com\/wp-content\/uploads\/2025\/03\/amplify-2-Langste-Kustenlinie-300x254.jpg 300w, https:\/\/amplify-test.pepperl-fuchs.com\/wp-content\/uploads\/2025\/03\/amplify-2-Langste-Kustenlinie-400x338.jpg 400w, https:\/\/amplify-test.pepperl-fuchs.com\/wp-content\/uploads\/2025\/03\/amplify-2-Langste-Kustenlinie.jpg 565w\" sizes=\"(max-width: 565px) 100vw, 565px\" \/><\/div><\/div><\/div><div class=\"swiper-slide\"><div class=\"fusion-carousel-item-wrapper\"><div class=\"awb-imageframe-caption-container\"><div class=\"awb-imageframe-caption\"><div class=\"awb-imageframe-caption-title\">amplify-1-zweitgr\u00f6\u00dfte-Land<\/div><p class=\"awb-imageframe-caption-text\">Weite Landschaft: An der Fl\u00e4che gemessen ist Kanada mit fast 10 Millionen km\u00b2 das zweitgr\u00f6\u00dfte Land der Welt.<\/p><\/div><\/div><div class=\"fusion-image-wrapper hover-type-none\"><img decoding=\"async\" width=\"565\" height=\"478\" src=\"https:\/\/amplify-test.pepperl-fuchs.com\/wp-content\/uploads\/2025\/03\/amplify-1-zweitgroste-Land.jpg\" class=\"attachment-full size-full\" alt=\"Landkarte Kanada mit seinen Provinzen\" srcset=\"https:\/\/amplify-test.pepperl-fuchs.com\/wp-content\/uploads\/2025\/03\/amplify-1-zweitgroste-Land-200x169.jpg 200w, https:\/\/amplify-test.pepperl-fuchs.com\/wp-content\/uploads\/2025\/03\/amplify-1-zweitgroste-Land-300x254.jpg 300w, https:\/\/amplify-test.pepperl-fuchs.com\/wp-content\/uploads\/2025\/03\/amplify-1-zweitgroste-Land-400x338.jpg 400w, https:\/\/amplify-test.pepperl-fuchs.com\/wp-content\/uploads\/2025\/03\/amplify-1-zweitgroste-Land.jpg 565w\" sizes=\"(max-width: 565px) 100vw, 565px\" \/><\/div><\/div><\/div><div class=\"swiper-slide\"><div class=\"fusion-carousel-item-wrapper\"><div class=\"awb-imageframe-caption-container\"><div class=\"awb-imageframe-caption\"><div class=\"awb-imageframe-caption-title\">amplify-6-Trans-Canada-Highway<\/div><p class=\"awb-imageframe-caption-text\">Von Ost nach West: Der \u00fcber 7400 km lange Trans-Canada Highway verbindet Ost- und Westk\u00fcste und f\u00fchrt dabei durch alle zehn Provinzen Kanadas.<\/p><\/div><\/div><div class=\"fusion-image-wrapper hover-type-none\"><img decoding=\"async\" width=\"565\" height=\"478\" src=\"https:\/\/amplify-test.pepperl-fuchs.com\/wp-content\/uploads\/2025\/03\/amplify-6-Trans-Canada-Highway.jpg\" class=\"attachment-full size-full\" alt=\"der Trans-Canada Highway\" srcset=\"https:\/\/amplify-test.pepperl-fuchs.com\/wp-content\/uploads\/2025\/03\/amplify-6-Trans-Canada-Highway-200x169.jpg 200w, https:\/\/amplify-test.pepperl-fuchs.com\/wp-content\/uploads\/2025\/03\/amplify-6-Trans-Canada-Highway-300x254.jpg 300w, https:\/\/amplify-test.pepperl-fuchs.com\/wp-content\/uploads\/2025\/03\/amplify-6-Trans-Canada-Highway-400x338.jpg 400w, https:\/\/amplify-test.pepperl-fuchs.com\/wp-content\/uploads\/2025\/03\/amplify-6-Trans-Canada-Highway.jpg 565w\" sizes=\"(max-width: 565px) 100vw, 565px\" \/><\/div><\/div><\/div><div class=\"swiper-slide\"><div class=\"fusion-carousel-item-wrapper\"><div class=\"awb-imageframe-caption-container\"><div class=\"awb-imageframe-caption\"><div class=\"awb-imageframe-caption-title\">amplify-3-zwei-Amtssprachen<\/div><p class=\"awb-imageframe-caption-text\">Zweisprachiges Land: Kanada hat mit Englisch und Franz\u00f6sisch zwei offizielle Amtssprachen. Franz\u00f6sisch wird haupts\u00e4chlich in Qu\u00e9bec gesprochen.<\/p><\/div><\/div><div class=\"fusion-image-wrapper hover-type-none\"><img decoding=\"async\" width=\"565\" height=\"478\" src=\"https:\/\/amplify-test.pepperl-fuchs.com\/wp-content\/uploads\/2025\/03\/amplify-3-zwei-Amtssprachen.jpg\" class=\"attachment-full size-full\" alt=\"Schild mit den W\u00f6rtern Ankunft in franz\u00f6sischer und englischer Sprache und der Kanadaflagge\" srcset=\"https:\/\/amplify-test.pepperl-fuchs.com\/wp-content\/uploads\/2025\/03\/amplify-3-zwei-Amtssprachen-200x169.jpg 200w, https:\/\/amplify-test.pepperl-fuchs.com\/wp-content\/uploads\/2025\/03\/amplify-3-zwei-Amtssprachen-300x254.jpg 300w, https:\/\/amplify-test.pepperl-fuchs.com\/wp-content\/uploads\/2025\/03\/amplify-3-zwei-Amtssprachen-400x338.jpg 400w, https:\/\/amplify-test.pepperl-fuchs.com\/wp-content\/uploads\/2025\/03\/amplify-3-zwei-Amtssprachen.jpg 565w\" sizes=\"(max-width: 565px) 100vw, 565px\" \/><\/div><\/div><\/div><div class=\"swiper-slide\"><div class=\"fusion-carousel-item-wrapper\"><div class=\"awb-imageframe-caption-container\"><div class=\"awb-imageframe-caption\"><div class=\"awb-imageframe-caption-title\">amplify-9&#8211;48-Nationalparks<\/div><p class=\"awb-imageframe-caption-text\">Unglaubliche Nationalparks: Das Land beherbergt 48 Nationalparks und Nationalparkreservate, wobei der Umweltschutz f\u00fcr die Regierung oberste Priorit\u00e4t hat.<\/p><\/div><\/div><div class=\"fusion-image-wrapper hover-type-none\"><img decoding=\"async\" width=\"565\" height=\"478\" src=\"https:\/\/amplify-test.pepperl-fuchs.com\/wp-content\/uploads\/2025\/03\/amplify-9-48-Nationalparks.jpg\" class=\"attachment-full size-full\" alt=\"ein Nationalpark in Kanada\" srcset=\"https:\/\/amplify-test.pepperl-fuchs.com\/wp-content\/uploads\/2025\/03\/amplify-9-48-Nationalparks-200x169.jpg 200w, https:\/\/amplify-test.pepperl-fuchs.com\/wp-content\/uploads\/2025\/03\/amplify-9-48-Nationalparks-300x254.jpg 300w, https:\/\/amplify-test.pepperl-fuchs.com\/wp-content\/uploads\/2025\/03\/amplify-9-48-Nationalparks-400x338.jpg 400w, https:\/\/amplify-test.pepperl-fuchs.com\/wp-content\/uploads\/2025\/03\/amplify-9-48-Nationalparks.jpg 565w\" sizes=\"(max-width: 565px) 100vw, 565px\" \/><\/div><\/div><\/div><div class=\"swiper-slide\"><div class=\"fusion-carousel-item-wrapper\"><div class=\"awb-imageframe-caption-container\"><div class=\"awb-imageframe-caption\"><div class=\"awb-imageframe-caption-title\">amplify-5-Ahornsirup<\/div><p class=\"awb-imageframe-caption-text\">Fl\u00fcssiges Gold: Rund 70 % des weltweit konsumierten Ahornsirups werden in Qu\u00e9bec in Kanada hergestellt.<\/p><\/div><\/div><div class=\"fusion-image-wrapper hover-type-none\"><img decoding=\"async\" width=\"565\" height=\"478\" src=\"https:\/\/amplify-test.pepperl-fuchs.com\/wp-content\/uploads\/2025\/03\/amplify-5-Ahornsirup.jpg\" class=\"attachment-full size-full\" alt=\"ein Stapel Pancakes mit Ahornsirup, der herunter l\u00e4uft\" srcset=\"https:\/\/amplify-test.pepperl-fuchs.com\/wp-content\/uploads\/2025\/03\/amplify-5-Ahornsirup-200x169.jpg 200w, https:\/\/amplify-test.pepperl-fuchs.com\/wp-content\/uploads\/2025\/03\/amplify-5-Ahornsirup-300x254.jpg 300w, https:\/\/amplify-test.pepperl-fuchs.com\/wp-content\/uploads\/2025\/03\/amplify-5-Ahornsirup-400x338.jpg 400w, https:\/\/amplify-test.pepperl-fuchs.com\/wp-content\/uploads\/2025\/03\/amplify-5-Ahornsirup.jpg 565w\" sizes=\"(max-width: 565px) 100vw, 565px\" \/><\/div><\/div><\/div><div class=\"swiper-slide\"><div class=\"fusion-carousel-item-wrapper\"><div class=\"awb-imageframe-caption-container\"><div class=\"awb-imageframe-caption\"><div class=\"awb-imageframe-caption-title\">amplify-7-ethnische-Gruppen<\/div><p class=\"awb-imageframe-caption-text\">Multikulturell: \u00dcber 200 ethnische Gruppen leben in Kanada, was zu einer beeindruckenden kulturellen Vielfalt im Land f\u00fchrt.<\/p><\/div><\/div><div class=\"fusion-image-wrapper hover-type-none\"><img decoding=\"async\" width=\"565\" height=\"478\" src=\"https:\/\/amplify-test.pepperl-fuchs.com\/wp-content\/uploads\/2025\/03\/amplify-7-ethnische-Gruppen.jpg\" class=\"attachment-full size-full\" alt=\"eine gro\u00dfe Menschenmenge stellt die kanadische Landkarte nach\" srcset=\"https:\/\/amplify-test.pepperl-fuchs.com\/wp-content\/uploads\/2025\/03\/amplify-7-ethnische-Gruppen-200x169.jpg 200w, https:\/\/amplify-test.pepperl-fuchs.com\/wp-content\/uploads\/2025\/03\/amplify-7-ethnische-Gruppen-300x254.jpg 300w, https:\/\/amplify-test.pepperl-fuchs.com\/wp-content\/uploads\/2025\/03\/amplify-7-ethnische-Gruppen-400x338.jpg 400w, https:\/\/amplify-test.pepperl-fuchs.com\/wp-content\/uploads\/2025\/03\/amplify-7-ethnische-Gruppen.jpg 565w\" sizes=\"(max-width: 565px) 100vw, 565px\" \/><\/div><\/div><\/div><div class=\"swiper-slide\"><div class=\"fusion-carousel-item-wrapper\"><div class=\"awb-imageframe-caption-container\"><div class=\"awb-imageframe-caption\"><div class=\"awb-imageframe-caption-title\">amplify-8-Nachhaltigkeit<\/div><p class=\"awb-imageframe-caption-text\">Nachhaltig: Kanada ist f\u00fcr sein Engagement f\u00fcr Nachhaltigkeit und erneuerbare Energien bekannt.<\/p><\/div><\/div><div class=\"fusion-image-wrapper hover-type-none\"><img decoding=\"async\" width=\"565\" height=\"478\" src=\"https:\/\/amplify-test.pepperl-fuchs.com\/wp-content\/uploads\/2025\/03\/amplify-8-Nachhaltigkeit.jpg\" class=\"attachment-full size-full\" alt=\"ein Wasserkraftwerk in Kanada aus der Vogelperspektive\" srcset=\"https:\/\/amplify-test.pepperl-fuchs.com\/wp-content\/uploads\/2025\/03\/amplify-8-Nachhaltigkeit-200x169.jpg 200w, https:\/\/amplify-test.pepperl-fuchs.com\/wp-content\/uploads\/2025\/03\/amplify-8-Nachhaltigkeit-300x254.jpg 300w, https:\/\/amplify-test.pepperl-fuchs.com\/wp-content\/uploads\/2025\/03\/amplify-8-Nachhaltigkeit-400x338.jpg 400w, https:\/\/amplify-test.pepperl-fuchs.com\/wp-content\/uploads\/2025\/03\/amplify-8-Nachhaltigkeit.jpg 565w\" sizes=\"(max-width: 565px) 100vw, 565px\" \/><\/div><\/div><\/div><div class=\"swiper-slide\"><div class=\"fusion-carousel-item-wrapper\"><div class=\"awb-imageframe-caption-container\"><div class=\"awb-imageframe-caption\"><div class=\"awb-imageframe-caption-title\">amplify-10-Donuts<\/div><p class=\"awb-imageframe-caption-text\">Beliebtes Geb\u00e4ck: In Kanada gibt es die meisten Donut-L\u00e4den pro Kopf. Manche nennen Donuts sogar das inoffizielle Nationalgericht.<\/p><\/div><\/div><div class=\"fusion-image-wrapper hover-type-none\"><img decoding=\"async\" width=\"565\" height=\"478\" src=\"https:\/\/amplify-test.pepperl-fuchs.com\/wp-content\/uploads\/2025\/03\/amplify-10-Donuts.jpg\" class=\"attachment-full size-full\" alt=\"Ein Donut mit vielen bunten Streuseln\" srcset=\"https:\/\/amplify-test.pepperl-fuchs.com\/wp-content\/uploads\/2025\/03\/amplify-10-Donuts-200x169.jpg 200w, https:\/\/amplify-test.pepperl-fuchs.com\/wp-content\/uploads\/2025\/03\/amplify-10-Donuts-300x254.jpg 300w, https:\/\/amplify-test.pepperl-fuchs.com\/wp-content\/uploads\/2025\/03\/amplify-10-Donuts-400x338.jpg 400w, https:\/\/amplify-test.pepperl-fuchs.com\/wp-content\/uploads\/2025\/03\/amplify-10-Donuts.jpg 565w\" sizes=\"(max-width: 565px) 100vw, 565px\" \/><\/div><\/div><\/div><div class=\"swiper-slide\"><div class=\"fusion-carousel-item-wrapper\"><div class=\"awb-imageframe-caption-container\"><div class=\"awb-imageframe-caption\"><div class=\"awb-imageframe-caption-title\">amplify-4-Einwanderungsraten<\/div><p class=\"awb-imageframe-caption-text\">Einwanderungsland: Kanada hat eine der h\u00f6chsten Einwanderungsraten weltweit. Fast 21 % der Bev\u00f6lkerung wurden au\u00dferhalb des Landes geboren.<\/p><\/div><\/div><div class=\"fusion-image-wrapper hover-type-none\"><img decoding=\"async\" width=\"565\" height=\"478\" src=\"https:\/\/amplify-test.pepperl-fuchs.com\/wp-content\/uploads\/2025\/03\/amplify-4-Einwanderungsraten.jpg\" class=\"attachment-full size-full\" alt=\"a keyboard in the background and the Canadian flag and the word &quot;immigration&quot; in front of it\" srcset=\"https:\/\/amplify-test.pepperl-fuchs.com\/wp-content\/uploads\/2025\/03\/amplify-4-Einwanderungsraten-200x169.jpg 200w, https:\/\/amplify-test.pepperl-fuchs.com\/wp-content\/uploads\/2025\/03\/amplify-4-Einwanderungsraten-300x254.jpg 300w, https:\/\/amplify-test.pepperl-fuchs.com\/wp-content\/uploads\/2025\/03\/amplify-4-Einwanderungsraten-400x338.jpg 400w, https:\/\/amplify-test.pepperl-fuchs.com\/wp-content\/uploads\/2025\/03\/amplify-4-Einwanderungsraten.jpg 565w\" sizes=\"(max-width: 565px) 100vw, 565px\" \/><\/div><\/div><\/div><\/div><div class=\"awb-swiper-button awb-swiper-button-prev\"><i class=\"awb-icon-angle-left\" aria-hidden=\"true\"><\/i><\/div><div class=\"awb-swiper-button awb-swiper-button-next\"><i class=\"awb-icon-angle-right\" aria-hidden=\"true\"><\/i><\/div><\/div><\/div><div class=\"fusion-text fusion-text-4 elt_headline_text\"><h2>Wo Kiefern und Ahornb\u00e4ume wachsen<\/h2>\n<p>Die Diversit\u00e4t Kanadas zeigt sich nicht nur bei Landschaft und Mensch, sondern auch in der Industrie. Kanada ist Heimat zahlreicher nat\u00fcrlicher Ressourcen, die die Wirtschaft pr\u00e4gen. Nicht zuletzt deshalb spielt das fl\u00e4chenm\u00e4\u00dfig zweitgr\u00f6\u00dfte Land der Welt eine wichtige Rolle in der Energiewende und hat sich eben diese selbst auf die Fahne geschrieben. Riesige W\u00e4lder, die sich im Herbst in strahlendes Rot und Orange verf\u00e4rben, liefern nachwachsenden Rohstoff und machen die Forst- und Holzwirtschaft zu einem wichtigen Industriezweig, w\u00e4hrend Wasserkraftwerke aus den m\u00e4chtigsten Wasserf\u00e4llen der Welt saubere Energie erzeugen. Zus\u00e4tzlich entstehen in Kanada immer mehr Windkraft- und Solaranlagen, um m\u00f6glichst viel Strom aus nat\u00fcrlichen Ressourcen zu gewinnen. Dieser dient wiederum daf\u00fcr, aus dem reichlich vorhandenen Wasser gr\u00fcnen Wasserstoff zu produzieren. Allgemein haben Ausbau und Nutzung erneuerbarer Energien einen hohen Stellenwert in der wirtschaftsstrategischen Ausrichtung Kanadas \u2013 nicht nur im eigenen Land. So hat Kanada zum Beispiel Abkommen mit Partnerl\u00e4ndern wie Deutschland, um mit in Kanada erzeugtem gr\u00fcnen Wasserstoff oder Fl\u00fcssigerdgas (LNG) deren Energieversorgung zu sichern und gleichzeitig gemeinsam den Klimawandel zu bek\u00e4mpfen.<\/p>\n<p>Neben Wald und Wasser verf\u00fcgt Kanada \u00fcber zahlreiche nat\u00fcrliche Vorkommen an Mineralien, darunter Lithium, Kobalt, Nickel und Graphit. Insbesondere f\u00fcr die Batterieproduktion und damit die Deckung der wachsenden Nachfrage nach Elektrofahrzeugen sind diese Bodensch\u00e4tze von essenzieller Bedeutung. Der Reichtum an diesen Rohstoffen gibt Kanada einen wichtigen Vorteil in der Verkehrswende. Die Automobilindustrie z\u00e4hlt ohnehin zu den st\u00e4rksten Industriezweigen in Kanada und setzt bereits seit Jahren auf den Ausbau der E-Mobilit\u00e4t. Bis 2035 soll der Kraftverkehr im Land g\u00e4nzlich emissionsfrei sein. Mit allen notwendigen Rohstoffen vor Ort ist Kanada in der Lage, die komplette Lieferkette eines Elektroautos im eigenen Land abzubilden.<\/p>\n<\/div><style type=\"text\/css\">.quote {\r\n\tdisplay: flex;\r\n\talign-items: center;\r\n\tmargin-bottom: 24px;\r\n}\r\n.quote-wrapper {\r\n    \/*position: relative;\r\n    display: flex;*\/\r\n}\r\n.quote-text {\r\n\t\theight: 220px;\r\n\t\talign-content: center;\r\n    border-top: 1px solid #00a587;\r\n\t\tborder-bottom: 1px solid #00a587;\r\n\t\tfont-size: 24px;\r\n\t\tfont-style: italic;\r\n\t\tcolor: #00a587;\r\n\t\tline-height: 28px;\r\n }\r\n.quote-person {\r\n\t\tcolor: #373737;\r\n\t\tfont-size: 14px;\r\n\t\t\r\n}\r\n  .quote-image {\r\n    max-height: 220px; \/* Beispielh\u00f6he des Bildes *\/\r\n\t\tmargin-right: 10px;\r\n  }<\/style><div class=\"quote\">\r\n\t<img decoding=\"async\" src=\"https:\/\/amplify-test.pepperl-fuchs.com\/wp-content\/uploads\/2025\/03\/PeFu_amplify_Zitat_R-Krawczyk_Zitat-300x300.jpg\" alt=\"\" class=\"quote-image\">\r\n\t<div class=\"quote-wrapper\">\t\r\n\t\t<div class=\"quote-text\">Wenn Sie sich f\u00fcr Pepperl+Fuchs Canada entscheiden, entscheiden Sie sich f\u00fcr einen Partner, der Ihre Leidenschaft f\u00fcr Innovation und Erfolg teilt.\r\n\t\t\t<div class=\"quote-person\">Richard Krawczyk, Area Sales Manager Canada bei Pepperl+Fuchs<\/div>\r\n\t\t<\/div>\r\n\t<\/div>\r\n<\/div><div class=\"fusion-text fusion-text-5 elt_headline_text\"><h2>Innovative Automatisierungsl\u00f6sungen f\u00fcr eine nachhaltige Industrie<\/h2>\n<p>Um auch Fertigungssektoren wie den Automobilbereich nachhaltig zu gestalten und der strategischen Ausrichtung Kanadas zu folgen, braucht es innovative Technologien, die die Automatisierung und Digitalisierung von Anlagen f\u00f6rdern. Ein wichtiger Baustein hierf\u00fcr sind Sensoren und Komponenten f\u00fcr die industrielle Kommunikation wie die von Pepperl+Fuchs. Das Unternehmen bietet zum Beispiel die richtige Sensortechnologie, um verschiedene Aufgaben in der Batteriefertigung f\u00fcr E-Autos zu automatisieren, aber auch zahlreiche weitere Produkte und L\u00f6sungen rund um die Automatisierung.<\/p>\n<p>Seit \u00fcber 30 Jahren ist Pepperl+Fuchs inzwischen in Kanada aktiv, seit 2022 mit einem eigenen Vertriebsstandort in Toronto, Ontario. Die Wahl des Standorts lag auf der Hand: Neben Qu\u00e9bec und British Columbia ist die Provinz Ontario ein Zentrum der fertigenden Industrie. Von hier aus bedient das zehnk\u00f6pfige Team mit Unterst\u00fctzung durch ein landesweites Vertriebsnetz Unternehmen in unterschiedlichen Branchen und M\u00e4rkten. Neben der Automobilindustrie sind das aktuell vor allem Kunden in den Bereichen (Intra-) Logistik, Mobile Equipment und der Verpackungsindustrie, aber auch zahlreichen anderen. \u201eOb in der Automobilfertigung, an mobilen Maschinen, in Gep\u00e4ckf\u00f6rderanlagen oder in Achterbahnen, unsere kanadische Kundschaft begeistert, dass unsere Produkte und Technologien so langlebig und zuverl\u00e4ssig sind\u201c, berichtet Richard Krawczyk, Area Sales Manager Canada bei Pepperl+Fuchs, aus seiner langj\u00e4hrigen Erfahrung. \u201eWir pflegen dabei ein partnerschaftliches Verh\u00e4ltnis zu unseren Kunden. Jeder wei\u00df: Wenn Sie sich f\u00fcr Pepperl+Fuchs Canada entscheiden, entscheiden Sie sich f\u00fcr einen Partner, der Ihre Leidenschaft f\u00fcr Innovation und Erfolg teilt.\u201c Das Team rund um Krawczyk strebt stets danach, die Aufgaben und Herausforderungen seiner Kunden innovativ und bestm\u00f6glich zu l\u00f6sen. Dabei ist das Angebot nicht nur auf industrielle Sensorik und Kommunikation beschr\u00e4nkt. Pepperl+Fuchs bietet auch Komponenten und L\u00f6sungen f\u00fcr den Explosionsschutz und die digitale Kommunikation in Prozessanlagen an. Und sollte das Standardportfolio die Anforderungen nicht erf\u00fcllen, entwickelt Pepperl+Fuchs auch individuell zugeschnittene L\u00f6sungen.<\/p>\n<\/div><div class=\"fusion-image-element awb-imageframe-style awb-imageframe-style-below awb-imageframe-style-2\" style=\"--awb-caption-title-font-family:var(--body_typography-font-family);--awb-caption-title-font-weight:var(--body_typography-font-weight);--awb-caption-title-font-style:var(--body_typography-font-style);--awb-caption-title-size:var(--body_typography-font-size);--awb-caption-title-transform:var(--body_typography-text-transform);--awb-caption-title-line-height:var(--body_typography-line-height);--awb-caption-title-letter-spacing:var(--body_typography-letter-spacing);\"><span class=\" fusion-imageframe imageframe-none imageframe-2 hover-type-none elt_image\"><a href=\"https:\/\/amplify-test.pepperl-fuchs.com\/wp-content\/uploads\/2025\/03\/PeFu_amplify_CDN-Team-scaled.jpg\" class=\"fusion-lightbox\" data-rel=\"iLightbox[e4051cd7050e51e0bb2]\" data-title=\"PeFu_amplify_CDN-Team\" title=\"PeFu_amplify_CDN-Team\"><img decoding=\"async\" width=\"300\" height=\"198\" alt=\"Das kanadische Pepperl+Fuchs-Team\" src=\"https:\/\/amplify-test.pepperl-fuchs.com\/wp-content\/uploads\/2025\/03\/PeFu_amplify_CDN-Team-300x198.jpg\" class=\"img-responsive wp-image-5301\" srcset=\"https:\/\/amplify-test.pepperl-fuchs.com\/wp-content\/uploads\/2025\/03\/PeFu_amplify_CDN-Team-200x132.jpg 200w, https:\/\/amplify-test.pepperl-fuchs.com\/wp-content\/uploads\/2025\/03\/PeFu_amplify_CDN-Team-400x264.jpg 400w, https:\/\/amplify-test.pepperl-fuchs.com\/wp-content\/uploads\/2025\/03\/PeFu_amplify_CDN-Team-600x396.jpg 600w, https:\/\/amplify-test.pepperl-fuchs.com\/wp-content\/uploads\/2025\/03\/PeFu_amplify_CDN-Team-800x527.jpg 800w, https:\/\/amplify-test.pepperl-fuchs.com\/wp-content\/uploads\/2025\/03\/PeFu_amplify_CDN-Team-1200x791.jpg 1200w\" sizes=\"(max-width: 640px) 100vw, 1200px\" \/><\/a><\/span><div class=\"awb-imageframe-caption-container\"><div class=\"awb-imageframe-caption\"><div class=\"awb-imageframe-caption-title\">PeFu_amplify_CDN-Team<\/div><p class=\"awb-imageframe-caption-text\">Das Team von Pepperl+Fuchs Kanada<\/p><\/div><\/div><\/div><div class=\"fusion-text fusion-text-6 elt_headline_text\"><h2>The Future\u2019s Here<\/h2>\n<p>Dass Erfolg mitunter auf Innovation und Forschergeist basiert, muss man in Kanada niemandem erz\u00e4hlen. Das nordamerikanische Land ist l\u00e4ngst nicht nur Vorreiter bei erneuerbaren Energien, sauberen Technologien und automatisierten, digitalisierten Fabriken, sondern auch bei der Entwicklung und Nutzung von k\u00fcnstlicher Intelligenz (KI). Seit den 1980er Jahren hat sich Kanada einen Ruf als weltweiter Pionier im Bereich von KI erarbeitet und ist eines von 15 Gr\u00fcndungsmitgliedern der 2020 gegr\u00fcndeten globalen Initiative \u201eGlobal Partnership on Artificial Intelligence (GPAI)\u201c. Im Fokus des internationalen Verbunds, zu dem inzwischen 29 Mitgliedsstaaten geh\u00f6ren \u2013 darunter auch Frankreich, Deutschland, Japan und Indien \u2013 steht eine verantwortungsvolle Entwicklung und Nutzung k\u00fcnstlicher Intelligenz, die die Menschenrechte und die gemeinsamen demokratischen Werte ihrer Mitglieder respektiert. \u201eDie Kombination aus fortschrittlichen Technologien und der wirtschaftsstrategischen Ausrichtung auf eine nachhaltige Zukunft macht Kanada zu einem Zukunftsmarkt, in dem wir noch sehr viel Potenzial sehen\u201c, blickt Krawczyk in die Zukunft. \u201eMit innovativer Sensorik und Komponenten und L\u00f6sungen f\u00fcr den Explosionsschutz sehen wir uns als Unternehmen als essenziellen Teil der zuk\u00fcnftigen Industrie in Kanada und freuen uns auf neue Herausforderungen \u2013 gemeinsam mit unseren Kunden.\u201c<\/p>\n<\/div><\/div><\/div><div class=\"fusion-layout-column fusion_builder_column fusion-builder-column-2 fusion_builder_column_1_4 1_4 fusion-flex-column\" style=\"--awb-bg-size:cover;--awb-width-large:25%;--awb-margin-top-large:0px;--awb-spacing-right-large:7.68%;--awb-margin-bottom-large:20px;--awb-spacing-left-large:7.68%;--awb-width-medium:25%;--awb-order-medium:0;--awb-spacing-right-medium:7.68%;--awb-spacing-left-medium:7.68%;--awb-width-small:100%;--awb-order-small:0;--awb-spacing-right-small:1.92%;--awb-spacing-left-small:1.92%;\"><div class=\"fusion-column-wrapper fusion-column-has-shadow fusion-flex-justify-content-flex-start fusion-content-layout-column\"><div class=\"fusion-separator fusion-full-width-sep\" style=\"align-self: center;margin-left: auto;margin-right: auto;width:100%;\"><div class=\"fusion-separator-border sep-single sep-solid\" style=\"--awb-height:20px;--awb-amount:20px;--awb-sep-color:var(--awb-color8);border-color:var(--awb-color8);border-top-width:1px;\"><\/div><\/div><div class=\"fusion-text fusion-text-7\"><div class=\"fusion-social-networks sharingbox-shortcode-icon-wrapper sharingbox-shortcode-icon-wrapper-1 boxed-icons sidebar\">\n\t<span class=\"share-linkedin\">\n\t\t<a href=\"https:\/\/www.linkedin.com\/shareArticle?\" target=\"_blank\" rel=\"noopener noreferrer\" title=\"\" aria-label=\"LinkedIn\" data-placement=\"top\" data-toggle=\"tooltip\" data-title=\"LinkedIn\" data-original-title=\"LinkedIn\">\n\t\t<i class=\"fusion-social-network-icon fusion-tooltip fusion-linkedin awb-icon-linkedin\" style=\"color:#ffffff;background-color:#0077b5;border-color:#0077b5;border-radius:0px;\" aria-hidden=\"true\"><\/i>\n\t\t<\/a>\n\t<\/span>\n\t<span class=\"share-mail\">\n\t\t<a href=\/de\/kontakt\/\" target=\"_self\" title=\"\" aria-label=\"Email\" data-placement=\"top\" data-toggle=\"tooltip\" data-title=\"Email\" data-original-title=\"Email\">\n\t\t<i class=\"fusion-social-network-icon fusion-tooltip fusion-mail awb-icon-mail\" style=\"color:#ffffff;background-color:#00a587;border-color:#00a587;border-radius:0px;\" aria-hidden=\"true\"><\/i>\n\t\t<\/a>\n\t<\/span>\n\t<span class=\"share-insta\">\n\t\t<a href=\"https:\/\/www.instagram.com\" target=\"_blank\" rel=\"noreferrer noopener\" title=\"\" aria-label=\"Instagram\" data-placement=\"top\" data-toggle=\"tooltip\" data-title=\"Instagram\" data-original-title=\"Instagram\">\n\t\t<i class=\"fusion-social-network-icon fusion-tooltip fusion-instagram awb-icon-instagram\" style=\"color:#ffffff;background-color:#c13584;border-color:#c13584;border-radius:0px;\" aria-hidden=\"true\"><\/i>\n\t\t<\/a>\n\t<\/span>\t\n\t<span class=\"share-facebook\">\n\t\t<a href=\"https:\/\/www.facebook.com\/sharer.php?\" target=\"_blank\" rel=\"noreferrer noopener\" title=\"\" aria-label=\"Facebook\" data-placement=\"top\" data-toggle=\"tooltip\" data-title=\"Facebook\" data-original-title=\"Facebook\">\n\t\t<i class=\"fusion-social-network-icon fusion-tooltip fusion-facebook awb-icon-facebook\" style=\"color:#ffffff;background-color:#3b5998;border-color:#3b5998;border-radius:0px;\" aria-hidden=\"true\"><\/i>\n\t\t<\/a>\n\t<\/span>\n<\/div>\n\n<\/div><div class=\"fusion-separator fusion-full-width-sep\" style=\"align-self: center;margin-left: auto;margin-right: auto;width:100%;\"><div class=\"fusion-separator-border sep-single sep-solid\" style=\"--awb-height:20px;--awb-amount:20px;--awb-sep-color:var(--awb-color8);border-color:var(--awb-color8);border-top-width:1px;\"><\/div><\/div><div class=\"fusion-text fusion-text-8 sidebar\"><h4>Seien Sie dabei!<\/h4>\n<p><img decoding=\"async\" class=\"alignnone size-full wp-image-228\" src=\"https:\/\/amplify-test.pepperl-fuchs.com\/wp-content\/uploads\/2024\/07\/amplify-enews-bild.jpg\" alt=\"Two hands holding a tablet computer showing Pepperl+Fuchs newsletter.\" width=\"220\" height=\"124\" srcset=\"https:\/\/amplify-test.pepperl-fuchs.com\/wp-content\/uploads\/2024\/07\/amplify-enews-bild-66x37.jpg 66w, https:\/\/amplify-test.pepperl-fuchs.com\/wp-content\/uploads\/2024\/07\/amplify-enews-bild-177x100.jpg 177w, https:\/\/amplify-test.pepperl-fuchs.com\/wp-content\/uploads\/2024\/07\/amplify-enews-bild-200x113.jpg 200w, https:\/\/amplify-test.pepperl-fuchs.com\/wp-content\/uploads\/2024\/07\/amplify-enews-bild.jpg 220w\" sizes=\"(max-width: 220px) 100vw, 220px\" \/><\/p>\n<p><a href=\"https:\/\/www.pepperl-fuchs.com\/de\/news\/stay-in-touch\/pepperl-fuchs-e-news-gp30796\" target=\"_blank\" rel=\"noopener\">Erhalten Sie mit der e-news regelm\u00e4\u00dfig Neuigkeiten rund um die Welt der Automation.<\/a><\/p>\n<\/div>\n<div class=\"fusion-separator fusion-full-width-sep\" style=\"align-self: center;margin-left: auto;margin-right: auto;width:100%;\"><div class=\"fusion-separator-border sep-single sep-solid\" style=\"--awb-height:20px;--awb-amount:20px;--awb-sep-color:var(--awb-color8);border-color:var(--awb-color8);border-top-width:1px;\"><\/div><\/div><div class=\"fusion-separator fusion-full-width-sep\" style=\"align-self: center;margin-left: auto;margin-right: auto;width:100%;\"><div class=\"fusion-separator-border sep-single sep-solid\" style=\"--awb-height:20px;--awb-amount:20px;--awb-sep-color:var(--awb-color8);border-color:var(--awb-color8);border-top-width:1px;\"><\/div><\/div><div class=\"fusion-title title fusion-title-2 fusion-sep-none fusion-title-text fusion-title-size-four\"><h4 class=\"fusion-title-heading title-heading-left fusion-responsive-typography-calculated\" style=\"margin:0;--fontSize:24;line-height:var(--awb-typography1-line-height);\">Erfahren Sie mehr<\/h4><\/div><ul style=\"--awb-iconcolor:var(--awb-color3);--awb-line-height:27.2px;--awb-icon-width:27.2px;--awb-icon-height:27.2px;--awb-icon-margin:11.2px;--awb-content-margin:38.4px;\" class=\"fusion-checklist fusion-checklist-1 fusion-checklist-default type-icons\"><li class=\"fusion-li-item\" style=\"\"><span class=\"icon-wrapper circle-no\"><i class=\"fusion-li-icon fa-caret-right fas\" aria-hidden=\"true\"><\/i><\/span><div class=\"fusion-li-item-content\">\n<p><a href=\"https:\/\/www.pepperl-fuchs.com\/de-de\/industries-and-trends\/industries\/automotive-gp27449\">Sensorl\u00f6sungen f\u00fcr die Automobilindustrie<\/a><\/p>\n<\/div><\/li><li class=\"fusion-li-item\" style=\"\"><span class=\"icon-wrapper circle-no\"><i class=\"fusion-li-icon fa-caret-right fas\" aria-hidden=\"true\"><\/i><\/span><div class=\"fusion-li-item-content\">\n<p><a href=\"https:\/\/www.hannovermesse.de\/de\/ausstellung\/partnerland\/index-2\" target=\"_blank\" rel=\"noopener\">Partnerland Kanada auf der Hannover Messe 2025<\/a><\/p>\n<\/div><\/li><\/ul><div class=\"fusion-separator fusion-full-width-sep\" style=\"align-self: center;margin-left: auto;margin-right: auto;width:100%;\"><div class=\"fusion-separator-border sep-single sep-solid\" style=\"--awb-height:20px;--awb-amount:20px;--awb-sep-color:var(--awb-color8);border-color:var(--awb-color8);border-top-width:1px;\"><\/div><\/div><div class=\"fusion-text fusion-text-9\"><p><div class=\"fusion-modal modal fade modal-1 editorial-use\" tabindex=\"-1\" role=\"dialog\" aria-labelledby=\"modal-heading-1\" aria-hidden=\"true\" style=\"--awb-border-color:var(--awb-color3);--awb-background:var(--awb-color1);\"><div class=\"modal-dialog modal-lg\" role=\"document\"><div class=\"modal-content fusion-modal-content\"><div class=\"modal-header\"><button class=\"close\" type=\"button\" data-dismiss=\"modal\" aria-hidden=\"true\" aria-label=\"Close\">&times;<\/button><h3 class=\"modal-title\" id=\"modal-heading-1\" data-dismiss=\"modal\" aria-hidden=\"true\">Redaktionelle Nutzung<\/h3><\/div><div class=\"modal-body fusion-clearfix\">\n<p>The editorial use of articles from \u201camplify\u201d is only permitted with the prior consent of the publisher Pepperl+Fuchs SE. In addition, the original source <a href=\"https:\/\/amplify-test.pepperl-fuchs.com\/\" target=\"_blank\" rel=\"noopener\">amplify.pepperl-fuchs.com<\/a>\u00a0must be referenced when articles are reused or processed.<\/p>\n<div class=\"fusion-button-wrapper\"><a class=\"fusion-button button-flat fusion-button-default-size button-custom fusion-button-default button-1 fusion-button-default-span fusion-button-default-type\" style=\"--button_accent_color:var(--awb-color1);--button_accent_hover_color:var(--awb-custom_color_2);--button_border_hover_color:var(--awb-custom_color_2);--button_gradient_top_color:var(--awb-color3);--button_gradient_bottom_color:var(--awb-color3);--button_gradient_top_color_hover:var(--awb-color1);--button_gradient_bottom_color_hover:var(--awb-color1);\" target=\"_self\" href=\"mailto:amplify@pepperl-fuchs.com?subject=Request%20Editorial%20Use\"><span class=\"fusion-button-text awb-button__text awb-button__text--default\">Redaktionelle Nutzung anfragen<\/span><\/a><\/div>\n<\/div><\/div><\/div><\/div>\n\n<div ><a class=\"fusion-button button-flat fusion-button-default-size button-custom fusion-button-default button-2 fusion-button-default-span fusion-button-default-type sidebar\" style=\"--button_accent_color:var(--awb-color1);--button_accent_hover_color:var(--awb-custom_color_2);--button_border_hover_color:var(--awb-custom_color_2);--button_gradient_top_color:var(--awb-color3);--button_gradient_bottom_color:var(--awb-color3);--button_gradient_top_color_hover:var(--awb-color1);--button_gradient_bottom_color_hover:var(--awb-color1);--button_margin-top:12px;--button_margin-right:auto;--button_margin-left:auto;\" target=\"_self\" href=\"#\" data-toggle=\"modal\" data-target=\".fusion-modal.editorial-use\"><i class=\"fa-pen fas awb-button__icon awb-button__icon--default button-icon-left\" aria-hidden=\"true\"><\/i><span class=\"fusion-button-text awb-button__text awb-button__text--default\">Redaktionelle Nutzung<\/span><\/a><\/div>\n<\/p>\n<\/div><\/div><\/div><\/div><\/div><div class=\"fusion-fullwidth fullwidth-box fusion-builder-row-2 fusion-flex-container has-pattern-background has-mask-background nonhundred-percent-fullwidth non-hundred-percent-height-scrolling infocontainer gradient-container-2\" style=\"--awb-border-radius-top-left:0px;--awb-border-radius-top-right:0px;--awb-border-radius-bottom-right:0px;--awb-border-radius-bottom-left:0px;--awb-margin-bottom:40px;--awb-background-color:var(--awb-color8);--awb-flex-wrap:wrap;\" ><div class=\"fusion-builder-row fusion-row fusion-flex-align-items-flex-start fusion-flex-content-wrap\" style=\"max-width:1248px;margin-left: calc(-4% \/ 2 );margin-right: calc(-4% \/ 2 );\"><div class=\"fusion-layout-column fusion_builder_column fusion-builder-column-3 fusion_builder_column_1_1 1_1 fusion-flex-column\" style=\"--awb-bg-size:cover;--awb-width-large:100%;--awb-margin-top-large:0px;--awb-spacing-right-large:1.92%;--awb-margin-bottom-large:20px;--awb-spacing-left-large:1.92%;--awb-width-medium:100%;--awb-order-medium:0;--awb-spacing-right-medium:1.92%;--awb-spacing-left-medium:1.92%;--awb-width-small:100%;--awb-order-small:0;--awb-spacing-right-small:1.92%;--awb-spacing-left-small:1.92%;\"><div class=\"fusion-column-wrapper fusion-column-has-shadow fusion-flex-justify-content-flex-start fusion-content-layout-column\"><style type=\"text\/css\">@media screen and (max-width: 767px) {\r\n\t\t.infocontainer-custom-icon {\r\n\t\t\t\tposition: absolute;\r\n\t\t\t\tleft: 1.9%;\r\n\t\t}\r\n}\r\n@media screen and (max-width: 800px) {\r\n    \/* Sidebar Infobox Position change *\/\r\n    .has-sidebar {\r\n        display: flex;\r\n        flex-direction: column;\r\n        width: 100%; \/* Stellt sicher, dass es die gesamte Breite einnimmt *\/\r\n    }\r\n\r\n    .has-infobox {\r\n        order: -1; \/* Setzt die Infobox an den Anfang *\/\r\n        width: 100%; \/* Erzwingt die volle Breite *\/\r\n    }\r\n\r\n    .has-infobox + * { \r\n        display: block; \r\n        width: 100%; \/* Stellt sicher, dass das n\u00e4chste Element auch unterhalb erscheint *\/\r\n        clear: both; \/* Verhindert ein Umflie\u00dfen *\/\r\n    }\r\n}\r\n@media screen and (min-width: 768px) {\r\n\t\t.infocontainer-custom {\r\n\t\t\t\talign-items: center;\r\n\t\t\t\tdisplay: flex;\r\n\t\t\t\theight: 360px;\r\n\t\t\t\tmargin-bottom: -30px;\r\n\t\t}\r\n\t\t.infocontainer-custom img {\r\n\t\t\t\tfloat: left;\r\n\t\t\t\theight: 420px;\r\n\t\t\t\tmargin-top: -30px;\t\t\r\n\t\t}\r\n\t\t.infocontainer-custom-icon {\r\n\t\t\t\tposition: absolute;\r\n\t\t\t\twidth: 63px;\r\n\t\t\t\theight: 63px!important;\r\n\t\t\t\ttop: -15px;\r\n\t\t}\r\n\t\t.infocontainer-custom-text-wrapper {\r\n\t\t\t\tbackground-color: #fff;\r\n\t\t\t\twidth: 80%;\r\n\t\t\t\tpadding: 12px;\r\n\t\t\t\tline-height: 1.4em;\r\n\t\t}\r\n\t\t.infocontainer-custom-text-wrapper h3 {\r\n\t\t\t\tpadding: 0;\r\n\t\t\t\tmargin: 0 0 12px 0;\r\n\t\t}\r\n}<\/style><div class=\"infocontainer-custom\">\r\n\t\t<img decoding=\"async\" src=\"https:\/\/amplify-test.pepperl-fuchs.com\/wp-content\/uploads\/2025\/03\/amplify_Art-Kanada_Infobox_AI-1-234x300.jpg\" alt=\"\" \/>\r\n\t\t<img decoding=\"async\" src=\"\/wp-content\/uploads\/2025\/01\/info.png\" alt=\"Info\" class=\"infocontainer-custom-icon\" \/>\r\n\t\t<div class=\"infocontainer-custom-text-wrapper\">\r\n\t\t\t\t<h3>\n<p>K\u00fcnstliche Intelligenz in Kanada<\/p>\n<\/h3>\r\n\t\t\t\t<p>Kanada war das erste Land, das Gesetze einf\u00fchrte, die darauf abzielen, KI-Innovationen in eine positive Richtung zu lenken und die verantwortungsvolle Einf\u00fchrung von KI-Technologien f\u00fcr kanadische Unternehmen zu f\u00f6rdern. In Kanada gibt es \u00fcber 1500 auf KI spezialisierte Unternehmen, 20 KI-Forschungslabore, 75 KI-Inkubatoren und -Beschleuniger sowie 60 Gruppen von KI-Investoren in ganz Kanada.<\/p>\r\n\t\t\t\t<a href=\"\"><\/a>\r\n\t\t<\/div>\r\n<\/div><\/div><\/div><\/div><\/div><\/p>\n","protected":false},"excerpt":{"rendered":"<p>Warum Kanada Vorreiter in vielerlei Hinsicht ist und wo Pepperl+Fuchs dort aktiv ist.<\/p>\n","protected":false},"author":7,"featured_media":5331,"comment_status":"open","ping_status":"open","sticky":false,"template":"","format":"standard","meta":{"_acf_changed":false,"footnotes":""},"categories":[21],"tags":[],"class_list":["post-5379","post","type-post","status-publish","format-standard","has-post-thumbnail","hentry","category-maerkte-trends"],"acf":[],"_links":{"self":[{"href":"https:\/\/amplify-test.pepperl-fuchs.com\/de\/wp-json\/wp\/v2\/posts\/5379","targetHints":{"allow":["GET"]}}],"collection":[{"href":"https:\/\/amplify-test.pepperl-fuchs.com\/de\/wp-json\/wp\/v2\/posts"}],"about":[{"href":"https:\/\/amplify-test.pepperl-fuchs.com\/de\/wp-json\/wp\/v2\/types\/post"}],"author":[{"embeddable":true,"href":"https:\/\/amplify-test.pepperl-fuchs.com\/de\/wp-json\/wp\/v2\/users\/7"}],"replies":[{"embeddable":true,"href":"https:\/\/amplify-test.pepperl-fuchs.com\/de\/wp-json\/wp\/v2\/comments?post=5379"}],"version-history":[{"count":8,"href":"https:\/\/amplify-test.pepperl-fuchs.com\/de\/wp-json\/wp\/v2\/posts\/5379\/revisions"}],"predecessor-version":[{"id":5456,"href":"https:\/\/amplify-test.pepperl-fuchs.com\/de\/wp-json\/wp\/v2\/posts\/5379\/revisions\/5456"}],"wp:featuredmedia":[{"embeddable":true,"href":"https:\/\/amplify-test.pepperl-fuchs.com\/de\/wp-json\/wp\/v2\/media\/5331"}],"wp:attachment":[{"href":"https:\/\/amplify-test.pepperl-fuchs.com\/de\/wp-json\/wp\/v2\/media?parent=5379"}],"wp:term":[{"taxonomy":"category","embeddable":true,"href":"https:\/\/amplify-test.pepperl-fuchs.com\/de\/wp-json\/wp\/v2\/categories?post=5379"},{"taxonomy":"post_tag","embeddable":true,"href":"https:\/\/amplify-test.pepperl-fuchs.com\/de\/wp-json\/wp\/v2\/tags?post=5379"}],"curies":[{"name":"wp","href":"https:\/\/api.w.org\/{rel}","templated":true}]}}