{"id":5551,"date":"2025-04-29T14:33:06","date_gmt":"2025-04-29T14:33:06","guid":{"rendered":"https:\/\/amplify.pepperl-fuchs.com\/?p=5551"},"modified":"2025-04-29T14:33:37","modified_gmt":"2025-04-29T14:33:37","slug":"innovator-mentor-freund-pepperl-fuchs-verabschiedet-dr-gunther-kegel","status":"publish","type":"post","link":"https:\/\/amplify-test.pepperl-fuchs.com\/de\/2025\/innovator-mentor-freund-pepperl-fuchs-verabschiedet-dr-gunther-kegel\/","title":{"rendered":"Innovator. Mentor. Freund: Pepperl+Fuchs verabschiedet Dr. Gunther Kegel"},"content":{"rendered":"<div class=\"fusion-fullwidth fullwidth-box fusion-builder-row-1 fusion-flex-container has-pattern-background has-mask-background nonhundred-percent-fullwidth non-hundred-percent-height-scrolling gradient-container-1\" style=\"--awb-border-radius-top-left:0px;--awb-border-radius-top-right:0px;--awb-border-radius-bottom-right:0px;--awb-border-radius-bottom-left:0px;--awb-flex-wrap:wrap;\" id=\"article\" ><div class=\"fusion-builder-row fusion-row fusion-flex-align-items-flex-start fusion-flex-content-wrap\" style=\"max-width:1248px;margin-left: calc(-4% \/ 2 );margin-right: calc(-4% \/ 2 );\"><div class=\"fusion-layout-column fusion_builder_column fusion-builder-column-0 fusion_builder_column_1_1 1_1 fusion-flex-column\" style=\"--awb-bg-size:cover;--awb-width-large:100%;--awb-margin-top-large:0px;--awb-spacing-right-large:1.92%;--awb-margin-bottom-large:20px;--awb-spacing-left-large:1.92%;--awb-width-medium:100%;--awb-order-medium:0;--awb-spacing-right-medium:1.92%;--awb-spacing-left-medium:1.92%;--awb-width-small:100%;--awb-order-small:0;--awb-spacing-right-small:1.92%;--awb-spacing-left-small:1.92%;\"><div class=\"fusion-column-wrapper fusion-column-has-shadow fusion-flex-justify-content-flex-start fusion-content-layout-column\"><div class=\"fusion-text fusion-text-1\" id=\"publishing_date\"><p>29. April 2025<\/p>\n<\/div><div class=\"fusion-title title fusion-title-1 fusion-sep-none fusion-title-text fusion-title-size-one\" id=\"article_headline\"><h1 class=\"fusion-title-heading title-heading-left fusion-responsive-typography-calculated\" style=\"margin:0;--fontSize:64;line-height:var(--awb-typography1-line-height);\">Innovator. Mentor. Freund: Pepperl+Fuchs verabschiedet Dr. Gunther Kegel<\/h1><\/div><div class=\"fusion-text fusion-text-2\" id=\"intro_text\"><p>Auf der Hannover Messe 2025 wurde CEO Dr.-Ing. Gunther Kegel nach 35 Jahren bei Pepperl+Fuchs im Rahmen einer emotionalen Abschiedsfeier geb\u00fchrend verabschiedet. Gleichzeitig erfolgte die \u00dcbergabe des Staffelstabs an seinen Nachfolger Dr. Wilhelm Nehring.<\/p>\n<\/div><div class=\"fusion-image-element \" style=\"--awb-caption-title-font-family:var(--h2_typography-font-family);--awb-caption-title-font-weight:var(--h2_typography-font-weight);--awb-caption-title-font-style:var(--h2_typography-font-style);--awb-caption-title-size:var(--h2_typography-font-size);--awb-caption-title-transform:var(--h2_typography-text-transform);--awb-caption-title-line-height:var(--h2_typography-line-height);--awb-caption-title-letter-spacing:var(--h2_typography-letter-spacing);\"><span class=\" fusion-imageframe imageframe-none imageframe-1 hover-type-none\"><img decoding=\"async\" width=\"1920\" height=\"900\" alt=\"Pepperl+Fuchs verabschiedet CEO Dr. Gunther Kegel\" title=\"Farewell_Dr_Kegel_Hannover_Messe_2025\" src=\"https:\/\/amplify-test.pepperl-fuchs.com\/wp-content\/uploads\/2025\/04\/Farewell_Dr_Kegel_Hannover_Messe_2025.jpg\" class=\"img-responsive wp-image-5534\" srcset=\"https:\/\/amplify-test.pepperl-fuchs.com\/wp-content\/uploads\/2025\/04\/Farewell_Dr_Kegel_Hannover_Messe_2025-200x94.jpg 200w, https:\/\/amplify-test.pepperl-fuchs.com\/wp-content\/uploads\/2025\/04\/Farewell_Dr_Kegel_Hannover_Messe_2025-400x188.jpg 400w, https:\/\/amplify-test.pepperl-fuchs.com\/wp-content\/uploads\/2025\/04\/Farewell_Dr_Kegel_Hannover_Messe_2025-600x281.jpg 600w, https:\/\/amplify-test.pepperl-fuchs.com\/wp-content\/uploads\/2025\/04\/Farewell_Dr_Kegel_Hannover_Messe_2025-800x375.jpg 800w, https:\/\/amplify-test.pepperl-fuchs.com\/wp-content\/uploads\/2025\/04\/Farewell_Dr_Kegel_Hannover_Messe_2025-1200x563.jpg 1200w, https:\/\/amplify-test.pepperl-fuchs.com\/wp-content\/uploads\/2025\/04\/Farewell_Dr_Kegel_Hannover_Messe_2025.jpg 1920w\" sizes=\"(max-width: 640px) 100vw, 1200px\" \/><\/span><\/div><\/div><\/div><div class=\"fusion-layout-column fusion_builder_column fusion-builder-column-1 fusion_builder_column_3_4 3_4 fusion-flex-column\" style=\"--awb-bg-size:cover;--awb-width-large:75%;--awb-margin-top-large:0px;--awb-spacing-right-large:2.56%;--awb-margin-bottom-large:20px;--awb-spacing-left-large:2.56%;--awb-width-medium:75%;--awb-order-medium:0;--awb-spacing-right-medium:2.56%;--awb-spacing-left-medium:2.56%;--awb-width-small:100%;--awb-order-small:0;--awb-spacing-right-small:1.92%;--awb-spacing-left-small:1.92%;\"><div class=\"fusion-column-wrapper fusion-column-has-shadow fusion-flex-justify-content-flex-start fusion-content-layout-column\"><div class=\"fusion-text fusion-text-3 elt_text\"><p>W\u00e4hrend das regul\u00e4re Messetreiben am Mittwochnachmittag des 2. April 2025 langsam abflaut, herrscht am Pepperl+Fuchs Stand noch einmal gesch\u00e4ftiges Treiben. Innerhalb k\u00fcrzester Zeit steht eine kleine B\u00fchne bereit. Die Beleuchtung wird angepasst, Stehtische aufgestellt, ein kurzer Soundcheck ert\u00f6nt. Auf den Monitoren des Stands l\u00e4uft eine Slideshow, die Einblicke in vergangene Lebensabschnitte und Stationen von Dr.-Ing. Gunther Kegel zeigt. Man sieht den langj\u00e4hrigen CEO der Pepperl+Fuchs-Gruppe am Schreibtisch, auf Messen sowie bei Treffen mit politischen Vertretern. Aber auch private Einblicke erh\u00e4lt der Zuschauer und sieht Kegel beim Wandern in den Berner Alpen oder beim Gitarrespielen. Der feierliche Rahmen f\u00fcr ein besonderes Ereignis in der Firmengeschichte ist geschaffen: Nach 35 Jahren verabschiedet sich Kegel aus dem Unternehmen, bei dem er die letzten 25 Jahre als Vorstandsvorsitzender die Geschicke gelenkt hat. Aktion\u00e4re, Vorstand, Mitarbeitende sowie geladene Ehreng\u00e4ste und Wegbegleiter Kegels kamen f\u00fcr diesen Anlass zusammen, um auf sein Schaffen zur\u00fcck-, aber auch in die Zukunft von Pepperl+Fuchs zu blicken.<\/p>\n<\/div><div class=\"fusion-text fusion-text-4 elt_headline_text\"><h2>Herz und Seele des Unternehmens<\/h2>\n<p>Florian Ochs, CHRO bei Pepperl+Fuchs, findet die richtigen Worte f\u00fcr seinen Vorstandskollegen: \u201eWir haben heute Abend eingeladen, um Dr. Gunther Kegel zu feiern. Ihn als Pers\u00f6nlichkeit zu feiern und sein Wirken f\u00fcr Pepperl+Fuchs zu w\u00fcrdigen.\u201c Kegel hat das Unternehmen in den vergangenen 35 Jahren mitgepr\u00e4gt wie kaum ein anderer. Seine Karriere bei Pepperl+Fuchs begann einst 1990 als Leiter der Vorentwicklung. Innerhalb eines Jahres zeichnete er dort als Entwicklungsleiter des Gesch\u00e4ftsbereichs Fabrikautomation verantwortlich, dessen Leitung er 1994 \u00fcbernahm. Drei Jahre sp\u00e4ter wurde Kegel Gesch\u00e4ftsf\u00fchrer, seit nun mehr 25 Jahren hat er die Rolle des CEOs inne. In den drei Dekaden seiner Firmenzugeh\u00f6rigkeit erweiterte sich nicht nur Kegels Verantwortungsbereich. Unter seiner F\u00fchrung entwickelte sich das Familienunternehmen zum Hidden Champion und festigte den Ruf eines Global Players in der Automatisierungsindustrie. Neue Standorte wurden erschlossen, drei globale Logistikzentren errichtet, die Unternehmensform wandelte sich in einem ersten Schritt von einer GmbH zu einer AG, um schlie\u00dflich in die heutige Rechtsform der Pepperl+Fuchs SE umgewandelt zu werden. Kegel handelte stets mit unternehmerischem Weitblick. Durch strategische Akquisitionen konnten zudem neue Gesch\u00e4ftsfelder erschlossen und vorhandene Produktbereiche ausgebaut werden. Damit einher geht die stetige (Weiter-)Entwicklung innovativer Produkte und Technologien, f\u00fcr die Kegel als promovierter Ingenieur brennt. W\u00e4hrend seiner Zeit gelang Pepperl+Fuchs zum Beispiel der erfolgreiche Einstieg in die Feldbustechnik, die Bildverarbeitung und die LiDAR-Sensorik.<\/p>\n<\/div><div class=\"fusion-image-element awb-imageframe-style awb-imageframe-style-below awb-imageframe-style-2\" style=\"--awb-caption-title-font-family:var(--body_typography-font-family);--awb-caption-title-font-weight:var(--body_typography-font-weight);--awb-caption-title-font-style:var(--body_typography-font-style);--awb-caption-title-size:var(--body_typography-font-size);--awb-caption-title-transform:var(--body_typography-text-transform);--awb-caption-title-line-height:var(--body_typography-line-height);--awb-caption-title-letter-spacing:var(--body_typography-letter-spacing);\"><span class=\" fusion-imageframe imageframe-none imageframe-2 hover-type-none elt_image\"><a href=\"https:\/\/amplify-test.pepperl-fuchs.com\/wp-content\/uploads\/2025\/04\/Muller-Michael_Fuchs_Gesellschafter_Pepperl-Fuchs.jpg\" class=\"fusion-lightbox\" data-rel=\"iLightbox[8097536a974febad95f]\" data-title=\"M\u00fcller-Michael_Fuchs_Gesellschafter_Pepperl-Fuchs\" title=\"M\u00fcller-Michael_Fuchs_Gesellschafter_Pepperl-Fuchs\"><img decoding=\"async\" width=\"700\" height=\"500\" alt=\"Monika M\u00fcller-Michael und Michael Fuchs, Eigent\u00fcmer des Familienunternehmens\" src=\"https:\/\/amplify-test.pepperl-fuchs.com\/wp-content\/uploads\/2025\/04\/Muller-Michael_Fuchs_Gesellschafter_Pepperl-Fuchs.jpg\" class=\"img-responsive wp-image-5536\" srcset=\"https:\/\/amplify-test.pepperl-fuchs.com\/wp-content\/uploads\/2025\/04\/Muller-Michael_Fuchs_Gesellschafter_Pepperl-Fuchs-200x143.jpg 200w, https:\/\/amplify-test.pepperl-fuchs.com\/wp-content\/uploads\/2025\/04\/Muller-Michael_Fuchs_Gesellschafter_Pepperl-Fuchs-400x286.jpg 400w, https:\/\/amplify-test.pepperl-fuchs.com\/wp-content\/uploads\/2025\/04\/Muller-Michael_Fuchs_Gesellschafter_Pepperl-Fuchs-600x429.jpg 600w, https:\/\/amplify-test.pepperl-fuchs.com\/wp-content\/uploads\/2025\/04\/Muller-Michael_Fuchs_Gesellschafter_Pepperl-Fuchs.jpg 700w\" sizes=\"(max-width: 640px) 100vw, 700px\" \/><\/a><\/span><div class=\"awb-imageframe-caption-container\"><div class=\"awb-imageframe-caption\"><div class=\"awb-imageframe-caption-title\">M\u00fcller-Michael_Fuchs_Gesellschafter_Pepperl-Fuchs<\/div><p class=\"awb-imageframe-caption-text\">Monika M\u00fcller-Michael und Michael Fuchs, Inhaber des Familienunternehmens in dritter Generation, w\u00fcrdigen Kegels Leistungen.<\/p><\/div><\/div><\/div><div class=\"fusion-text fusion-text-5\"><p>Auch Monika M\u00fcller-Michael und Michael Fuchs, die Inhaber des Familienunternehmens in der inzwischen dritten Generation, erinnern sich, dass der Name Kegel bereits in ihrer Jugend stets pr\u00e4sent gewesen ist. Seit Jahrzenten sei Kegel das Herz und die Seele des Unternehmens. Ein St\u00fcck weit wird er das auch \u2013 zumindest f\u00fcr eine gewisse Zeit \u2013 noch bleiben, wie Michael Fuchs verr\u00e4t: \u201eWir wissen, dass wir dich jederzeit um Rat fragen k\u00f6nnen, und das sch\u00e4tzen wir sehr.\u201c<\/p>\n<\/div><div class=\"fusion-text fusion-text-6\"><h2>Weitreichendes Engagement f\u00fcr den Mittelstand<\/h2>\n<p>Dar\u00fcber hinaus macht sich Kegel f\u00fcr die Elektroindustrie stark und leiht ihr seine Stimme. So engagiert er sich seit 2016 im VDE (Verband der Elektrotechnik Elektronik und Informationstechnik e. V.) und seit 2020 als Vizepr\u00e4sident des BDI (Bundesverband der Deutschen Industrie e. V.) sowie f\u00fcr die Deutsche Messe AG als Vorsitzender des Ausstellerbeirats der Hannover Messe. Seit knapp 30 Jahren agiert Kegel zudem in den unterschiedlichsten Rollen im ZVEI (Zentralverband der Elektro- und Digitalindustrie e. V.). In seiner aktuell zweiten Amtszeit als ZVEI-Pr\u00e4sident tritt er in den Dialog mit Gesellschaft und Politik. Dabei scheut Kegel sich nicht davor, sich f\u00fcr die Interessen des Mittelstands einzusetzen und auch politische Entscheidungen kritisch zu hinterfragen. Aufgrund eines derartigen Engagements ist es nicht verwunderlich, dass sich Weggef\u00e4hrten wie Dr. Wolfgang Weber, vorsitzender Gesch\u00e4ftsf\u00fchrer des ZVEI, Dr. Jochen K\u00f6ckler, Vorstandsvorsitzender der Deutschen Messe AG und Matthias Altendorf, Aufsichtsratspr\u00e4sident der Endress+Hauser Gruppe einig sind: Als vision\u00e4re F\u00fchrungskraft, innovativer Denker und besonders auch als Wegbegleiter und Freund hinterl\u00e4sst Kegel gro\u00dfe Fu\u00dfspuren. Umso erfreulicher ist, dass er Pepperl+Fuchs zun\u00e4chst beratend zur Seite stehen wird und dem ZVEI noch mindestens bis 2026 erhalten bleibt.<\/p>\n<\/div><div class=\"fusion-text fusion-text-7\"><h2>Ein Abschied mit Perspektive<\/h2>\n<p>Kegel selbst blickt bewegt auf seine lange Zeit bei Pepperl+Fuchs zur\u00fcck. Die Begeisterung f\u00fcr die Technik, seine Liebe zum Unternehmen und die Wertsch\u00e4tzung f\u00fcr die komplette Belegschaft von Pepperl+Fuchs schwingen in seiner Abschiedsrede in jedem Satz mit: \u201eIch h\u00e4tte mit niemandem lieber 35 Jahre lang gearbeitet als genau mit euch, mit diesem Team. Ihr seid das beste Team der Welt. Danke sch\u00f6n!\u201c<\/p>\n<\/div><div class=\"fusion-image-carousel fusion-image-carousel-auto fusion-image-carousel-1 fusion-carousel-border awb-image-carousel-top-below-caption elt_gallery\"><div class=\"awb-carousel awb-swiper awb-swiper-carousel awb-carousel--carousel awb-swiper-dots-position-bottom awb-imageframe-style awb-imageframe-style-above awb-imageframe-style-1\" data-layout=\"carousel\" data-autoplay=\"no\" data-autoplayspeed=\"2500\" data-autoplaypause=\"no\" data-columns=\"1\" data-columnsmedium=\"1\" data-columnssmall=\"1\" data-itemmargin=\"13\" data-itemwidth=\"180\" data-touchscroll=\"no\" data-freemode=\"no\" data-imagesize=\"auto\" data-scrollitems=\"0\" data-centeredslides=\"no\" data-rotationangle=\"50\" data-depth=\"100\" data-speed=\"500\" data-shadow=\"no\" data-pagination=\"bullets\" style=\"--awb-columns:1;--awb-border-width:1px;--awb-border-color:#e9eaee;\"><div class=\"swiper-wrapper awb-image-carousel-wrapper fusion-flex-align-items-center\"><div class=\"swiper-slide\"><div class=\"fusion-carousel-item-wrapper\"><div class=\"awb-imageframe-caption-container\"><div class=\"awb-imageframe-caption\"><div class=\"awb-imageframe-caption-title\">Dr_Kegel_Abschiedsrede-vor-Publikum<\/div><p class=\"awb-imageframe-caption-text\">Mitarbeitende, Vorstand, Gesellschafter und Ehreng\u00e4ste haben sich zur Verabschiedung von Dr.-Ing. Kegel am Pepperl+Fuchs Stand auf der Hannover Messe eingefunden.<\/p><\/div><\/div><div class=\"fusion-image-wrapper hover-type-none\"><img decoding=\"async\" width=\"565\" height=\"478\" src=\"https:\/\/amplify-test.pepperl-fuchs.com\/wp-content\/uploads\/2025\/04\/Dr_Kegel_Abschiedsrede-vor-Publikum.jpg\" class=\"attachment-full size-full\" alt=\"Dr. Kegels Abschiedsrede vor Aktion\u00e4ren, Mitarbeitern, Freunden und G\u00e4sten am Messestand von Pepperl+Fuchs.\" srcset=\"https:\/\/amplify-test.pepperl-fuchs.com\/wp-content\/uploads\/2025\/04\/Dr_Kegel_Abschiedsrede-vor-Publikum-200x169.jpg 200w, https:\/\/amplify-test.pepperl-fuchs.com\/wp-content\/uploads\/2025\/04\/Dr_Kegel_Abschiedsrede-vor-Publikum-300x254.jpg 300w, https:\/\/amplify-test.pepperl-fuchs.com\/wp-content\/uploads\/2025\/04\/Dr_Kegel_Abschiedsrede-vor-Publikum-400x338.jpg 400w, https:\/\/amplify-test.pepperl-fuchs.com\/wp-content\/uploads\/2025\/04\/Dr_Kegel_Abschiedsrede-vor-Publikum.jpg 565w\" sizes=\"(max-width: 565px) 100vw, 565px\" \/><\/div><\/div><\/div><div class=\"swiper-slide\"><div class=\"fusion-carousel-item-wrapper\"><div class=\"awb-imageframe-caption-container\"><div class=\"awb-imageframe-caption\"><div class=\"awb-imageframe-caption-title\">Rede_CHRO_Ochs_Pepperl-Fuchs<\/div><p class=\"awb-imageframe-caption-text\">Vorstandskollege Florian Ochs moderiert den Abend. Die Zahlen stellen unter anderem Kegels Firmen-, oder Verbandszugeh\u00f6rigkeiten dar und dienen wiederholt als Aufh\u00e4nger der Reden.<\/p><\/div><\/div><div class=\"fusion-image-wrapper hover-type-none\"><img decoding=\"async\" width=\"565\" height=\"478\" src=\"https:\/\/amplify-test.pepperl-fuchs.com\/wp-content\/uploads\/2025\/04\/Rede_CHRO_Ochs_Pepperl-Fuchs.jpg\" class=\"attachment-full size-full\" alt=\"Der ebenfalls dem Vorstand angeh\u00f6rende CHRO Florian Ochs moderierte den Abend.\" srcset=\"https:\/\/amplify-test.pepperl-fuchs.com\/wp-content\/uploads\/2025\/04\/Rede_CHRO_Ochs_Pepperl-Fuchs-200x169.jpg 200w, https:\/\/amplify-test.pepperl-fuchs.com\/wp-content\/uploads\/2025\/04\/Rede_CHRO_Ochs_Pepperl-Fuchs-300x254.jpg 300w, https:\/\/amplify-test.pepperl-fuchs.com\/wp-content\/uploads\/2025\/04\/Rede_CHRO_Ochs_Pepperl-Fuchs-400x338.jpg 400w, https:\/\/amplify-test.pepperl-fuchs.com\/wp-content\/uploads\/2025\/04\/Rede_CHRO_Ochs_Pepperl-Fuchs.jpg 565w\" sizes=\"(max-width: 565px) 100vw, 565px\" \/><\/div><\/div><\/div><div class=\"swiper-slide\"><div class=\"fusion-carousel-item-wrapper\"><div class=\"awb-imageframe-caption-container\"><div class=\"awb-imageframe-caption\"><div class=\"awb-imageframe-caption-title\">Hut\u00fcbergabe_Kegel_Nehring<\/div><p class=\"awb-imageframe-caption-text\">Der Vorstandsvorsitz wurde symbolisch mit dem \u00dcberreichen eines Pepperl+Fuchs Stetson-Huts an Dr. Wilhelm Nehring \u00fcbergeben.<\/p><\/div><\/div><div class=\"fusion-image-wrapper hover-type-none\"><img decoding=\"async\" width=\"565\" height=\"478\" src=\"https:\/\/amplify-test.pepperl-fuchs.com\/wp-content\/uploads\/2025\/04\/Hutubergabe_Kegel_Nehring.jpg\" class=\"attachment-full size-full\" alt=\"Dr. Kegel \u00fcberreicht symbolisch den Vorstandsvorsitz an Dr. Wilhelm Nehring.\" srcset=\"https:\/\/amplify-test.pepperl-fuchs.com\/wp-content\/uploads\/2025\/04\/Hutubergabe_Kegel_Nehring-200x169.jpg 200w, https:\/\/amplify-test.pepperl-fuchs.com\/wp-content\/uploads\/2025\/04\/Hutubergabe_Kegel_Nehring-300x254.jpg 300w, https:\/\/amplify-test.pepperl-fuchs.com\/wp-content\/uploads\/2025\/04\/Hutubergabe_Kegel_Nehring-400x338.jpg 400w, https:\/\/amplify-test.pepperl-fuchs.com\/wp-content\/uploads\/2025\/04\/Hutubergabe_Kegel_Nehring.jpg 565w\" sizes=\"(max-width: 565px) 100vw, 565px\" \/><\/div><\/div><\/div><\/div><div class=\"awb-swiper-button awb-swiper-button-prev\"><i class=\"awb-icon-angle-left\" aria-hidden=\"true\"><\/i><\/div><div class=\"awb-swiper-button awb-swiper-button-next\"><i class=\"awb-icon-angle-right\" aria-hidden=\"true\"><\/i><\/div><\/div><\/div><div class=\"fusion-text fusion-text-8\"><p>Bei der Feierlichkeit wird nicht nur Pepperl+Fuchs\u2018 langj\u00e4hriger CEO verabschiedet, sondern auch der symbolische Staffelstab \u00fcbergeben: Dr. Wilhelm Nehring wird offiziell als Kegels Nachfolger und neuer Vorstandsvorsitzender vorgestellt. Ab dem 1. Mai \u00fcbernimmt er die Leitung des Unternehmens. Parallel zum CEO-Wechsel gibt es ab Mai eine weitere \u00c4nderung im Vorstand: Zeitgleich mit Kegel verabschiedet sich auch CFO Werner Guthier ab Mai in den Ruhestand. Auch er bleibt jedoch vorerst noch in beratender Rolle aktiv. Als Finanzvorstand folgt Martin Walter. So markiert der Abschied von Kegel und Guthier zugleich den Start eines neuen Kapitels in der Unternehmensgeschichte von Pepperl+Fuchs.<\/p>\n<\/div><div class=\"fusion-image-element awb-imageframe-style awb-imageframe-style-below awb-imageframe-style-3\" style=\"--awb-caption-title-font-family:var(--body_typography-font-family);--awb-caption-title-font-weight:var(--body_typography-font-weight);--awb-caption-title-font-style:var(--body_typography-font-style);--awb-caption-title-size:var(--body_typography-font-size);--awb-caption-title-transform:var(--body_typography-text-transform);--awb-caption-title-line-height:var(--body_typography-line-height);--awb-caption-title-letter-spacing:var(--body_typography-letter-spacing);\"><span class=\" fusion-imageframe imageframe-none imageframe-3 hover-type-none elt_image\"><a href=\"https:\/\/amplify-test.pepperl-fuchs.com\/wp-content\/uploads\/2025\/04\/Nehring_Kegel_Walter_Pepperl-Fuchs.jpg\" class=\"fusion-lightbox\" data-rel=\"iLightbox[d99125e08a7e195f9de]\" data-title=\"Nehring_Kegel_Walter_Pepperl-Fuchs\" title=\"Nehring_Kegel_Walter_Pepperl-Fuchs\"><img decoding=\"async\" width=\"700\" height=\"500\" alt=\"Die \u00dcbergabe des Staffelstabs: Dr. Kegel mit den neuen Vorstandsmitgliedern Dr. Nehring und Walter.\" src=\"https:\/\/amplify-test.pepperl-fuchs.com\/wp-content\/uploads\/2025\/04\/Nehring_Kegel_Walter_Pepperl-Fuchs.jpg\" class=\"img-responsive wp-image-5548\" srcset=\"https:\/\/amplify-test.pepperl-fuchs.com\/wp-content\/uploads\/2025\/04\/Nehring_Kegel_Walter_Pepperl-Fuchs-200x143.jpg 200w, https:\/\/amplify-test.pepperl-fuchs.com\/wp-content\/uploads\/2025\/04\/Nehring_Kegel_Walter_Pepperl-Fuchs-400x286.jpg 400w, https:\/\/amplify-test.pepperl-fuchs.com\/wp-content\/uploads\/2025\/04\/Nehring_Kegel_Walter_Pepperl-Fuchs-600x429.jpg 600w, https:\/\/amplify-test.pepperl-fuchs.com\/wp-content\/uploads\/2025\/04\/Nehring_Kegel_Walter_Pepperl-Fuchs.jpg 700w\" sizes=\"(max-width: 640px) 100vw, 700px\" \/><\/a><\/span><div class=\"awb-imageframe-caption-container\"><div class=\"awb-imageframe-caption\"><div class=\"awb-imageframe-caption-title\">Nehring_Kegel_Walter_Pepperl-Fuchs<\/div><p class=\"awb-imageframe-caption-text\">Dr. Gunther Kegel (Mitte) mit seinem Nachfolger als CEO, Dr. Wilhelm Nehring (links), und dem neuen CFO Martin Walter (rechts) auf der Hannover Messe.<\/p><\/div><\/div><\/div><div class=\"fusion-text fusion-text-9\"><p>Mit strategischem Weitblick und einem starken Team stellt sich der neue Vorstand den Herausforderungen einer sich ver\u00e4ndernden Welt und Industrie. So werden Digitalisierung, Dekarbonisierung und resiliente Lieferketten \u2013 die Zukunftsthemen der Hannover Messe \u2013 weiterhin richtungsweisend f\u00fcr Pepperl+Fuchs sein. Kegel ist sich sicher: \u201eDie packen das!\u201c<\/p>\n<\/div><\/div><\/div><div class=\"fusion-layout-column fusion_builder_column fusion-builder-column-2 fusion_builder_column_1_4 1_4 fusion-flex-column\" style=\"--awb-bg-size:cover;--awb-width-large:25%;--awb-margin-top-large:0px;--awb-spacing-right-large:7.68%;--awb-margin-bottom-large:20px;--awb-spacing-left-large:7.68%;--awb-width-medium:25%;--awb-order-medium:0;--awb-spacing-right-medium:7.68%;--awb-spacing-left-medium:7.68%;--awb-width-small:100%;--awb-order-small:0;--awb-spacing-right-small:1.92%;--awb-spacing-left-small:1.92%;\"><div class=\"fusion-column-wrapper fusion-column-has-shadow fusion-flex-justify-content-flex-start fusion-content-layout-column\"><div class=\"fusion-separator fusion-full-width-sep\" style=\"align-self: center;margin-left: auto;margin-right: auto;width:100%;\"><div class=\"fusion-separator-border sep-single sep-solid\" style=\"--awb-height:20px;--awb-amount:20px;--awb-sep-color:var(--awb-color8);border-color:var(--awb-color8);border-top-width:1px;\"><\/div><\/div><div class=\"fusion-text fusion-text-10\"><div class=\"fusion-social-networks sharingbox-shortcode-icon-wrapper sharingbox-shortcode-icon-wrapper-1 boxed-icons sidebar\">\n\t<span class=\"share-linkedin\">\n\t\t<a href=\"https:\/\/www.linkedin.com\/shareArticle?\" target=\"_blank\" rel=\"noopener noreferrer\" title=\"\" aria-label=\"LinkedIn\" data-placement=\"top\" data-toggle=\"tooltip\" data-title=\"LinkedIn\" data-original-title=\"LinkedIn\">\n\t\t<i class=\"fusion-social-network-icon fusion-tooltip fusion-linkedin awb-icon-linkedin\" style=\"color:#ffffff;background-color:#0077b5;border-color:#0077b5;border-radius:0px;\" aria-hidden=\"true\"><\/i>\n\t\t<\/a>\n\t<\/span>\n\t<span class=\"share-mail\">\n\t\t<a href=\/de\/kontakt\/\" target=\"_self\" title=\"\" aria-label=\"Email\" data-placement=\"top\" data-toggle=\"tooltip\" data-title=\"Email\" data-original-title=\"Email\">\n\t\t<i class=\"fusion-social-network-icon fusion-tooltip fusion-mail awb-icon-mail\" style=\"color:#ffffff;background-color:#00a587;border-color:#00a587;border-radius:0px;\" aria-hidden=\"true\"><\/i>\n\t\t<\/a>\n\t<\/span>\n\t<span class=\"share-insta\">\n\t\t<a href=\"https:\/\/www.instagram.com\" target=\"_blank\" rel=\"noreferrer noopener\" title=\"\" aria-label=\"Instagram\" data-placement=\"top\" data-toggle=\"tooltip\" data-title=\"Instagram\" data-original-title=\"Instagram\">\n\t\t<i class=\"fusion-social-network-icon fusion-tooltip fusion-instagram awb-icon-instagram\" style=\"color:#ffffff;background-color:#c13584;border-color:#c13584;border-radius:0px;\" aria-hidden=\"true\"><\/i>\n\t\t<\/a>\n\t<\/span>\t\n\t<span class=\"share-facebook\">\n\t\t<a href=\"https:\/\/www.facebook.com\/sharer.php?\" target=\"_blank\" rel=\"noreferrer noopener\" title=\"\" aria-label=\"Facebook\" data-placement=\"top\" data-toggle=\"tooltip\" data-title=\"Facebook\" data-original-title=\"Facebook\">\n\t\t<i class=\"fusion-social-network-icon fusion-tooltip fusion-facebook awb-icon-facebook\" style=\"color:#ffffff;background-color:#3b5998;border-color:#3b5998;border-radius:0px;\" aria-hidden=\"true\"><\/i>\n\t\t<\/a>\n\t<\/span>\n<\/div>\n\n<\/div><div class=\"fusion-separator fusion-full-width-sep\" style=\"align-self: center;margin-left: auto;margin-right: auto;width:100%;\"><div class=\"fusion-separator-border sep-single sep-solid\" style=\"--awb-height:20px;--awb-amount:20px;--awb-sep-color:var(--awb-color8);border-color:var(--awb-color8);border-top-width:1px;\"><\/div><\/div><div class=\"fusion-text fusion-text-11 sidebar\"><h4>Seien Sie dabei!<\/h4>\n<p><img decoding=\"async\" class=\"alignnone size-full wp-image-228\" src=\"https:\/\/amplify-test.pepperl-fuchs.com\/wp-content\/uploads\/2024\/07\/amplify-enews-bild.jpg\" alt=\"Two hands holding a tablet computer showing Pepperl+Fuchs newsletter.\" width=\"220\" height=\"124\" srcset=\"https:\/\/amplify-test.pepperl-fuchs.com\/wp-content\/uploads\/2024\/07\/amplify-enews-bild-66x37.jpg 66w, https:\/\/amplify-test.pepperl-fuchs.com\/wp-content\/uploads\/2024\/07\/amplify-enews-bild-177x100.jpg 177w, https:\/\/amplify-test.pepperl-fuchs.com\/wp-content\/uploads\/2024\/07\/amplify-enews-bild-200x113.jpg 200w, https:\/\/amplify-test.pepperl-fuchs.com\/wp-content\/uploads\/2024\/07\/amplify-enews-bild.jpg 220w\" sizes=\"(max-width: 220px) 100vw, 220px\" \/><\/p>\n<p><a href=\"https:\/\/www.pepperl-fuchs.com\/de\/news\/stay-in-touch\/pepperl-fuchs-e-news-gp30796\" target=\"_blank\" rel=\"noopener\">Erhalten Sie mit der e-news regelm\u00e4\u00dfig Neuigkeiten rund um die Welt der Automation.<\/a><\/p>\n<\/div>\n<div class=\"fusion-separator fusion-full-width-sep\" style=\"align-self: center;margin-left: auto;margin-right: auto;width:100%;\"><div class=\"fusion-separator-border sep-single sep-solid\" style=\"--awb-height:20px;--awb-amount:20px;--awb-sep-color:var(--awb-color8);border-color:var(--awb-color8);border-top-width:1px;\"><\/div><\/div><div class=\"fusion-separator fusion-full-width-sep\" style=\"align-self: center;margin-left: auto;margin-right: auto;width:100%;\"><div class=\"fusion-separator-border sep-single sep-solid\" style=\"--awb-height:20px;--awb-amount:20px;--awb-sep-color:var(--awb-color8);border-color:var(--awb-color8);border-top-width:1px;\"><\/div><\/div><div class=\"fusion-title title fusion-title-2 fusion-sep-none fusion-title-text fusion-title-size-four\"><h4 class=\"fusion-title-heading title-heading-left fusion-responsive-typography-calculated\" style=\"margin:0;--fontSize:24;line-height:var(--awb-typography1-line-height);\">Mehr erfahren<\/h4><\/div><ul style=\"--awb-iconcolor:var(--awb-color3);--awb-line-height:27.2px;--awb-icon-width:27.2px;--awb-icon-height:27.2px;--awb-icon-margin:11.2px;--awb-content-margin:38.4px;\" class=\"fusion-checklist fusion-checklist-1 fusion-checklist-default type-icons\"><li class=\"fusion-li-item\" style=\"\"><span class=\"icon-wrapper circle-no\"><i class=\"fusion-li-icon fa-caret-right fas\" aria-hidden=\"true\"><\/i><\/span><div class=\"fusion-li-item-content\">\n<p><a href=\"https:\/\/www.pepperl-fuchs.com\/de\/news\/generationswechsel-auf-der-vorstandsebene-nach-30-jahren-gn5696\">Generationswechsel auf der Vorstandsebene nach 30 Jahren<\/a><\/p>\n<\/div><\/li><\/ul><div class=\"fusion-separator fusion-full-width-sep\" style=\"align-self: center;margin-left: auto;margin-right: auto;width:100%;\"><div class=\"fusion-separator-border sep-single sep-solid\" style=\"--awb-height:20px;--awb-amount:20px;--awb-sep-color:var(--awb-color8);border-color:var(--awb-color8);border-top-width:1px;\"><\/div><\/div><div class=\"fusion-text fusion-text-12\"><p><div class=\"fusion-modal modal fade modal-1 editorial-use\" tabindex=\"-1\" role=\"dialog\" aria-labelledby=\"modal-heading-1\" aria-hidden=\"true\" style=\"--awb-border-color:var(--awb-color3);--awb-background:var(--awb-color1);\"><div class=\"modal-dialog modal-lg\" role=\"document\"><div class=\"modal-content fusion-modal-content\"><div class=\"modal-header\"><button class=\"close\" type=\"button\" data-dismiss=\"modal\" aria-hidden=\"true\" aria-label=\"Close\">&times;<\/button><h3 class=\"modal-title\" id=\"modal-heading-1\" data-dismiss=\"modal\" aria-hidden=\"true\">Redaktionelle Nutzung<\/h3><\/div><div class=\"modal-body fusion-clearfix\">\n<p>The editorial use of articles from \u201camplify\u201d is only permitted with the prior consent of the publisher Pepperl+Fuchs SE. In addition, the original source <a href=\"https:\/\/amplify-test.pepperl-fuchs.com\/\" target=\"_blank\" rel=\"noopener\">amplify.pepperl-fuchs.com<\/a>\u00a0must be referenced when articles are reused or processed.<\/p>\n<div class=\"fusion-button-wrapper\"><a class=\"fusion-button button-flat fusion-button-default-size button-custom fusion-button-default button-1 fusion-button-default-span fusion-button-default-type\" style=\"--button_accent_color:var(--awb-color1);--button_accent_hover_color:var(--awb-custom_color_2);--button_border_hover_color:var(--awb-custom_color_2);--button_gradient_top_color:var(--awb-color3);--button_gradient_bottom_color:var(--awb-color3);--button_gradient_top_color_hover:var(--awb-color1);--button_gradient_bottom_color_hover:var(--awb-color1);\" target=\"_self\" href=\"mailto:amplify@pepperl-fuchs.com?subject=Request%20Editorial%20Use\"><span class=\"fusion-button-text awb-button__text awb-button__text--default\">Redaktionelle Nutzung anfragen<\/span><\/a><\/div>\n<\/div><\/div><\/div><\/div>\n\n<div ><a class=\"fusion-button button-flat fusion-button-default-size button-custom fusion-button-default button-2 fusion-button-default-span fusion-button-default-type sidebar\" style=\"--button_accent_color:var(--awb-color1);--button_accent_hover_color:var(--awb-custom_color_2);--button_border_hover_color:var(--awb-custom_color_2);--button_gradient_top_color:var(--awb-color3);--button_gradient_bottom_color:var(--awb-color3);--button_gradient_top_color_hover:var(--awb-color1);--button_gradient_bottom_color_hover:var(--awb-color1);--button_margin-top:12px;--button_margin-right:auto;--button_margin-left:auto;\" target=\"_self\" href=\"#\" data-toggle=\"modal\" data-target=\".fusion-modal.editorial-use\"><i class=\"fa-pen fas awb-button__icon awb-button__icon--default button-icon-left\" aria-hidden=\"true\"><\/i><span class=\"fusion-button-text awb-button__text awb-button__text--default\">Redaktionelle Nutzung<\/span><\/a><\/div>\n<\/p>\n<\/div><\/div><\/div><\/div><\/div>\n","protected":false},"excerpt":{"rendered":"<p>Nach 25 Jahren als CEO der Pepperl+Fuchs-Gruppe und insgesamt 35 Jahren im Unternehmen wurde Dr.-Ing. Gunther Kegel auf der diesj\u00e4hrigen Hannover Messe feierlich verabschiedet.<\/p>\n","protected":false},"author":7,"featured_media":5534,"comment_status":"open","ping_status":"open","sticky":false,"template":"","format":"standard","meta":{"_acf_changed":false,"footnotes":""},"categories":[319],"tags":[],"class_list":["post-5551","post","type-post","status-publish","format-standard","has-post-thumbnail","hentry","category-unternehmenseinblicke"],"acf":[],"_links":{"self":[{"href":"https:\/\/amplify-test.pepperl-fuchs.com\/de\/wp-json\/wp\/v2\/posts\/5551","targetHints":{"allow":["GET"]}}],"collection":[{"href":"https:\/\/amplify-test.pepperl-fuchs.com\/de\/wp-json\/wp\/v2\/posts"}],"about":[{"href":"https:\/\/amplify-test.pepperl-fuchs.com\/de\/wp-json\/wp\/v2\/types\/post"}],"author":[{"embeddable":true,"href":"https:\/\/amplify-test.pepperl-fuchs.com\/de\/wp-json\/wp\/v2\/users\/7"}],"replies":[{"embeddable":true,"href":"https:\/\/amplify-test.pepperl-fuchs.com\/de\/wp-json\/wp\/v2\/comments?post=5551"}],"version-history":[{"count":6,"href":"https:\/\/amplify-test.pepperl-fuchs.com\/de\/wp-json\/wp\/v2\/posts\/5551\/revisions"}],"predecessor-version":[{"id":5555,"href":"https:\/\/amplify-test.pepperl-fuchs.com\/de\/wp-json\/wp\/v2\/posts\/5551\/revisions\/5555"}],"wp:featuredmedia":[{"embeddable":true,"href":"https:\/\/amplify-test.pepperl-fuchs.com\/de\/wp-json\/wp\/v2\/media\/5534"}],"wp:attachment":[{"href":"https:\/\/amplify-test.pepperl-fuchs.com\/de\/wp-json\/wp\/v2\/media?parent=5551"}],"wp:term":[{"taxonomy":"category","embeddable":true,"href":"https:\/\/amplify-test.pepperl-fuchs.com\/de\/wp-json\/wp\/v2\/categories?post=5551"},{"taxonomy":"post_tag","embeddable":true,"href":"https:\/\/amplify-test.pepperl-fuchs.com\/de\/wp-json\/wp\/v2\/tags?post=5551"}],"curies":[{"name":"wp","href":"https:\/\/api.w.org\/{rel}","templated":true}]}}