{"id":5604,"date":"2025-05-13T09:52:54","date_gmt":"2025-05-13T09:52:54","guid":{"rendered":"https:\/\/amplify.pepperl-fuchs.com\/?p=5604"},"modified":"2025-11-27T08:44:53","modified_gmt":"2025-11-27T08:44:53","slug":"von-der-idee-zum-erfolgs-event-ein-blick-hinter-die-kulissen-des-ethernet-apl-expert-talks","status":"publish","type":"post","link":"https:\/\/amplify-test.pepperl-fuchs.com\/de\/2025\/von-der-idee-zum-erfolgs-event-ein-blick-hinter-die-kulissen-des-ethernet-apl-expert-talks\/","title":{"rendered":"Von der Idee zum Erfolgs-Event: Ein Blick hinter die Kulissen des Ethernet-APL Expert Talks"},"content":{"rendered":"<div class=\"fusion-fullwidth fullwidth-box fusion-builder-row-1 fusion-flex-container has-pattern-background has-mask-background nonhundred-percent-fullwidth non-hundred-percent-height-scrolling gradient-container-1\" style=\"--awb-border-radius-top-left:0px;--awb-border-radius-top-right:0px;--awb-border-radius-bottom-right:0px;--awb-border-radius-bottom-left:0px;--awb-flex-wrap:wrap;\" id=\"article\" ><div class=\"fusion-builder-row fusion-row fusion-flex-align-items-flex-start fusion-flex-content-wrap\" style=\"max-width:1248px;margin-left: calc(-4% \/ 2 );margin-right: calc(-4% \/ 2 );\"><div class=\"fusion-layout-column fusion_builder_column fusion-builder-column-0 fusion_builder_column_1_1 1_1 fusion-flex-column\" style=\"--awb-bg-size:cover;--awb-width-large:100%;--awb-margin-top-large:0px;--awb-spacing-right-large:1.92%;--awb-margin-bottom-large:20px;--awb-spacing-left-large:1.92%;--awb-width-medium:100%;--awb-order-medium:0;--awb-spacing-right-medium:1.92%;--awb-spacing-left-medium:1.92%;--awb-width-small:100%;--awb-order-small:0;--awb-spacing-right-small:1.92%;--awb-spacing-left-small:1.92%;\"><div class=\"fusion-column-wrapper fusion-column-has-shadow fusion-flex-justify-content-flex-start fusion-content-layout-column\"><div class=\"fusion-text fusion-text-1\" id=\"publishing_date\"><p>13. Mai 2025<\/p>\n<\/div><div class=\"fusion-title title fusion-title-1 fusion-sep-none fusion-title-text fusion-title-size-one\" id=\"article_headline\"><h1 class=\"fusion-title-heading title-heading-left fusion-responsive-typography-calculated\" style=\"margin:0;--fontSize:64;line-height:var(--awb-typography1-line-height);\">Von der Idee zum Erfolgs-Event: Ein Blick hinter die Kulissen des Ethernet-APL Expert Talks<\/h1><\/div><div class=\"fusion-text fusion-text-2 intro_text\"><p>Was anfangs als kleine Expertenrunde gedacht war, wurde in k\u00fcrzester Zeit zu einem Highlight: Der erste Ethernet-APL Expert Talk anl\u00e4sslich der ACHEMA 2024 brachte f\u00fchrende K\u00f6pfe der Prozessautomation zusammen, um die digitale Zukunft der Prozessindustrie zu diskutieren. Ein voller Erfolg \u2013 doch wie entstand die Idee? Welche Herausforderungen gab es zu meistern? Und wie geht es weiter?<\/p>\n<\/div><div class=\"fusion-image-element \" style=\"--awb-caption-title-font-family:var(--h2_typography-font-family);--awb-caption-title-font-weight:var(--h2_typography-font-weight);--awb-caption-title-font-style:var(--h2_typography-font-style);--awb-caption-title-size:var(--h2_typography-font-size);--awb-caption-title-transform:var(--h2_typography-text-transform);--awb-caption-title-line-height:var(--h2_typography-line-height);--awb-caption-title-letter-spacing:var(--h2_typography-letter-spacing);\"><span class=\" fusion-imageframe imageframe-none imageframe-1 hover-type-none\"><img decoding=\"async\" width=\"1920\" height=\"900\" alt=\"eine B\u00fchnenszene mit zwei Scheinwerfern und in der Mitte das Ethernet-APL Expert Talk Logo\" title=\"Ethernet-APL-Expert-Talk-Keyvisual\" src=\"https:\/\/amplify-test.pepperl-fuchs.com\/wp-content\/uploads\/2025\/05\/Ethernet-APL-Expert-Talk-Keyvisual.jpg\" class=\"img-responsive wp-image-5599\" srcset=\"https:\/\/amplify-test.pepperl-fuchs.com\/wp-content\/uploads\/2025\/05\/Ethernet-APL-Expert-Talk-Keyvisual-200x94.jpg 200w, https:\/\/amplify-test.pepperl-fuchs.com\/wp-content\/uploads\/2025\/05\/Ethernet-APL-Expert-Talk-Keyvisual-400x188.jpg 400w, https:\/\/amplify-test.pepperl-fuchs.com\/wp-content\/uploads\/2025\/05\/Ethernet-APL-Expert-Talk-Keyvisual-600x281.jpg 600w, https:\/\/amplify-test.pepperl-fuchs.com\/wp-content\/uploads\/2025\/05\/Ethernet-APL-Expert-Talk-Keyvisual-800x375.jpg 800w, https:\/\/amplify-test.pepperl-fuchs.com\/wp-content\/uploads\/2025\/05\/Ethernet-APL-Expert-Talk-Keyvisual-1200x563.jpg 1200w, https:\/\/amplify-test.pepperl-fuchs.com\/wp-content\/uploads\/2025\/05\/Ethernet-APL-Expert-Talk-Keyvisual.jpg 1920w\" sizes=\"(max-width: 640px) 100vw, 1200px\" \/><\/span><\/div><\/div><\/div><div class=\"fusion-layout-column fusion_builder_column fusion-builder-column-1 fusion_builder_column_3_4 3_4 fusion-flex-column\" style=\"--awb-bg-size:cover;--awb-width-large:75%;--awb-margin-top-large:0px;--awb-spacing-right-large:2.56%;--awb-margin-bottom-large:20px;--awb-spacing-left-large:2.56%;--awb-width-medium:75%;--awb-order-medium:0;--awb-spacing-right-medium:2.56%;--awb-spacing-left-medium:2.56%;--awb-width-small:100%;--awb-order-small:0;--awb-spacing-right-small:1.92%;--awb-spacing-left-small:1.92%;\"><div class=\"fusion-column-wrapper fusion-column-has-shadow fusion-flex-justify-content-flex-start fusion-content-layout-column\"><div class=\"fusion-text fusion-text-3 elt_text\"><p>Wir haben mit den Macherinnen des Ethernet-APL Expert Talks gesprochen: Nadine Freiberg (Spezialistin Marketingkommunikation Prozessautomation und Enterprise Mobility, Vertrieb Deutschland Prozessautomation) und Katja St\u00f6cker (Team Lead Brand+Campaign Management Process Automation und Enterprise Mobility, Global Marketing), die als Mit-Initiatorinnen dieses Event nicht nur ins Leben gerufen, sondern es auch mit viel Engagement organisiert und erfolgreich umgesetzt haben.<\/p>\n<\/div><div class=\"fusion-image-element awb-imageframe-style awb-imageframe-style-below awb-imageframe-style-2\" style=\"--awb-caption-title-font-family:var(--body_typography-font-family);--awb-caption-title-font-weight:var(--body_typography-font-weight);--awb-caption-title-font-style:var(--body_typography-font-style);--awb-caption-title-size:var(--body_typography-font-size);--awb-caption-title-transform:var(--body_typography-text-transform);--awb-caption-title-line-height:var(--body_typography-line-height);--awb-caption-title-letter-spacing:var(--body_typography-letter-spacing);\"><span class=\" fusion-imageframe imageframe-none imageframe-2 hover-type-none elt_image\"><a href=\"https:\/\/amplify-test.pepperl-fuchs.com\/wp-content\/uploads\/2025\/05\/Interview_Katja_Stoecker_Nadine_Freiberg_Pepperl-Fuchs.jpg\" class=\"fusion-lightbox\" data-rel=\"iLightbox[6633521b7e5e8358f26]\" data-title=\"Interview_Katja_Stoecker_Nadine_Freiberg_Pepperl-Fuchs\" title=\"Interview_Katja_Stoecker_Nadine_Freiberg_Pepperl-Fuchs\"><img decoding=\"async\" width=\"1024\" height=\"800\" alt=\"Katja St\u00f6cker und Nadine Freiberg, Pepperl+Fuchs\" src=\"https:\/\/amplify-test.pepperl-fuchs.com\/wp-content\/uploads\/2025\/05\/Interview_Katja_Stoecker_Nadine_Freiberg_Pepperl-Fuchs.jpg\" class=\"img-responsive wp-image-5581\" srcset=\"https:\/\/amplify-test.pepperl-fuchs.com\/wp-content\/uploads\/2025\/05\/Interview_Katja_Stoecker_Nadine_Freiberg_Pepperl-Fuchs-200x156.jpg 200w, https:\/\/amplify-test.pepperl-fuchs.com\/wp-content\/uploads\/2025\/05\/Interview_Katja_Stoecker_Nadine_Freiberg_Pepperl-Fuchs-400x313.jpg 400w, https:\/\/amplify-test.pepperl-fuchs.com\/wp-content\/uploads\/2025\/05\/Interview_Katja_Stoecker_Nadine_Freiberg_Pepperl-Fuchs-600x469.jpg 600w, https:\/\/amplify-test.pepperl-fuchs.com\/wp-content\/uploads\/2025\/05\/Interview_Katja_Stoecker_Nadine_Freiberg_Pepperl-Fuchs-800x625.jpg 800w, https:\/\/amplify-test.pepperl-fuchs.com\/wp-content\/uploads\/2025\/05\/Interview_Katja_Stoecker_Nadine_Freiberg_Pepperl-Fuchs.jpg 1024w\" sizes=\"(max-width: 640px) 100vw, 1024px\" \/><\/a><\/span><div class=\"awb-imageframe-caption-container\"><div class=\"awb-imageframe-caption\"><div class=\"awb-imageframe-caption-title\">Interview_Katja_Stoecker_Nadine_Freiberg_Pepperl-Fuchs<\/div><p class=\"awb-imageframe-caption-text\">Katja St\u00f6cker (l.) und Nadine Freiberg (r.) geben Einblicke in den erfolgreichen Ethernet-APL Expert Talk.<\/p><\/div><\/div><\/div><script type=\"text\/javascript\">if( typeof window.iv_elt_count === 'undefined' || window.iv_elt_count === null ){\r\n\t\t\t\twindow.iv_elt_count = 0;\r\n} else {\r\n\t\t\t\twindow.iv_elt_count++;\r\n}\r\nif(\"{{interview_headline}}\" === \"\") {\r\n\t\t\t\tjQuery( document ).ready(function() {\r\n\t\t\t\t\t\t\t\tjQuery('.iv_headline').eq(window.iv_elt_count).css('display','none');\r\n\t\t\t\t});\r\n}\r\nif(\"Urspr\u00fcnglich hatten wir nur an einen Austausch unter Spezialisten gedacht. Die Idee war: Lasst uns die weltweit gr\u00f6\u00dfte Leitmesse der Prozessindustrie, die ACHEMA nutzen, um in einer Expertenrunde ins Gespr\u00e4ch zu kommen. Aber dann wurde uns klar: Warum klein denken? Ethernet-APL ist ein Gamechanger, und genau das sollte sich auch im Event widerspiegeln. Also haben wir gro\u00df geplant \u2013 und so entstand der Expert Talk.\" === \"\") {\r\n\t\t\t\tjQuery( document ).ready(function() {\r\n\t\t\t\t\t\t\t\tjQuery('.iv_a13993503782').css('display','none');\r\n\t\t\t\t});\r\n}\r\nif(\"\" === \"\") {\r\n\t\t\t\tjQuery( document ).ready(function() {\r\n\t\t\t\t\t\t\t\tjQuery('.iv_a23993503782').css('display','none');\r\n\t\t\t\t});\r\n}\r\nif(\"\" === \"\") {\r\n\t\t\t\tjQuery( document ).ready(function() {\r\n\t\t\t\t\t\t\t\tjQuery('.iv_a33993503782').css('display','none');\r\n\t\t\t\t});\r\n}\r\nif(\"\" === \"\") {\r\n\t\t\t\tjQuery( document ).ready(function() {\r\n\t\t\t\t\t\t\t\t\/\/ jQuery('.iv_answer4').eq(window.iv_elt_count).css('display','none');\r\n\t\t\t\t\t\t\t\tjQuery('.iv_a43993503782').css('display','none');\r\n\t\t\t\t});\r\n}<\/script><style type=\"text\/css\">.iv_headline {\r\n\t\tfont-weight: 700;\r\n\t\tfont-style: italic;\r\n\t\tfont-size: 20px;\r\n}\r\n.iv_person {\r\n\t\tcolor: #00a587;\r\n\t\tfont-style: italic;\r\n\t\tfont-weight: 400;\r\n}\r\n.iv_person::after {\r\n\t\tcontent: \": \";\r\n}<\/style><div class=\"custom-interview\" id=\"iv_3993503782\"><div class=\"iv_headline\">Der Ethernet-APL Expert Talk \u2013 das war weit mehr als eine klassische Vortragsreihe. Wie kam die Idee zustande?<\/div>\r\n<p class=\"iv_answer1 iv_a13993503782\"><span class=\"iv_person\">Nadine Freiberg<\/span>Urspr\u00fcnglich hatten wir nur an einen Austausch unter Spezialisten gedacht. Die Idee war: Lasst uns die weltweit gr\u00f6\u00dfte Leitmesse der Prozessindustrie, die ACHEMA nutzen, um in einer Expertenrunde ins Gespr\u00e4ch zu kommen. Aber dann wurde uns klar: Warum klein denken? Ethernet-APL ist ein Gamechanger, und genau das sollte sich auch im Event widerspiegeln. Also haben wir gro\u00df geplant \u2013 und so entstand der Expert Talk.<\/p>\r\n<p class=\"iv_answer2 iv_a23993503782\"><span class=\"iv_person\"><\/span><\/p>\r\n<p class=\"iv_answer3 iv_a33993503782\"><span class=\"iv_person\"><\/span><\/p>\r\n<p class=\"iv_answer4 iv_a43993503782\"><span class=\"iv_person\"><\/span><\/p>\r\n<\/div><script type=\"text\/javascript\">if( typeof window.iv_elt_count === 'undefined' || window.iv_elt_count === null ){\r\n\t\t\t\twindow.iv_elt_count = 0;\r\n} else {\r\n\t\t\t\twindow.iv_elt_count++;\r\n}\r\nif(\"{{interview_headline}}\" === \"\") {\r\n\t\t\t\tjQuery( document ).ready(function() {\r\n\t\t\t\t\t\t\t\tjQuery('.iv_headline').eq(window.iv_elt_count).css('display','none');\r\n\t\t\t\t});\r\n}\r\nif(\"Rasant! Innerhalb weniger Wochen stand das Konzept, wir hatten starke Partner an Bord und eine Plattform geschaffen, auf der sich Anwender und Hersteller direkt austauschen konnten. \" === \"\") {\r\n\t\t\t\tjQuery( document ).ready(function() {\r\n\t\t\t\t\t\t\t\tjQuery('.iv_a14072958553').css('display','none');\r\n\t\t\t\t});\r\n}\r\nif(\"Zum Gl\u00fcck war schnell klar: Die Idee kommt gut an! Unsere eigenen Technologieexperten waren sofort begeistert, und mit HIMA, SAMSON, ABB, BASF, Endress+Hauser und Bilfinger hatten wir starke Unterst\u00fctzung an unserer Seite.\" === \"\") {\r\n\t\t\t\tjQuery( document ).ready(function() {\r\n\t\t\t\t\t\t\t\tjQuery('.iv_a24072958553').css('display','none');\r\n\t\t\t\t});\r\n}\r\nif(\"\" === \"\") {\r\n\t\t\t\tjQuery( document ).ready(function() {\r\n\t\t\t\t\t\t\t\tjQuery('.iv_a34072958553').css('display','none');\r\n\t\t\t\t});\r\n}\r\nif(\"\" === \"\") {\r\n\t\t\t\tjQuery( document ).ready(function() {\r\n\t\t\t\t\t\t\t\t\/\/ jQuery('.iv_answer4').eq(window.iv_elt_count).css('display','none');\r\n\t\t\t\t\t\t\t\tjQuery('.iv_a44072958553').css('display','none');\r\n\t\t\t\t});\r\n}<\/script><style type=\"text\/css\">.iv_headline {\r\n\t\tfont-weight: 700;\r\n\t\tfont-style: italic;\r\n\t\tfont-size: 20px;\r\n}\r\n.iv_person {\r\n\t\tcolor: #00a587;\r\n\t\tfont-style: italic;\r\n\t\tfont-weight: 400;\r\n}\r\n.iv_person::after {\r\n\t\tcontent: \": \";\r\n}<\/style><div class=\"custom-interview\" id=\"iv_4072958553\"><div class=\"iv_headline\">Ein gr\u00f6\u00dferes Format bedeutet aber auch mehr Organisation. Wie lief das hinter den Kulissen ab?<\/div>\r\n<p class=\"iv_answer1 iv_a14072958553\"><span class=\"iv_person\">Katja St\u00f6cker<\/span>Rasant! Innerhalb weniger Wochen stand das Konzept, wir hatten starke Partner an Bord und eine Plattform geschaffen, auf der sich Anwender und Hersteller direkt austauschen konnten. <\/p>\r\n<p class=\"iv_answer2 iv_a24072958553\"><span class=\"iv_person\">Nadine Freiberg<\/span>Zum Gl\u00fcck war schnell klar: Die Idee kommt gut an! Unsere eigenen Technologieexperten waren sofort begeistert, und mit HIMA, SAMSON, ABB, BASF, Endress+Hauser und Bilfinger hatten wir starke Unterst\u00fctzung an unserer Seite.<\/p>\r\n<p class=\"iv_answer3 iv_a34072958553\"><span class=\"iv_person\"><\/span><\/p>\r\n<p class=\"iv_answer4 iv_a44072958553\"><span class=\"iv_person\"><\/span><\/p>\r\n<\/div><script type=\"text\/javascript\">if( typeof window.iv_elt_count === 'undefined' || window.iv_elt_count === null ){\r\n\t\t\t\twindow.iv_elt_count = 0;\r\n} else {\r\n\t\t\t\twindow.iv_elt_count++;\r\n}\r\nif(\"{{interview_headline}}\" === \"\") {\r\n\t\t\t\tjQuery( document ).ready(function() {\r\n\t\t\t\t\t\t\t\tjQuery('.iv_headline').eq(window.iv_elt_count).css('display','none');\r\n\t\t\t\t});\r\n}\r\nif(\"\u00dcber wirklich alle Kan\u00e4le! Wir haben klassische PR, unsere Website und Hinweise am Messestand genutzt \u2013 aber vor allem Social Media. LinkedIn war ein echtes Power-Tool: Nach den Talks sorgten Videos und Statements dort f\u00fcr jede Menge Interaktion.\" === \"\") {\r\n\t\t\t\tjQuery( document ).ready(function() {\r\n\t\t\t\t\t\t\t\tjQuery('.iv_a14033839686').css('display','none');\r\n\t\t\t\t});\r\n}\r\nif(\"\" === \"\") {\r\n\t\t\t\tjQuery( document ).ready(function() {\r\n\t\t\t\t\t\t\t\tjQuery('.iv_a24033839686').css('display','none');\r\n\t\t\t\t});\r\n}\r\nif(\"\" === \"\") {\r\n\t\t\t\tjQuery( document ).ready(function() {\r\n\t\t\t\t\t\t\t\tjQuery('.iv_a34033839686').css('display','none');\r\n\t\t\t\t});\r\n}\r\nif(\"\" === \"\") {\r\n\t\t\t\tjQuery( document ).ready(function() {\r\n\t\t\t\t\t\t\t\t\/\/ jQuery('.iv_answer4').eq(window.iv_elt_count).css('display','none');\r\n\t\t\t\t\t\t\t\tjQuery('.iv_a44033839686').css('display','none');\r\n\t\t\t\t});\r\n}<\/script><style type=\"text\/css\">.iv_headline {\r\n\t\tfont-weight: 700;\r\n\t\tfont-style: italic;\r\n\t\tfont-size: 20px;\r\n}\r\n.iv_person {\r\n\t\tcolor: #00a587;\r\n\t\tfont-style: italic;\r\n\t\tfont-weight: 400;\r\n}\r\n.iv_person::after {\r\n\t\tcontent: \": \";\r\n}<\/style><div class=\"custom-interview\" id=\"iv_4033839686\"><div class=\"iv_headline\">Planung ist eine Sache, die Leute zu einer solchen Veranstaltung zu locken, eine andere. Wie haben Sie das Event beworben?<\/div>\r\n<p class=\"iv_answer1 iv_a14033839686\"><span class=\"iv_person\">Katja St\u00f6cker<\/span>\u00dcber wirklich alle Kan\u00e4le! Wir haben klassische PR, unsere Website und Hinweise am Messestand genutzt \u2013 aber vor allem Social Media. LinkedIn war ein echtes Power-Tool: Nach den Talks sorgten Videos und Statements dort f\u00fcr jede Menge Interaktion.<\/p>\r\n<p class=\"iv_answer2 iv_a24033839686\"><span class=\"iv_person\"><\/span><\/p>\r\n<p class=\"iv_answer3 iv_a34033839686\"><span class=\"iv_person\"><\/span><\/p>\r\n<p class=\"iv_answer4 iv_a44033839686\"><span class=\"iv_person\"><\/span><\/p>\r\n<\/div><script type=\"text\/javascript\">if( typeof window.iv_elt_count === 'undefined' || window.iv_elt_count === null ){\r\n\t\t\t\twindow.iv_elt_count = 0;\r\n} else {\r\n\t\t\t\twindow.iv_elt_count++;\r\n}\r\nif(\"{{interview_headline}}\" === \"\") {\r\n\t\t\t\tjQuery( document ).ready(function() {\r\n\t\t\t\t\t\t\t\tjQuery('.iv_headline').eq(window.iv_elt_count).css('display','none');\r\n\t\t\t\t});\r\n}\r\nif(\"Uns war es wichtig, dass nicht nur Hersteller sprechen, sondern auch Anwender ihre Erfahrungen teilen. Wir wollten Antworten auf Fragen wie: Welche Herausforderungen gibt es auf dem Weg zur digitalisierten Prozessanlage? Welche Chancen bietet Ethernet-APL? Welche L\u00f6sungen sind bereits verf\u00fcgbar? Der Dialog stand im Mittelpunkt.\" === \"\") {\r\n\t\t\t\tjQuery( document ).ready(function() {\r\n\t\t\t\t\t\t\t\tjQuery('.iv_a13260047102').css('display','none');\r\n\t\t\t\t});\r\n}\r\nif(\"\" === \"\") {\r\n\t\t\t\tjQuery( document ).ready(function() {\r\n\t\t\t\t\t\t\t\tjQuery('.iv_a23260047102').css('display','none');\r\n\t\t\t\t});\r\n}\r\nif(\"\" === \"\") {\r\n\t\t\t\tjQuery( document ).ready(function() {\r\n\t\t\t\t\t\t\t\tjQuery('.iv_a33260047102').css('display','none');\r\n\t\t\t\t});\r\n}\r\nif(\"\" === \"\") {\r\n\t\t\t\tjQuery( document ).ready(function() {\r\n\t\t\t\t\t\t\t\t\/\/ jQuery('.iv_answer4').eq(window.iv_elt_count).css('display','none');\r\n\t\t\t\t\t\t\t\tjQuery('.iv_a43260047102').css('display','none');\r\n\t\t\t\t});\r\n}<\/script><style type=\"text\/css\">.iv_headline {\r\n\t\tfont-weight: 700;\r\n\t\tfont-style: italic;\r\n\t\tfont-size: 20px;\r\n}\r\n.iv_person {\r\n\t\tcolor: #00a587;\r\n\t\tfont-style: italic;\r\n\t\tfont-weight: 400;\r\n}\r\n.iv_person::after {\r\n\t\tcontent: \": \";\r\n}<\/style><div class=\"custom-interview\" id=\"iv_3260047102\"><div class=\"iv_headline\">Was war das Hauptziel des Ethernet-APL Expert Talks?<\/div>\r\n<p class=\"iv_answer1 iv_a13260047102\"><span class=\"iv_person\">Katja St\u00f6cker<\/span>Uns war es wichtig, dass nicht nur Hersteller sprechen, sondern auch Anwender ihre Erfahrungen teilen. Wir wollten Antworten auf Fragen wie: Welche Herausforderungen gibt es auf dem Weg zur digitalisierten Prozessanlage? Welche Chancen bietet Ethernet-APL? Welche L\u00f6sungen sind bereits verf\u00fcgbar? Der Dialog stand im Mittelpunkt.<\/p>\r\n<p class=\"iv_answer2 iv_a23260047102\"><span class=\"iv_person\"><\/span><\/p>\r\n<p class=\"iv_answer3 iv_a33260047102\"><span class=\"iv_person\"><\/span><\/p>\r\n<p class=\"iv_answer4 iv_a43260047102\"><span class=\"iv_person\"><\/span><\/p>\r\n<\/div><style type=\"text\/css\">.quote {\r\n\tdisplay: flex;\r\n\talign-items: center;\r\n\tmargin-bottom: 24px;\r\n}\r\n.quote-wrapper {\r\n    \/*position: relative;\r\n    display: flex;*\/\r\n}\r\n.quote-text {\r\n\t\theight: 220px;\r\n\t\talign-content: center;\r\n    border-top: 1px solid #00a587;\r\n\t\tborder-bottom: 1px solid #00a587;\r\n\t\tfont-size: 24px;\r\n\t\tfont-style: italic;\r\n\t\tcolor: #00a587;\r\n\t\tline-height: 28px;\r\n }\r\n.quote-person {\r\n\t\tcolor: #373737;\r\n\t\tfont-size: 14px;\r\n\t\t\r\n}\r\n  .quote-image {\r\n    max-height: 220px; \/* Beispielh\u00f6he des Bildes *\/\r\n\t\tmargin-right: 10px;\r\n  }<\/style><div class=\"quote\">\r\n\t<img decoding=\"async\" src=\"https:\/\/amplify-test.pepperl-fuchs.com\/wp-content\/uploads\/2025\/05\/Katja_Stoecker_Pepperl-Fuchs.jpg\" alt=\"\" class=\"quote-image\">\r\n\t<div class=\"quote-wrapper\">\t\r\n\t\t<div class=\"quote-text\">Uns war es wichtig, dass nicht nur Hersteller sprechen, sondern auch Anwender ihre Erfahrungen teilen. \r\n\t\t\t<div class=\"quote-person\">Katja St\u00f6cker, Team Lead Brand+Campaign Management Process Automation und Enterprise Mobility<\/div>\r\n\t\t<\/div>\r\n\t<\/div>\r\n<\/div><script type=\"text\/javascript\">if( typeof window.iv_elt_count === 'undefined' || window.iv_elt_count === null ){\r\n\t\t\t\twindow.iv_elt_count = 0;\r\n} else {\r\n\t\t\t\twindow.iv_elt_count++;\r\n}\r\nif(\"{{interview_headline}}\" === \"\") {\r\n\t\t\t\tjQuery( document ).ready(function() {\r\n\t\t\t\t\t\t\t\tjQuery('.iv_headline').eq(window.iv_elt_count).css('display','none');\r\n\t\t\t\t});\r\n}\r\nif(\"An drei Tagen fanden jeweils zwei 45-min\u00fctige Sessions statt. Ein externer Experte und ein Spezialist von Pepperl+Fuchs traten gemeinsam auf \u2013 mit einer abgestimmten Pr\u00e4sentation und einer offenen Fragerunde. Uns war besonders wichtig, dass die Teilnehmer aktiv mitdiskutieren und ihre Fragen stellen konnten, und die kamen reichlich.\" === \"\") {\r\n\t\t\t\tjQuery( document ).ready(function() {\r\n\t\t\t\t\t\t\t\tjQuery('.iv_a11254786014').css('display','none');\r\n\t\t\t\t});\r\n}\r\nif(\"\" === \"\") {\r\n\t\t\t\tjQuery( document ).ready(function() {\r\n\t\t\t\t\t\t\t\tjQuery('.iv_a21254786014').css('display','none');\r\n\t\t\t\t});\r\n}\r\nif(\"\" === \"\") {\r\n\t\t\t\tjQuery( document ).ready(function() {\r\n\t\t\t\t\t\t\t\tjQuery('.iv_a31254786014').css('display','none');\r\n\t\t\t\t});\r\n}\r\nif(\"\" === \"\") {\r\n\t\t\t\tjQuery( document ).ready(function() {\r\n\t\t\t\t\t\t\t\t\/\/ jQuery('.iv_answer4').eq(window.iv_elt_count).css('display','none');\r\n\t\t\t\t\t\t\t\tjQuery('.iv_a41254786014').css('display','none');\r\n\t\t\t\t});\r\n}<\/script><style type=\"text\/css\">.iv_headline {\r\n\t\tfont-weight: 700;\r\n\t\tfont-style: italic;\r\n\t\tfont-size: 20px;\r\n}\r\n.iv_person {\r\n\t\tcolor: #00a587;\r\n\t\tfont-style: italic;\r\n\t\tfont-weight: 400;\r\n}\r\n.iv_person::after {\r\n\t\tcontent: \": \";\r\n}<\/style><div class=\"custom-interview\" id=\"iv_1254786014\"><div class=\"iv_headline\">Also mehr Austausch auf Augenh\u00f6he. Wie sah das konkret aus?<\/div>\r\n<p class=\"iv_answer1 iv_a11254786014\"><span class=\"iv_person\">Nadine Freiberg<\/span>An drei Tagen fanden jeweils zwei 45-min\u00fctige Sessions statt. Ein externer Experte und ein Spezialist von Pepperl+Fuchs traten gemeinsam auf \u2013 mit einer abgestimmten Pr\u00e4sentation und einer offenen Fragerunde. Uns war besonders wichtig, dass die Teilnehmer aktiv mitdiskutieren und ihre Fragen stellen konnten, und die kamen reichlich.<\/p>\r\n<p class=\"iv_answer2 iv_a21254786014\"><span class=\"iv_person\"><\/span><\/p>\r\n<p class=\"iv_answer3 iv_a31254786014\"><span class=\"iv_person\"><\/span><\/p>\r\n<p class=\"iv_answer4 iv_a41254786014\"><span class=\"iv_person\"><\/span><\/p>\r\n<\/div><script type=\"text\/javascript\">if( typeof window.iv_elt_count === 'undefined' || window.iv_elt_count === null ){\r\n\t\t\t\twindow.iv_elt_count = 0;\r\n} else {\r\n\t\t\t\twindow.iv_elt_count++;\r\n}\r\nif(\"{{interview_headline}}\" === \"\") {\r\n\t\t\t\tjQuery( document ).ready(function() {\r\n\t\t\t\t\t\t\t\tjQuery('.iv_headline').eq(window.iv_elt_count).css('display','none');\r\n\t\t\t\t});\r\n}\r\nif(\"\u00dcberw\u00e4ltigend! Nat\u00fcrlich hatten wir einige Anmeldungen, aber viele Leute kamen spontan dazu, sei es Besucher am Stand oder Messeg\u00e4ste, die einfach stehen blieben. Manche wollten nur eine Kaffeepause machen und h\u00f6rten dann pl\u00f6tzlich gespannt zu. Au\u00dferdem hatten wir wirklich viel Reichweite \u00fcber Social Media. Das Interesse an Ethernet-APL ist enorm!\" === \"\") {\r\n\t\t\t\tjQuery( document ).ready(function() {\r\n\t\t\t\t\t\t\t\tjQuery('.iv_a13616402860').css('display','none');\r\n\t\t\t\t});\r\n}\r\nif(\"\" === \"\") {\r\n\t\t\t\tjQuery( document ).ready(function() {\r\n\t\t\t\t\t\t\t\tjQuery('.iv_a23616402860').css('display','none');\r\n\t\t\t\t});\r\n}\r\nif(\"\" === \"\") {\r\n\t\t\t\tjQuery( document ).ready(function() {\r\n\t\t\t\t\t\t\t\tjQuery('.iv_a33616402860').css('display','none');\r\n\t\t\t\t});\r\n}\r\nif(\"\" === \"\") {\r\n\t\t\t\tjQuery( document ).ready(function() {\r\n\t\t\t\t\t\t\t\t\/\/ jQuery('.iv_answer4').eq(window.iv_elt_count).css('display','none');\r\n\t\t\t\t\t\t\t\tjQuery('.iv_a43616402860').css('display','none');\r\n\t\t\t\t});\r\n}<\/script><style type=\"text\/css\">.iv_headline {\r\n\t\tfont-weight: 700;\r\n\t\tfont-style: italic;\r\n\t\tfont-size: 20px;\r\n}\r\n.iv_person {\r\n\t\tcolor: #00a587;\r\n\t\tfont-style: italic;\r\n\t\tfont-weight: 400;\r\n}\r\n.iv_person::after {\r\n\t\tcontent: \": \";\r\n}<\/style><div class=\"custom-interview\" id=\"iv_3616402860\"><div class=\"iv_headline\">Apropos Publikum \u2013 wie war die Resonanz?<\/div>\r\n<p class=\"iv_answer1 iv_a13616402860\"><span class=\"iv_person\">Nadine Freiberg<\/span>\u00dcberw\u00e4ltigend! Nat\u00fcrlich hatten wir einige Anmeldungen, aber viele Leute kamen spontan dazu, sei es Besucher am Stand oder Messeg\u00e4ste, die einfach stehen blieben. Manche wollten nur eine Kaffeepause machen und h\u00f6rten dann pl\u00f6tzlich gespannt zu. Au\u00dferdem hatten wir wirklich viel Reichweite \u00fcber Social Media. Das Interesse an Ethernet-APL ist enorm!<\/p>\r\n<p class=\"iv_answer2 iv_a23616402860\"><span class=\"iv_person\"><\/span><\/p>\r\n<p class=\"iv_answer3 iv_a33616402860\"><span class=\"iv_person\"><\/span><\/p>\r\n<p class=\"iv_answer4 iv_a43616402860\"><span class=\"iv_person\"><\/span><\/p>\r\n<\/div><script type=\"text\/javascript\">if( typeof window.iv_elt_count === 'undefined' || window.iv_elt_count === null ){\r\n\t\t\t\twindow.iv_elt_count = 0;\r\n} else {\r\n\t\t\t\twindow.iv_elt_count++;\r\n}\r\nif(\"{{interview_headline}}\" === \"\") {\r\n\t\t\t\tjQuery( document ).ready(function() {\r\n\t\t\t\t\t\t\t\tjQuery('.iv_headline').eq(window.iv_elt_count).css('display','none');\r\n\t\t\t\t});\r\n}\r\nif(\"Absolut! Eine der gr\u00f6\u00dften \u00dcberraschungen war, wie schnell unser Ethernet-APL Expert Talk innerhalb der Pepperl+Fuchs Gruppe weltweit aufgegriffen wurde. Schon kurz nach der ersten Veranstaltung war klar: Unsere Niederlassungen sehen das Potenzial und wollen das Format in ihren L\u00e4ndern weiterf\u00fchren. Deshalb setzen unsere Marketingkolleg*innen in Italien, den Niederlanden, Belgien, Deutschland, Frankreich, Ungarn und sogar Singapur das Event nun eigenst\u00e4ndig um \u2013 angepasst an ihre jeweiligen M\u00e4rkte, aber immer mit dem gleichen Grundgedanken: Wissen teilen, Anwender und Experten vernetzen und Ethernet-APL in der Praxis greifbar machen. So entstehen APL Days, Tech Talks und Customer Events direkt vor Ort in unseren Niederlassungen \u2013 mit Live-Demos, interaktiven Sessions und direktem Austausch mit unseren Spezialisten. Sogar unsere Kollegen in den USA nehmen das Format jetzt auf, dort sind im Rahmen von APL Summits weitere Expert Talks geplant. \" === \"\") {\r\n\t\t\t\tjQuery( document ).ready(function() {\r\n\t\t\t\t\t\t\t\tjQuery('.iv_a1441123448').css('display','none');\r\n\t\t\t\t});\r\n}\r\nif(\"Das zeigt ganz deutlich: Ethernet-APL ist nicht nur ein technologischer Gamechanger. Es ist ein globales Thema, das wir aktiv vorantreiben!\" === \"\") {\r\n\t\t\t\tjQuery( document ).ready(function() {\r\n\t\t\t\t\t\t\t\tjQuery('.iv_a2441123448').css('display','none');\r\n\t\t\t\t});\r\n}\r\nif(\"\" === \"\") {\r\n\t\t\t\tjQuery( document ).ready(function() {\r\n\t\t\t\t\t\t\t\tjQuery('.iv_a3441123448').css('display','none');\r\n\t\t\t\t});\r\n}\r\nif(\"\" === \"\") {\r\n\t\t\t\tjQuery( document ).ready(function() {\r\n\t\t\t\t\t\t\t\t\/\/ jQuery('.iv_answer4').eq(window.iv_elt_count).css('display','none');\r\n\t\t\t\t\t\t\t\tjQuery('.iv_a4441123448').css('display','none');\r\n\t\t\t\t});\r\n}<\/script><style type=\"text\/css\">.iv_headline {\r\n\t\tfont-weight: 700;\r\n\t\tfont-style: italic;\r\n\t\tfont-size: 20px;\r\n}\r\n.iv_person {\r\n\t\tcolor: #00a587;\r\n\t\tfont-style: italic;\r\n\t\tfont-weight: 400;\r\n}\r\n.iv_person::after {\r\n\t\tcontent: \": \";\r\n}<\/style><div class=\"custom-interview\" id=\"iv_441123448\"><div class=\"iv_headline\">Auf der ACHEMA, der Weltleitmesse f\u00fcr Prozessindustrie, kommen Besucher aus der ganzen Welt zusammen. Gab es denn Reaktionen auf internationaler Ebene? <\/div>\r\n<p class=\"iv_answer1 iv_a1441123448\"><span class=\"iv_person\">Katja St\u00f6cker<\/span>Absolut! Eine der gr\u00f6\u00dften \u00dcberraschungen war, wie schnell unser Ethernet-APL Expert Talk innerhalb der Pepperl+Fuchs Gruppe weltweit aufgegriffen wurde. Schon kurz nach der ersten Veranstaltung war klar: Unsere Niederlassungen sehen das Potenzial und wollen das Format in ihren L\u00e4ndern weiterf\u00fchren. Deshalb setzen unsere Marketingkolleg*innen in Italien, den Niederlanden, Belgien, Deutschland, Frankreich, Ungarn und sogar Singapur das Event nun eigenst\u00e4ndig um \u2013 angepasst an ihre jeweiligen M\u00e4rkte, aber immer mit dem gleichen Grundgedanken: Wissen teilen, Anwender und Experten vernetzen und Ethernet-APL in der Praxis greifbar machen. So entstehen APL Days, Tech Talks und Customer Events direkt vor Ort in unseren Niederlassungen \u2013 mit Live-Demos, interaktiven Sessions und direktem Austausch mit unseren Spezialisten. Sogar unsere Kollegen in den USA nehmen das Format jetzt auf, dort sind im Rahmen von APL Summits weitere Expert Talks geplant. <\/p>\r\n<p class=\"iv_answer2 iv_a2441123448\"><span class=\"iv_person\">Nadine Freiberg<\/span>Das zeigt ganz deutlich: Ethernet-APL ist nicht nur ein technologischer Gamechanger. Es ist ein globales Thema, das wir aktiv vorantreiben!<\/p>\r\n<p class=\"iv_answer3 iv_a3441123448\"><span class=\"iv_person\"><\/span><\/p>\r\n<p class=\"iv_answer4 iv_a4441123448\"><span class=\"iv_person\"><\/span><\/p>\r\n<\/div><div class=\"fusion-image-carousel fusion-image-carousel-auto fusion-image-carousel-1 fusion-carousel-border awb-image-carousel-top-below-caption elt_gallery\"><div class=\"awb-carousel awb-swiper awb-swiper-carousel awb-carousel--carousel awb-swiper-dots-position-bottom awb-imageframe-style awb-imageframe-style-above awb-imageframe-style-1\" data-layout=\"carousel\" data-autoplay=\"no\" data-autoplayspeed=\"2500\" data-autoplaypause=\"no\" data-columns=\"1\" data-columnsmedium=\"1\" data-columnssmall=\"1\" data-itemmargin=\"13\" data-itemwidth=\"180\" data-touchscroll=\"no\" data-freemode=\"no\" data-imagesize=\"auto\" data-scrollitems=\"0\" data-centeredslides=\"no\" data-rotationangle=\"50\" data-depth=\"100\" data-speed=\"500\" data-shadow=\"no\" data-pagination=\"bullets\" style=\"--awb-columns:1;--awb-border-width:1px;--awb-border-color:#e9eaee;--awb-dots-align:center;\"><div class=\"swiper-wrapper awb-image-carousel-wrapper fusion-flex-align-items-center\"><div class=\"swiper-slide\"><div class=\"fusion-carousel-item-wrapper\"><div class=\"awb-imageframe-caption-container\"><div class=\"awb-imageframe-caption\"><div class=\"awb-imageframe-caption-title\">Expert_Talk_Ethernet-APL_integration_trade_show_exhibit<\/div><p class=\"awb-imageframe-caption-text\">Praxiswissen trifft auf Anwendung: Exponate rund um die Ethernet-APL-Technologie veranschaulichen die M\u00f6glichkeiten und Vorteile der digitalen Kommunikation in der Prozessindustrie.<\/p><\/div><\/div><div class=\"fusion-image-wrapper hover-type-none\"><img decoding=\"async\" width=\"565\" height=\"478\" src=\"https:\/\/amplify-test.pepperl-fuchs.com\/wp-content\/uploads\/2025\/05\/Expert_Talk_Ethernet-APL_integration_trade_show_exhibit.jpg\" class=\"attachment-full size-full\" alt=\"Pepperl+Fuchs Ethernet-APL Exponat zeigt den Rail Field Switch und einen Monitor mit Zugriff auf die digitalen Daten\" srcset=\"https:\/\/amplify-test.pepperl-fuchs.com\/wp-content\/uploads\/2025\/05\/Expert_Talk_Ethernet-APL_integration_trade_show_exhibit-200x169.jpg 200w, https:\/\/amplify-test.pepperl-fuchs.com\/wp-content\/uploads\/2025\/05\/Expert_Talk_Ethernet-APL_integration_trade_show_exhibit-300x254.jpg 300w, https:\/\/amplify-test.pepperl-fuchs.com\/wp-content\/uploads\/2025\/05\/Expert_Talk_Ethernet-APL_integration_trade_show_exhibit-400x338.jpg 400w, https:\/\/amplify-test.pepperl-fuchs.com\/wp-content\/uploads\/2025\/05\/Expert_Talk_Ethernet-APL_integration_trade_show_exhibit.jpg 565w\" sizes=\"(max-width: 565px) 100vw, 565px\" \/><\/div><\/div><\/div><div class=\"swiper-slide\"><div class=\"fusion-carousel-item-wrapper\"><div class=\"awb-imageframe-caption-container\"><div class=\"awb-imageframe-caption\"><div class=\"awb-imageframe-caption-title\">Expert-Talk_Ethernet-APL_Rail_Field_Switch_Pepperl+Fuchs<\/div><p class=\"awb-imageframe-caption-text\">Pepperl+Fuchs brachte den ersten Ethernet-APL Rail Field Switch auf den Markt. Dieser verbindet die g\u00e4ngige Kommunikation mit Ethernet-APL-Technologie und erm\u00f6glicht die digitale Daten\u00fcbertragung \u00fcber ein Zweidraht-Ethernet-Kabel in explosionsgef\u00e4hrdete Bereiche der Prozessanlage.<\/p><\/div><\/div><div class=\"fusion-image-wrapper hover-type-none\"><img decoding=\"async\" width=\"565\" height=\"478\" src=\"https:\/\/amplify-test.pepperl-fuchs.com\/wp-content\/uploads\/2025\/05\/Expert-Talk_Ethernet-APL_Rail_Field_Switch_PepperlFuchs.jpg\" class=\"attachment-full size-full\" alt=\"Der Ethernet-APL Rail Field Switch von Pepperl+Fuchs, im Hintergrund weitere FieldConnex-Komponenten auf einem Messeexponat.\" srcset=\"https:\/\/amplify-test.pepperl-fuchs.com\/wp-content\/uploads\/2025\/05\/Expert-Talk_Ethernet-APL_Rail_Field_Switch_PepperlFuchs-200x169.jpg 200w, https:\/\/amplify-test.pepperl-fuchs.com\/wp-content\/uploads\/2025\/05\/Expert-Talk_Ethernet-APL_Rail_Field_Switch_PepperlFuchs-300x254.jpg 300w, https:\/\/amplify-test.pepperl-fuchs.com\/wp-content\/uploads\/2025\/05\/Expert-Talk_Ethernet-APL_Rail_Field_Switch_PepperlFuchs-400x338.jpg 400w, https:\/\/amplify-test.pepperl-fuchs.com\/wp-content\/uploads\/2025\/05\/Expert-Talk_Ethernet-APL_Rail_Field_Switch_PepperlFuchs.jpg 565w\" sizes=\"(max-width: 565px) 100vw, 565px\" \/><\/div><\/div><\/div><div class=\"swiper-slide\"><div class=\"fusion-carousel-item-wrapper\"><div class=\"awb-imageframe-caption-container\"><div class=\"awb-imageframe-caption\"><div class=\"awb-imageframe-caption-title\">Ethernet-APL_Tech-Talk<\/div><p class=\"awb-imageframe-caption-text\">Das neueste Format der Eventreihe: Der Ethernet-APL Tech Talk befasst sich mit dem spannenden Thema der Leitsystem-Integration.<\/p><\/div><\/div><div class=\"fusion-image-wrapper hover-type-none\"><img decoding=\"async\" width=\"565\" height=\"478\" src=\"https:\/\/amplify-test.pepperl-fuchs.com\/wp-content\/uploads\/2025\/05\/Ethernet-APL_Tech-Talk.jpg\" class=\"attachment-full size-full\" alt=\"Ethernet-APL Tech Talk Logo, Pepperl+Fuchs\" srcset=\"https:\/\/amplify-test.pepperl-fuchs.com\/wp-content\/uploads\/2025\/05\/Ethernet-APL_Tech-Talk-200x169.jpg 200w, https:\/\/amplify-test.pepperl-fuchs.com\/wp-content\/uploads\/2025\/05\/Ethernet-APL_Tech-Talk-300x254.jpg 300w, https:\/\/amplify-test.pepperl-fuchs.com\/wp-content\/uploads\/2025\/05\/Ethernet-APL_Tech-Talk-400x338.jpg 400w, https:\/\/amplify-test.pepperl-fuchs.com\/wp-content\/uploads\/2025\/05\/Ethernet-APL_Tech-Talk.jpg 565w\" sizes=\"(max-width: 565px) 100vw, 565px\" \/><\/div><\/div><\/div><\/div><div class=\"awb-swiper-button awb-swiper-button-prev\"><i class=\"awb-icon-angle-left\" aria-hidden=\"true\"><\/i><\/div><div class=\"awb-swiper-button awb-swiper-button-next\"><i class=\"awb-icon-angle-right\" aria-hidden=\"true\"><\/i><\/div><\/div><\/div><script type=\"text\/javascript\">if( typeof window.iv_elt_count === 'undefined' || window.iv_elt_count === null ){\r\n\t\t\t\twindow.iv_elt_count = 0;\r\n} else {\r\n\t\t\t\twindow.iv_elt_count++;\r\n}\r\nif(\"{{interview_headline}}\" === \"\") {\r\n\t\t\t\tjQuery( document ).ready(function() {\r\n\t\t\t\t\t\t\t\tjQuery('.iv_headline').eq(window.iv_elt_count).css('display','none');\r\n\t\t\t\t});\r\n}\r\nif(\"Der Ethernet-APL Expert Talk ist ein effektives Format, um unsere Rolle als Vorreiter in der Entwicklung von Ethernet-APL gezielt zu untermauern. Wir zeigen, dass wir nicht nur die Technologie (weiter)entwickeln, sondern auch die richtigen Partnerschaften eingehen, um die Anwendung in der Prozessindustrie voranzutreiben. Der Dialog mit Anwendern und Experten bleibt f\u00fcr uns essenziell.\" === \"\") {\r\n\t\t\t\tjQuery( document ).ready(function() {\r\n\t\t\t\t\t\t\t\tjQuery('.iv_a11321580982').css('display','none');\r\n\t\t\t\t});\r\n}\r\nif(\"\" === \"\") {\r\n\t\t\t\tjQuery( document ).ready(function() {\r\n\t\t\t\t\t\t\t\tjQuery('.iv_a21321580982').css('display','none');\r\n\t\t\t\t});\r\n}\r\nif(\"\" === \"\") {\r\n\t\t\t\tjQuery( document ).ready(function() {\r\n\t\t\t\t\t\t\t\tjQuery('.iv_a31321580982').css('display','none');\r\n\t\t\t\t});\r\n}\r\nif(\"\" === \"\") {\r\n\t\t\t\tjQuery( document ).ready(function() {\r\n\t\t\t\t\t\t\t\t\/\/ jQuery('.iv_answer4').eq(window.iv_elt_count).css('display','none');\r\n\t\t\t\t\t\t\t\tjQuery('.iv_a41321580982').css('display','none');\r\n\t\t\t\t});\r\n}<\/script><style type=\"text\/css\">.iv_headline {\r\n\t\tfont-weight: 700;\r\n\t\tfont-style: italic;\r\n\t\tfont-size: 20px;\r\n}\r\n.iv_person {\r\n\t\tcolor: #00a587;\r\n\t\tfont-style: italic;\r\n\t\tfont-weight: 400;\r\n}\r\n.iv_person::after {\r\n\t\tcontent: \": \";\r\n}<\/style><div class=\"custom-interview\" id=\"iv_1321580982\"><div class=\"iv_headline\">Nicht zuletzt aufgrund dieses Erfolgsformates, d\u00fcrfte das Event auch positive Effekte auf das Image des Unternehmens haben!<\/div>\r\n<p class=\"iv_answer1 iv_a11321580982\"><span class=\"iv_person\">Nadine Freiberg<\/span>Der Ethernet-APL Expert Talk ist ein effektives Format, um unsere Rolle als Vorreiter in der Entwicklung von Ethernet-APL gezielt zu untermauern. Wir zeigen, dass wir nicht nur die Technologie (weiter)entwickeln, sondern auch die richtigen Partnerschaften eingehen, um die Anwendung in der Prozessindustrie voranzutreiben. Der Dialog mit Anwendern und Experten bleibt f\u00fcr uns essenziell.<\/p>\r\n<p class=\"iv_answer2 iv_a21321580982\"><span class=\"iv_person\"><\/span><\/p>\r\n<p class=\"iv_answer3 iv_a31321580982\"><span class=\"iv_person\"><\/span><\/p>\r\n<p class=\"iv_answer4 iv_a41321580982\"><span class=\"iv_person\"><\/span><\/p>\r\n<\/div><style type=\"text\/css\">.quote {\r\n\tdisplay: flex;\r\n\talign-items: center;\r\n\tmargin-bottom: 24px;\r\n}\r\n.quote-wrapper {\r\n    \/*position: relative;\r\n    display: flex;*\/\r\n}\r\n.quote-text {\r\n\t\theight: 220px;\r\n\t\talign-content: center;\r\n    border-top: 1px solid #00a587;\r\n\t\tborder-bottom: 1px solid #00a587;\r\n\t\tfont-size: 24px;\r\n\t\tfont-style: italic;\r\n\t\tcolor: #00a587;\r\n\t\tline-height: 28px;\r\n }\r\n.quote-person {\r\n\t\tcolor: #373737;\r\n\t\tfont-size: 14px;\r\n\t\t\r\n}\r\n  .quote-image {\r\n    max-height: 220px; \/* Beispielh\u00f6he des Bildes *\/\r\n\t\tmargin-right: 10px;\r\n  }<\/style><div class=\"quote\">\r\n\t<img decoding=\"async\" src=\"https:\/\/amplify-test.pepperl-fuchs.com\/wp-content\/uploads\/2025\/05\/Nadine_Freiberg_Pepperl-Fuchs.jpg\" alt=\"\" class=\"quote-image\">\r\n\t<div class=\"quote-wrapper\">\t\r\n\t\t<div class=\"quote-text\">Wir zeigen, dass wir nicht nur die Technologie entwickeln, sondern auch die richtigen Partnerschaften eingehen, um die Anwendung in der Prozessindustrie voranzutreiben.\r\n\t\t\t<div class=\"quote-person\">Nadine Freiberg, Spezialistin Marketingkommunikation Prozessautomation und Enterprise Mobility<\/div>\r\n\t\t<\/div>\r\n\t<\/div>\r\n<\/div><script type=\"text\/javascript\">if( typeof window.iv_elt_count === 'undefined' || window.iv_elt_count === null ){\r\n\t\t\t\twindow.iv_elt_count = 0;\r\n} else {\r\n\t\t\t\twindow.iv_elt_count++;\r\n}\r\nif(\"{{interview_headline}}\" === \"\") {\r\n\t\t\t\tjQuery( document ).ready(function() {\r\n\t\t\t\t\t\t\t\tjQuery('.iv_headline').eq(window.iv_elt_count).css('display','none');\r\n\t\t\t\t});\r\n}\r\nif(\"Wir machen weiter! Beim n\u00e4chsten gro\u00dfen Event, dem Ethernet-APL Tech Talk am 14. Mai 2025 in Mannheim, tauchen wir tief in das Thema Leitsystem-Integration ein. Die Teilnehmer erwarten spannende Vortr\u00e4ge, Live Demos, Erfahrungsberichte und Networking. Ethernet-APL entwickelt sich weiter \u2013 und wir auch!\" === \"\") {\r\n\t\t\t\tjQuery( document ).ready(function() {\r\n\t\t\t\t\t\t\t\tjQuery('.iv_a11854888586').css('display','none');\r\n\t\t\t\t});\r\n}\r\nif(\"\" === \"\") {\r\n\t\t\t\tjQuery( document ).ready(function() {\r\n\t\t\t\t\t\t\t\tjQuery('.iv_a21854888586').css('display','none');\r\n\t\t\t\t});\r\n}\r\nif(\"\" === \"\") {\r\n\t\t\t\tjQuery( document ).ready(function() {\r\n\t\t\t\t\t\t\t\tjQuery('.iv_a31854888586').css('display','none');\r\n\t\t\t\t});\r\n}\r\nif(\"\" === \"\") {\r\n\t\t\t\tjQuery( document ).ready(function() {\r\n\t\t\t\t\t\t\t\t\/\/ jQuery('.iv_answer4').eq(window.iv_elt_count).css('display','none');\r\n\t\t\t\t\t\t\t\tjQuery('.iv_a41854888586').css('display','none');\r\n\t\t\t\t});\r\n}<\/script><style type=\"text\/css\">.iv_headline {\r\n\t\tfont-weight: 700;\r\n\t\tfont-style: italic;\r\n\t\tfont-size: 20px;\r\n}\r\n.iv_person {\r\n\t\tcolor: #00a587;\r\n\t\tfont-style: italic;\r\n\t\tfont-weight: 400;\r\n}\r\n.iv_person::after {\r\n\t\tcontent: \": \";\r\n}<\/style><div class=\"custom-interview\" id=\"iv_1854888586\"><div class=\"iv_headline\">Was sind die n\u00e4chsten Schritte?<\/div>\r\n<p class=\"iv_answer1 iv_a11854888586\"><span class=\"iv_person\">Nadine Freiberg<\/span>Wir machen weiter! Beim n\u00e4chsten gro\u00dfen Event, dem Ethernet-APL Tech Talk am 14. Mai 2025 in Mannheim, tauchen wir tief in das Thema Leitsystem-Integration ein. Die Teilnehmer erwarten spannende Vortr\u00e4ge, Live Demos, Erfahrungsberichte und Networking. Ethernet-APL entwickelt sich weiter \u2013 und wir auch!<\/p>\r\n<p class=\"iv_answer2 iv_a21854888586\"><span class=\"iv_person\"><\/span><\/p>\r\n<p class=\"iv_answer3 iv_a31854888586\"><span class=\"iv_person\"><\/span><\/p>\r\n<p class=\"iv_answer4 iv_a41854888586\"><span class=\"iv_person\"><\/span><\/p>\r\n<\/div><div class=\"fusion-video fusion-youtube\" style=\"--awb-max-width:600px;--awb-max-height:350px;\"><div class=\"video-shortcode\"><div class=\"fluid-width-video-wrapper\" style=\"padding-top:58.33%;\" ><iframe title=\"YouTube video player 1\" src=\"https:\/\/www.youtube.com\/embed\/fC395UZ3lV4?wmode=transparent&autoplay=0\" width=\"600\" height=\"350\" allowfullscreen allow=\"autoplay; clipboard-write; encrypted-media; gyroscope; picture-in-picture;\"><\/iframe><\/div><\/div><\/div><script type=\"text\/javascript\">if( typeof window.iv_elt_count === 'undefined' || window.iv_elt_count === null ){\r\n\t\t\t\twindow.iv_elt_count = 0;\r\n} else {\r\n\t\t\t\twindow.iv_elt_count++;\r\n}\r\nif(\"{{interview_headline}}\" === \"\") {\r\n\t\t\t\tjQuery( document ).ready(function() {\r\n\t\t\t\t\t\t\t\tjQuery('.iv_headline').eq(window.iv_elt_count).css('display','none');\r\n\t\t\t\t});\r\n}\r\nif(\"Dass die Branche den Dialog will. Dass Ethernet-APL eine enorme Strahlkraft hat. Und dass wir mit diesem Format genau richtig liegen. Also: Fortsetzung folgt!\" === \"\") {\r\n\t\t\t\tjQuery( document ).ready(function() {\r\n\t\t\t\t\t\t\t\tjQuery('.iv_a13918256156').css('display','none');\r\n\t\t\t\t});\r\n}\r\nif(\"\" === \"\") {\r\n\t\t\t\tjQuery( document ).ready(function() {\r\n\t\t\t\t\t\t\t\tjQuery('.iv_a23918256156').css('display','none');\r\n\t\t\t\t});\r\n}\r\nif(\"\" === \"\") {\r\n\t\t\t\tjQuery( document ).ready(function() {\r\n\t\t\t\t\t\t\t\tjQuery('.iv_a33918256156').css('display','none');\r\n\t\t\t\t});\r\n}\r\nif(\"\" === \"\") {\r\n\t\t\t\tjQuery( document ).ready(function() {\r\n\t\t\t\t\t\t\t\t\/\/ jQuery('.iv_answer4').eq(window.iv_elt_count).css('display','none');\r\n\t\t\t\t\t\t\t\tjQuery('.iv_a43918256156').css('display','none');\r\n\t\t\t\t});\r\n}<\/script><style type=\"text\/css\">.iv_headline {\r\n\t\tfont-weight: 700;\r\n\t\tfont-style: italic;\r\n\t\tfont-size: 20px;\r\n}\r\n.iv_person {\r\n\t\tcolor: #00a587;\r\n\t\tfont-style: italic;\r\n\t\tfont-weight: 400;\r\n}\r\n.iv_person::after {\r\n\t\tcontent: \": \";\r\n}<\/style><div class=\"custom-interview\" id=\"iv_3918256156\"><div class=\"iv_headline\">Abschlie\u00dfend: Welches Fazit ziehen Sie aus dem ersten Ethernet-APL Expert Talk?<\/div>\r\n<p class=\"iv_answer1 iv_a13918256156\"><span class=\"iv_person\">Katja St\u00f6cker<\/span>Dass die Branche den Dialog will. Dass Ethernet-APL eine enorme Strahlkraft hat. Und dass wir mit diesem Format genau richtig liegen. Also: Fortsetzung folgt!<\/p>\r\n<p class=\"iv_answer2 iv_a23918256156\"><span class=\"iv_person\"><\/span><\/p>\r\n<p class=\"iv_answer3 iv_a33918256156\"><span class=\"iv_person\"><\/span><\/p>\r\n<p class=\"iv_answer4 iv_a43918256156\"><span class=\"iv_person\"><\/span><\/p>\r\n<\/div><\/div><\/div><div class=\"fusion-layout-column fusion_builder_column fusion-builder-column-2 fusion_builder_column_1_4 1_4 fusion-flex-column\" style=\"--awb-bg-size:cover;--awb-width-large:25%;--awb-margin-top-large:0px;--awb-spacing-right-large:7.68%;--awb-margin-bottom-large:20px;--awb-spacing-left-large:7.68%;--awb-width-medium:25%;--awb-order-medium:0;--awb-spacing-right-medium:7.68%;--awb-spacing-left-medium:7.68%;--awb-width-small:100%;--awb-order-small:0;--awb-spacing-right-small:1.92%;--awb-spacing-left-small:1.92%;\"><div class=\"fusion-column-wrapper fusion-column-has-shadow fusion-flex-justify-content-flex-start fusion-content-layout-column\"><div class=\"fusion-separator fusion-full-width-sep\" style=\"align-self: center;margin-left: auto;margin-right: auto;width:100%;\"><div class=\"fusion-separator-border sep-single sep-solid\" style=\"--awb-height:20px;--awb-amount:20px;--awb-sep-color:var(--awb-color8);border-color:var(--awb-color8);border-top-width:1px;\"><\/div><\/div><div class=\"fusion-text fusion-text-4\"><p><div class=\"fusion-social-networks sharingbox-shortcode-icon-wrapper sharingbox-shortcode-icon-wrapper-1 boxed-icons sidebar\">\n\t<span class=\"share-linkedin\">\n\t\t<a href=\"https:\/\/www.linkedin.com\/shareArticle?\" target=\"_blank\" rel=\"noopener noreferrer\" title=\"\" aria-label=\"LinkedIn\" data-placement=\"top\" data-toggle=\"tooltip\" data-title=\"LinkedIn\" data-original-title=\"LinkedIn\">\n\t\t<i class=\"fusion-social-network-icon fusion-tooltip fusion-linkedin awb-icon-linkedin\" style=\"color:#ffffff;background-color:#0077b5;border-color:#0077b5;border-radius:0px;\" aria-hidden=\"true\"><\/i>\n\t\t<\/a>\n\t<\/span>\n\t<span class=\"share-mail\">\n\t\t<a href=\/de\/kontakt\/\" target=\"_self\" title=\"\" aria-label=\"Email\" data-placement=\"top\" data-toggle=\"tooltip\" data-title=\"Email\" data-original-title=\"Email\">\n\t\t<i class=\"fusion-social-network-icon fusion-tooltip fusion-mail awb-icon-mail\" style=\"color:#ffffff;background-color:#00a587;border-color:#00a587;border-radius:0px;\" aria-hidden=\"true\"><\/i>\n\t\t<\/a>\n\t<\/span>\n\t<span class=\"share-insta\">\n\t\t<a href=\"https:\/\/www.instagram.com\" target=\"_blank\" rel=\"noreferrer noopener\" title=\"\" aria-label=\"Instagram\" data-placement=\"top\" data-toggle=\"tooltip\" data-title=\"Instagram\" data-original-title=\"Instagram\">\n\t\t<i class=\"fusion-social-network-icon fusion-tooltip fusion-instagram awb-icon-instagram\" style=\"color:#ffffff;background-color:#c13584;border-color:#c13584;border-radius:0px;\" aria-hidden=\"true\"><\/i>\n\t\t<\/a>\n\t<\/span>\t\n\t<span class=\"share-facebook\">\n\t\t<a href=\"https:\/\/www.facebook.com\/sharer.php?\" target=\"_blank\" rel=\"noreferrer noopener\" title=\"\" aria-label=\"Facebook\" data-placement=\"top\" data-toggle=\"tooltip\" data-title=\"Facebook\" data-original-title=\"Facebook\">\n\t\t<i class=\"fusion-social-network-icon fusion-tooltip fusion-facebook awb-icon-facebook\" style=\"color:#ffffff;background-color:#3b5998;border-color:#3b5998;border-radius:0px;\" aria-hidden=\"true\"><\/i>\n\t\t<\/a>\n\t<\/span>\n<\/div>\n<div class=\"fusion-text fusion-text-4\"><\/div><\/p>\n<\/div><div class=\"fusion-separator fusion-full-width-sep\" style=\"align-self: center;margin-left: auto;margin-right: auto;width:100%;\"><div class=\"fusion-separator-border sep-single sep-solid\" style=\"--awb-height:20px;--awb-amount:20px;--awb-sep-color:var(--awb-color8);border-color:var(--awb-color8);border-top-width:1px;\"><\/div><\/div><div class=\"fusion-text fusion-text-6\"><div class=\"fusion-text fusion-text-6 sidebar\"><h4>Seien Sie dabei!<\/h4>\n<p><img decoding=\"async\" class=\"alignnone size-full wp-image-228\" src=\"https:\/\/amplify-test.pepperl-fuchs.com\/wp-content\/uploads\/2024\/07\/amplify-enews-bild.jpg\" alt=\"Two hands holding a tablet computer showing Pepperl+Fuchs newsletter.\" width=\"220\" height=\"124\" srcset=\"https:\/\/amplify-test.pepperl-fuchs.com\/wp-content\/uploads\/2024\/07\/amplify-enews-bild-66x37.jpg 66w, https:\/\/amplify-test.pepperl-fuchs.com\/wp-content\/uploads\/2024\/07\/amplify-enews-bild-177x100.jpg 177w, https:\/\/amplify-test.pepperl-fuchs.com\/wp-content\/uploads\/2024\/07\/amplify-enews-bild-200x113.jpg 200w, https:\/\/amplify-test.pepperl-fuchs.com\/wp-content\/uploads\/2024\/07\/amplify-enews-bild.jpg 220w\" sizes=\"(max-width: 220px) 100vw, 220px\" \/><\/p>\n<p><a href=\"https:\/\/www.pepperl-fuchs.com\/de\/news\/stay-in-touch\/pepperl-fuchs-e-news-gp30796\" target=\"_blank\" rel=\"noopener\">Erhalten Sie mit der e-news regelm\u00e4\u00dfig Neuigkeiten rund um die Welt der Automation.<\/a><\/p>\n<\/div>\n\n<h4>Seien Sie dabei!<\/h4>\n<p><img decoding=\"async\" class=\"alignnone size-full wp-image-228\" src=\"https:\/\/amplify-test.pepperl-fuchs.com\/wp-content\/uploads\/2024\/07\/amplify-enews-bild.jpg\" alt=\"Two hands holding a tablet computer showing Pepperl+Fuchs newsletter.\" width=\"220\" height=\"124\" srcset=\"https:\/\/amplify-test.pepperl-fuchs.com\/wp-content\/uploads\/2024\/07\/amplify-enews-bild-66x37.jpg 66w, https:\/\/amplify-test.pepperl-fuchs.com\/wp-content\/uploads\/2024\/07\/amplify-enews-bild-177x100.jpg 177w, https:\/\/amplify-test.pepperl-fuchs.com\/wp-content\/uploads\/2024\/07\/amplify-enews-bild-200x113.jpg 200w, https:\/\/amplify-test.pepperl-fuchs.com\/wp-content\/uploads\/2024\/07\/amplify-enews-bild.jpg 220w\" sizes=\"(max-width: 220px) 100vw, 220px\" \/><\/p>\n<p><a href=\"https:\/\/www.pepperl-fuchs.com\/de\/news\/stay-in-touch\/pepperl-fuchs-e-news-gp30796\" target=\"_blank\" rel=\"noopener\">Erhalten Sie mit der e-news regelm\u00e4\u00dfig Neuigkeiten rund um die Welt der Automation.<\/a><\/p>\n<\/div><div class=\"fusion-separator fusion-full-width-sep\" style=\"align-self: center;margin-left: auto;margin-right: auto;width:100%;\"><div class=\"fusion-separator-border sep-single sep-solid\" style=\"--awb-height:20px;--awb-amount:20px;--awb-sep-color:var(--awb-color8);border-color:var(--awb-color8);border-top-width:1px;\"><\/div><\/div><style type=\"text\/css\"><\/style><div class=\"fusion-title title fusion-title-2 fusion-sep-none fusion-title-text fusion-title-size-four\">\r\n\t<h4 class=\"fusion-title-heading title-heading-left fusion-responsive-typography-calculated\" style=\"margin: 0px; --fontSize: 24; line-height: 1.2;\" data-fontsize=\"24\" data-lineheight=\"28.8px\">\n<p>Video ansehen<\/p>\n<\/h4>\r\n<\/div>\r\n<div class=\"fusion-text fusion-text-6\">\r\n\t<p>\r\n\t\t<a href=\"#\" data-toggle=\"modal\" data-target=\".fusion-modal.modal-video-545405447\" class=\"fusion-no-lightbox\">\r\n\t\t\t<img decoding=\"async\" class=\"alignnone wp-image-3431 size-full\" src=\"https:\/\/amplify-test.pepperl-fuchs.com\/wp-content\/uploads\/2025\/05\/Video-Vorschaubild_Hennecke_Game-Changer-Ethernet-APL_Expert-Talk-at-ACHEMA-2024-YouTube.jpg\" alt=\"\" width=\"220\" height=\"124\">\r\n\t\t<\/a>\r\n\t<\/p>\r\n\t<p>\u201eGamechanger\u201c Ethernet-APL: Expert Talk auf der ACHEMA 2024<\/p>\r\n<\/div>\r\n<div class=\"fusion-modal modal fade modal-2 modal-video-545405447\" tabindex=\"-1\" role=\"dialog\" aria-labelledby=\"modal-heading-2\" aria-hidden=\"true\" style=\"--awb-border-color:var(--awb-color3);--awb-background:var(--awb-color1);\">\r\n\t<div class=\"modal-dialog modal-lg\" role=\"document\">\r\n\t\t<div class=\"modal-content fusion-modal-content\">\r\n\t\t\t<div class=\"modal-header\">\r\n\t\t\t\t<button class=\"close\" type=\"button\" data-dismiss=\"modal\" aria-hidden=\"true\" aria-label=\"Close\">&times;<\/button>\r\n\t\t\t\t<h3 class=\"modal-title\" id=\"modal-heading-2\" data-dismiss=\"modal\" aria-hidden=\"true\"><\/h3>\r\n\t\t\t<\/div>\r\n\t\t\t<div class=\"modal-body fusion-clearfix\">\r\n\t\t\t\t<div class=\"fusion-video fusion-youtube\" style=\"--awb-max-width:1140px;--awb-max-height:640px;\">\r\n\t\t\t\t\t<div class=\"video-shortcode\">\r\n\t\t\t\t\t\t<div class=\"fluid-width-video-wrapper\" style=\"padding-top:56.14%;\" >\r\n\t\t\t\t\t\t\t<iframe title=\"YouTube video player 1\" src=\"https:\/\/www.youtube.com\/embed\/WJR21ZLB1MU?wmode=transparent&autoplay=0\" width=\"1140\" height=\"640\" allowfullscreen allow=\"autoplay; fullscreen\"><\/iframe>\r\n\t\t\t\t\t\t<\/div>\r\n\t\t\t\t\t<\/div>\r\n\t\t\t\t<\/div>\r\n\t\t\t<\/div>\r\n\t\t\t<div class=\"modal-footer\">\r\n\t\t\t\t<button class=\"fusion-button button-default button-medium button default medium\" type=\"button\" data-dismiss=\"modal\">Close<\/button>\r\n\t\t\t<\/div>\r\n\t\t<\/div>\r\n\t<\/div>\r\n<\/div><div class=\"fusion-separator fusion-full-width-sep\" style=\"align-self: center;margin-left: auto;margin-right: auto;width:100%;\"><div class=\"fusion-separator-border sep-single sep-solid\" style=\"--awb-height:20px;--awb-amount:20px;--awb-sep-color:var(--awb-color8);border-color:var(--awb-color8);border-top-width:1px;\"><\/div><\/div><div class=\"fusion-title title fusion-title-2 fusion-sep-none fusion-title-text fusion-title-size-four\"><h4 class=\"fusion-title-heading title-heading-left fusion-responsive-typography-calculated\" style=\"margin:0;--fontSize:24;line-height:var(--awb-typography1-line-height);\">Mehr erfahren<\/h4><\/div><ul style=\"--awb-iconcolor:var(--awb-color3);--awb-line-height:27.2px;--awb-icon-width:27.2px;--awb-icon-height:27.2px;--awb-icon-margin:11.2px;--awb-content-margin:38.4px;\" class=\"fusion-checklist fusion-checklist-1 fusion-checklist-default type-icons\"><li class=\"fusion-li-item\" style=\"\"><span class=\"icon-wrapper circle-no\"><i class=\"fusion-li-icon fa-caret-right fas\" aria-hidden=\"true\"><\/i><\/span><div class=\"fusion-li-item-content\">\n<p><a href=\"https:\/\/www.pepperl-fuchs.com\/de-de\/landingpage\/explosion-protection\/ethernet-apl-gp28035?\">Ethernet-APL: Digitalisierung erreicht das Feld der Prozessindustrie<\/a><\/p>\n<\/div><\/li><li class=\"fusion-li-item\" style=\"\"><span class=\"icon-wrapper circle-no\"><i class=\"fusion-li-icon fa-caret-right fas\" aria-hidden=\"true\"><\/i><\/span><div class=\"fusion-li-item-content\">\n<p><a href=\"https:\/\/www.pepperl-fuchs.com\/de-de\/produkte\/produkte-und-loesungen-fuer-explosionsgefaehrdete-bereiche\/ethernet-apl\/switches-gp29779\">Ethernet-APL Rail Field Switches<\/a><\/p>\n<\/div><\/li><\/ul><div class=\"fusion-separator fusion-full-width-sep\" style=\"align-self: center;margin-left: auto;margin-right: auto;width:100%;\"><div class=\"fusion-separator-border sep-single sep-solid\" style=\"--awb-height:20px;--awb-amount:20px;--awb-sep-color:var(--awb-color8);border-color:var(--awb-color8);border-top-width:1px;\"><\/div><\/div><div class=\"fusion-text fusion-text-8\"><p><div class=\"fusion-modal modal fade modal-1 editorial-use\" tabindex=\"-1\" role=\"dialog\" aria-labelledby=\"modal-heading-1\" aria-hidden=\"true\" style=\"--awb-border-color:var(--awb-color3);--awb-background:var(--awb-color1);\"><div class=\"modal-dialog modal-lg\" role=\"document\"><div class=\"modal-content fusion-modal-content\"><div class=\"modal-header\"><button class=\"close\" type=\"button\" data-dismiss=\"modal\" aria-hidden=\"true\" aria-label=\"Close\">&times;<\/button><h3 class=\"modal-title\" id=\"modal-heading-1\" data-dismiss=\"modal\" aria-hidden=\"true\">Redaktionelle Nutzung<\/h3><\/div><div class=\"modal-body fusion-clearfix\">\n<p>The editorial use of articles from \u201camplify\u201d is only permitted with the prior consent of the publisher Pepperl+Fuchs SE. In addition, the original source <a href=\"https:\/\/amplify-test.pepperl-fuchs.com\/\" target=\"_blank\" rel=\"noopener\">amplify.pepperl-fuchs.com<\/a>\u00a0must be referenced when articles are reused or processed.<\/p>\n<div class=\"fusion-button-wrapper\"><a class=\"fusion-button button-flat fusion-button-default-size button-custom fusion-button-default button-1 fusion-button-default-span fusion-button-default-type\" style=\"--button_accent_color:var(--awb-color1);--button_accent_hover_color:var(--awb-custom_color_2);--button_border_hover_color:var(--awb-custom_color_2);--button_gradient_top_color:var(--awb-color3);--button_gradient_bottom_color:var(--awb-color3);--button_gradient_top_color_hover:var(--awb-color1);--button_gradient_bottom_color_hover:var(--awb-color1);\" target=\"_self\" href=\"mailto:amplify@pepperl-fuchs.com?subject=Request%20Editorial%20Use\"><span class=\"fusion-button-text awb-button__text awb-button__text--default\">Redaktionelle Nutzung anfragen<\/span><\/a><\/div>\n<\/div><\/div><\/div><\/div>\n\n<div ><a class=\"fusion-button button-flat fusion-button-default-size button-custom fusion-button-default button-2 fusion-button-default-span fusion-button-default-type sidebar\" style=\"--button_accent_color:var(--awb-color1);--button_accent_hover_color:var(--awb-custom_color_2);--button_border_hover_color:var(--awb-custom_color_2);--button_gradient_top_color:var(--awb-color3);--button_gradient_bottom_color:var(--awb-color3);--button_gradient_top_color_hover:var(--awb-color1);--button_gradient_bottom_color_hover:var(--awb-color1);--button_margin-top:12px;--button_margin-right:auto;--button_margin-left:auto;\" target=\"_self\" href=\"#\" data-toggle=\"modal\" data-target=\".fusion-modal.editorial-use\"><i class=\"fa-pen fas awb-button__icon awb-button__icon--default button-icon-left\" aria-hidden=\"true\"><\/i><span class=\"fusion-button-text awb-button__text awb-button__text--default\">Redaktionelle Nutzung<\/span><\/a><\/div>\n<\/p>\n<\/div><\/div><\/div><\/div><\/div>\n","protected":false},"excerpt":{"rendered":"<p>Wie kam es eigentlich zu diesem Event und wer steckt dahinter? Dar\u00fcber haben wir mit den Organisatorinnen gesprochen \u2013 und spannende Einblicke erhalten.<\/p>\n","protected":false},"author":7,"featured_media":5599,"comment_status":"closed","ping_status":"closed","sticky":false,"template":"","format":"standard","meta":{"_acf_changed":false,"footnotes":""},"categories":[319],"tags":[],"class_list":["post-5604","post","type-post","status-publish","format-standard","has-post-thumbnail","hentry","category-unternehmenseinblicke"],"acf":[],"_links":{"self":[{"href":"https:\/\/amplify-test.pepperl-fuchs.com\/de\/wp-json\/wp\/v2\/posts\/5604","targetHints":{"allow":["GET"]}}],"collection":[{"href":"https:\/\/amplify-test.pepperl-fuchs.com\/de\/wp-json\/wp\/v2\/posts"}],"about":[{"href":"https:\/\/amplify-test.pepperl-fuchs.com\/de\/wp-json\/wp\/v2\/types\/post"}],"author":[{"embeddable":true,"href":"https:\/\/amplify-test.pepperl-fuchs.com\/de\/wp-json\/wp\/v2\/users\/7"}],"replies":[{"embeddable":true,"href":"https:\/\/amplify-test.pepperl-fuchs.com\/de\/wp-json\/wp\/v2\/comments?post=5604"}],"version-history":[{"count":12,"href":"https:\/\/amplify-test.pepperl-fuchs.com\/de\/wp-json\/wp\/v2\/posts\/5604\/revisions"}],"predecessor-version":[{"id":6203,"href":"https:\/\/amplify-test.pepperl-fuchs.com\/de\/wp-json\/wp\/v2\/posts\/5604\/revisions\/6203"}],"wp:featuredmedia":[{"embeddable":true,"href":"https:\/\/amplify-test.pepperl-fuchs.com\/de\/wp-json\/wp\/v2\/media\/5599"}],"wp:attachment":[{"href":"https:\/\/amplify-test.pepperl-fuchs.com\/de\/wp-json\/wp\/v2\/media?parent=5604"}],"wp:term":[{"taxonomy":"category","embeddable":true,"href":"https:\/\/amplify-test.pepperl-fuchs.com\/de\/wp-json\/wp\/v2\/categories?post=5604"},{"taxonomy":"post_tag","embeddable":true,"href":"https:\/\/amplify-test.pepperl-fuchs.com\/de\/wp-json\/wp\/v2\/tags?post=5604"}],"curies":[{"name":"wp","href":"https:\/\/api.w.org\/{rel}","templated":true}]}}